{"id":9967,"date":"2024-11-19T21:19:03","date_gmt":"2024-11-19T21:19:03","guid":{"rendered":"https:\/\/culturbaine.com\/?p=9967"},"modified":"2024-11-19T21:19:03","modified_gmt":"2024-11-19T21:19:03","slug":"mhd-reagit-a-lelimination-du-syli-national-jai-mal-pour-le-peuple","status":"publish","type":"post","link":"https:\/\/culturbaine.com\/index.php\/2024\/11\/19\/mhd-reagit-a-lelimination-du-syli-national-jai-mal-pour-le-peuple\/","title":{"rendered":"MHD r\u00e9agit \u00e0 l\u2019\u00e9limination du Syli national : \u00ab J\u2019ai mal pour le peuple \u00bb"},"content":{"rendered":"<p>L\u2019\u00e9limination du Syli national de Guin\u00e9e des qualifications pour la Coupe d\u2019Afrique des Nations (CAN) 2025 continue de susciter des r\u00e9actions. Parmi les voix qui s\u2019\u00e9l\u00e8vent, celle du rappeur fran\u00e7ais d\u2019origine guin\u00e9enne, <strong>MHD<\/strong>, se distingue par sa col\u00e8re et son amertume.<\/p>\n<p>Dans une r\u00e9cente publication sur son compte Instagram, l\u2019artiste n\u2019a pas m\u00e2ch\u00e9 ses mots : <strong>\u00ab Si je parle je risque d&rsquo;\u00eatre trop vulgaire ! Comment tu peux perdre contre la Tanzanie Aller Retour ! En m\u00eame temps tu veux faire quoi avec une \u00e9quipe qui n&rsquo;a m\u00eame pas son propre stade dans son pays. J&rsquo;ai mal pour le peuple qui y croit toujours vraiment \u00bb<\/strong><\/p>\n<p>Les propos du \u00ab <strong>Prince de l\u2019Afro Trap<\/strong> \u00bb refl\u00e8tent la d\u00e9ception g\u00e9n\u00e9ralis\u00e9e des supporters guin\u00e9ens, qui esp\u00e9raient voir leur \u00e9quipe nationale briller lors de la CAN 2025 pr\u00e9vue au Maroc. Malgr\u00e9 les performances remarquables de Serhou Guirassy, l\u2019attaquant vedette et l\u2019un des meilleurs buteurs des \u00e9liminatoires, cela n\u2019a pas suffi \u00e0 assurer la qualification.<\/p>\n<p>Cette \u00e9limination vient rappeler les d\u00e9fis structurels auxquels fait face le football guin\u00e9en. L\u2019absence d\u2019un stade national homologu\u00e9 pour accueillir des rencontres internationales, comme soulign\u00e9 par <strong>MHD<\/strong>, est l\u2019un des nombreux obstacles.<\/p>\n<p>Pour l\u2019instant, les supporters n\u2019ont que leurs larmes pour pleurer cette d\u00e9sillusion. Mais \u00e0 l\u2019image des mots de <strong>MHD<\/strong>, c\u2019est aussi un appel \u00e0 une r\u00e9forme profonde du football en Guin\u00e9e qui se fait entendre. Le peuple guin\u00e9en, fid\u00e8le \u00e0 son Syli, attend d\u00e9sormais des solutions et des changements concrets pour \u00e9viter de revivre une telle d\u00e9sillusion.<\/p>\n<p><strong>Mohamed Cinq Sylla\u00a0<\/strong><\/p>\n","protected":false},"excerpt":{"rendered":"<p>L\u2019\u00e9limination du Syli national de Guin\u00e9e des qualifications pour la Coupe d\u2019Afrique des Nations (CAN) 2025 continue de susciter des r\u00e9actions. Parmi les voix qui s\u2019\u00e9l\u00e8vent, celle du rappeur fran\u00e7ais d\u2019origine guin\u00e9enne, MHD, se distingue par sa col\u00e8re et son amertume. Dans une r\u00e9cente publication sur son compte Instagram, l\u2019artiste n\u2019a pas m\u00e2ch\u00e9 ses mots [&hellip;]<\/p>\n","protected":false},"author":2,"featured_media":9968,"comment_status":"closed","ping_status":"closed","sticky":false,"template":"","format":"standard","meta":{"_mi_skip_tracking":false,"_monsterinsights_sitenote_active":false,"_monsterinsights_sitenote_note":"","_monsterinsights_sitenote_category":0,"footnotes":""},"categories":[21,512],"tags":[217,1485],"class_list":["post-9967","post","type-post","status-publish","format-standard","has-post-thumbnail","hentry","category-actualite","category-rap","tag-mhd","tag-syli"],"yoast_head":"<!-- This site is optimized with the Yoast SEO Premium plugin v20.1 (Yoast SEO v24.0) - https:\/\/yoast.com\/wordpress\/plugins\/seo\/ -->\n<title>MHD r\u00e9agit \u00e0 l\u2019\u00e9limination du Syli national : \u00ab J\u2019ai mal pour le peuple \u00bb - Culturbaine<\/title>\n<meta name=\"robots\" content=\"index, follow, max-snippet:-1, max-image-preview:large, max-video-preview:-1\" \/>\n<link rel=\"canonical\" href=\"https:\/\/culturbaine.com\/index.php\/2024\/11\/19\/mhd-reagit-a-lelimination-du-syli-national-jai-mal-pour-le-peuple\/\" \/>\n<meta property=\"og:locale\" content=\"fr_FR\" \/>\n<meta property=\"og:type\" content=\"article\" \/>\n<meta property=\"og:title\" content=\"MHD r\u00e9agit \u00e0 l\u2019\u00e9limination du Syli national : \u00ab J\u2019ai mal pour le peuple \u00bb\" \/>\n<meta property=\"og:description\" content=\"L\u2019\u00e9limination du Syli national de Guin\u00e9e des qualifications pour la Coupe d\u2019Afrique des Nations (CAN) 2025 continue de susciter des r\u00e9actions. Parmi les voix qui s\u2019\u00e9l\u00e8vent, celle du rappeur fran\u00e7ais d\u2019origine guin\u00e9enne, MHD, se distingue par sa col\u00e8re et son amertume. Dans une r\u00e9cente publication sur son compte Instagram, l\u2019artiste n\u2019a pas m\u00e2ch\u00e9 ses mots [&hellip;]\" \/>\n<meta property=\"og:url\" content=\"https:\/\/culturbaine.com\/index.php\/2024\/11\/19\/mhd-reagit-a-lelimination-du-syli-national-jai-mal-pour-le-peuple\/\" \/>\n<meta property=\"og:site_name\" content=\"Culturbaine\" \/>\n<meta property=\"article:publisher\" content=\"https:\/\/www.facebook.com\/Culturbaines\" \/>\n<meta property=\"article:published_time\" content=\"2024-11-19T21:19:03+00:00\" \/>\n<meta property=\"og:image\" content=\"https:\/\/culturbaine.com\/wp-content\/uploads\/2024\/11\/21-201905150947062.jpg\" \/>\n\t<meta property=\"og:image:width\" content=\"380\" \/>\n\t<meta property=\"og:image:height\" content=\"272\" \/>\n\t<meta property=\"og:image:type\" content=\"image\/jpeg\" \/>\n<meta name=\"author\" content=\"admin1\" \/>\n<meta name=\"twitter:card\" content=\"summary_large_image\" \/>\n<meta name=\"twitter:creator\" content=\"@culturbaines\" \/>\n<meta name=\"twitter:site\" content=\"@culturbaines\" \/>\n<meta name=\"twitter:label1\" content=\"\u00c9crit par\" \/>\n\t<meta name=\"twitter:data1\" content=\"admin1\" \/>\n\t<meta name=\"twitter:label2\" content=\"Dur\u00e9e de lecture estim\u00e9e\" \/>\n\t<meta name=\"twitter:data2\" content=\"2 minutes\" \/>\n<script type=\"application\/ld+json\" class=\"yoast-schema-graph\">{\"@context\":\"https:\/\/schema.org\",\"@graph\":[{\"@type\":\"Article\",\"@id\":\"https:\/\/culturbaine.com\/index.php\/2024\/11\/19\/mhd-reagit-a-lelimination-du-syli-national-jai-mal-pour-le-peuple\/#article\",\"isPartOf\":{\"@id\":\"https:\/\/culturbaine.com\/index.php\/2024\/11\/19\/mhd-reagit-a-lelimination-du-syli-national-jai-mal-pour-le-peuple\/\"},\"author\":{\"name\":\"admin1\",\"@id\":\"https:\/\/culturbaine.com\/#\/schema\/person\/42eb7485c572e0746c1ea6b8216c3814\"},\"headline\":\"MHD r\u00e9agit \u00e0 l\u2019\u00e9limination du Syli national : \u00ab J\u2019ai mal pour le peuple \u00bb\",\"datePublished\":\"2024-11-19T21:19:03+00:00\",\"dateModified\":\"2024-11-19T21:19:03+00:00\",\"mainEntityOfPage\":{\"@id\":\"https:\/\/culturbaine.com\/index.php\/2024\/11\/19\/mhd-reagit-a-lelimination-du-syli-national-jai-mal-pour-le-peuple\/\"},\"wordCount\":302,\"publisher\":{\"@id\":\"https:\/\/culturbaine.com\/#organization\"},\"image\":{\"@id\":\"https:\/\/culturbaine.com\/index.php\/2024\/11\/19\/mhd-reagit-a-lelimination-du-syli-national-jai-mal-pour-le-peuple\/#primaryimage\"},\"thumbnailUrl\":\"https:\/\/culturbaine.com\/wp-content\/uploads\/2024\/11\/21-201905150947062.jpg\",\"keywords\":[\"MHD\",\"Syli\"],\"articleSection\":[\"Actualit\u00e9\",\"Rap\"],\"inLanguage\":\"fr-FR\"},{\"@type\":\"WebPage\",\"@id\":\"https:\/\/culturbaine.com\/index.php\/2024\/11\/19\/mhd-reagit-a-lelimination-du-syli-national-jai-mal-pour-le-peuple\/\",\"url\":\"https:\/\/culturbaine.com\/index.php\/2024\/11\/19\/mhd-reagit-a-lelimination-du-syli-national-jai-mal-pour-le-peuple\/\",\"name\":\"MHD r\u00e9agit \u00e0 l\u2019\u00e9limination du Syli national : \u00ab J\u2019ai mal pour le peuple \u00bb - Culturbaine\",\"isPartOf\":{\"@id\":\"https:\/\/culturbaine.com\/#website\"},\"primaryImageOfPage\":{\"@id\":\"https:\/\/culturbaine.com\/index.php\/2024\/11\/19\/mhd-reagit-a-lelimination-du-syli-national-jai-mal-pour-le-peuple\/#primaryimage\"},\"image\":{\"@id\":\"https:\/\/culturbaine.com\/index.php\/2024\/11\/19\/mhd-reagit-a-lelimination-du-syli-national-jai-mal-pour-le-peuple\/#primaryimage\"},\"thumbnailUrl\":\"https:\/\/culturbaine.com\/wp-content\/uploads\/2024\/11\/21-201905150947062.jpg\",\"datePublished\":\"2024-11-19T21:19:03+00:00\",\"dateModified\":\"2024-11-19T21:19:03+00:00\",\"breadcrumb\":{\"@id\":\"https:\/\/culturbaine.com\/index.php\/2024\/11\/19\/mhd-reagit-a-lelimination-du-syli-national-jai-mal-pour-le-peuple\/#breadcrumb\"},\"inLanguage\":\"fr-FR\",\"potentialAction\":[{\"@type\":\"ReadAction\",\"target\":[\"https:\/\/culturbaine.com\/index.php\/2024\/11\/19\/mhd-reagit-a-lelimination-du-syli-national-jai-mal-pour-le-peuple\/\"]}]},{\"@type\":\"ImageObject\",\"inLanguage\":\"fr-FR\",\"@id\":\"https:\/\/culturbaine.com\/index.php\/2024\/11\/19\/mhd-reagit-a-lelimination-du-syli-national-jai-mal-pour-le-peuple\/#primaryimage\",\"url\":\"https:\/\/culturbaine.com\/wp-content\/uploads\/2024\/11\/21-201905150947062.jpg\",\"contentUrl\":\"https:\/\/culturbaine.com\/wp-content\/uploads\/2024\/11\/21-201905150947062.jpg\",\"width\":380,\"height\":272},{\"@type\":\"BreadcrumbList\",\"@id\":\"https:\/\/culturbaine.com\/index.php\/2024\/11\/19\/mhd-reagit-a-lelimination-du-syli-national-jai-mal-pour-le-peuple\/#breadcrumb\",\"itemListElement\":[{\"@type\":\"ListItem\",\"position\":1,\"name\":\"Home\",\"item\":\"https:\/\/culturbaine.com\/\"},{\"@type\":\"ListItem\",\"position\":2,\"name\":\"MHD r\u00e9agit \u00e0 l\u2019\u00e9limination du Syli national : \u00ab J\u2019ai mal pour le peuple \u00bb\"}]},{\"@type\":\"WebSite\",\"@id\":\"https:\/\/culturbaine.com\/#website\",\"url\":\"https:\/\/culturbaine.com\/\",\"name\":\"Culturbaine.com\",\"description\":\"Toute l&#039;actualit\u00e9 des Cultures Urbaines, en un clic  !\",\"publisher\":{\"@id\":\"https:\/\/culturbaine.com\/#organization\"},\"potentialAction\":[{\"@type\":\"SearchAction\",\"target\":{\"@type\":\"EntryPoint\",\"urlTemplate\":\"https:\/\/culturbaine.com\/?s={search_term_string}\"},\"query-input\":{\"@type\":\"PropertyValueSpecification\",\"valueRequired\":true,\"valueName\":\"search_term_string\"}}],\"inLanguage\":\"fr-FR\"},{\"@type\":\"Organization\",\"@id\":\"https:\/\/culturbaine.com\/#organization\",\"name\":\"Culturbaine.com\",\"url\":\"https:\/\/culturbaine.com\/\",\"logo\":{\"@type\":\"ImageObject\",\"inLanguage\":\"fr-FR\",\"@id\":\"https:\/\/culturbaine.com\/#\/schema\/logo\/image\/\",\"url\":\"https:\/\/culturbaine.com\/wp-content\/uploads\/2023\/07\/WhatsApp-Image-2023-07-17-at-14.38.18.jpeg\",\"contentUrl\":\"https:\/\/culturbaine.com\/wp-content\/uploads\/2023\/07\/WhatsApp-Image-2023-07-17-at-14.38.18.jpeg\",\"width\":855,\"height\":270,\"caption\":\"Culturbaine.com\"},\"image\":{\"@id\":\"https:\/\/culturbaine.com\/#\/schema\/logo\/image\/\"},\"sameAs\":[\"https:\/\/www.facebook.com\/Culturbaines\",\"https:\/\/x.com\/culturbaines\"]},{\"@type\":\"Person\",\"@id\":\"https:\/\/culturbaine.com\/#\/schema\/person\/42eb7485c572e0746c1ea6b8216c3814\",\"name\":\"admin1\",\"image\":{\"@type\":\"ImageObject\",\"inLanguage\":\"fr-FR\",\"@id\":\"https:\/\/culturbaine.com\/#\/schema\/person\/image\/\",\"url\":\"https:\/\/secure.gravatar.com\/avatar\/c268f4d483ce0486e5a10fee87bbf756?s=96&d=mm&r=g\",\"contentUrl\":\"https:\/\/secure.gravatar.com\/avatar\/c268f4d483ce0486e5a10fee87bbf756?s=96&d=mm&r=g\",\"caption\":\"admin1\"},\"url\":\"https:\/\/culturbaine.com\/index.php\/author\/admin1\/\"}]}<\/script>\n<!-- \/ Yoast SEO Premium plugin. -->","yoast_head_json":{"title":"MHD r\u00e9agit \u00e0 l\u2019\u00e9limination du Syli national : \u00ab J\u2019ai mal pour le peuple \u00bb - Culturbaine","robots":{"index":"index","follow":"follow","max-snippet":"max-snippet:-1","max-image-preview":"max-image-preview:large","max-video-preview":"max-video-preview:-1"},"canonical":"https:\/\/culturbaine.com\/index.php\/2024\/11\/19\/mhd-reagit-a-lelimination-du-syli-national-jai-mal-pour-le-peuple\/","og_locale":"fr_FR","og_type":"article","og_title":"MHD r\u00e9agit \u00e0 l\u2019\u00e9limination du Syli national : \u00ab J\u2019ai mal pour le peuple \u00bb","og_description":"L\u2019\u00e9limination du Syli national de Guin\u00e9e des qualifications pour la Coupe d\u2019Afrique des Nations (CAN) 2025 continue de susciter des r\u00e9actions. Parmi les voix qui s\u2019\u00e9l\u00e8vent, celle du rappeur fran\u00e7ais d\u2019origine guin\u00e9enne, MHD, se distingue par sa col\u00e8re et son amertume. Dans une r\u00e9cente publication sur son compte Instagram, l\u2019artiste n\u2019a pas m\u00e2ch\u00e9 ses mots [&hellip;]","og_url":"https:\/\/culturbaine.com\/index.php\/2024\/11\/19\/mhd-reagit-a-lelimination-du-syli-national-jai-mal-pour-le-peuple\/","og_site_name":"Culturbaine","article_publisher":"https:\/\/www.facebook.com\/Culturbaines","article_published_time":"2024-11-19T21:19:03+00:00","og_image":[{"width":380,"height":272,"url":"https:\/\/culturbaine.com\/wp-content\/uploads\/2024\/11\/21-201905150947062.jpg","type":"image\/jpeg"}],"author":"admin1","twitter_card":"summary_large_image","twitter_creator":"@culturbaines","twitter_site":"@culturbaines","twitter_misc":{"\u00c9crit par":"admin1","Dur\u00e9e de lecture estim\u00e9e":"2 minutes"},"schema":{"@context":"https:\/\/schema.org","@graph":[{"@type":"Article","@id":"https:\/\/culturbaine.com\/index.php\/2024\/11\/19\/mhd-reagit-a-lelimination-du-syli-national-jai-mal-pour-le-peuple\/#article","isPartOf":{"@id":"https:\/\/culturbaine.com\/index.php\/2024\/11\/19\/mhd-reagit-a-lelimination-du-syli-national-jai-mal-pour-le-peuple\/"},"author":{"name":"admin1","@id":"https:\/\/culturbaine.com\/#\/schema\/person\/42eb7485c572e0746c1ea6b8216c3814"},"headline":"MHD r\u00e9agit \u00e0 l\u2019\u00e9limination du Syli national : \u00ab J\u2019ai mal pour le peuple \u00bb","datePublished":"2024-11-19T21:19:03+00:00","dateModified":"2024-11-19T21:19:03+00:00","mainEntityOfPage":{"@id":"https:\/\/culturbaine.com\/index.php\/2024\/11\/19\/mhd-reagit-a-lelimination-du-syli-national-jai-mal-pour-le-peuple\/"},"wordCount":302,"publisher":{"@id":"https:\/\/culturbaine.com\/#organization"},"image":{"@id":"https:\/\/culturbaine.com\/index.php\/2024\/11\/19\/mhd-reagit-a-lelimination-du-syli-national-jai-mal-pour-le-peuple\/#primaryimage"},"thumbnailUrl":"https:\/\/culturbaine.com\/wp-content\/uploads\/2024\/11\/21-201905150947062.jpg","keywords":["MHD","Syli"],"articleSection":["Actualit\u00e9","Rap"],"inLanguage":"fr-FR"},{"@type":"WebPage","@id":"https:\/\/culturbaine.com\/index.php\/2024\/11\/19\/mhd-reagit-a-lelimination-du-syli-national-jai-mal-pour-le-peuple\/","url":"https:\/\/culturbaine.com\/index.php\/2024\/11\/19\/mhd-reagit-a-lelimination-du-syli-national-jai-mal-pour-le-peuple\/","name":"MHD r\u00e9agit \u00e0 l\u2019\u00e9limination du Syli national : \u00ab J\u2019ai mal pour le peuple \u00bb - Culturbaine","isPartOf":{"@id":"https:\/\/culturbaine.com\/#website"},"primaryImageOfPage":{"@id":"https:\/\/culturbaine.com\/index.php\/2024\/11\/19\/mhd-reagit-a-lelimination-du-syli-national-jai-mal-pour-le-peuple\/#primaryimage"},"image":{"@id":"https:\/\/culturbaine.com\/index.php\/2024\/11\/19\/mhd-reagit-a-lelimination-du-syli-national-jai-mal-pour-le-peuple\/#primaryimage"},"thumbnailUrl":"https:\/\/culturbaine.com\/wp-content\/uploads\/2024\/11\/21-201905150947062.jpg","datePublished":"2024-11-19T21:19:03+00:00","dateModified":"2024-11-19T21:19:03+00:00","breadcrumb":{"@id":"https:\/\/culturbaine.com\/index.php\/2024\/11\/19\/mhd-reagit-a-lelimination-du-syli-national-jai-mal-pour-le-peuple\/#breadcrumb"},"inLanguage":"fr-FR","potentialAction":[{"@type":"ReadAction","target":["https:\/\/culturbaine.com\/index.php\/2024\/11\/19\/mhd-reagit-a-lelimination-du-syli-national-jai-mal-pour-le-peuple\/"]}]},{"@type":"ImageObject","inLanguage":"fr-FR","@id":"https:\/\/culturbaine.com\/index.php\/2024\/11\/19\/mhd-reagit-a-lelimination-du-syli-national-jai-mal-pour-le-peuple\/#primaryimage","url":"https:\/\/culturbaine.com\/wp-content\/uploads\/2024\/11\/21-201905150947062.jpg","contentUrl":"https:\/\/culturbaine.com\/wp-content\/uploads\/2024\/11\/21-201905150947062.jpg","width":380,"height":272},{"@type":"BreadcrumbList","@id":"https:\/\/culturbaine.com\/index.php\/2024\/11\/19\/mhd-reagit-a-lelimination-du-syli-national-jai-mal-pour-le-peuple\/#breadcrumb","itemListElement":[{"@type":"ListItem","position":1,"name":"Home","item":"https:\/\/culturbaine.com\/"},{"@type":"ListItem","position":2,"name":"MHD r\u00e9agit \u00e0 l\u2019\u00e9limination du Syli national : \u00ab J\u2019ai mal pour le peuple \u00bb"}]},{"@type":"WebSite","@id":"https:\/\/culturbaine.com\/#website","url":"https:\/\/culturbaine.com\/","name":"Culturbaine.com","description":"Toute l&#039;actualit\u00e9 des Cultures Urbaines, en un clic  !","publisher":{"@id":"https:\/\/culturbaine.com\/#organization"},"potentialAction":[{"@type":"SearchAction","target":{"@type":"EntryPoint","urlTemplate":"https:\/\/culturbaine.com\/?s={search_term_string}"},"query-input":{"@type":"PropertyValueSpecification","valueRequired":true,"valueName":"search_term_string"}}],"inLanguage":"fr-FR"},{"@type":"Organization","@id":"https:\/\/culturbaine.com\/#organization","name":"Culturbaine.com","url":"https:\/\/culturbaine.com\/","logo":{"@type":"ImageObject","inLanguage":"fr-FR","@id":"https:\/\/culturbaine.com\/#\/schema\/logo\/image\/","url":"https:\/\/culturbaine.com\/wp-content\/uploads\/2023\/07\/WhatsApp-Image-2023-07-17-at-14.38.18.jpeg","contentUrl":"https:\/\/culturbaine.com\/wp-content\/uploads\/2023\/07\/WhatsApp-Image-2023-07-17-at-14.38.18.jpeg","width":855,"height":270,"caption":"Culturbaine.com"},"image":{"@id":"https:\/\/culturbaine.com\/#\/schema\/logo\/image\/"},"sameAs":["https:\/\/www.facebook.com\/Culturbaines","https:\/\/x.com\/culturbaines"]},{"@type":"Person","@id":"https:\/\/culturbaine.com\/#\/schema\/person\/42eb7485c572e0746c1ea6b8216c3814","name":"admin1","image":{"@type":"ImageObject","inLanguage":"fr-FR","@id":"https:\/\/culturbaine.com\/#\/schema\/person\/image\/","url":"https:\/\/secure.gravatar.com\/avatar\/c268f4d483ce0486e5a10fee87bbf756?s=96&d=mm&r=g","contentUrl":"https:\/\/secure.gravatar.com\/avatar\/c268f4d483ce0486e5a10fee87bbf756?s=96&d=mm&r=g","caption":"admin1"},"url":"https:\/\/culturbaine.com\/index.php\/author\/admin1\/"}]}},"_links":{"self":[{"href":"https:\/\/culturbaine.com\/index.php\/wp-json\/wp\/v2\/posts\/9967"}],"collection":[{"href":"https:\/\/culturbaine.com\/index.php\/wp-json\/wp\/v2\/posts"}],"about":[{"href":"https:\/\/culturbaine.com\/index.php\/wp-json\/wp\/v2\/types\/post"}],"author":[{"embeddable":true,"href":"https:\/\/culturbaine.com\/index.php\/wp-json\/wp\/v2\/users\/2"}],"replies":[{"embeddable":true,"href":"https:\/\/culturbaine.com\/index.php\/wp-json\/wp\/v2\/comments?post=9967"}],"version-history":[{"count":0,"href":"https:\/\/culturbaine.com\/index.php\/wp-json\/wp\/v2\/posts\/9967\/revisions"}],"wp:featuredmedia":[{"embeddable":true,"href":"https:\/\/culturbaine.com\/index.php\/wp-json\/wp\/v2\/media\/9968"}],"wp:attachment":[{"href":"https:\/\/culturbaine.com\/index.php\/wp-json\/wp\/v2\/media?parent=9967"}],"wp:term":[{"taxonomy":"category","embeddable":true,"href":"https:\/\/culturbaine.com\/index.php\/wp-json\/wp\/v2\/categories?post=9967"},{"taxonomy":"post_tag","embeddable":true,"href":"https:\/\/culturbaine.com\/index.php\/wp-json\/wp\/v2\/tags?post=9967"}],"curies":[{"name":"wp","href":"https:\/\/api.w.org\/{rel}","templated":true}]}}