{"id":9945,"date":"2024-11-18T20:00:21","date_gmt":"2024-11-18T20:00:21","guid":{"rendered":"https:\/\/culturbaine.com\/?p=9945"},"modified":"2024-11-18T19:30:53","modified_gmt":"2024-11-18T19:30:53","slug":"golf-cd-a-la-prod-lance-son-album-avec-le-titre-mon-ami-en-feat-avec-thiird","status":"publish","type":"post","link":"https:\/\/culturbaine.com\/index.php\/2024\/11\/18\/golf-cd-a-la-prod-lance-son-album-avec-le-titre-mon-ami-en-feat-avec-thiird\/","title":{"rendered":"Golf : CD A LA PROD lance son album avec le titre \u00ab\u00a0Mon Ami\u00a0\u00bb, en feat avec Thiird !"},"content":{"rendered":"<p>En pr\u00e9lude \u00e0 la sortie de son album <strong>Golf<\/strong>, pr\u00e9vue pour le 21 novembre 2024, l\u2019ing\u00e9nieur de son guin\u00e9en talentueux <strong>CD A LA PROD<\/strong> a d\u00e9voil\u00e9 un premier extrait intitul\u00e9 \u00ab\u00a0<strong>Mon Ami<\/strong>\u00ab\u00a0, en collaboration avec Thiird, l\u2019un des rappeurs les plus en vue du moment en Guin\u00e9e.<\/p>\n<p>Ce morceau, compos\u00e9 par <strong>CD A LA PROD<\/strong> lui-m\u00eame, s\u2019articule autour du th\u00e8me de l\u2019amiti\u00e9. <strong>Thiird<\/strong>, \u00e9galement membre du groupe Rap <strong>Gnamakalah<\/strong>, y d\u00e9ploie une plume raffin\u00e9e pour \u00e9voquer les liens d\u2019amiti\u00e9 sinc\u00e8res et les souvenirs partag\u00e9s. Dans ses textes, il d\u00e9clare :<\/p>\n<p>\u00ab <em><strong>Je ne suis pas dedans. Parce que je marche avec mes amis. Certains, j\u2019ai grandi avec eux, d\u2019autres non. Pendant notre enfance, on se battait souvent ensemble. Quand maman entend que mon ami a vol\u00e9 de l\u2019argent chez lui, elle me demande combien j\u2019ai mang\u00e9 dedans<\/strong><\/em>. \u00bb<\/p>\n<p>Le clip qui accompagne ce titre refl\u00e8te parfaitement l\u2019essence de la chanson. R\u00e9alis\u00e9 par <strong>Andy<\/strong>, il illustre des sc\u00e8nes de la vie quotidienne, telles qu\u2019un passage dans une sup\u00e9rette ou une salle de jeux vid\u00e9o. Une autre partie du clip, tourn\u00e9e \u00e0 bord d\u2019une d\u00e9capotable, ajoute une touche de modernit\u00e9 et de simplicit\u00e9.<\/p>\n<p><strong>\u00ab\u00a0Mon Ami\u00a0\u00bb<\/strong> est \u00e0 d\u00e9couvrir d\u00e8s maintenant, en attendant la sortie compl\u00e8te de l\u2019album <strong>Golf<\/strong>, qui s\u2019annonce prometteur avec la participation de plusieurs artistes guin\u00e9ens de renom.<\/p>\n<p><iframe loading=\"lazy\" title=\"CD ALAPROD Feat. THIIRD - MON AMI\" width=\"1170\" height=\"658\" src=\"https:\/\/www.youtube.com\/embed\/BeAFQmISr14?wmode=transparent&amp;rel=0&amp;feature=oembed\" frameborder=\"0\" allow=\"accelerometer; autoplay; clipboard-write; encrypted-media; gyroscope; picture-in-picture; web-share\" referrerpolicy=\"strict-origin-when-cross-origin\" allowfullscreen><\/iframe><\/p>\n<p><strong>Mohamed Cinq Sylla<\/strong><\/p>\n","protected":false},"excerpt":{"rendered":"<p>En pr\u00e9lude \u00e0 la sortie de son album Golf, pr\u00e9vue pour le 21 novembre 2024, l\u2019ing\u00e9nieur de son guin\u00e9en talentueux CD A LA PROD a d\u00e9voil\u00e9 un premier extrait intitul\u00e9 \u00ab\u00a0Mon Ami\u00ab\u00a0, en collaboration avec Thiird, l\u2019un des rappeurs les plus en vue du moment en Guin\u00e9e. Ce morceau, compos\u00e9 par CD A LA PROD [&hellip;]<\/p>\n","protected":false},"author":2,"featured_media":9947,"comment_status":"closed","ping_status":"closed","sticky":false,"template":"","format":"standard","meta":{"_mi_skip_tracking":false,"_monsterinsights_sitenote_active":false,"_monsterinsights_sitenote_note":"","_monsterinsights_sitenote_category":0,"footnotes":""},"categories":[21,27,512],"tags":[285,3411,3412,25],"class_list":["post-9945","post","type-post","status-publish","format-standard","has-post-thumbnail","hentry","category-actualite","category-clip","category-rap","tag-cd-a-la-prod","tag-golf","tag-mon-ami","tag-thiird"],"yoast_head":"<!-- This site is optimized with the Yoast SEO Premium plugin v20.1 (Yoast SEO v24.0) - https:\/\/yoast.com\/wordpress\/plugins\/seo\/ -->\n<title>Golf : CD A LA PROD lance son album avec le titre &quot;Mon Ami&quot;, en feat avec Thiird ! - Culturbaine<\/title>\n<meta name=\"robots\" content=\"index, follow, max-snippet:-1, max-image-preview:large, max-video-preview:-1\" \/>\n<link rel=\"canonical\" href=\"https:\/\/culturbaine.com\/index.php\/2024\/11\/18\/golf-cd-a-la-prod-lance-son-album-avec-le-titre-mon-ami-en-feat-avec-thiird\/\" \/>\n<meta property=\"og:locale\" content=\"fr_FR\" \/>\n<meta property=\"og:type\" content=\"article\" \/>\n<meta property=\"og:title\" content=\"Golf : CD A LA PROD lance son album avec le titre &quot;Mon Ami&quot;, en feat avec Thiird !\" \/>\n<meta property=\"og:description\" content=\"En pr\u00e9lude \u00e0 la sortie de son album Golf, pr\u00e9vue pour le 21 novembre 2024, l\u2019ing\u00e9nieur de son guin\u00e9en talentueux CD A LA PROD a d\u00e9voil\u00e9 un premier extrait intitul\u00e9 \u00ab\u00a0Mon Ami\u00ab\u00a0, en collaboration avec Thiird, l\u2019un des rappeurs les plus en vue du moment en Guin\u00e9e. Ce morceau, compos\u00e9 par CD A LA PROD [&hellip;]\" \/>\n<meta property=\"og:url\" content=\"https:\/\/culturbaine.com\/index.php\/2024\/11\/18\/golf-cd-a-la-prod-lance-son-album-avec-le-titre-mon-ami-en-feat-avec-thiird\/\" \/>\n<meta property=\"og:site_name\" content=\"Culturbaine\" \/>\n<meta property=\"article:publisher\" content=\"https:\/\/www.facebook.com\/Culturbaines\" \/>\n<meta property=\"article:published_time\" content=\"2024-11-18T20:00:21+00:00\" \/>\n<meta property=\"article:modified_time\" content=\"2024-11-18T19:30:53+00:00\" \/>\n<meta property=\"og:image\" content=\"https:\/\/culturbaine.com\/wp-content\/uploads\/2024\/11\/Screenshot_20241118-153517.jpg\" \/>\n\t<meta property=\"og:image:width\" content=\"720\" \/>\n\t<meta property=\"og:image:height\" content=\"380\" \/>\n\t<meta property=\"og:image:type\" content=\"image\/jpeg\" \/>\n<meta name=\"author\" content=\"admin1\" \/>\n<meta name=\"twitter:card\" content=\"summary_large_image\" \/>\n<meta name=\"twitter:creator\" content=\"@culturbaines\" \/>\n<meta name=\"twitter:site\" content=\"@culturbaines\" \/>\n<meta name=\"twitter:label1\" content=\"\u00c9crit par\" \/>\n\t<meta name=\"twitter:data1\" content=\"admin1\" \/>\n\t<meta name=\"twitter:label2\" content=\"Dur\u00e9e de lecture estim\u00e9e\" \/>\n\t<meta name=\"twitter:data2\" content=\"2 minutes\" \/>\n<script type=\"application\/ld+json\" class=\"yoast-schema-graph\">{\"@context\":\"https:\/\/schema.org\",\"@graph\":[{\"@type\":\"Article\",\"@id\":\"https:\/\/culturbaine.com\/index.php\/2024\/11\/18\/golf-cd-a-la-prod-lance-son-album-avec-le-titre-mon-ami-en-feat-avec-thiird\/#article\",\"isPartOf\":{\"@id\":\"https:\/\/culturbaine.com\/index.php\/2024\/11\/18\/golf-cd-a-la-prod-lance-son-album-avec-le-titre-mon-ami-en-feat-avec-thiird\/\"},\"author\":{\"name\":\"admin1\",\"@id\":\"https:\/\/culturbaine.com\/#\/schema\/person\/42eb7485c572e0746c1ea6b8216c3814\"},\"headline\":\"Golf : CD A LA PROD lance son album avec le titre \u00ab\u00a0Mon Ami\u00a0\u00bb, en feat avec Thiird !\",\"datePublished\":\"2024-11-18T20:00:21+00:00\",\"dateModified\":\"2024-11-18T19:30:53+00:00\",\"mainEntityOfPage\":{\"@id\":\"https:\/\/culturbaine.com\/index.php\/2024\/11\/18\/golf-cd-a-la-prod-lance-son-album-avec-le-titre-mon-ami-en-feat-avec-thiird\/\"},\"wordCount\":278,\"publisher\":{\"@id\":\"https:\/\/culturbaine.com\/#organization\"},\"image\":{\"@id\":\"https:\/\/culturbaine.com\/index.php\/2024\/11\/18\/golf-cd-a-la-prod-lance-son-album-avec-le-titre-mon-ami-en-feat-avec-thiird\/#primaryimage\"},\"thumbnailUrl\":\"https:\/\/culturbaine.com\/wp-content\/uploads\/2024\/11\/Screenshot_20241118-153517.jpg\",\"keywords\":[\"CD A LA PROD\",\"Golf\",\"Mon ami\",\"thiird\"],\"articleSection\":[\"Actualit\u00e9\",\"Clip\",\"Rap\"],\"inLanguage\":\"fr-FR\"},{\"@type\":\"WebPage\",\"@id\":\"https:\/\/culturbaine.com\/index.php\/2024\/11\/18\/golf-cd-a-la-prod-lance-son-album-avec-le-titre-mon-ami-en-feat-avec-thiird\/\",\"url\":\"https:\/\/culturbaine.com\/index.php\/2024\/11\/18\/golf-cd-a-la-prod-lance-son-album-avec-le-titre-mon-ami-en-feat-avec-thiird\/\",\"name\":\"Golf : CD A LA PROD lance son album avec le titre \\\"Mon Ami\\\", en feat avec Thiird ! - Culturbaine\",\"isPartOf\":{\"@id\":\"https:\/\/culturbaine.com\/#website\"},\"primaryImageOfPage\":{\"@id\":\"https:\/\/culturbaine.com\/index.php\/2024\/11\/18\/golf-cd-a-la-prod-lance-son-album-avec-le-titre-mon-ami-en-feat-avec-thiird\/#primaryimage\"},\"image\":{\"@id\":\"https:\/\/culturbaine.com\/index.php\/2024\/11\/18\/golf-cd-a-la-prod-lance-son-album-avec-le-titre-mon-ami-en-feat-avec-thiird\/#primaryimage\"},\"thumbnailUrl\":\"https:\/\/culturbaine.com\/wp-content\/uploads\/2024\/11\/Screenshot_20241118-153517.jpg\",\"datePublished\":\"2024-11-18T20:00:21+00:00\",\"dateModified\":\"2024-11-18T19:30:53+00:00\",\"breadcrumb\":{\"@id\":\"https:\/\/culturbaine.com\/index.php\/2024\/11\/18\/golf-cd-a-la-prod-lance-son-album-avec-le-titre-mon-ami-en-feat-avec-thiird\/#breadcrumb\"},\"inLanguage\":\"fr-FR\",\"potentialAction\":[{\"@type\":\"ReadAction\",\"target\":[\"https:\/\/culturbaine.com\/index.php\/2024\/11\/18\/golf-cd-a-la-prod-lance-son-album-avec-le-titre-mon-ami-en-feat-avec-thiird\/\"]}]},{\"@type\":\"ImageObject\",\"inLanguage\":\"fr-FR\",\"@id\":\"https:\/\/culturbaine.com\/index.php\/2024\/11\/18\/golf-cd-a-la-prod-lance-son-album-avec-le-titre-mon-ami-en-feat-avec-thiird\/#primaryimage\",\"url\":\"https:\/\/culturbaine.com\/wp-content\/uploads\/2024\/11\/Screenshot_20241118-153517.jpg\",\"contentUrl\":\"https:\/\/culturbaine.com\/wp-content\/uploads\/2024\/11\/Screenshot_20241118-153517.jpg\",\"width\":720,\"height\":380},{\"@type\":\"BreadcrumbList\",\"@id\":\"https:\/\/culturbaine.com\/index.php\/2024\/11\/18\/golf-cd-a-la-prod-lance-son-album-avec-le-titre-mon-ami-en-feat-avec-thiird\/#breadcrumb\",\"itemListElement\":[{\"@type\":\"ListItem\",\"position\":1,\"name\":\"Home\",\"item\":\"https:\/\/culturbaine.com\/\"},{\"@type\":\"ListItem\",\"position\":2,\"name\":\"Golf : CD A LA PROD lance son album avec le titre \u00ab\u00a0Mon Ami\u00a0\u00bb, en feat avec Thiird !\"}]},{\"@type\":\"WebSite\",\"@id\":\"https:\/\/culturbaine.com\/#website\",\"url\":\"https:\/\/culturbaine.com\/\",\"name\":\"Culturbaine.com\",\"description\":\"Toute l&#039;actualit\u00e9 des Cultures Urbaines, en un clic  !\",\"publisher\":{\"@id\":\"https:\/\/culturbaine.com\/#organization\"},\"potentialAction\":[{\"@type\":\"SearchAction\",\"target\":{\"@type\":\"EntryPoint\",\"urlTemplate\":\"https:\/\/culturbaine.com\/?s={search_term_string}\"},\"query-input\":{\"@type\":\"PropertyValueSpecification\",\"valueRequired\":true,\"valueName\":\"search_term_string\"}}],\"inLanguage\":\"fr-FR\"},{\"@type\":\"Organization\",\"@id\":\"https:\/\/culturbaine.com\/#organization\",\"name\":\"Culturbaine.com\",\"url\":\"https:\/\/culturbaine.com\/\",\"logo\":{\"@type\":\"ImageObject\",\"inLanguage\":\"fr-FR\",\"@id\":\"https:\/\/culturbaine.com\/#\/schema\/logo\/image\/\",\"url\":\"https:\/\/culturbaine.com\/wp-content\/uploads\/2023\/07\/WhatsApp-Image-2023-07-17-at-14.38.18.jpeg\",\"contentUrl\":\"https:\/\/culturbaine.com\/wp-content\/uploads\/2023\/07\/WhatsApp-Image-2023-07-17-at-14.38.18.jpeg\",\"width\":855,\"height\":270,\"caption\":\"Culturbaine.com\"},\"image\":{\"@id\":\"https:\/\/culturbaine.com\/#\/schema\/logo\/image\/\"},\"sameAs\":[\"https:\/\/www.facebook.com\/Culturbaines\",\"https:\/\/x.com\/culturbaines\"]},{\"@type\":\"Person\",\"@id\":\"https:\/\/culturbaine.com\/#\/schema\/person\/42eb7485c572e0746c1ea6b8216c3814\",\"name\":\"admin1\",\"image\":{\"@type\":\"ImageObject\",\"inLanguage\":\"fr-FR\",\"@id\":\"https:\/\/culturbaine.com\/#\/schema\/person\/image\/\",\"url\":\"https:\/\/secure.gravatar.com\/avatar\/c268f4d483ce0486e5a10fee87bbf756?s=96&d=mm&r=g\",\"contentUrl\":\"https:\/\/secure.gravatar.com\/avatar\/c268f4d483ce0486e5a10fee87bbf756?s=96&d=mm&r=g\",\"caption\":\"admin1\"},\"url\":\"https:\/\/culturbaine.com\/index.php\/author\/admin1\/\"}]}<\/script>\n<!-- \/ Yoast SEO Premium plugin. -->","yoast_head_json":{"title":"Golf : CD A LA PROD lance son album avec le titre \"Mon Ami\", en feat avec Thiird ! - Culturbaine","robots":{"index":"index","follow":"follow","max-snippet":"max-snippet:-1","max-image-preview":"max-image-preview:large","max-video-preview":"max-video-preview:-1"},"canonical":"https:\/\/culturbaine.com\/index.php\/2024\/11\/18\/golf-cd-a-la-prod-lance-son-album-avec-le-titre-mon-ami-en-feat-avec-thiird\/","og_locale":"fr_FR","og_type":"article","og_title":"Golf : CD A LA PROD lance son album avec le titre \"Mon Ami\", en feat avec Thiird !","og_description":"En pr\u00e9lude \u00e0 la sortie de son album Golf, pr\u00e9vue pour le 21 novembre 2024, l\u2019ing\u00e9nieur de son guin\u00e9en talentueux CD A LA PROD a d\u00e9voil\u00e9 un premier extrait intitul\u00e9 \u00ab\u00a0Mon Ami\u00ab\u00a0, en collaboration avec Thiird, l\u2019un des rappeurs les plus en vue du moment en Guin\u00e9e. Ce morceau, compos\u00e9 par CD A LA PROD [&hellip;]","og_url":"https:\/\/culturbaine.com\/index.php\/2024\/11\/18\/golf-cd-a-la-prod-lance-son-album-avec-le-titre-mon-ami-en-feat-avec-thiird\/","og_site_name":"Culturbaine","article_publisher":"https:\/\/www.facebook.com\/Culturbaines","article_published_time":"2024-11-18T20:00:21+00:00","article_modified_time":"2024-11-18T19:30:53+00:00","og_image":[{"width":720,"height":380,"url":"https:\/\/culturbaine.com\/wp-content\/uploads\/2024\/11\/Screenshot_20241118-153517.jpg","type":"image\/jpeg"}],"author":"admin1","twitter_card":"summary_large_image","twitter_creator":"@culturbaines","twitter_site":"@culturbaines","twitter_misc":{"\u00c9crit par":"admin1","Dur\u00e9e de lecture estim\u00e9e":"2 minutes"},"schema":{"@context":"https:\/\/schema.org","@graph":[{"@type":"Article","@id":"https:\/\/culturbaine.com\/index.php\/2024\/11\/18\/golf-cd-a-la-prod-lance-son-album-avec-le-titre-mon-ami-en-feat-avec-thiird\/#article","isPartOf":{"@id":"https:\/\/culturbaine.com\/index.php\/2024\/11\/18\/golf-cd-a-la-prod-lance-son-album-avec-le-titre-mon-ami-en-feat-avec-thiird\/"},"author":{"name":"admin1","@id":"https:\/\/culturbaine.com\/#\/schema\/person\/42eb7485c572e0746c1ea6b8216c3814"},"headline":"Golf : CD A LA PROD lance son album avec le titre \u00ab\u00a0Mon Ami\u00a0\u00bb, en feat avec Thiird !","datePublished":"2024-11-18T20:00:21+00:00","dateModified":"2024-11-18T19:30:53+00:00","mainEntityOfPage":{"@id":"https:\/\/culturbaine.com\/index.php\/2024\/11\/18\/golf-cd-a-la-prod-lance-son-album-avec-le-titre-mon-ami-en-feat-avec-thiird\/"},"wordCount":278,"publisher":{"@id":"https:\/\/culturbaine.com\/#organization"},"image":{"@id":"https:\/\/culturbaine.com\/index.php\/2024\/11\/18\/golf-cd-a-la-prod-lance-son-album-avec-le-titre-mon-ami-en-feat-avec-thiird\/#primaryimage"},"thumbnailUrl":"https:\/\/culturbaine.com\/wp-content\/uploads\/2024\/11\/Screenshot_20241118-153517.jpg","keywords":["CD A LA PROD","Golf","Mon ami","thiird"],"articleSection":["Actualit\u00e9","Clip","Rap"],"inLanguage":"fr-FR"},{"@type":"WebPage","@id":"https:\/\/culturbaine.com\/index.php\/2024\/11\/18\/golf-cd-a-la-prod-lance-son-album-avec-le-titre-mon-ami-en-feat-avec-thiird\/","url":"https:\/\/culturbaine.com\/index.php\/2024\/11\/18\/golf-cd-a-la-prod-lance-son-album-avec-le-titre-mon-ami-en-feat-avec-thiird\/","name":"Golf : CD A LA PROD lance son album avec le titre \"Mon Ami\", en feat avec Thiird ! - Culturbaine","isPartOf":{"@id":"https:\/\/culturbaine.com\/#website"},"primaryImageOfPage":{"@id":"https:\/\/culturbaine.com\/index.php\/2024\/11\/18\/golf-cd-a-la-prod-lance-son-album-avec-le-titre-mon-ami-en-feat-avec-thiird\/#primaryimage"},"image":{"@id":"https:\/\/culturbaine.com\/index.php\/2024\/11\/18\/golf-cd-a-la-prod-lance-son-album-avec-le-titre-mon-ami-en-feat-avec-thiird\/#primaryimage"},"thumbnailUrl":"https:\/\/culturbaine.com\/wp-content\/uploads\/2024\/11\/Screenshot_20241118-153517.jpg","datePublished":"2024-11-18T20:00:21+00:00","dateModified":"2024-11-18T19:30:53+00:00","breadcrumb":{"@id":"https:\/\/culturbaine.com\/index.php\/2024\/11\/18\/golf-cd-a-la-prod-lance-son-album-avec-le-titre-mon-ami-en-feat-avec-thiird\/#breadcrumb"},"inLanguage":"fr-FR","potentialAction":[{"@type":"ReadAction","target":["https:\/\/culturbaine.com\/index.php\/2024\/11\/18\/golf-cd-a-la-prod-lance-son-album-avec-le-titre-mon-ami-en-feat-avec-thiird\/"]}]},{"@type":"ImageObject","inLanguage":"fr-FR","@id":"https:\/\/culturbaine.com\/index.php\/2024\/11\/18\/golf-cd-a-la-prod-lance-son-album-avec-le-titre-mon-ami-en-feat-avec-thiird\/#primaryimage","url":"https:\/\/culturbaine.com\/wp-content\/uploads\/2024\/11\/Screenshot_20241118-153517.jpg","contentUrl":"https:\/\/culturbaine.com\/wp-content\/uploads\/2024\/11\/Screenshot_20241118-153517.jpg","width":720,"height":380},{"@type":"BreadcrumbList","@id":"https:\/\/culturbaine.com\/index.php\/2024\/11\/18\/golf-cd-a-la-prod-lance-son-album-avec-le-titre-mon-ami-en-feat-avec-thiird\/#breadcrumb","itemListElement":[{"@type":"ListItem","position":1,"name":"Home","item":"https:\/\/culturbaine.com\/"},{"@type":"ListItem","position":2,"name":"Golf : CD A LA PROD lance son album avec le titre \u00ab\u00a0Mon Ami\u00a0\u00bb, en feat avec Thiird !"}]},{"@type":"WebSite","@id":"https:\/\/culturbaine.com\/#website","url":"https:\/\/culturbaine.com\/","name":"Culturbaine.com","description":"Toute l&#039;actualit\u00e9 des Cultures Urbaines, en un clic  !","publisher":{"@id":"https:\/\/culturbaine.com\/#organization"},"potentialAction":[{"@type":"SearchAction","target":{"@type":"EntryPoint","urlTemplate":"https:\/\/culturbaine.com\/?s={search_term_string}"},"query-input":{"@type":"PropertyValueSpecification","valueRequired":true,"valueName":"search_term_string"}}],"inLanguage":"fr-FR"},{"@type":"Organization","@id":"https:\/\/culturbaine.com\/#organization","name":"Culturbaine.com","url":"https:\/\/culturbaine.com\/","logo":{"@type":"ImageObject","inLanguage":"fr-FR","@id":"https:\/\/culturbaine.com\/#\/schema\/logo\/image\/","url":"https:\/\/culturbaine.com\/wp-content\/uploads\/2023\/07\/WhatsApp-Image-2023-07-17-at-14.38.18.jpeg","contentUrl":"https:\/\/culturbaine.com\/wp-content\/uploads\/2023\/07\/WhatsApp-Image-2023-07-17-at-14.38.18.jpeg","width":855,"height":270,"caption":"Culturbaine.com"},"image":{"@id":"https:\/\/culturbaine.com\/#\/schema\/logo\/image\/"},"sameAs":["https:\/\/www.facebook.com\/Culturbaines","https:\/\/x.com\/culturbaines"]},{"@type":"Person","@id":"https:\/\/culturbaine.com\/#\/schema\/person\/42eb7485c572e0746c1ea6b8216c3814","name":"admin1","image":{"@type":"ImageObject","inLanguage":"fr-FR","@id":"https:\/\/culturbaine.com\/#\/schema\/person\/image\/","url":"https:\/\/secure.gravatar.com\/avatar\/c268f4d483ce0486e5a10fee87bbf756?s=96&d=mm&r=g","contentUrl":"https:\/\/secure.gravatar.com\/avatar\/c268f4d483ce0486e5a10fee87bbf756?s=96&d=mm&r=g","caption":"admin1"},"url":"https:\/\/culturbaine.com\/index.php\/author\/admin1\/"}]}},"_links":{"self":[{"href":"https:\/\/culturbaine.com\/index.php\/wp-json\/wp\/v2\/posts\/9945"}],"collection":[{"href":"https:\/\/culturbaine.com\/index.php\/wp-json\/wp\/v2\/posts"}],"about":[{"href":"https:\/\/culturbaine.com\/index.php\/wp-json\/wp\/v2\/types\/post"}],"author":[{"embeddable":true,"href":"https:\/\/culturbaine.com\/index.php\/wp-json\/wp\/v2\/users\/2"}],"replies":[{"embeddable":true,"href":"https:\/\/culturbaine.com\/index.php\/wp-json\/wp\/v2\/comments?post=9945"}],"version-history":[{"count":0,"href":"https:\/\/culturbaine.com\/index.php\/wp-json\/wp\/v2\/posts\/9945\/revisions"}],"wp:featuredmedia":[{"embeddable":true,"href":"https:\/\/culturbaine.com\/index.php\/wp-json\/wp\/v2\/media\/9947"}],"wp:attachment":[{"href":"https:\/\/culturbaine.com\/index.php\/wp-json\/wp\/v2\/media?parent=9945"}],"wp:term":[{"taxonomy":"category","embeddable":true,"href":"https:\/\/culturbaine.com\/index.php\/wp-json\/wp\/v2\/categories?post=9945"},{"taxonomy":"post_tag","embeddable":true,"href":"https:\/\/culturbaine.com\/index.php\/wp-json\/wp\/v2\/tags?post=9945"}],"curies":[{"name":"wp","href":"https:\/\/api.w.org\/{rel}","templated":true}]}}