{"id":9930,"date":"2024-11-18T08:00:46","date_gmt":"2024-11-18T08:00:46","guid":{"rendered":"https:\/\/culturbaine.com\/?p=9930"},"modified":"2024-11-18T07:58:07","modified_gmt":"2024-11-18T07:58:07","slug":"le-mexique-accueillera-la-coupe-du-monde-de-slam-2025","status":"publish","type":"post","link":"https:\/\/culturbaine.com\/index.php\/2024\/11\/18\/le-mexique-accueillera-la-coupe-du-monde-de-slam-2025\/","title":{"rendered":"Le Mexique accueillera la Coupe du Monde de Slam 2025 !"},"content":{"rendered":"<p><strong>La Coupe du Monde de Slam<\/strong>, \u00e9v\u00e9nement itin\u00e9rant c\u00e9l\u00e9brant l&rsquo;art po\u00e9tique, continue de tracer sa route et de f\u00e9d\u00e9rer les amateurs de vers engag\u00e9s \u00e0 travers le globe. Apr\u00e8s une troisi\u00e8me \u00e9dition riche en \u00e9motions organis\u00e9e au Togo en 2024, c\u2019est au <strong>Mexique<\/strong> que se d\u00e9roulera la prochaine \u00e9dition en 2025. L\u2019annonce officielle a \u00e9t\u00e9 faite lors de la grande finale de l\u2019\u00e9dition togolaise.<\/p>\n<p>Ces derni\u00e8res ann\u00e9es, le slam s\u2019est impos\u00e9 comme l\u2019une des formes d\u2019expression artistique les plus influentes et captivantes. Alliant po\u00e9sie, performance et engagement, il a su rassembler des artistes et des spectateurs autour de messages souvent porteurs de changements sociaux, culturels et politiques. La Coupe du Monde de Slam est devenue une plateforme de premier plan, offrant une visibilit\u00e9 internationale \u00e0 des talents \u00e9mergents et confirm\u00e9s.<\/p>\n<p>L\u2019\u00e9dition 2024 organis\u00e9e au Togo a r\u00e9uni des participants venus des quatre coins du monde, qui a vu l&rsquo;am\u00e9ricain <strong>Chevon<\/strong> <strong>Guthrie<\/strong> triomph\u00e9. Ce rendez-vous po\u00e9tique a \u00e9t\u00e9 marqu\u00e9 par des performances vibrantes et des messages poignants, d\u00e9montrant une fois de plus la capacit\u00e9 du slam \u00e0 transcender les fronti\u00e8res et \u00e0 inspirer des dialogues universels.<\/p>\n<p>En accueillant la Coupe du Monde de Slam 2025, le Mexique confirme sa position de carrefour culturel en Am\u00e9rique latine.<\/p>\n<p><strong>Mohamed Cinq Sylla<\/strong><\/p>\n","protected":false},"excerpt":{"rendered":"<p>La Coupe du Monde de Slam, \u00e9v\u00e9nement itin\u00e9rant c\u00e9l\u00e9brant l&rsquo;art po\u00e9tique, continue de tracer sa route et de f\u00e9d\u00e9rer les amateurs de vers engag\u00e9s \u00e0 travers le globe. Apr\u00e8s une troisi\u00e8me \u00e9dition riche en \u00e9motions organis\u00e9e au Togo en 2024, c\u2019est au Mexique que se d\u00e9roulera la prochaine \u00e9dition en 2025. L\u2019annonce officielle a \u00e9t\u00e9 [&hellip;]<\/p>\n","protected":false},"author":2,"featured_media":9931,"comment_status":"closed","ping_status":"closed","sticky":false,"template":"","format":"standard","meta":{"_mi_skip_tracking":false,"_monsterinsights_sitenote_active":false,"_monsterinsights_sitenote_note":"","_monsterinsights_sitenote_category":0,"footnotes":""},"categories":[21,33,2386],"tags":[3406,3407],"class_list":["post-9930","post","type-post","status-publish","format-standard","has-post-thumbnail","hentry","category-actualite","category-agenda","category-slam","tag-coupe-du-monde-de-slam","tag-mexique"],"yoast_head":"<!-- This site is optimized with the Yoast SEO Premium plugin v20.1 (Yoast SEO v24.0) - https:\/\/yoast.com\/wordpress\/plugins\/seo\/ -->\n<title>Le Mexique accueillera la Coupe du Monde de Slam 2025 ! - Culturbaine<\/title>\n<meta name=\"robots\" content=\"index, follow, max-snippet:-1, max-image-preview:large, max-video-preview:-1\" \/>\n<link rel=\"canonical\" href=\"https:\/\/culturbaine.com\/index.php\/2024\/11\/18\/le-mexique-accueillera-la-coupe-du-monde-de-slam-2025\/\" \/>\n<meta property=\"og:locale\" content=\"fr_FR\" \/>\n<meta property=\"og:type\" content=\"article\" \/>\n<meta property=\"og:title\" content=\"Le Mexique accueillera la Coupe du Monde de Slam 2025 !\" \/>\n<meta property=\"og:description\" content=\"La Coupe du Monde de Slam, \u00e9v\u00e9nement itin\u00e9rant c\u00e9l\u00e9brant l&rsquo;art po\u00e9tique, continue de tracer sa route et de f\u00e9d\u00e9rer les amateurs de vers engag\u00e9s \u00e0 travers le globe. Apr\u00e8s une troisi\u00e8me \u00e9dition riche en \u00e9motions organis\u00e9e au Togo en 2024, c\u2019est au Mexique que se d\u00e9roulera la prochaine \u00e9dition en 2025. L\u2019annonce officielle a \u00e9t\u00e9 [&hellip;]\" \/>\n<meta property=\"og:url\" content=\"https:\/\/culturbaine.com\/index.php\/2024\/11\/18\/le-mexique-accueillera-la-coupe-du-monde-de-slam-2025\/\" \/>\n<meta property=\"og:site_name\" content=\"Culturbaine\" \/>\n<meta property=\"article:publisher\" content=\"https:\/\/www.facebook.com\/Culturbaines\" \/>\n<meta property=\"article:published_time\" content=\"2024-11-18T08:00:46+00:00\" \/>\n<meta property=\"article:modified_time\" content=\"2024-11-18T07:58:07+00:00\" \/>\n<meta property=\"og:image\" content=\"https:\/\/culturbaine.com\/wp-content\/uploads\/2024\/11\/1731916092807.jpg\" \/>\n\t<meta property=\"og:image:width\" content=\"720\" \/>\n\t<meta property=\"og:image:height\" content=\"480\" \/>\n\t<meta property=\"og:image:type\" content=\"image\/jpeg\" \/>\n<meta name=\"author\" content=\"admin1\" \/>\n<meta name=\"twitter:card\" content=\"summary_large_image\" \/>\n<meta name=\"twitter:creator\" content=\"@culturbaines\" \/>\n<meta name=\"twitter:site\" content=\"@culturbaines\" \/>\n<meta name=\"twitter:label1\" content=\"\u00c9crit par\" \/>\n\t<meta name=\"twitter:data1\" content=\"admin1\" \/>\n\t<meta name=\"twitter:label2\" content=\"Dur\u00e9e de lecture estim\u00e9e\" \/>\n\t<meta name=\"twitter:data2\" content=\"2 minutes\" \/>\n<script type=\"application\/ld+json\" class=\"yoast-schema-graph\">{\"@context\":\"https:\/\/schema.org\",\"@graph\":[{\"@type\":\"Article\",\"@id\":\"https:\/\/culturbaine.com\/index.php\/2024\/11\/18\/le-mexique-accueillera-la-coupe-du-monde-de-slam-2025\/#article\",\"isPartOf\":{\"@id\":\"https:\/\/culturbaine.com\/index.php\/2024\/11\/18\/le-mexique-accueillera-la-coupe-du-monde-de-slam-2025\/\"},\"author\":{\"name\":\"admin1\",\"@id\":\"https:\/\/culturbaine.com\/#\/schema\/person\/42eb7485c572e0746c1ea6b8216c3814\"},\"headline\":\"Le Mexique accueillera la Coupe du Monde de Slam 2025 !\",\"datePublished\":\"2024-11-18T08:00:46+00:00\",\"dateModified\":\"2024-11-18T07:58:07+00:00\",\"mainEntityOfPage\":{\"@id\":\"https:\/\/culturbaine.com\/index.php\/2024\/11\/18\/le-mexique-accueillera-la-coupe-du-monde-de-slam-2025\/\"},\"wordCount\":241,\"publisher\":{\"@id\":\"https:\/\/culturbaine.com\/#organization\"},\"image\":{\"@id\":\"https:\/\/culturbaine.com\/index.php\/2024\/11\/18\/le-mexique-accueillera-la-coupe-du-monde-de-slam-2025\/#primaryimage\"},\"thumbnailUrl\":\"https:\/\/culturbaine.com\/wp-content\/uploads\/2024\/11\/1731916092807.jpg\",\"keywords\":[\"Coupe du monde de slam\",\"Mexique\"],\"articleSection\":[\"Actualit\u00e9\",\"Agenda\",\"Slam\"],\"inLanguage\":\"fr-FR\"},{\"@type\":\"WebPage\",\"@id\":\"https:\/\/culturbaine.com\/index.php\/2024\/11\/18\/le-mexique-accueillera-la-coupe-du-monde-de-slam-2025\/\",\"url\":\"https:\/\/culturbaine.com\/index.php\/2024\/11\/18\/le-mexique-accueillera-la-coupe-du-monde-de-slam-2025\/\",\"name\":\"Le Mexique accueillera la Coupe du Monde de Slam 2025 ! - Culturbaine\",\"isPartOf\":{\"@id\":\"https:\/\/culturbaine.com\/#website\"},\"primaryImageOfPage\":{\"@id\":\"https:\/\/culturbaine.com\/index.php\/2024\/11\/18\/le-mexique-accueillera-la-coupe-du-monde-de-slam-2025\/#primaryimage\"},\"image\":{\"@id\":\"https:\/\/culturbaine.com\/index.php\/2024\/11\/18\/le-mexique-accueillera-la-coupe-du-monde-de-slam-2025\/#primaryimage\"},\"thumbnailUrl\":\"https:\/\/culturbaine.com\/wp-content\/uploads\/2024\/11\/1731916092807.jpg\",\"datePublished\":\"2024-11-18T08:00:46+00:00\",\"dateModified\":\"2024-11-18T07:58:07+00:00\",\"breadcrumb\":{\"@id\":\"https:\/\/culturbaine.com\/index.php\/2024\/11\/18\/le-mexique-accueillera-la-coupe-du-monde-de-slam-2025\/#breadcrumb\"},\"inLanguage\":\"fr-FR\",\"potentialAction\":[{\"@type\":\"ReadAction\",\"target\":[\"https:\/\/culturbaine.com\/index.php\/2024\/11\/18\/le-mexique-accueillera-la-coupe-du-monde-de-slam-2025\/\"]}]},{\"@type\":\"ImageObject\",\"inLanguage\":\"fr-FR\",\"@id\":\"https:\/\/culturbaine.com\/index.php\/2024\/11\/18\/le-mexique-accueillera-la-coupe-du-monde-de-slam-2025\/#primaryimage\",\"url\":\"https:\/\/culturbaine.com\/wp-content\/uploads\/2024\/11\/1731916092807.jpg\",\"contentUrl\":\"https:\/\/culturbaine.com\/wp-content\/uploads\/2024\/11\/1731916092807.jpg\",\"width\":720,\"height\":480},{\"@type\":\"BreadcrumbList\",\"@id\":\"https:\/\/culturbaine.com\/index.php\/2024\/11\/18\/le-mexique-accueillera-la-coupe-du-monde-de-slam-2025\/#breadcrumb\",\"itemListElement\":[{\"@type\":\"ListItem\",\"position\":1,\"name\":\"Home\",\"item\":\"https:\/\/culturbaine.com\/\"},{\"@type\":\"ListItem\",\"position\":2,\"name\":\"Le Mexique accueillera la Coupe du Monde de Slam 2025 !\"}]},{\"@type\":\"WebSite\",\"@id\":\"https:\/\/culturbaine.com\/#website\",\"url\":\"https:\/\/culturbaine.com\/\",\"name\":\"Culturbaine.com\",\"description\":\"Toute l&#039;actualit\u00e9 des Cultures Urbaines, en un clic  !\",\"publisher\":{\"@id\":\"https:\/\/culturbaine.com\/#organization\"},\"potentialAction\":[{\"@type\":\"SearchAction\",\"target\":{\"@type\":\"EntryPoint\",\"urlTemplate\":\"https:\/\/culturbaine.com\/?s={search_term_string}\"},\"query-input\":{\"@type\":\"PropertyValueSpecification\",\"valueRequired\":true,\"valueName\":\"search_term_string\"}}],\"inLanguage\":\"fr-FR\"},{\"@type\":\"Organization\",\"@id\":\"https:\/\/culturbaine.com\/#organization\",\"name\":\"Culturbaine.com\",\"url\":\"https:\/\/culturbaine.com\/\",\"logo\":{\"@type\":\"ImageObject\",\"inLanguage\":\"fr-FR\",\"@id\":\"https:\/\/culturbaine.com\/#\/schema\/logo\/image\/\",\"url\":\"https:\/\/culturbaine.com\/wp-content\/uploads\/2023\/07\/WhatsApp-Image-2023-07-17-at-14.38.18.jpeg\",\"contentUrl\":\"https:\/\/culturbaine.com\/wp-content\/uploads\/2023\/07\/WhatsApp-Image-2023-07-17-at-14.38.18.jpeg\",\"width\":855,\"height\":270,\"caption\":\"Culturbaine.com\"},\"image\":{\"@id\":\"https:\/\/culturbaine.com\/#\/schema\/logo\/image\/\"},\"sameAs\":[\"https:\/\/www.facebook.com\/Culturbaines\",\"https:\/\/x.com\/culturbaines\"]},{\"@type\":\"Person\",\"@id\":\"https:\/\/culturbaine.com\/#\/schema\/person\/42eb7485c572e0746c1ea6b8216c3814\",\"name\":\"admin1\",\"image\":{\"@type\":\"ImageObject\",\"inLanguage\":\"fr-FR\",\"@id\":\"https:\/\/culturbaine.com\/#\/schema\/person\/image\/\",\"url\":\"https:\/\/secure.gravatar.com\/avatar\/c268f4d483ce0486e5a10fee87bbf756?s=96&d=mm&r=g\",\"contentUrl\":\"https:\/\/secure.gravatar.com\/avatar\/c268f4d483ce0486e5a10fee87bbf756?s=96&d=mm&r=g\",\"caption\":\"admin1\"},\"url\":\"https:\/\/culturbaine.com\/index.php\/author\/admin1\/\"}]}<\/script>\n<!-- \/ Yoast SEO Premium plugin. -->","yoast_head_json":{"title":"Le Mexique accueillera la Coupe du Monde de Slam 2025 ! - Culturbaine","robots":{"index":"index","follow":"follow","max-snippet":"max-snippet:-1","max-image-preview":"max-image-preview:large","max-video-preview":"max-video-preview:-1"},"canonical":"https:\/\/culturbaine.com\/index.php\/2024\/11\/18\/le-mexique-accueillera-la-coupe-du-monde-de-slam-2025\/","og_locale":"fr_FR","og_type":"article","og_title":"Le Mexique accueillera la Coupe du Monde de Slam 2025 !","og_description":"La Coupe du Monde de Slam, \u00e9v\u00e9nement itin\u00e9rant c\u00e9l\u00e9brant l&rsquo;art po\u00e9tique, continue de tracer sa route et de f\u00e9d\u00e9rer les amateurs de vers engag\u00e9s \u00e0 travers le globe. Apr\u00e8s une troisi\u00e8me \u00e9dition riche en \u00e9motions organis\u00e9e au Togo en 2024, c\u2019est au Mexique que se d\u00e9roulera la prochaine \u00e9dition en 2025. L\u2019annonce officielle a \u00e9t\u00e9 [&hellip;]","og_url":"https:\/\/culturbaine.com\/index.php\/2024\/11\/18\/le-mexique-accueillera-la-coupe-du-monde-de-slam-2025\/","og_site_name":"Culturbaine","article_publisher":"https:\/\/www.facebook.com\/Culturbaines","article_published_time":"2024-11-18T08:00:46+00:00","article_modified_time":"2024-11-18T07:58:07+00:00","og_image":[{"width":720,"height":480,"url":"https:\/\/culturbaine.com\/wp-content\/uploads\/2024\/11\/1731916092807.jpg","type":"image\/jpeg"}],"author":"admin1","twitter_card":"summary_large_image","twitter_creator":"@culturbaines","twitter_site":"@culturbaines","twitter_misc":{"\u00c9crit par":"admin1","Dur\u00e9e de lecture estim\u00e9e":"2 minutes"},"schema":{"@context":"https:\/\/schema.org","@graph":[{"@type":"Article","@id":"https:\/\/culturbaine.com\/index.php\/2024\/11\/18\/le-mexique-accueillera-la-coupe-du-monde-de-slam-2025\/#article","isPartOf":{"@id":"https:\/\/culturbaine.com\/index.php\/2024\/11\/18\/le-mexique-accueillera-la-coupe-du-monde-de-slam-2025\/"},"author":{"name":"admin1","@id":"https:\/\/culturbaine.com\/#\/schema\/person\/42eb7485c572e0746c1ea6b8216c3814"},"headline":"Le Mexique accueillera la Coupe du Monde de Slam 2025 !","datePublished":"2024-11-18T08:00:46+00:00","dateModified":"2024-11-18T07:58:07+00:00","mainEntityOfPage":{"@id":"https:\/\/culturbaine.com\/index.php\/2024\/11\/18\/le-mexique-accueillera-la-coupe-du-monde-de-slam-2025\/"},"wordCount":241,"publisher":{"@id":"https:\/\/culturbaine.com\/#organization"},"image":{"@id":"https:\/\/culturbaine.com\/index.php\/2024\/11\/18\/le-mexique-accueillera-la-coupe-du-monde-de-slam-2025\/#primaryimage"},"thumbnailUrl":"https:\/\/culturbaine.com\/wp-content\/uploads\/2024\/11\/1731916092807.jpg","keywords":["Coupe du monde de slam","Mexique"],"articleSection":["Actualit\u00e9","Agenda","Slam"],"inLanguage":"fr-FR"},{"@type":"WebPage","@id":"https:\/\/culturbaine.com\/index.php\/2024\/11\/18\/le-mexique-accueillera-la-coupe-du-monde-de-slam-2025\/","url":"https:\/\/culturbaine.com\/index.php\/2024\/11\/18\/le-mexique-accueillera-la-coupe-du-monde-de-slam-2025\/","name":"Le Mexique accueillera la Coupe du Monde de Slam 2025 ! - Culturbaine","isPartOf":{"@id":"https:\/\/culturbaine.com\/#website"},"primaryImageOfPage":{"@id":"https:\/\/culturbaine.com\/index.php\/2024\/11\/18\/le-mexique-accueillera-la-coupe-du-monde-de-slam-2025\/#primaryimage"},"image":{"@id":"https:\/\/culturbaine.com\/index.php\/2024\/11\/18\/le-mexique-accueillera-la-coupe-du-monde-de-slam-2025\/#primaryimage"},"thumbnailUrl":"https:\/\/culturbaine.com\/wp-content\/uploads\/2024\/11\/1731916092807.jpg","datePublished":"2024-11-18T08:00:46+00:00","dateModified":"2024-11-18T07:58:07+00:00","breadcrumb":{"@id":"https:\/\/culturbaine.com\/index.php\/2024\/11\/18\/le-mexique-accueillera-la-coupe-du-monde-de-slam-2025\/#breadcrumb"},"inLanguage":"fr-FR","potentialAction":[{"@type":"ReadAction","target":["https:\/\/culturbaine.com\/index.php\/2024\/11\/18\/le-mexique-accueillera-la-coupe-du-monde-de-slam-2025\/"]}]},{"@type":"ImageObject","inLanguage":"fr-FR","@id":"https:\/\/culturbaine.com\/index.php\/2024\/11\/18\/le-mexique-accueillera-la-coupe-du-monde-de-slam-2025\/#primaryimage","url":"https:\/\/culturbaine.com\/wp-content\/uploads\/2024\/11\/1731916092807.jpg","contentUrl":"https:\/\/culturbaine.com\/wp-content\/uploads\/2024\/11\/1731916092807.jpg","width":720,"height":480},{"@type":"BreadcrumbList","@id":"https:\/\/culturbaine.com\/index.php\/2024\/11\/18\/le-mexique-accueillera-la-coupe-du-monde-de-slam-2025\/#breadcrumb","itemListElement":[{"@type":"ListItem","position":1,"name":"Home","item":"https:\/\/culturbaine.com\/"},{"@type":"ListItem","position":2,"name":"Le Mexique accueillera la Coupe du Monde de Slam 2025 !"}]},{"@type":"WebSite","@id":"https:\/\/culturbaine.com\/#website","url":"https:\/\/culturbaine.com\/","name":"Culturbaine.com","description":"Toute l&#039;actualit\u00e9 des Cultures Urbaines, en un clic  !","publisher":{"@id":"https:\/\/culturbaine.com\/#organization"},"potentialAction":[{"@type":"SearchAction","target":{"@type":"EntryPoint","urlTemplate":"https:\/\/culturbaine.com\/?s={search_term_string}"},"query-input":{"@type":"PropertyValueSpecification","valueRequired":true,"valueName":"search_term_string"}}],"inLanguage":"fr-FR"},{"@type":"Organization","@id":"https:\/\/culturbaine.com\/#organization","name":"Culturbaine.com","url":"https:\/\/culturbaine.com\/","logo":{"@type":"ImageObject","inLanguage":"fr-FR","@id":"https:\/\/culturbaine.com\/#\/schema\/logo\/image\/","url":"https:\/\/culturbaine.com\/wp-content\/uploads\/2023\/07\/WhatsApp-Image-2023-07-17-at-14.38.18.jpeg","contentUrl":"https:\/\/culturbaine.com\/wp-content\/uploads\/2023\/07\/WhatsApp-Image-2023-07-17-at-14.38.18.jpeg","width":855,"height":270,"caption":"Culturbaine.com"},"image":{"@id":"https:\/\/culturbaine.com\/#\/schema\/logo\/image\/"},"sameAs":["https:\/\/www.facebook.com\/Culturbaines","https:\/\/x.com\/culturbaines"]},{"@type":"Person","@id":"https:\/\/culturbaine.com\/#\/schema\/person\/42eb7485c572e0746c1ea6b8216c3814","name":"admin1","image":{"@type":"ImageObject","inLanguage":"fr-FR","@id":"https:\/\/culturbaine.com\/#\/schema\/person\/image\/","url":"https:\/\/secure.gravatar.com\/avatar\/c268f4d483ce0486e5a10fee87bbf756?s=96&d=mm&r=g","contentUrl":"https:\/\/secure.gravatar.com\/avatar\/c268f4d483ce0486e5a10fee87bbf756?s=96&d=mm&r=g","caption":"admin1"},"url":"https:\/\/culturbaine.com\/index.php\/author\/admin1\/"}]}},"_links":{"self":[{"href":"https:\/\/culturbaine.com\/index.php\/wp-json\/wp\/v2\/posts\/9930"}],"collection":[{"href":"https:\/\/culturbaine.com\/index.php\/wp-json\/wp\/v2\/posts"}],"about":[{"href":"https:\/\/culturbaine.com\/index.php\/wp-json\/wp\/v2\/types\/post"}],"author":[{"embeddable":true,"href":"https:\/\/culturbaine.com\/index.php\/wp-json\/wp\/v2\/users\/2"}],"replies":[{"embeddable":true,"href":"https:\/\/culturbaine.com\/index.php\/wp-json\/wp\/v2\/comments?post=9930"}],"version-history":[{"count":0,"href":"https:\/\/culturbaine.com\/index.php\/wp-json\/wp\/v2\/posts\/9930\/revisions"}],"wp:featuredmedia":[{"embeddable":true,"href":"https:\/\/culturbaine.com\/index.php\/wp-json\/wp\/v2\/media\/9931"}],"wp:attachment":[{"href":"https:\/\/culturbaine.com\/index.php\/wp-json\/wp\/v2\/media?parent=9930"}],"wp:term":[{"taxonomy":"category","embeddable":true,"href":"https:\/\/culturbaine.com\/index.php\/wp-json\/wp\/v2\/categories?post=9930"},{"taxonomy":"post_tag","embeddable":true,"href":"https:\/\/culturbaine.com\/index.php\/wp-json\/wp\/v2\/tags?post=9930"}],"curies":[{"name":"wp","href":"https:\/\/api.w.org\/{rel}","templated":true}]}}