{"id":9801,"date":"2024-11-11T08:00:47","date_gmt":"2024-11-11T08:00:47","guid":{"rendered":"https:\/\/culturbaine.com\/?p=9801"},"modified":"2024-11-11T06:42:00","modified_gmt":"2024-11-11T06:42:00","slug":"primud-2024-decouvrez-les-laureats-de-la-ceremonie","status":"publish","type":"post","link":"https:\/\/culturbaine.com\/index.php\/2024\/11\/11\/primud-2024-decouvrez-les-laureats-de-la-ceremonie\/","title":{"rendered":"PRIMUD 2024 : D\u00e9couvrez les Laur\u00e9ats de la C\u00e9r\u00e9monie !"},"content":{"rendered":"<p>Chaque ann\u00e9e, le <strong>PRIMUD<\/strong> (<strong>Prix des Musiques Urbaines<\/strong>) organis\u00e9 par <strong>MGroup<\/strong> distingue les artistes qui marquent la sc\u00e8ne musicale avec leurs \u0153uvres. Ce dimanche 10 novembre, le parc des expositions d\u2019Abidjan a accueilli cette grande c\u00e9r\u00e9monie, rassemblant les talents et r\u00e9compensant les acteurs de la musique urbaine africaine.<\/p>\n<p>Le prestigieux <strong>PRIMUD d\u2019or<\/strong> a \u00e9t\u00e9 d\u00e9cern\u00e9 cette ann\u00e9e \u00e0 <strong>Roseline Layo,<\/strong> couronnant ainsi une saison riche pour l\u2019artiste. Parmi les autres laur\u00e9ats, Didi B a remport\u00e9 le prix du <strong>Meilleur Artiste Rap Francophone<\/strong>, tandis que <strong>Himra<\/strong> s\u2019est vu attribuer celui de Meilleur<strong> Artiste Rap Ivoire.<\/strong> Le <strong>Hit de l\u2019Ann\u00e9e<\/strong> est all\u00e9 au titre Coup du Marteau de <strong>Tamsir<\/strong>, tandis que <strong>Dre-A<\/strong> a \u00e9t\u00e9 nomm\u00e9 <strong>\u00c9toile Montante du Rap Ivoire<\/strong>. <strong>DJ Vogis<\/strong>, quant \u00e0 lui, a d\u00e9croch\u00e9 le prix du <strong>Meilleur DJ Platine<\/strong>. Enfin, Tamsir et la <strong>Team Paiya<\/strong> ont remport\u00e9 le prix du <strong>Meilleur Feat Urbain<\/strong>.<\/p>\n<p>Au-del\u00e0 des distinctions, la c\u00e9r\u00e9monie a \u00e9galement \u00e9t\u00e9 rythm\u00e9e par des prestations artistiques m\u00e9morables, avec des performances de <strong>KS Bloom, D\u00e9bordo Leekunfa, Roseline Layo, et Ayanne Queen,<\/strong> entre autres.<\/p>\n<p>F\u00e9licitations aux laur\u00e9ats de cette \u00e9dition, qui continue de c\u00e9l\u00e9brer et de promouvoir les talents de la musique urbaine !<\/p>\n<p><strong>Mohamed Cinq Sylla<\/strong><\/p>\n","protected":false},"excerpt":{"rendered":"<p>Chaque ann\u00e9e, le PRIMUD (Prix des Musiques Urbaines) organis\u00e9 par MGroup distingue les artistes qui marquent la sc\u00e8ne musicale avec leurs \u0153uvres. Ce dimanche 10 novembre, le parc des expositions d\u2019Abidjan a accueilli cette grande c\u00e9r\u00e9monie, rassemblant les talents et r\u00e9compensant les acteurs de la musique urbaine africaine. Le prestigieux PRIMUD d\u2019or a \u00e9t\u00e9 d\u00e9cern\u00e9 [&hellip;]<\/p>\n","protected":false},"author":2,"featured_media":9802,"comment_status":"closed","ping_status":"closed","sticky":false,"template":"","format":"standard","meta":{"_mi_skip_tracking":false,"_monsterinsights_sitenote_active":false,"_monsterinsights_sitenote_note":"","_monsterinsights_sitenote_category":0,"footnotes":""},"categories":[21,512],"tags":[84,786,1022,3373],"class_list":["post-9801","post","type-post","status-publish","format-standard","has-post-thumbnail","hentry","category-actualite","category-rap","tag-didi-b","tag-dre-a","tag-himra","tag-primud-2024"],"yoast_head":"<!-- This site is optimized with the Yoast SEO Premium plugin v20.1 (Yoast SEO v24.0) - https:\/\/yoast.com\/wordpress\/plugins\/seo\/ -->\n<title>PRIMUD 2024 : D\u00e9couvrez les Laur\u00e9ats de la C\u00e9r\u00e9monie ! - Culturbaine<\/title>\n<meta name=\"robots\" content=\"index, follow, max-snippet:-1, max-image-preview:large, max-video-preview:-1\" \/>\n<link rel=\"canonical\" href=\"https:\/\/culturbaine.com\/index.php\/2024\/11\/11\/primud-2024-decouvrez-les-laureats-de-la-ceremonie\/\" \/>\n<meta property=\"og:locale\" content=\"fr_FR\" \/>\n<meta property=\"og:type\" content=\"article\" \/>\n<meta property=\"og:title\" content=\"PRIMUD 2024 : D\u00e9couvrez les Laur\u00e9ats de la C\u00e9r\u00e9monie !\" \/>\n<meta property=\"og:description\" content=\"Chaque ann\u00e9e, le PRIMUD (Prix des Musiques Urbaines) organis\u00e9 par MGroup distingue les artistes qui marquent la sc\u00e8ne musicale avec leurs \u0153uvres. Ce dimanche 10 novembre, le parc des expositions d\u2019Abidjan a accueilli cette grande c\u00e9r\u00e9monie, rassemblant les talents et r\u00e9compensant les acteurs de la musique urbaine africaine. Le prestigieux PRIMUD d\u2019or a \u00e9t\u00e9 d\u00e9cern\u00e9 [&hellip;]\" \/>\n<meta property=\"og:url\" content=\"https:\/\/culturbaine.com\/index.php\/2024\/11\/11\/primud-2024-decouvrez-les-laureats-de-la-ceremonie\/\" \/>\n<meta property=\"og:site_name\" content=\"Culturbaine\" \/>\n<meta property=\"article:publisher\" content=\"https:\/\/www.facebook.com\/Culturbaines\" \/>\n<meta property=\"article:published_time\" content=\"2024-11-11T08:00:47+00:00\" \/>\n<meta property=\"article:modified_time\" content=\"2024-11-11T06:42:00+00:00\" \/>\n<meta property=\"og:image\" content=\"https:\/\/culturbaine.com\/wp-content\/uploads\/2024\/11\/17313058117902.jpg\" \/>\n\t<meta property=\"og:image:width\" content=\"683\" \/>\n\t<meta property=\"og:image:height\" content=\"411\" \/>\n\t<meta property=\"og:image:type\" content=\"image\/jpeg\" \/>\n<meta name=\"author\" content=\"admin1\" \/>\n<meta name=\"twitter:card\" content=\"summary_large_image\" \/>\n<meta name=\"twitter:creator\" content=\"@culturbaines\" \/>\n<meta name=\"twitter:site\" content=\"@culturbaines\" \/>\n<meta name=\"twitter:label1\" content=\"\u00c9crit par\" \/>\n\t<meta name=\"twitter:data1\" content=\"admin1\" \/>\n\t<meta name=\"twitter:label2\" content=\"Dur\u00e9e de lecture estim\u00e9e\" \/>\n\t<meta name=\"twitter:data2\" content=\"2 minutes\" \/>\n<script type=\"application\/ld+json\" class=\"yoast-schema-graph\">{\"@context\":\"https:\/\/schema.org\",\"@graph\":[{\"@type\":\"Article\",\"@id\":\"https:\/\/culturbaine.com\/index.php\/2024\/11\/11\/primud-2024-decouvrez-les-laureats-de-la-ceremonie\/#article\",\"isPartOf\":{\"@id\":\"https:\/\/culturbaine.com\/index.php\/2024\/11\/11\/primud-2024-decouvrez-les-laureats-de-la-ceremonie\/\"},\"author\":{\"name\":\"admin1\",\"@id\":\"https:\/\/culturbaine.com\/#\/schema\/person\/42eb7485c572e0746c1ea6b8216c3814\"},\"headline\":\"PRIMUD 2024 : D\u00e9couvrez les Laur\u00e9ats de la C\u00e9r\u00e9monie !\",\"datePublished\":\"2024-11-11T08:00:47+00:00\",\"dateModified\":\"2024-11-11T06:42:00+00:00\",\"mainEntityOfPage\":{\"@id\":\"https:\/\/culturbaine.com\/index.php\/2024\/11\/11\/primud-2024-decouvrez-les-laureats-de-la-ceremonie\/\"},\"wordCount\":228,\"publisher\":{\"@id\":\"https:\/\/culturbaine.com\/#organization\"},\"image\":{\"@id\":\"https:\/\/culturbaine.com\/index.php\/2024\/11\/11\/primud-2024-decouvrez-les-laureats-de-la-ceremonie\/#primaryimage\"},\"thumbnailUrl\":\"https:\/\/culturbaine.com\/wp-content\/uploads\/2024\/11\/17313058117902.jpg\",\"keywords\":[\"Didi B\",\"Dre-A\",\"Himra\",\"PRIMUD 2024\"],\"articleSection\":[\"Actualit\u00e9\",\"Rap\"],\"inLanguage\":\"fr-FR\"},{\"@type\":\"WebPage\",\"@id\":\"https:\/\/culturbaine.com\/index.php\/2024\/11\/11\/primud-2024-decouvrez-les-laureats-de-la-ceremonie\/\",\"url\":\"https:\/\/culturbaine.com\/index.php\/2024\/11\/11\/primud-2024-decouvrez-les-laureats-de-la-ceremonie\/\",\"name\":\"PRIMUD 2024 : D\u00e9couvrez les Laur\u00e9ats de la C\u00e9r\u00e9monie ! - Culturbaine\",\"isPartOf\":{\"@id\":\"https:\/\/culturbaine.com\/#website\"},\"primaryImageOfPage\":{\"@id\":\"https:\/\/culturbaine.com\/index.php\/2024\/11\/11\/primud-2024-decouvrez-les-laureats-de-la-ceremonie\/#primaryimage\"},\"image\":{\"@id\":\"https:\/\/culturbaine.com\/index.php\/2024\/11\/11\/primud-2024-decouvrez-les-laureats-de-la-ceremonie\/#primaryimage\"},\"thumbnailUrl\":\"https:\/\/culturbaine.com\/wp-content\/uploads\/2024\/11\/17313058117902.jpg\",\"datePublished\":\"2024-11-11T08:00:47+00:00\",\"dateModified\":\"2024-11-11T06:42:00+00:00\",\"breadcrumb\":{\"@id\":\"https:\/\/culturbaine.com\/index.php\/2024\/11\/11\/primud-2024-decouvrez-les-laureats-de-la-ceremonie\/#breadcrumb\"},\"inLanguage\":\"fr-FR\",\"potentialAction\":[{\"@type\":\"ReadAction\",\"target\":[\"https:\/\/culturbaine.com\/index.php\/2024\/11\/11\/primud-2024-decouvrez-les-laureats-de-la-ceremonie\/\"]}]},{\"@type\":\"ImageObject\",\"inLanguage\":\"fr-FR\",\"@id\":\"https:\/\/culturbaine.com\/index.php\/2024\/11\/11\/primud-2024-decouvrez-les-laureats-de-la-ceremonie\/#primaryimage\",\"url\":\"https:\/\/culturbaine.com\/wp-content\/uploads\/2024\/11\/17313058117902.jpg\",\"contentUrl\":\"https:\/\/culturbaine.com\/wp-content\/uploads\/2024\/11\/17313058117902.jpg\",\"width\":683,\"height\":411},{\"@type\":\"BreadcrumbList\",\"@id\":\"https:\/\/culturbaine.com\/index.php\/2024\/11\/11\/primud-2024-decouvrez-les-laureats-de-la-ceremonie\/#breadcrumb\",\"itemListElement\":[{\"@type\":\"ListItem\",\"position\":1,\"name\":\"Home\",\"item\":\"https:\/\/culturbaine.com\/\"},{\"@type\":\"ListItem\",\"position\":2,\"name\":\"PRIMUD 2024 : D\u00e9couvrez les Laur\u00e9ats de la C\u00e9r\u00e9monie !\"}]},{\"@type\":\"WebSite\",\"@id\":\"https:\/\/culturbaine.com\/#website\",\"url\":\"https:\/\/culturbaine.com\/\",\"name\":\"Culturbaine.com\",\"description\":\"Toute l&#039;actualit\u00e9 des Cultures Urbaines, en un clic  !\",\"publisher\":{\"@id\":\"https:\/\/culturbaine.com\/#organization\"},\"potentialAction\":[{\"@type\":\"SearchAction\",\"target\":{\"@type\":\"EntryPoint\",\"urlTemplate\":\"https:\/\/culturbaine.com\/?s={search_term_string}\"},\"query-input\":{\"@type\":\"PropertyValueSpecification\",\"valueRequired\":true,\"valueName\":\"search_term_string\"}}],\"inLanguage\":\"fr-FR\"},{\"@type\":\"Organization\",\"@id\":\"https:\/\/culturbaine.com\/#organization\",\"name\":\"Culturbaine.com\",\"url\":\"https:\/\/culturbaine.com\/\",\"logo\":{\"@type\":\"ImageObject\",\"inLanguage\":\"fr-FR\",\"@id\":\"https:\/\/culturbaine.com\/#\/schema\/logo\/image\/\",\"url\":\"https:\/\/culturbaine.com\/wp-content\/uploads\/2023\/07\/WhatsApp-Image-2023-07-17-at-14.38.18.jpeg\",\"contentUrl\":\"https:\/\/culturbaine.com\/wp-content\/uploads\/2023\/07\/WhatsApp-Image-2023-07-17-at-14.38.18.jpeg\",\"width\":855,\"height\":270,\"caption\":\"Culturbaine.com\"},\"image\":{\"@id\":\"https:\/\/culturbaine.com\/#\/schema\/logo\/image\/\"},\"sameAs\":[\"https:\/\/www.facebook.com\/Culturbaines\",\"https:\/\/x.com\/culturbaines\"]},{\"@type\":\"Person\",\"@id\":\"https:\/\/culturbaine.com\/#\/schema\/person\/42eb7485c572e0746c1ea6b8216c3814\",\"name\":\"admin1\",\"image\":{\"@type\":\"ImageObject\",\"inLanguage\":\"fr-FR\",\"@id\":\"https:\/\/culturbaine.com\/#\/schema\/person\/image\/\",\"url\":\"https:\/\/secure.gravatar.com\/avatar\/c268f4d483ce0486e5a10fee87bbf756?s=96&d=mm&r=g\",\"contentUrl\":\"https:\/\/secure.gravatar.com\/avatar\/c268f4d483ce0486e5a10fee87bbf756?s=96&d=mm&r=g\",\"caption\":\"admin1\"},\"url\":\"https:\/\/culturbaine.com\/index.php\/author\/admin1\/\"}]}<\/script>\n<!-- \/ Yoast SEO Premium plugin. -->","yoast_head_json":{"title":"PRIMUD 2024 : D\u00e9couvrez les Laur\u00e9ats de la C\u00e9r\u00e9monie ! - Culturbaine","robots":{"index":"index","follow":"follow","max-snippet":"max-snippet:-1","max-image-preview":"max-image-preview:large","max-video-preview":"max-video-preview:-1"},"canonical":"https:\/\/culturbaine.com\/index.php\/2024\/11\/11\/primud-2024-decouvrez-les-laureats-de-la-ceremonie\/","og_locale":"fr_FR","og_type":"article","og_title":"PRIMUD 2024 : D\u00e9couvrez les Laur\u00e9ats de la C\u00e9r\u00e9monie !","og_description":"Chaque ann\u00e9e, le PRIMUD (Prix des Musiques Urbaines) organis\u00e9 par MGroup distingue les artistes qui marquent la sc\u00e8ne musicale avec leurs \u0153uvres. Ce dimanche 10 novembre, le parc des expositions d\u2019Abidjan a accueilli cette grande c\u00e9r\u00e9monie, rassemblant les talents et r\u00e9compensant les acteurs de la musique urbaine africaine. Le prestigieux PRIMUD d\u2019or a \u00e9t\u00e9 d\u00e9cern\u00e9 [&hellip;]","og_url":"https:\/\/culturbaine.com\/index.php\/2024\/11\/11\/primud-2024-decouvrez-les-laureats-de-la-ceremonie\/","og_site_name":"Culturbaine","article_publisher":"https:\/\/www.facebook.com\/Culturbaines","article_published_time":"2024-11-11T08:00:47+00:00","article_modified_time":"2024-11-11T06:42:00+00:00","og_image":[{"width":683,"height":411,"url":"https:\/\/culturbaine.com\/wp-content\/uploads\/2024\/11\/17313058117902.jpg","type":"image\/jpeg"}],"author":"admin1","twitter_card":"summary_large_image","twitter_creator":"@culturbaines","twitter_site":"@culturbaines","twitter_misc":{"\u00c9crit par":"admin1","Dur\u00e9e de lecture estim\u00e9e":"2 minutes"},"schema":{"@context":"https:\/\/schema.org","@graph":[{"@type":"Article","@id":"https:\/\/culturbaine.com\/index.php\/2024\/11\/11\/primud-2024-decouvrez-les-laureats-de-la-ceremonie\/#article","isPartOf":{"@id":"https:\/\/culturbaine.com\/index.php\/2024\/11\/11\/primud-2024-decouvrez-les-laureats-de-la-ceremonie\/"},"author":{"name":"admin1","@id":"https:\/\/culturbaine.com\/#\/schema\/person\/42eb7485c572e0746c1ea6b8216c3814"},"headline":"PRIMUD 2024 : D\u00e9couvrez les Laur\u00e9ats de la C\u00e9r\u00e9monie !","datePublished":"2024-11-11T08:00:47+00:00","dateModified":"2024-11-11T06:42:00+00:00","mainEntityOfPage":{"@id":"https:\/\/culturbaine.com\/index.php\/2024\/11\/11\/primud-2024-decouvrez-les-laureats-de-la-ceremonie\/"},"wordCount":228,"publisher":{"@id":"https:\/\/culturbaine.com\/#organization"},"image":{"@id":"https:\/\/culturbaine.com\/index.php\/2024\/11\/11\/primud-2024-decouvrez-les-laureats-de-la-ceremonie\/#primaryimage"},"thumbnailUrl":"https:\/\/culturbaine.com\/wp-content\/uploads\/2024\/11\/17313058117902.jpg","keywords":["Didi B","Dre-A","Himra","PRIMUD 2024"],"articleSection":["Actualit\u00e9","Rap"],"inLanguage":"fr-FR"},{"@type":"WebPage","@id":"https:\/\/culturbaine.com\/index.php\/2024\/11\/11\/primud-2024-decouvrez-les-laureats-de-la-ceremonie\/","url":"https:\/\/culturbaine.com\/index.php\/2024\/11\/11\/primud-2024-decouvrez-les-laureats-de-la-ceremonie\/","name":"PRIMUD 2024 : D\u00e9couvrez les Laur\u00e9ats de la C\u00e9r\u00e9monie ! - Culturbaine","isPartOf":{"@id":"https:\/\/culturbaine.com\/#website"},"primaryImageOfPage":{"@id":"https:\/\/culturbaine.com\/index.php\/2024\/11\/11\/primud-2024-decouvrez-les-laureats-de-la-ceremonie\/#primaryimage"},"image":{"@id":"https:\/\/culturbaine.com\/index.php\/2024\/11\/11\/primud-2024-decouvrez-les-laureats-de-la-ceremonie\/#primaryimage"},"thumbnailUrl":"https:\/\/culturbaine.com\/wp-content\/uploads\/2024\/11\/17313058117902.jpg","datePublished":"2024-11-11T08:00:47+00:00","dateModified":"2024-11-11T06:42:00+00:00","breadcrumb":{"@id":"https:\/\/culturbaine.com\/index.php\/2024\/11\/11\/primud-2024-decouvrez-les-laureats-de-la-ceremonie\/#breadcrumb"},"inLanguage":"fr-FR","potentialAction":[{"@type":"ReadAction","target":["https:\/\/culturbaine.com\/index.php\/2024\/11\/11\/primud-2024-decouvrez-les-laureats-de-la-ceremonie\/"]}]},{"@type":"ImageObject","inLanguage":"fr-FR","@id":"https:\/\/culturbaine.com\/index.php\/2024\/11\/11\/primud-2024-decouvrez-les-laureats-de-la-ceremonie\/#primaryimage","url":"https:\/\/culturbaine.com\/wp-content\/uploads\/2024\/11\/17313058117902.jpg","contentUrl":"https:\/\/culturbaine.com\/wp-content\/uploads\/2024\/11\/17313058117902.jpg","width":683,"height":411},{"@type":"BreadcrumbList","@id":"https:\/\/culturbaine.com\/index.php\/2024\/11\/11\/primud-2024-decouvrez-les-laureats-de-la-ceremonie\/#breadcrumb","itemListElement":[{"@type":"ListItem","position":1,"name":"Home","item":"https:\/\/culturbaine.com\/"},{"@type":"ListItem","position":2,"name":"PRIMUD 2024 : D\u00e9couvrez les Laur\u00e9ats de la C\u00e9r\u00e9monie !"}]},{"@type":"WebSite","@id":"https:\/\/culturbaine.com\/#website","url":"https:\/\/culturbaine.com\/","name":"Culturbaine.com","description":"Toute l&#039;actualit\u00e9 des Cultures Urbaines, en un clic  !","publisher":{"@id":"https:\/\/culturbaine.com\/#organization"},"potentialAction":[{"@type":"SearchAction","target":{"@type":"EntryPoint","urlTemplate":"https:\/\/culturbaine.com\/?s={search_term_string}"},"query-input":{"@type":"PropertyValueSpecification","valueRequired":true,"valueName":"search_term_string"}}],"inLanguage":"fr-FR"},{"@type":"Organization","@id":"https:\/\/culturbaine.com\/#organization","name":"Culturbaine.com","url":"https:\/\/culturbaine.com\/","logo":{"@type":"ImageObject","inLanguage":"fr-FR","@id":"https:\/\/culturbaine.com\/#\/schema\/logo\/image\/","url":"https:\/\/culturbaine.com\/wp-content\/uploads\/2023\/07\/WhatsApp-Image-2023-07-17-at-14.38.18.jpeg","contentUrl":"https:\/\/culturbaine.com\/wp-content\/uploads\/2023\/07\/WhatsApp-Image-2023-07-17-at-14.38.18.jpeg","width":855,"height":270,"caption":"Culturbaine.com"},"image":{"@id":"https:\/\/culturbaine.com\/#\/schema\/logo\/image\/"},"sameAs":["https:\/\/www.facebook.com\/Culturbaines","https:\/\/x.com\/culturbaines"]},{"@type":"Person","@id":"https:\/\/culturbaine.com\/#\/schema\/person\/42eb7485c572e0746c1ea6b8216c3814","name":"admin1","image":{"@type":"ImageObject","inLanguage":"fr-FR","@id":"https:\/\/culturbaine.com\/#\/schema\/person\/image\/","url":"https:\/\/secure.gravatar.com\/avatar\/c268f4d483ce0486e5a10fee87bbf756?s=96&d=mm&r=g","contentUrl":"https:\/\/secure.gravatar.com\/avatar\/c268f4d483ce0486e5a10fee87bbf756?s=96&d=mm&r=g","caption":"admin1"},"url":"https:\/\/culturbaine.com\/index.php\/author\/admin1\/"}]}},"_links":{"self":[{"href":"https:\/\/culturbaine.com\/index.php\/wp-json\/wp\/v2\/posts\/9801"}],"collection":[{"href":"https:\/\/culturbaine.com\/index.php\/wp-json\/wp\/v2\/posts"}],"about":[{"href":"https:\/\/culturbaine.com\/index.php\/wp-json\/wp\/v2\/types\/post"}],"author":[{"embeddable":true,"href":"https:\/\/culturbaine.com\/index.php\/wp-json\/wp\/v2\/users\/2"}],"replies":[{"embeddable":true,"href":"https:\/\/culturbaine.com\/index.php\/wp-json\/wp\/v2\/comments?post=9801"}],"version-history":[{"count":0,"href":"https:\/\/culturbaine.com\/index.php\/wp-json\/wp\/v2\/posts\/9801\/revisions"}],"wp:featuredmedia":[{"embeddable":true,"href":"https:\/\/culturbaine.com\/index.php\/wp-json\/wp\/v2\/media\/9802"}],"wp:attachment":[{"href":"https:\/\/culturbaine.com\/index.php\/wp-json\/wp\/v2\/media?parent=9801"}],"wp:term":[{"taxonomy":"category","embeddable":true,"href":"https:\/\/culturbaine.com\/index.php\/wp-json\/wp\/v2\/categories?post=9801"},{"taxonomy":"post_tag","embeddable":true,"href":"https:\/\/culturbaine.com\/index.php\/wp-json\/wp\/v2\/tags?post=9801"}],"curies":[{"name":"wp","href":"https:\/\/api.w.org\/{rel}","templated":true}]}}