{"id":9683,"date":"2024-11-05T17:52:14","date_gmt":"2024-11-05T17:52:14","guid":{"rendered":"https:\/\/culturbaine.com\/?p=9683"},"modified":"2024-11-05T17:52:14","modified_gmt":"2024-11-05T17:52:14","slug":"queen-rima-senvole-pour-libreville-pour-defendre-les-couleurs-de-la-guinee-au-sica-2024","status":"publish","type":"post","link":"https:\/\/culturbaine.com\/index.php\/2024\/11\/05\/queen-rima-senvole-pour-libreville-pour-defendre-les-couleurs-de-la-guinee-au-sica-2024\/","title":{"rendered":"Queen Rima s&rsquo;envole pour Libreville pour d\u00e9fendre les couleurs de la Guin\u00e9e au SICA 2024"},"content":{"rendered":"<p>La chanteuse guin\u00e9enne de dancehall <strong>Queen Rima<\/strong>, connue pour ses titres embl\u00e9matiques comme <strong>Chocolat<\/strong>, fait partie des artistes nomin\u00e9s \u00e0 la 18e \u00e9dition du <strong>Festival des Stars de l&rsquo;Int\u00e9gration Culturelle Africaine (SICA).<\/strong> Nomm\u00e9e dans la cat\u00e9gorie \u00ab\u00a0<strong>Meilleur Artiste d&rsquo;Inspiration Traditionnelle<\/strong>\u00ab\u00a0, elle s&rsquo;est envol\u00e9e pour Libreville, au Gabon, o\u00f9 se tiendra cet \u00e9v\u00e9nement prestigieux du 4 au 10 novembre 2024.<\/p>\n<p>Avant son d\u00e9part, <strong>Queen Rima<\/strong> a partag\u00e9 quelques moments avec ses fans en publiant des clich\u00e9s depuis l\u2019a\u00e9roport <strong>Ahmed S\u00e9kou Tour\u00e9<\/strong> de Conakry sur sa page Facebook. Fid\u00e8le \u00e0 son image d&rsquo;artiste proche de son public, elle a ainsi marqu\u00e9 le coup avant de repr\u00e9senter la Guin\u00e9e \u00e0 l\u2019un des plus grands rendez-vous culturels africains.<\/p>\n<p>Cette ann\u00e9e, le <strong>SICA<\/strong> attire des talents issus de quarante-cinq pays africains, parmi lesquels la Guin\u00e9e, le B\u00e9nin, l\u2019Afrique du Sud, l\u2019Alg\u00e9rie, le S\u00e9n\u00e9gal, l\u2019Angola, le Burkina Faso, le Cameroun, la C\u00f4te d&rsquo;Ivoire, l&rsquo;\u00c9gypte, le Lib\u00e9ria, le Mali, et bien d&rsquo;autres. Cette diversit\u00e9 t\u00e9moigne de l&rsquo;ampleur du festival qui vise \u00e0 promouvoir et c\u00e9l\u00e9brer la richesse culturelle du continent.<\/p>\n<p>Pour ce voyage, <strong>Queen Rima<\/strong> est accompagn\u00e9e de l&rsquo;un de ses danseurs, renfor\u00e7ant ainsi la qualit\u00e9 de sa performance sc\u00e9nique. Face \u00e0 elle, de nombreux autres talents concourent dans la m\u00eame cat\u00e9gorie, notamment les Gabonaises <strong>B\u00e9atrice Lydie <\/strong>et<strong> Nicole Amogho.<\/strong><\/p>\n<p>Le public guin\u00e9en et les fans de <strong>Queen Rima<\/strong> esp\u00e8rent qu\u2019elle ram\u00e8nera ce prix en Guin\u00e9e, ajoutant une nouvelle distinction \u00e0 son palmar\u00e8s.<\/p>\n<p><strong>Mohamed Cinq Sylla<\/strong><\/p>\n","protected":false},"excerpt":{"rendered":"<p>La chanteuse guin\u00e9enne de dancehall Queen Rima, connue pour ses titres embl\u00e9matiques comme Chocolat, fait partie des artistes nomin\u00e9s \u00e0 la 18e \u00e9dition du Festival des Stars de l&rsquo;Int\u00e9gration Culturelle Africaine (SICA). Nomm\u00e9e dans la cat\u00e9gorie \u00ab\u00a0Meilleur Artiste d&rsquo;Inspiration Traditionnelle\u00ab\u00a0, elle s&rsquo;est envol\u00e9e pour Libreville, au Gabon, o\u00f9 se tiendra cet \u00e9v\u00e9nement prestigieux du 4 [&hellip;]<\/p>\n","protected":false},"author":2,"featured_media":9684,"comment_status":"closed","ping_status":"closed","sticky":false,"template":"","format":"standard","meta":{"_mi_skip_tracking":false,"_monsterinsights_sitenote_active":false,"_monsterinsights_sitenote_note":"","_monsterinsights_sitenote_category":0,"footnotes":""},"categories":[21,33,2719],"tags":[3343,1136],"class_list":["post-9683","post","type-post","status-publish","format-standard","has-post-thumbnail","hentry","category-actualite","category-agenda","category-dancehall","tag-festival-sica","tag-queen-rima"],"yoast_head":"<!-- This site is optimized with the Yoast SEO Premium plugin v20.1 (Yoast SEO v24.0) - https:\/\/yoast.com\/wordpress\/plugins\/seo\/ -->\n<title>Queen Rima s&#039;envole pour Libreville pour d\u00e9fendre les couleurs de la Guin\u00e9e au SICA 2024 - Culturbaine<\/title>\n<meta name=\"robots\" content=\"index, follow, max-snippet:-1, max-image-preview:large, max-video-preview:-1\" \/>\n<link rel=\"canonical\" href=\"https:\/\/culturbaine.com\/index.php\/2024\/11\/05\/queen-rima-senvole-pour-libreville-pour-defendre-les-couleurs-de-la-guinee-au-sica-2024\/\" \/>\n<meta property=\"og:locale\" content=\"fr_FR\" \/>\n<meta property=\"og:type\" content=\"article\" \/>\n<meta property=\"og:title\" content=\"Queen Rima s&#039;envole pour Libreville pour d\u00e9fendre les couleurs de la Guin\u00e9e au SICA 2024\" \/>\n<meta property=\"og:description\" content=\"La chanteuse guin\u00e9enne de dancehall Queen Rima, connue pour ses titres embl\u00e9matiques comme Chocolat, fait partie des artistes nomin\u00e9s \u00e0 la 18e \u00e9dition du Festival des Stars de l&rsquo;Int\u00e9gration Culturelle Africaine (SICA). Nomm\u00e9e dans la cat\u00e9gorie \u00ab\u00a0Meilleur Artiste d&rsquo;Inspiration Traditionnelle\u00ab\u00a0, elle s&rsquo;est envol\u00e9e pour Libreville, au Gabon, o\u00f9 se tiendra cet \u00e9v\u00e9nement prestigieux du 4 [&hellip;]\" \/>\n<meta property=\"og:url\" content=\"https:\/\/culturbaine.com\/index.php\/2024\/11\/05\/queen-rima-senvole-pour-libreville-pour-defendre-les-couleurs-de-la-guinee-au-sica-2024\/\" \/>\n<meta property=\"og:site_name\" content=\"Culturbaine\" \/>\n<meta property=\"article:publisher\" content=\"https:\/\/www.facebook.com\/Culturbaines\" \/>\n<meta property=\"article:published_time\" content=\"2024-11-05T17:52:14+00:00\" \/>\n<meta property=\"og:image\" content=\"https:\/\/culturbaine.com\/wp-content\/uploads\/2024\/11\/17308250385092.jpg\" \/>\n\t<meta property=\"og:image:width\" content=\"720\" \/>\n\t<meta property=\"og:image:height\" content=\"473\" \/>\n\t<meta property=\"og:image:type\" content=\"image\/jpeg\" \/>\n<meta name=\"author\" content=\"admin1\" \/>\n<meta name=\"twitter:card\" content=\"summary_large_image\" \/>\n<meta name=\"twitter:creator\" content=\"@culturbaines\" \/>\n<meta name=\"twitter:site\" content=\"@culturbaines\" \/>\n<meta name=\"twitter:label1\" content=\"\u00c9crit par\" \/>\n\t<meta name=\"twitter:data1\" content=\"admin1\" \/>\n\t<meta name=\"twitter:label2\" content=\"Dur\u00e9e de lecture estim\u00e9e\" \/>\n\t<meta name=\"twitter:data2\" content=\"2 minutes\" \/>\n<script type=\"application\/ld+json\" class=\"yoast-schema-graph\">{\"@context\":\"https:\/\/schema.org\",\"@graph\":[{\"@type\":\"Article\",\"@id\":\"https:\/\/culturbaine.com\/index.php\/2024\/11\/05\/queen-rima-senvole-pour-libreville-pour-defendre-les-couleurs-de-la-guinee-au-sica-2024\/#article\",\"isPartOf\":{\"@id\":\"https:\/\/culturbaine.com\/index.php\/2024\/11\/05\/queen-rima-senvole-pour-libreville-pour-defendre-les-couleurs-de-la-guinee-au-sica-2024\/\"},\"author\":{\"name\":\"admin1\",\"@id\":\"https:\/\/culturbaine.com\/#\/schema\/person\/42eb7485c572e0746c1ea6b8216c3814\"},\"headline\":\"Queen Rima s&rsquo;envole pour Libreville pour d\u00e9fendre les couleurs de la Guin\u00e9e au SICA 2024\",\"datePublished\":\"2024-11-05T17:52:14+00:00\",\"dateModified\":\"2024-11-05T17:52:14+00:00\",\"mainEntityOfPage\":{\"@id\":\"https:\/\/culturbaine.com\/index.php\/2024\/11\/05\/queen-rima-senvole-pour-libreville-pour-defendre-les-couleurs-de-la-guinee-au-sica-2024\/\"},\"wordCount\":299,\"publisher\":{\"@id\":\"https:\/\/culturbaine.com\/#organization\"},\"image\":{\"@id\":\"https:\/\/culturbaine.com\/index.php\/2024\/11\/05\/queen-rima-senvole-pour-libreville-pour-defendre-les-couleurs-de-la-guinee-au-sica-2024\/#primaryimage\"},\"thumbnailUrl\":\"https:\/\/culturbaine.com\/wp-content\/uploads\/2024\/11\/17308250385092.jpg\",\"keywords\":[\"Festival Sica\",\"Queen Rima\"],\"articleSection\":[\"Actualit\u00e9\",\"Agenda\",\"Dancehall\"],\"inLanguage\":\"fr-FR\"},{\"@type\":\"WebPage\",\"@id\":\"https:\/\/culturbaine.com\/index.php\/2024\/11\/05\/queen-rima-senvole-pour-libreville-pour-defendre-les-couleurs-de-la-guinee-au-sica-2024\/\",\"url\":\"https:\/\/culturbaine.com\/index.php\/2024\/11\/05\/queen-rima-senvole-pour-libreville-pour-defendre-les-couleurs-de-la-guinee-au-sica-2024\/\",\"name\":\"Queen Rima s'envole pour Libreville pour d\u00e9fendre les couleurs de la Guin\u00e9e au SICA 2024 - Culturbaine\",\"isPartOf\":{\"@id\":\"https:\/\/culturbaine.com\/#website\"},\"primaryImageOfPage\":{\"@id\":\"https:\/\/culturbaine.com\/index.php\/2024\/11\/05\/queen-rima-senvole-pour-libreville-pour-defendre-les-couleurs-de-la-guinee-au-sica-2024\/#primaryimage\"},\"image\":{\"@id\":\"https:\/\/culturbaine.com\/index.php\/2024\/11\/05\/queen-rima-senvole-pour-libreville-pour-defendre-les-couleurs-de-la-guinee-au-sica-2024\/#primaryimage\"},\"thumbnailUrl\":\"https:\/\/culturbaine.com\/wp-content\/uploads\/2024\/11\/17308250385092.jpg\",\"datePublished\":\"2024-11-05T17:52:14+00:00\",\"dateModified\":\"2024-11-05T17:52:14+00:00\",\"breadcrumb\":{\"@id\":\"https:\/\/culturbaine.com\/index.php\/2024\/11\/05\/queen-rima-senvole-pour-libreville-pour-defendre-les-couleurs-de-la-guinee-au-sica-2024\/#breadcrumb\"},\"inLanguage\":\"fr-FR\",\"potentialAction\":[{\"@type\":\"ReadAction\",\"target\":[\"https:\/\/culturbaine.com\/index.php\/2024\/11\/05\/queen-rima-senvole-pour-libreville-pour-defendre-les-couleurs-de-la-guinee-au-sica-2024\/\"]}]},{\"@type\":\"ImageObject\",\"inLanguage\":\"fr-FR\",\"@id\":\"https:\/\/culturbaine.com\/index.php\/2024\/11\/05\/queen-rima-senvole-pour-libreville-pour-defendre-les-couleurs-de-la-guinee-au-sica-2024\/#primaryimage\",\"url\":\"https:\/\/culturbaine.com\/wp-content\/uploads\/2024\/11\/17308250385092.jpg\",\"contentUrl\":\"https:\/\/culturbaine.com\/wp-content\/uploads\/2024\/11\/17308250385092.jpg\",\"width\":720,\"height\":473},{\"@type\":\"BreadcrumbList\",\"@id\":\"https:\/\/culturbaine.com\/index.php\/2024\/11\/05\/queen-rima-senvole-pour-libreville-pour-defendre-les-couleurs-de-la-guinee-au-sica-2024\/#breadcrumb\",\"itemListElement\":[{\"@type\":\"ListItem\",\"position\":1,\"name\":\"Home\",\"item\":\"https:\/\/culturbaine.com\/\"},{\"@type\":\"ListItem\",\"position\":2,\"name\":\"Queen Rima s&rsquo;envole pour Libreville pour d\u00e9fendre les couleurs de la Guin\u00e9e au SICA 2024\"}]},{\"@type\":\"WebSite\",\"@id\":\"https:\/\/culturbaine.com\/#website\",\"url\":\"https:\/\/culturbaine.com\/\",\"name\":\"Culturbaine.com\",\"description\":\"Toute l&#039;actualit\u00e9 des Cultures Urbaines, en un clic  !\",\"publisher\":{\"@id\":\"https:\/\/culturbaine.com\/#organization\"},\"potentialAction\":[{\"@type\":\"SearchAction\",\"target\":{\"@type\":\"EntryPoint\",\"urlTemplate\":\"https:\/\/culturbaine.com\/?s={search_term_string}\"},\"query-input\":{\"@type\":\"PropertyValueSpecification\",\"valueRequired\":true,\"valueName\":\"search_term_string\"}}],\"inLanguage\":\"fr-FR\"},{\"@type\":\"Organization\",\"@id\":\"https:\/\/culturbaine.com\/#organization\",\"name\":\"Culturbaine.com\",\"url\":\"https:\/\/culturbaine.com\/\",\"logo\":{\"@type\":\"ImageObject\",\"inLanguage\":\"fr-FR\",\"@id\":\"https:\/\/culturbaine.com\/#\/schema\/logo\/image\/\",\"url\":\"https:\/\/culturbaine.com\/wp-content\/uploads\/2023\/07\/WhatsApp-Image-2023-07-17-at-14.38.18.jpeg\",\"contentUrl\":\"https:\/\/culturbaine.com\/wp-content\/uploads\/2023\/07\/WhatsApp-Image-2023-07-17-at-14.38.18.jpeg\",\"width\":855,\"height\":270,\"caption\":\"Culturbaine.com\"},\"image\":{\"@id\":\"https:\/\/culturbaine.com\/#\/schema\/logo\/image\/\"},\"sameAs\":[\"https:\/\/www.facebook.com\/Culturbaines\",\"https:\/\/x.com\/culturbaines\"]},{\"@type\":\"Person\",\"@id\":\"https:\/\/culturbaine.com\/#\/schema\/person\/42eb7485c572e0746c1ea6b8216c3814\",\"name\":\"admin1\",\"image\":{\"@type\":\"ImageObject\",\"inLanguage\":\"fr-FR\",\"@id\":\"https:\/\/culturbaine.com\/#\/schema\/person\/image\/\",\"url\":\"https:\/\/secure.gravatar.com\/avatar\/c268f4d483ce0486e5a10fee87bbf756?s=96&d=mm&r=g\",\"contentUrl\":\"https:\/\/secure.gravatar.com\/avatar\/c268f4d483ce0486e5a10fee87bbf756?s=96&d=mm&r=g\",\"caption\":\"admin1\"},\"url\":\"https:\/\/culturbaine.com\/index.php\/author\/admin1\/\"}]}<\/script>\n<!-- \/ Yoast SEO Premium plugin. -->","yoast_head_json":{"title":"Queen Rima s'envole pour Libreville pour d\u00e9fendre les couleurs de la Guin\u00e9e au SICA 2024 - Culturbaine","robots":{"index":"index","follow":"follow","max-snippet":"max-snippet:-1","max-image-preview":"max-image-preview:large","max-video-preview":"max-video-preview:-1"},"canonical":"https:\/\/culturbaine.com\/index.php\/2024\/11\/05\/queen-rima-senvole-pour-libreville-pour-defendre-les-couleurs-de-la-guinee-au-sica-2024\/","og_locale":"fr_FR","og_type":"article","og_title":"Queen Rima s'envole pour Libreville pour d\u00e9fendre les couleurs de la Guin\u00e9e au SICA 2024","og_description":"La chanteuse guin\u00e9enne de dancehall Queen Rima, connue pour ses titres embl\u00e9matiques comme Chocolat, fait partie des artistes nomin\u00e9s \u00e0 la 18e \u00e9dition du Festival des Stars de l&rsquo;Int\u00e9gration Culturelle Africaine (SICA). Nomm\u00e9e dans la cat\u00e9gorie \u00ab\u00a0Meilleur Artiste d&rsquo;Inspiration Traditionnelle\u00ab\u00a0, elle s&rsquo;est envol\u00e9e pour Libreville, au Gabon, o\u00f9 se tiendra cet \u00e9v\u00e9nement prestigieux du 4 [&hellip;]","og_url":"https:\/\/culturbaine.com\/index.php\/2024\/11\/05\/queen-rima-senvole-pour-libreville-pour-defendre-les-couleurs-de-la-guinee-au-sica-2024\/","og_site_name":"Culturbaine","article_publisher":"https:\/\/www.facebook.com\/Culturbaines","article_published_time":"2024-11-05T17:52:14+00:00","og_image":[{"width":720,"height":473,"url":"https:\/\/culturbaine.com\/wp-content\/uploads\/2024\/11\/17308250385092.jpg","type":"image\/jpeg"}],"author":"admin1","twitter_card":"summary_large_image","twitter_creator":"@culturbaines","twitter_site":"@culturbaines","twitter_misc":{"\u00c9crit par":"admin1","Dur\u00e9e de lecture estim\u00e9e":"2 minutes"},"schema":{"@context":"https:\/\/schema.org","@graph":[{"@type":"Article","@id":"https:\/\/culturbaine.com\/index.php\/2024\/11\/05\/queen-rima-senvole-pour-libreville-pour-defendre-les-couleurs-de-la-guinee-au-sica-2024\/#article","isPartOf":{"@id":"https:\/\/culturbaine.com\/index.php\/2024\/11\/05\/queen-rima-senvole-pour-libreville-pour-defendre-les-couleurs-de-la-guinee-au-sica-2024\/"},"author":{"name":"admin1","@id":"https:\/\/culturbaine.com\/#\/schema\/person\/42eb7485c572e0746c1ea6b8216c3814"},"headline":"Queen Rima s&rsquo;envole pour Libreville pour d\u00e9fendre les couleurs de la Guin\u00e9e au SICA 2024","datePublished":"2024-11-05T17:52:14+00:00","dateModified":"2024-11-05T17:52:14+00:00","mainEntityOfPage":{"@id":"https:\/\/culturbaine.com\/index.php\/2024\/11\/05\/queen-rima-senvole-pour-libreville-pour-defendre-les-couleurs-de-la-guinee-au-sica-2024\/"},"wordCount":299,"publisher":{"@id":"https:\/\/culturbaine.com\/#organization"},"image":{"@id":"https:\/\/culturbaine.com\/index.php\/2024\/11\/05\/queen-rima-senvole-pour-libreville-pour-defendre-les-couleurs-de-la-guinee-au-sica-2024\/#primaryimage"},"thumbnailUrl":"https:\/\/culturbaine.com\/wp-content\/uploads\/2024\/11\/17308250385092.jpg","keywords":["Festival Sica","Queen Rima"],"articleSection":["Actualit\u00e9","Agenda","Dancehall"],"inLanguage":"fr-FR"},{"@type":"WebPage","@id":"https:\/\/culturbaine.com\/index.php\/2024\/11\/05\/queen-rima-senvole-pour-libreville-pour-defendre-les-couleurs-de-la-guinee-au-sica-2024\/","url":"https:\/\/culturbaine.com\/index.php\/2024\/11\/05\/queen-rima-senvole-pour-libreville-pour-defendre-les-couleurs-de-la-guinee-au-sica-2024\/","name":"Queen Rima s'envole pour Libreville pour d\u00e9fendre les couleurs de la Guin\u00e9e au SICA 2024 - Culturbaine","isPartOf":{"@id":"https:\/\/culturbaine.com\/#website"},"primaryImageOfPage":{"@id":"https:\/\/culturbaine.com\/index.php\/2024\/11\/05\/queen-rima-senvole-pour-libreville-pour-defendre-les-couleurs-de-la-guinee-au-sica-2024\/#primaryimage"},"image":{"@id":"https:\/\/culturbaine.com\/index.php\/2024\/11\/05\/queen-rima-senvole-pour-libreville-pour-defendre-les-couleurs-de-la-guinee-au-sica-2024\/#primaryimage"},"thumbnailUrl":"https:\/\/culturbaine.com\/wp-content\/uploads\/2024\/11\/17308250385092.jpg","datePublished":"2024-11-05T17:52:14+00:00","dateModified":"2024-11-05T17:52:14+00:00","breadcrumb":{"@id":"https:\/\/culturbaine.com\/index.php\/2024\/11\/05\/queen-rima-senvole-pour-libreville-pour-defendre-les-couleurs-de-la-guinee-au-sica-2024\/#breadcrumb"},"inLanguage":"fr-FR","potentialAction":[{"@type":"ReadAction","target":["https:\/\/culturbaine.com\/index.php\/2024\/11\/05\/queen-rima-senvole-pour-libreville-pour-defendre-les-couleurs-de-la-guinee-au-sica-2024\/"]}]},{"@type":"ImageObject","inLanguage":"fr-FR","@id":"https:\/\/culturbaine.com\/index.php\/2024\/11\/05\/queen-rima-senvole-pour-libreville-pour-defendre-les-couleurs-de-la-guinee-au-sica-2024\/#primaryimage","url":"https:\/\/culturbaine.com\/wp-content\/uploads\/2024\/11\/17308250385092.jpg","contentUrl":"https:\/\/culturbaine.com\/wp-content\/uploads\/2024\/11\/17308250385092.jpg","width":720,"height":473},{"@type":"BreadcrumbList","@id":"https:\/\/culturbaine.com\/index.php\/2024\/11\/05\/queen-rima-senvole-pour-libreville-pour-defendre-les-couleurs-de-la-guinee-au-sica-2024\/#breadcrumb","itemListElement":[{"@type":"ListItem","position":1,"name":"Home","item":"https:\/\/culturbaine.com\/"},{"@type":"ListItem","position":2,"name":"Queen Rima s&rsquo;envole pour Libreville pour d\u00e9fendre les couleurs de la Guin\u00e9e au SICA 2024"}]},{"@type":"WebSite","@id":"https:\/\/culturbaine.com\/#website","url":"https:\/\/culturbaine.com\/","name":"Culturbaine.com","description":"Toute l&#039;actualit\u00e9 des Cultures Urbaines, en un clic  !","publisher":{"@id":"https:\/\/culturbaine.com\/#organization"},"potentialAction":[{"@type":"SearchAction","target":{"@type":"EntryPoint","urlTemplate":"https:\/\/culturbaine.com\/?s={search_term_string}"},"query-input":{"@type":"PropertyValueSpecification","valueRequired":true,"valueName":"search_term_string"}}],"inLanguage":"fr-FR"},{"@type":"Organization","@id":"https:\/\/culturbaine.com\/#organization","name":"Culturbaine.com","url":"https:\/\/culturbaine.com\/","logo":{"@type":"ImageObject","inLanguage":"fr-FR","@id":"https:\/\/culturbaine.com\/#\/schema\/logo\/image\/","url":"https:\/\/culturbaine.com\/wp-content\/uploads\/2023\/07\/WhatsApp-Image-2023-07-17-at-14.38.18.jpeg","contentUrl":"https:\/\/culturbaine.com\/wp-content\/uploads\/2023\/07\/WhatsApp-Image-2023-07-17-at-14.38.18.jpeg","width":855,"height":270,"caption":"Culturbaine.com"},"image":{"@id":"https:\/\/culturbaine.com\/#\/schema\/logo\/image\/"},"sameAs":["https:\/\/www.facebook.com\/Culturbaines","https:\/\/x.com\/culturbaines"]},{"@type":"Person","@id":"https:\/\/culturbaine.com\/#\/schema\/person\/42eb7485c572e0746c1ea6b8216c3814","name":"admin1","image":{"@type":"ImageObject","inLanguage":"fr-FR","@id":"https:\/\/culturbaine.com\/#\/schema\/person\/image\/","url":"https:\/\/secure.gravatar.com\/avatar\/c268f4d483ce0486e5a10fee87bbf756?s=96&d=mm&r=g","contentUrl":"https:\/\/secure.gravatar.com\/avatar\/c268f4d483ce0486e5a10fee87bbf756?s=96&d=mm&r=g","caption":"admin1"},"url":"https:\/\/culturbaine.com\/index.php\/author\/admin1\/"}]}},"_links":{"self":[{"href":"https:\/\/culturbaine.com\/index.php\/wp-json\/wp\/v2\/posts\/9683"}],"collection":[{"href":"https:\/\/culturbaine.com\/index.php\/wp-json\/wp\/v2\/posts"}],"about":[{"href":"https:\/\/culturbaine.com\/index.php\/wp-json\/wp\/v2\/types\/post"}],"author":[{"embeddable":true,"href":"https:\/\/culturbaine.com\/index.php\/wp-json\/wp\/v2\/users\/2"}],"replies":[{"embeddable":true,"href":"https:\/\/culturbaine.com\/index.php\/wp-json\/wp\/v2\/comments?post=9683"}],"version-history":[{"count":0,"href":"https:\/\/culturbaine.com\/index.php\/wp-json\/wp\/v2\/posts\/9683\/revisions"}],"wp:featuredmedia":[{"embeddable":true,"href":"https:\/\/culturbaine.com\/index.php\/wp-json\/wp\/v2\/media\/9684"}],"wp:attachment":[{"href":"https:\/\/culturbaine.com\/index.php\/wp-json\/wp\/v2\/media?parent=9683"}],"wp:term":[{"taxonomy":"category","embeddable":true,"href":"https:\/\/culturbaine.com\/index.php\/wp-json\/wp\/v2\/categories?post=9683"},{"taxonomy":"post_tag","embeddable":true,"href":"https:\/\/culturbaine.com\/index.php\/wp-json\/wp\/v2\/tags?post=9683"}],"curies":[{"name":"wp","href":"https:\/\/api.w.org\/{rel}","templated":true}]}}