{"id":9678,"date":"2024-11-05T11:00:09","date_gmt":"2024-11-05T11:00:09","guid":{"rendered":"https:\/\/culturbaine.com\/?p=9678"},"modified":"2024-11-05T10:54:34","modified_gmt":"2024-11-05T10:54:34","slug":"le-graffiti-de-morano-a-melbourne-capture-la-complexite-urbaine","status":"publish","type":"post","link":"https:\/\/culturbaine.com\/index.php\/2024\/11\/05\/le-graffiti-de-morano-a-melbourne-capture-la-complexite-urbaine\/","title":{"rendered":"Le graffiti de Morano \u00e0 Melbourne capture la complexit\u00e9 urbaine"},"content":{"rendered":"<p>Le m\u00e9dia urbain <strong>Street Art Avenue<\/strong> continue de mettre en lumi\u00e8re les \u0153uvres de graffiti du monde entier. Hier soir, il a partag\u00e9 sur ses r\u00e9seaux sociaux une nouvelle cr\u00e9ation de l&rsquo;artiste espagnol Morano, originaire de Barcelone, r\u00e9alis\u00e9e cette ann\u00e9e dans les rues de Melbourne, en Australie.<\/p>\n<p>Dans cette \u0153uvre, <strong>Morano<\/strong> semble exprimer le contraste saisissant entre la structure rigide de l\u2019environnement urbain et la fragilit\u00e9 humaine. Par cette cr\u00e9ation, il explore des sentiments de survie, d\u2019adaptation et de r\u00e9silience au c\u0153ur d\u2019un espace urbain complexe, o\u00f9 chaque \u00e9l\u00e9ment du d\u00e9cor participe \u00e0 fa\u00e7onner l\u2019exp\u00e9rience humaine.<\/p>\n<p><img loading=\"lazy\" decoding=\"async\" class=\"alignnone size-medium wp-image-9679\" src=\"https:\/\/culturbaine.com\/wp-content\/uploads\/2024\/11\/1730802586931-267x300.jpg\" alt=\"\" width=\"267\" height=\"300\" srcset=\"https:\/\/culturbaine.com\/wp-content\/uploads\/2024\/11\/1730802586931-267x300.jpg 267w, https:\/\/culturbaine.com\/wp-content\/uploads\/2024\/11\/1730802586931.jpg 720w\" sizes=\"(max-width: 267px) 100vw, 267px\" \/><\/p>\n<p>L&rsquo;\u0153uvre de <strong>Morano<\/strong> refl\u00e8te parfaitement la vision de Street Art Avenue, qui continue d&rsquo;explorer et de partager le dynamisme du street art \u00e0 travers des \u0153uvres puissantes et \u00e9vocatrices.<\/p>\n<p><strong>Mohamed Cinq Sylla<\/strong><\/p>\n","protected":false},"excerpt":{"rendered":"<p>Le m\u00e9dia urbain Street Art Avenue continue de mettre en lumi\u00e8re les \u0153uvres de graffiti du monde entier. Hier soir, il a partag\u00e9 sur ses r\u00e9seaux sociaux une nouvelle cr\u00e9ation de l&rsquo;artiste espagnol Morano, originaire de Barcelone, r\u00e9alis\u00e9e cette ann\u00e9e dans les rues de Melbourne, en Australie. Dans cette \u0153uvre, Morano semble exprimer le contraste [&hellip;]<\/p>\n","protected":false},"author":2,"featured_media":9680,"comment_status":"closed","ping_status":"closed","sticky":false,"template":"","format":"standard","meta":{"_mi_skip_tracking":false,"_monsterinsights_sitenote_active":false,"_monsterinsights_sitenote_note":"","_monsterinsights_sitenote_category":0,"footnotes":""},"categories":[21,2389],"tags":[],"class_list":["post-9678","post","type-post","status-publish","format-standard","has-post-thumbnail","hentry","category-actualite","category-graffiti"],"yoast_head":"<!-- This site is optimized with the Yoast SEO Premium plugin v20.1 (Yoast SEO v24.0) - https:\/\/yoast.com\/wordpress\/plugins\/seo\/ -->\n<title>Le graffiti de Morano \u00e0 Melbourne capture la complexit\u00e9 urbaine - Culturbaine<\/title>\n<meta name=\"robots\" content=\"index, follow, max-snippet:-1, max-image-preview:large, max-video-preview:-1\" \/>\n<link rel=\"canonical\" href=\"https:\/\/culturbaine.com\/index.php\/2024\/11\/05\/le-graffiti-de-morano-a-melbourne-capture-la-complexite-urbaine\/\" \/>\n<meta property=\"og:locale\" content=\"fr_FR\" \/>\n<meta property=\"og:type\" content=\"article\" \/>\n<meta property=\"og:title\" content=\"Le graffiti de Morano \u00e0 Melbourne capture la complexit\u00e9 urbaine\" \/>\n<meta property=\"og:description\" content=\"Le m\u00e9dia urbain Street Art Avenue continue de mettre en lumi\u00e8re les \u0153uvres de graffiti du monde entier. Hier soir, il a partag\u00e9 sur ses r\u00e9seaux sociaux une nouvelle cr\u00e9ation de l&rsquo;artiste espagnol Morano, originaire de Barcelone, r\u00e9alis\u00e9e cette ann\u00e9e dans les rues de Melbourne, en Australie. Dans cette \u0153uvre, Morano semble exprimer le contraste [&hellip;]\" \/>\n<meta property=\"og:url\" content=\"https:\/\/culturbaine.com\/index.php\/2024\/11\/05\/le-graffiti-de-morano-a-melbourne-capture-la-complexite-urbaine\/\" \/>\n<meta property=\"og:site_name\" content=\"Culturbaine\" \/>\n<meta property=\"article:publisher\" content=\"https:\/\/www.facebook.com\/Culturbaines\" \/>\n<meta property=\"article:published_time\" content=\"2024-11-05T11:00:09+00:00\" \/>\n<meta property=\"article:modified_time\" content=\"2024-11-05T10:54:34+00:00\" \/>\n<meta property=\"og:image\" content=\"https:\/\/culturbaine.com\/wp-content\/uploads\/2024\/11\/17308025852192.jpg\" \/>\n\t<meta property=\"og:image:width\" content=\"720\" \/>\n\t<meta property=\"og:image:height\" content=\"422\" \/>\n\t<meta property=\"og:image:type\" content=\"image\/jpeg\" \/>\n<meta name=\"author\" content=\"admin1\" \/>\n<meta name=\"twitter:card\" content=\"summary_large_image\" \/>\n<meta name=\"twitter:creator\" content=\"@culturbaines\" \/>\n<meta name=\"twitter:site\" content=\"@culturbaines\" \/>\n<meta name=\"twitter:label1\" content=\"\u00c9crit par\" \/>\n\t<meta name=\"twitter:data1\" content=\"admin1\" \/>\n\t<meta name=\"twitter:label2\" content=\"Dur\u00e9e de lecture estim\u00e9e\" \/>\n\t<meta name=\"twitter:data2\" content=\"2 minutes\" \/>\n<script type=\"application\/ld+json\" class=\"yoast-schema-graph\">{\"@context\":\"https:\/\/schema.org\",\"@graph\":[{\"@type\":\"Article\",\"@id\":\"https:\/\/culturbaine.com\/index.php\/2024\/11\/05\/le-graffiti-de-morano-a-melbourne-capture-la-complexite-urbaine\/#article\",\"isPartOf\":{\"@id\":\"https:\/\/culturbaine.com\/index.php\/2024\/11\/05\/le-graffiti-de-morano-a-melbourne-capture-la-complexite-urbaine\/\"},\"author\":{\"name\":\"admin1\",\"@id\":\"https:\/\/culturbaine.com\/#\/schema\/person\/42eb7485c572e0746c1ea6b8216c3814\"},\"headline\":\"Le graffiti de Morano \u00e0 Melbourne capture la complexit\u00e9 urbaine\",\"datePublished\":\"2024-11-05T11:00:09+00:00\",\"dateModified\":\"2024-11-05T10:54:34+00:00\",\"mainEntityOfPage\":{\"@id\":\"https:\/\/culturbaine.com\/index.php\/2024\/11\/05\/le-graffiti-de-morano-a-melbourne-capture-la-complexite-urbaine\/\"},\"wordCount\":157,\"publisher\":{\"@id\":\"https:\/\/culturbaine.com\/#organization\"},\"image\":{\"@id\":\"https:\/\/culturbaine.com\/index.php\/2024\/11\/05\/le-graffiti-de-morano-a-melbourne-capture-la-complexite-urbaine\/#primaryimage\"},\"thumbnailUrl\":\"https:\/\/culturbaine.com\/wp-content\/uploads\/2024\/11\/17308025852192.jpg\",\"articleSection\":[\"Actualit\u00e9\",\"Graffiti\"],\"inLanguage\":\"fr-FR\"},{\"@type\":\"WebPage\",\"@id\":\"https:\/\/culturbaine.com\/index.php\/2024\/11\/05\/le-graffiti-de-morano-a-melbourne-capture-la-complexite-urbaine\/\",\"url\":\"https:\/\/culturbaine.com\/index.php\/2024\/11\/05\/le-graffiti-de-morano-a-melbourne-capture-la-complexite-urbaine\/\",\"name\":\"Le graffiti de Morano \u00e0 Melbourne capture la complexit\u00e9 urbaine - Culturbaine\",\"isPartOf\":{\"@id\":\"https:\/\/culturbaine.com\/#website\"},\"primaryImageOfPage\":{\"@id\":\"https:\/\/culturbaine.com\/index.php\/2024\/11\/05\/le-graffiti-de-morano-a-melbourne-capture-la-complexite-urbaine\/#primaryimage\"},\"image\":{\"@id\":\"https:\/\/culturbaine.com\/index.php\/2024\/11\/05\/le-graffiti-de-morano-a-melbourne-capture-la-complexite-urbaine\/#primaryimage\"},\"thumbnailUrl\":\"https:\/\/culturbaine.com\/wp-content\/uploads\/2024\/11\/17308025852192.jpg\",\"datePublished\":\"2024-11-05T11:00:09+00:00\",\"dateModified\":\"2024-11-05T10:54:34+00:00\",\"breadcrumb\":{\"@id\":\"https:\/\/culturbaine.com\/index.php\/2024\/11\/05\/le-graffiti-de-morano-a-melbourne-capture-la-complexite-urbaine\/#breadcrumb\"},\"inLanguage\":\"fr-FR\",\"potentialAction\":[{\"@type\":\"ReadAction\",\"target\":[\"https:\/\/culturbaine.com\/index.php\/2024\/11\/05\/le-graffiti-de-morano-a-melbourne-capture-la-complexite-urbaine\/\"]}]},{\"@type\":\"ImageObject\",\"inLanguage\":\"fr-FR\",\"@id\":\"https:\/\/culturbaine.com\/index.php\/2024\/11\/05\/le-graffiti-de-morano-a-melbourne-capture-la-complexite-urbaine\/#primaryimage\",\"url\":\"https:\/\/culturbaine.com\/wp-content\/uploads\/2024\/11\/17308025852192.jpg\",\"contentUrl\":\"https:\/\/culturbaine.com\/wp-content\/uploads\/2024\/11\/17308025852192.jpg\",\"width\":720,\"height\":422},{\"@type\":\"BreadcrumbList\",\"@id\":\"https:\/\/culturbaine.com\/index.php\/2024\/11\/05\/le-graffiti-de-morano-a-melbourne-capture-la-complexite-urbaine\/#breadcrumb\",\"itemListElement\":[{\"@type\":\"ListItem\",\"position\":1,\"name\":\"Home\",\"item\":\"https:\/\/culturbaine.com\/\"},{\"@type\":\"ListItem\",\"position\":2,\"name\":\"Le graffiti de Morano \u00e0 Melbourne capture la complexit\u00e9 urbaine\"}]},{\"@type\":\"WebSite\",\"@id\":\"https:\/\/culturbaine.com\/#website\",\"url\":\"https:\/\/culturbaine.com\/\",\"name\":\"Culturbaine.com\",\"description\":\"Toute l&#039;actualit\u00e9 des Cultures Urbaines, en un clic  !\",\"publisher\":{\"@id\":\"https:\/\/culturbaine.com\/#organization\"},\"potentialAction\":[{\"@type\":\"SearchAction\",\"target\":{\"@type\":\"EntryPoint\",\"urlTemplate\":\"https:\/\/culturbaine.com\/?s={search_term_string}\"},\"query-input\":{\"@type\":\"PropertyValueSpecification\",\"valueRequired\":true,\"valueName\":\"search_term_string\"}}],\"inLanguage\":\"fr-FR\"},{\"@type\":\"Organization\",\"@id\":\"https:\/\/culturbaine.com\/#organization\",\"name\":\"Culturbaine.com\",\"url\":\"https:\/\/culturbaine.com\/\",\"logo\":{\"@type\":\"ImageObject\",\"inLanguage\":\"fr-FR\",\"@id\":\"https:\/\/culturbaine.com\/#\/schema\/logo\/image\/\",\"url\":\"https:\/\/culturbaine.com\/wp-content\/uploads\/2023\/07\/WhatsApp-Image-2023-07-17-at-14.38.18.jpeg\",\"contentUrl\":\"https:\/\/culturbaine.com\/wp-content\/uploads\/2023\/07\/WhatsApp-Image-2023-07-17-at-14.38.18.jpeg\",\"width\":855,\"height\":270,\"caption\":\"Culturbaine.com\"},\"image\":{\"@id\":\"https:\/\/culturbaine.com\/#\/schema\/logo\/image\/\"},\"sameAs\":[\"https:\/\/www.facebook.com\/Culturbaines\",\"https:\/\/x.com\/culturbaines\"]},{\"@type\":\"Person\",\"@id\":\"https:\/\/culturbaine.com\/#\/schema\/person\/42eb7485c572e0746c1ea6b8216c3814\",\"name\":\"admin1\",\"image\":{\"@type\":\"ImageObject\",\"inLanguage\":\"fr-FR\",\"@id\":\"https:\/\/culturbaine.com\/#\/schema\/person\/image\/\",\"url\":\"https:\/\/secure.gravatar.com\/avatar\/c268f4d483ce0486e5a10fee87bbf756?s=96&d=mm&r=g\",\"contentUrl\":\"https:\/\/secure.gravatar.com\/avatar\/c268f4d483ce0486e5a10fee87bbf756?s=96&d=mm&r=g\",\"caption\":\"admin1\"},\"url\":\"https:\/\/culturbaine.com\/index.php\/author\/admin1\/\"}]}<\/script>\n<!-- \/ Yoast SEO Premium plugin. -->","yoast_head_json":{"title":"Le graffiti de Morano \u00e0 Melbourne capture la complexit\u00e9 urbaine - Culturbaine","robots":{"index":"index","follow":"follow","max-snippet":"max-snippet:-1","max-image-preview":"max-image-preview:large","max-video-preview":"max-video-preview:-1"},"canonical":"https:\/\/culturbaine.com\/index.php\/2024\/11\/05\/le-graffiti-de-morano-a-melbourne-capture-la-complexite-urbaine\/","og_locale":"fr_FR","og_type":"article","og_title":"Le graffiti de Morano \u00e0 Melbourne capture la complexit\u00e9 urbaine","og_description":"Le m\u00e9dia urbain Street Art Avenue continue de mettre en lumi\u00e8re les \u0153uvres de graffiti du monde entier. Hier soir, il a partag\u00e9 sur ses r\u00e9seaux sociaux une nouvelle cr\u00e9ation de l&rsquo;artiste espagnol Morano, originaire de Barcelone, r\u00e9alis\u00e9e cette ann\u00e9e dans les rues de Melbourne, en Australie. Dans cette \u0153uvre, Morano semble exprimer le contraste [&hellip;]","og_url":"https:\/\/culturbaine.com\/index.php\/2024\/11\/05\/le-graffiti-de-morano-a-melbourne-capture-la-complexite-urbaine\/","og_site_name":"Culturbaine","article_publisher":"https:\/\/www.facebook.com\/Culturbaines","article_published_time":"2024-11-05T11:00:09+00:00","article_modified_time":"2024-11-05T10:54:34+00:00","og_image":[{"width":720,"height":422,"url":"https:\/\/culturbaine.com\/wp-content\/uploads\/2024\/11\/17308025852192.jpg","type":"image\/jpeg"}],"author":"admin1","twitter_card":"summary_large_image","twitter_creator":"@culturbaines","twitter_site":"@culturbaines","twitter_misc":{"\u00c9crit par":"admin1","Dur\u00e9e de lecture estim\u00e9e":"2 minutes"},"schema":{"@context":"https:\/\/schema.org","@graph":[{"@type":"Article","@id":"https:\/\/culturbaine.com\/index.php\/2024\/11\/05\/le-graffiti-de-morano-a-melbourne-capture-la-complexite-urbaine\/#article","isPartOf":{"@id":"https:\/\/culturbaine.com\/index.php\/2024\/11\/05\/le-graffiti-de-morano-a-melbourne-capture-la-complexite-urbaine\/"},"author":{"name":"admin1","@id":"https:\/\/culturbaine.com\/#\/schema\/person\/42eb7485c572e0746c1ea6b8216c3814"},"headline":"Le graffiti de Morano \u00e0 Melbourne capture la complexit\u00e9 urbaine","datePublished":"2024-11-05T11:00:09+00:00","dateModified":"2024-11-05T10:54:34+00:00","mainEntityOfPage":{"@id":"https:\/\/culturbaine.com\/index.php\/2024\/11\/05\/le-graffiti-de-morano-a-melbourne-capture-la-complexite-urbaine\/"},"wordCount":157,"publisher":{"@id":"https:\/\/culturbaine.com\/#organization"},"image":{"@id":"https:\/\/culturbaine.com\/index.php\/2024\/11\/05\/le-graffiti-de-morano-a-melbourne-capture-la-complexite-urbaine\/#primaryimage"},"thumbnailUrl":"https:\/\/culturbaine.com\/wp-content\/uploads\/2024\/11\/17308025852192.jpg","articleSection":["Actualit\u00e9","Graffiti"],"inLanguage":"fr-FR"},{"@type":"WebPage","@id":"https:\/\/culturbaine.com\/index.php\/2024\/11\/05\/le-graffiti-de-morano-a-melbourne-capture-la-complexite-urbaine\/","url":"https:\/\/culturbaine.com\/index.php\/2024\/11\/05\/le-graffiti-de-morano-a-melbourne-capture-la-complexite-urbaine\/","name":"Le graffiti de Morano \u00e0 Melbourne capture la complexit\u00e9 urbaine - Culturbaine","isPartOf":{"@id":"https:\/\/culturbaine.com\/#website"},"primaryImageOfPage":{"@id":"https:\/\/culturbaine.com\/index.php\/2024\/11\/05\/le-graffiti-de-morano-a-melbourne-capture-la-complexite-urbaine\/#primaryimage"},"image":{"@id":"https:\/\/culturbaine.com\/index.php\/2024\/11\/05\/le-graffiti-de-morano-a-melbourne-capture-la-complexite-urbaine\/#primaryimage"},"thumbnailUrl":"https:\/\/culturbaine.com\/wp-content\/uploads\/2024\/11\/17308025852192.jpg","datePublished":"2024-11-05T11:00:09+00:00","dateModified":"2024-11-05T10:54:34+00:00","breadcrumb":{"@id":"https:\/\/culturbaine.com\/index.php\/2024\/11\/05\/le-graffiti-de-morano-a-melbourne-capture-la-complexite-urbaine\/#breadcrumb"},"inLanguage":"fr-FR","potentialAction":[{"@type":"ReadAction","target":["https:\/\/culturbaine.com\/index.php\/2024\/11\/05\/le-graffiti-de-morano-a-melbourne-capture-la-complexite-urbaine\/"]}]},{"@type":"ImageObject","inLanguage":"fr-FR","@id":"https:\/\/culturbaine.com\/index.php\/2024\/11\/05\/le-graffiti-de-morano-a-melbourne-capture-la-complexite-urbaine\/#primaryimage","url":"https:\/\/culturbaine.com\/wp-content\/uploads\/2024\/11\/17308025852192.jpg","contentUrl":"https:\/\/culturbaine.com\/wp-content\/uploads\/2024\/11\/17308025852192.jpg","width":720,"height":422},{"@type":"BreadcrumbList","@id":"https:\/\/culturbaine.com\/index.php\/2024\/11\/05\/le-graffiti-de-morano-a-melbourne-capture-la-complexite-urbaine\/#breadcrumb","itemListElement":[{"@type":"ListItem","position":1,"name":"Home","item":"https:\/\/culturbaine.com\/"},{"@type":"ListItem","position":2,"name":"Le graffiti de Morano \u00e0 Melbourne capture la complexit\u00e9 urbaine"}]},{"@type":"WebSite","@id":"https:\/\/culturbaine.com\/#website","url":"https:\/\/culturbaine.com\/","name":"Culturbaine.com","description":"Toute l&#039;actualit\u00e9 des Cultures Urbaines, en un clic  !","publisher":{"@id":"https:\/\/culturbaine.com\/#organization"},"potentialAction":[{"@type":"SearchAction","target":{"@type":"EntryPoint","urlTemplate":"https:\/\/culturbaine.com\/?s={search_term_string}"},"query-input":{"@type":"PropertyValueSpecification","valueRequired":true,"valueName":"search_term_string"}}],"inLanguage":"fr-FR"},{"@type":"Organization","@id":"https:\/\/culturbaine.com\/#organization","name":"Culturbaine.com","url":"https:\/\/culturbaine.com\/","logo":{"@type":"ImageObject","inLanguage":"fr-FR","@id":"https:\/\/culturbaine.com\/#\/schema\/logo\/image\/","url":"https:\/\/culturbaine.com\/wp-content\/uploads\/2023\/07\/WhatsApp-Image-2023-07-17-at-14.38.18.jpeg","contentUrl":"https:\/\/culturbaine.com\/wp-content\/uploads\/2023\/07\/WhatsApp-Image-2023-07-17-at-14.38.18.jpeg","width":855,"height":270,"caption":"Culturbaine.com"},"image":{"@id":"https:\/\/culturbaine.com\/#\/schema\/logo\/image\/"},"sameAs":["https:\/\/www.facebook.com\/Culturbaines","https:\/\/x.com\/culturbaines"]},{"@type":"Person","@id":"https:\/\/culturbaine.com\/#\/schema\/person\/42eb7485c572e0746c1ea6b8216c3814","name":"admin1","image":{"@type":"ImageObject","inLanguage":"fr-FR","@id":"https:\/\/culturbaine.com\/#\/schema\/person\/image\/","url":"https:\/\/secure.gravatar.com\/avatar\/c268f4d483ce0486e5a10fee87bbf756?s=96&d=mm&r=g","contentUrl":"https:\/\/secure.gravatar.com\/avatar\/c268f4d483ce0486e5a10fee87bbf756?s=96&d=mm&r=g","caption":"admin1"},"url":"https:\/\/culturbaine.com\/index.php\/author\/admin1\/"}]}},"_links":{"self":[{"href":"https:\/\/culturbaine.com\/index.php\/wp-json\/wp\/v2\/posts\/9678"}],"collection":[{"href":"https:\/\/culturbaine.com\/index.php\/wp-json\/wp\/v2\/posts"}],"about":[{"href":"https:\/\/culturbaine.com\/index.php\/wp-json\/wp\/v2\/types\/post"}],"author":[{"embeddable":true,"href":"https:\/\/culturbaine.com\/index.php\/wp-json\/wp\/v2\/users\/2"}],"replies":[{"embeddable":true,"href":"https:\/\/culturbaine.com\/index.php\/wp-json\/wp\/v2\/comments?post=9678"}],"version-history":[{"count":0,"href":"https:\/\/culturbaine.com\/index.php\/wp-json\/wp\/v2\/posts\/9678\/revisions"}],"wp:featuredmedia":[{"embeddable":true,"href":"https:\/\/culturbaine.com\/index.php\/wp-json\/wp\/v2\/media\/9680"}],"wp:attachment":[{"href":"https:\/\/culturbaine.com\/index.php\/wp-json\/wp\/v2\/media?parent=9678"}],"wp:term":[{"taxonomy":"category","embeddable":true,"href":"https:\/\/culturbaine.com\/index.php\/wp-json\/wp\/v2\/categories?post=9678"},{"taxonomy":"post_tag","embeddable":true,"href":"https:\/\/culturbaine.com\/index.php\/wp-json\/wp\/v2\/tags?post=9678"}],"curies":[{"name":"wp","href":"https:\/\/api.w.org\/{rel}","templated":true}]}}