{"id":9645,"date":"2024-11-04T08:00:42","date_gmt":"2024-11-04T08:00:42","guid":{"rendered":"https:\/\/culturbaine.com\/?p=9645"},"modified":"2024-11-04T07:25:27","modified_gmt":"2024-11-04T07:25:27","slug":"celebration-du-couronnement-de-haile-selassie-le-reggae-ivoirien-sunit-pour-une-cause","status":"publish","type":"post","link":"https:\/\/culturbaine.com\/index.php\/2024\/11\/04\/celebration-du-couronnement-de-haile-selassie-le-reggae-ivoirien-sunit-pour-une-cause\/","title":{"rendered":"C\u00e9l\u00e9bration du Couronnement de Haile Selassie : Le Reggae Ivoirien S&rsquo;unit pour une Cause"},"content":{"rendered":"<p>Le 2 novembre de chaque ann\u00e9e marque la c\u00e9l\u00e9bration du couronnement de Sa Majest\u00e9 Imp\u00e9riale <strong>Haile Selassie<\/strong>, un \u00e9v\u00e9nement historique comm\u00e9mor\u00e9 depuis 1930. Cette date symbolique a \u00e9t\u00e9 honor\u00e9e en C\u00f4te d&rsquo;Ivoire, o\u00f9 la communaut\u00e9 reggae s&rsquo;est rassembl\u00e9e \u00e0 l\u2019Espace AZK, anim\u00e9e par le groupe de musiciens <strong>AZK Live<\/strong>, pour c\u00e9l\u00e9brer cette occasion m\u00e9morable.<\/p>\n<p>L&rsquo;\u00e9v\u00e9nement a r\u00e9uni des figures embl\u00e9matiques de la sc\u00e8ne reggae ivoirienne, notamment <strong>KAJEEM, Spyrow Le Fayaman, Aimann Raad, Julian Kadjey, Soweto Ras, JAH LIGHT<\/strong>, et <strong>Naftaly Soldat de Jah<\/strong>. Chacun de ces artistes s&rsquo;est produit b\u00e9n\u00e9volement, contribuant ainsi \u00e0 lever des fonds en faveur de la communaut\u00e9 Camps Bras Valides.<\/p>\n<p><img loading=\"lazy\" decoding=\"async\" class=\"alignnone size-medium wp-image-9646\" src=\"https:\/\/culturbaine.com\/wp-content\/uploads\/2024\/11\/1730646635636-300x200.jpg\" alt=\"\" width=\"300\" height=\"200\" srcset=\"https:\/\/culturbaine.com\/wp-content\/uploads\/2024\/11\/1730646635636-300x200.jpg 300w, https:\/\/culturbaine.com\/wp-content\/uploads\/2024\/11\/1730646635636.jpg 720w\" sizes=\"(max-width: 300px) 100vw, 300px\" \/><\/p>\n<p>Au-del\u00e0 de leurs performances musicales, les artistes ont saisi l&rsquo;opportunit\u00e9 de d\u00e9livrer des messages forts, appelant \u00e0 la solidarit\u00e9, \u00e0 la paix et \u00e0 l&rsquo;unit\u00e9, des valeurs ch\u00e8res \u00e0 l&rsquo;esprit du reggae et \u00e0 l&rsquo;h\u00e9ritage de Haile Selassie.<\/p>\n<p><img loading=\"lazy\" decoding=\"async\" class=\"alignnone size-medium wp-image-9647\" src=\"https:\/\/culturbaine.com\/wp-content\/uploads\/2024\/11\/1730646616498-300x200.jpg\" alt=\"\" width=\"300\" height=\"200\" srcset=\"https:\/\/culturbaine.com\/wp-content\/uploads\/2024\/11\/1730646616498-300x200.jpg 300w, https:\/\/culturbaine.com\/wp-content\/uploads\/2024\/11\/1730646616498.jpg 720w\" sizes=\"(max-width: 300px) 100vw, 300px\" \/><\/p>\n<p><strong>Mohamed Cinq Sylla<\/strong><\/p>\n","protected":false},"excerpt":{"rendered":"<p>Le 2 novembre de chaque ann\u00e9e marque la c\u00e9l\u00e9bration du couronnement de Sa Majest\u00e9 Imp\u00e9riale Haile Selassie, un \u00e9v\u00e9nement historique comm\u00e9mor\u00e9 depuis 1930. Cette date symbolique a \u00e9t\u00e9 honor\u00e9e en C\u00f4te d&rsquo;Ivoire, o\u00f9 la communaut\u00e9 reggae s&rsquo;est rassembl\u00e9e \u00e0 l\u2019Espace AZK, anim\u00e9e par le groupe de musiciens AZK Live, pour c\u00e9l\u00e9brer cette occasion m\u00e9morable. L&rsquo;\u00e9v\u00e9nement [&hellip;]<\/p>\n","protected":false},"author":2,"featured_media":9648,"comment_status":"closed","ping_status":"closed","sticky":false,"template":"","format":"standard","meta":{"_mi_skip_tracking":false,"_monsterinsights_sitenote_active":false,"_monsterinsights_sitenote_note":"","_monsterinsights_sitenote_category":0,"footnotes":""},"categories":[21,2394],"tags":[3337,3338],"class_list":["post-9645","post","type-post","status-publish","format-standard","has-post-thumbnail","hentry","category-actualite","category-reggae","tag-couronnement-de-haile-selassie","tag-reggae-ivoirien"],"yoast_head":"<!-- This site is optimized with the Yoast SEO Premium plugin v20.1 (Yoast SEO v24.0) - https:\/\/yoast.com\/wordpress\/plugins\/seo\/ -->\n<title>C\u00e9l\u00e9bration du Couronnement de Haile Selassie : Le Reggae Ivoirien S&#039;unit pour une Cause - Culturbaine<\/title>\n<meta name=\"robots\" content=\"index, follow, max-snippet:-1, max-image-preview:large, max-video-preview:-1\" \/>\n<link rel=\"canonical\" href=\"https:\/\/culturbaine.com\/index.php\/2024\/11\/04\/celebration-du-couronnement-de-haile-selassie-le-reggae-ivoirien-sunit-pour-une-cause\/\" \/>\n<meta property=\"og:locale\" content=\"fr_FR\" \/>\n<meta property=\"og:type\" content=\"article\" \/>\n<meta property=\"og:title\" content=\"C\u00e9l\u00e9bration du Couronnement de Haile Selassie : Le Reggae Ivoirien S&#039;unit pour une Cause\" \/>\n<meta property=\"og:description\" content=\"Le 2 novembre de chaque ann\u00e9e marque la c\u00e9l\u00e9bration du couronnement de Sa Majest\u00e9 Imp\u00e9riale Haile Selassie, un \u00e9v\u00e9nement historique comm\u00e9mor\u00e9 depuis 1930. Cette date symbolique a \u00e9t\u00e9 honor\u00e9e en C\u00f4te d&rsquo;Ivoire, o\u00f9 la communaut\u00e9 reggae s&rsquo;est rassembl\u00e9e \u00e0 l\u2019Espace AZK, anim\u00e9e par le groupe de musiciens AZK Live, pour c\u00e9l\u00e9brer cette occasion m\u00e9morable. L&rsquo;\u00e9v\u00e9nement [&hellip;]\" \/>\n<meta property=\"og:url\" content=\"https:\/\/culturbaine.com\/index.php\/2024\/11\/04\/celebration-du-couronnement-de-haile-selassie-le-reggae-ivoirien-sunit-pour-une-cause\/\" \/>\n<meta property=\"og:site_name\" content=\"Culturbaine\" \/>\n<meta property=\"article:publisher\" content=\"https:\/\/www.facebook.com\/Culturbaines\" \/>\n<meta property=\"article:published_time\" content=\"2024-11-04T08:00:42+00:00\" \/>\n<meta property=\"article:modified_time\" content=\"2024-11-04T07:25:27+00:00\" \/>\n<meta property=\"og:image\" content=\"https:\/\/culturbaine.com\/wp-content\/uploads\/2024\/11\/1730646628585.jpg\" \/>\n\t<meta property=\"og:image:width\" content=\"720\" \/>\n\t<meta property=\"og:image:height\" content=\"480\" \/>\n\t<meta property=\"og:image:type\" content=\"image\/jpeg\" \/>\n<meta name=\"author\" content=\"admin1\" \/>\n<meta name=\"twitter:card\" content=\"summary_large_image\" \/>\n<meta name=\"twitter:creator\" content=\"@culturbaines\" \/>\n<meta name=\"twitter:site\" content=\"@culturbaines\" \/>\n<meta name=\"twitter:label1\" content=\"\u00c9crit par\" \/>\n\t<meta name=\"twitter:data1\" content=\"admin1\" \/>\n\t<meta name=\"twitter:label2\" content=\"Dur\u00e9e de lecture estim\u00e9e\" \/>\n\t<meta name=\"twitter:data2\" content=\"2 minutes\" \/>\n<script type=\"application\/ld+json\" class=\"yoast-schema-graph\">{\"@context\":\"https:\/\/schema.org\",\"@graph\":[{\"@type\":\"Article\",\"@id\":\"https:\/\/culturbaine.com\/index.php\/2024\/11\/04\/celebration-du-couronnement-de-haile-selassie-le-reggae-ivoirien-sunit-pour-une-cause\/#article\",\"isPartOf\":{\"@id\":\"https:\/\/culturbaine.com\/index.php\/2024\/11\/04\/celebration-du-couronnement-de-haile-selassie-le-reggae-ivoirien-sunit-pour-une-cause\/\"},\"author\":{\"name\":\"admin1\",\"@id\":\"https:\/\/culturbaine.com\/#\/schema\/person\/42eb7485c572e0746c1ea6b8216c3814\"},\"headline\":\"C\u00e9l\u00e9bration du Couronnement de Haile Selassie : Le Reggae Ivoirien S&rsquo;unit pour une Cause\",\"datePublished\":\"2024-11-04T08:00:42+00:00\",\"dateModified\":\"2024-11-04T07:25:27+00:00\",\"mainEntityOfPage\":{\"@id\":\"https:\/\/culturbaine.com\/index.php\/2024\/11\/04\/celebration-du-couronnement-de-haile-selassie-le-reggae-ivoirien-sunit-pour-une-cause\/\"},\"wordCount\":183,\"publisher\":{\"@id\":\"https:\/\/culturbaine.com\/#organization\"},\"image\":{\"@id\":\"https:\/\/culturbaine.com\/index.php\/2024\/11\/04\/celebration-du-couronnement-de-haile-selassie-le-reggae-ivoirien-sunit-pour-une-cause\/#primaryimage\"},\"thumbnailUrl\":\"https:\/\/culturbaine.com\/wp-content\/uploads\/2024\/11\/1730646628585.jpg\",\"keywords\":[\"Couronnement de Haile Selassie\",\"Reggae Ivoirien\"],\"articleSection\":[\"Actualit\u00e9\",\"Reggae\"],\"inLanguage\":\"fr-FR\"},{\"@type\":\"WebPage\",\"@id\":\"https:\/\/culturbaine.com\/index.php\/2024\/11\/04\/celebration-du-couronnement-de-haile-selassie-le-reggae-ivoirien-sunit-pour-une-cause\/\",\"url\":\"https:\/\/culturbaine.com\/index.php\/2024\/11\/04\/celebration-du-couronnement-de-haile-selassie-le-reggae-ivoirien-sunit-pour-une-cause\/\",\"name\":\"C\u00e9l\u00e9bration du Couronnement de Haile Selassie : Le Reggae Ivoirien S'unit pour une Cause - Culturbaine\",\"isPartOf\":{\"@id\":\"https:\/\/culturbaine.com\/#website\"},\"primaryImageOfPage\":{\"@id\":\"https:\/\/culturbaine.com\/index.php\/2024\/11\/04\/celebration-du-couronnement-de-haile-selassie-le-reggae-ivoirien-sunit-pour-une-cause\/#primaryimage\"},\"image\":{\"@id\":\"https:\/\/culturbaine.com\/index.php\/2024\/11\/04\/celebration-du-couronnement-de-haile-selassie-le-reggae-ivoirien-sunit-pour-une-cause\/#primaryimage\"},\"thumbnailUrl\":\"https:\/\/culturbaine.com\/wp-content\/uploads\/2024\/11\/1730646628585.jpg\",\"datePublished\":\"2024-11-04T08:00:42+00:00\",\"dateModified\":\"2024-11-04T07:25:27+00:00\",\"breadcrumb\":{\"@id\":\"https:\/\/culturbaine.com\/index.php\/2024\/11\/04\/celebration-du-couronnement-de-haile-selassie-le-reggae-ivoirien-sunit-pour-une-cause\/#breadcrumb\"},\"inLanguage\":\"fr-FR\",\"potentialAction\":[{\"@type\":\"ReadAction\",\"target\":[\"https:\/\/culturbaine.com\/index.php\/2024\/11\/04\/celebration-du-couronnement-de-haile-selassie-le-reggae-ivoirien-sunit-pour-une-cause\/\"]}]},{\"@type\":\"ImageObject\",\"inLanguage\":\"fr-FR\",\"@id\":\"https:\/\/culturbaine.com\/index.php\/2024\/11\/04\/celebration-du-couronnement-de-haile-selassie-le-reggae-ivoirien-sunit-pour-une-cause\/#primaryimage\",\"url\":\"https:\/\/culturbaine.com\/wp-content\/uploads\/2024\/11\/1730646628585.jpg\",\"contentUrl\":\"https:\/\/culturbaine.com\/wp-content\/uploads\/2024\/11\/1730646628585.jpg\",\"width\":720,\"height\":480},{\"@type\":\"BreadcrumbList\",\"@id\":\"https:\/\/culturbaine.com\/index.php\/2024\/11\/04\/celebration-du-couronnement-de-haile-selassie-le-reggae-ivoirien-sunit-pour-une-cause\/#breadcrumb\",\"itemListElement\":[{\"@type\":\"ListItem\",\"position\":1,\"name\":\"Home\",\"item\":\"https:\/\/culturbaine.com\/\"},{\"@type\":\"ListItem\",\"position\":2,\"name\":\"C\u00e9l\u00e9bration du Couronnement de Haile Selassie : Le Reggae Ivoirien S&rsquo;unit pour une Cause\"}]},{\"@type\":\"WebSite\",\"@id\":\"https:\/\/culturbaine.com\/#website\",\"url\":\"https:\/\/culturbaine.com\/\",\"name\":\"Culturbaine.com\",\"description\":\"Toute l&#039;actualit\u00e9 des Cultures Urbaines, en un clic  !\",\"publisher\":{\"@id\":\"https:\/\/culturbaine.com\/#organization\"},\"potentialAction\":[{\"@type\":\"SearchAction\",\"target\":{\"@type\":\"EntryPoint\",\"urlTemplate\":\"https:\/\/culturbaine.com\/?s={search_term_string}\"},\"query-input\":{\"@type\":\"PropertyValueSpecification\",\"valueRequired\":true,\"valueName\":\"search_term_string\"}}],\"inLanguage\":\"fr-FR\"},{\"@type\":\"Organization\",\"@id\":\"https:\/\/culturbaine.com\/#organization\",\"name\":\"Culturbaine.com\",\"url\":\"https:\/\/culturbaine.com\/\",\"logo\":{\"@type\":\"ImageObject\",\"inLanguage\":\"fr-FR\",\"@id\":\"https:\/\/culturbaine.com\/#\/schema\/logo\/image\/\",\"url\":\"https:\/\/culturbaine.com\/wp-content\/uploads\/2023\/07\/WhatsApp-Image-2023-07-17-at-14.38.18.jpeg\",\"contentUrl\":\"https:\/\/culturbaine.com\/wp-content\/uploads\/2023\/07\/WhatsApp-Image-2023-07-17-at-14.38.18.jpeg\",\"width\":855,\"height\":270,\"caption\":\"Culturbaine.com\"},\"image\":{\"@id\":\"https:\/\/culturbaine.com\/#\/schema\/logo\/image\/\"},\"sameAs\":[\"https:\/\/www.facebook.com\/Culturbaines\",\"https:\/\/x.com\/culturbaines\"]},{\"@type\":\"Person\",\"@id\":\"https:\/\/culturbaine.com\/#\/schema\/person\/42eb7485c572e0746c1ea6b8216c3814\",\"name\":\"admin1\",\"image\":{\"@type\":\"ImageObject\",\"inLanguage\":\"fr-FR\",\"@id\":\"https:\/\/culturbaine.com\/#\/schema\/person\/image\/\",\"url\":\"https:\/\/secure.gravatar.com\/avatar\/c268f4d483ce0486e5a10fee87bbf756?s=96&d=mm&r=g\",\"contentUrl\":\"https:\/\/secure.gravatar.com\/avatar\/c268f4d483ce0486e5a10fee87bbf756?s=96&d=mm&r=g\",\"caption\":\"admin1\"},\"url\":\"https:\/\/culturbaine.com\/index.php\/author\/admin1\/\"}]}<\/script>\n<!-- \/ Yoast SEO Premium plugin. -->","yoast_head_json":{"title":"C\u00e9l\u00e9bration du Couronnement de Haile Selassie : Le Reggae Ivoirien S'unit pour une Cause - Culturbaine","robots":{"index":"index","follow":"follow","max-snippet":"max-snippet:-1","max-image-preview":"max-image-preview:large","max-video-preview":"max-video-preview:-1"},"canonical":"https:\/\/culturbaine.com\/index.php\/2024\/11\/04\/celebration-du-couronnement-de-haile-selassie-le-reggae-ivoirien-sunit-pour-une-cause\/","og_locale":"fr_FR","og_type":"article","og_title":"C\u00e9l\u00e9bration du Couronnement de Haile Selassie : Le Reggae Ivoirien S'unit pour une Cause","og_description":"Le 2 novembre de chaque ann\u00e9e marque la c\u00e9l\u00e9bration du couronnement de Sa Majest\u00e9 Imp\u00e9riale Haile Selassie, un \u00e9v\u00e9nement historique comm\u00e9mor\u00e9 depuis 1930. Cette date symbolique a \u00e9t\u00e9 honor\u00e9e en C\u00f4te d&rsquo;Ivoire, o\u00f9 la communaut\u00e9 reggae s&rsquo;est rassembl\u00e9e \u00e0 l\u2019Espace AZK, anim\u00e9e par le groupe de musiciens AZK Live, pour c\u00e9l\u00e9brer cette occasion m\u00e9morable. L&rsquo;\u00e9v\u00e9nement [&hellip;]","og_url":"https:\/\/culturbaine.com\/index.php\/2024\/11\/04\/celebration-du-couronnement-de-haile-selassie-le-reggae-ivoirien-sunit-pour-une-cause\/","og_site_name":"Culturbaine","article_publisher":"https:\/\/www.facebook.com\/Culturbaines","article_published_time":"2024-11-04T08:00:42+00:00","article_modified_time":"2024-11-04T07:25:27+00:00","og_image":[{"width":720,"height":480,"url":"https:\/\/culturbaine.com\/wp-content\/uploads\/2024\/11\/1730646628585.jpg","type":"image\/jpeg"}],"author":"admin1","twitter_card":"summary_large_image","twitter_creator":"@culturbaines","twitter_site":"@culturbaines","twitter_misc":{"\u00c9crit par":"admin1","Dur\u00e9e de lecture estim\u00e9e":"2 minutes"},"schema":{"@context":"https:\/\/schema.org","@graph":[{"@type":"Article","@id":"https:\/\/culturbaine.com\/index.php\/2024\/11\/04\/celebration-du-couronnement-de-haile-selassie-le-reggae-ivoirien-sunit-pour-une-cause\/#article","isPartOf":{"@id":"https:\/\/culturbaine.com\/index.php\/2024\/11\/04\/celebration-du-couronnement-de-haile-selassie-le-reggae-ivoirien-sunit-pour-une-cause\/"},"author":{"name":"admin1","@id":"https:\/\/culturbaine.com\/#\/schema\/person\/42eb7485c572e0746c1ea6b8216c3814"},"headline":"C\u00e9l\u00e9bration du Couronnement de Haile Selassie : Le Reggae Ivoirien S&rsquo;unit pour une Cause","datePublished":"2024-11-04T08:00:42+00:00","dateModified":"2024-11-04T07:25:27+00:00","mainEntityOfPage":{"@id":"https:\/\/culturbaine.com\/index.php\/2024\/11\/04\/celebration-du-couronnement-de-haile-selassie-le-reggae-ivoirien-sunit-pour-une-cause\/"},"wordCount":183,"publisher":{"@id":"https:\/\/culturbaine.com\/#organization"},"image":{"@id":"https:\/\/culturbaine.com\/index.php\/2024\/11\/04\/celebration-du-couronnement-de-haile-selassie-le-reggae-ivoirien-sunit-pour-une-cause\/#primaryimage"},"thumbnailUrl":"https:\/\/culturbaine.com\/wp-content\/uploads\/2024\/11\/1730646628585.jpg","keywords":["Couronnement de Haile Selassie","Reggae Ivoirien"],"articleSection":["Actualit\u00e9","Reggae"],"inLanguage":"fr-FR"},{"@type":"WebPage","@id":"https:\/\/culturbaine.com\/index.php\/2024\/11\/04\/celebration-du-couronnement-de-haile-selassie-le-reggae-ivoirien-sunit-pour-une-cause\/","url":"https:\/\/culturbaine.com\/index.php\/2024\/11\/04\/celebration-du-couronnement-de-haile-selassie-le-reggae-ivoirien-sunit-pour-une-cause\/","name":"C\u00e9l\u00e9bration du Couronnement de Haile Selassie : Le Reggae Ivoirien S'unit pour une Cause - Culturbaine","isPartOf":{"@id":"https:\/\/culturbaine.com\/#website"},"primaryImageOfPage":{"@id":"https:\/\/culturbaine.com\/index.php\/2024\/11\/04\/celebration-du-couronnement-de-haile-selassie-le-reggae-ivoirien-sunit-pour-une-cause\/#primaryimage"},"image":{"@id":"https:\/\/culturbaine.com\/index.php\/2024\/11\/04\/celebration-du-couronnement-de-haile-selassie-le-reggae-ivoirien-sunit-pour-une-cause\/#primaryimage"},"thumbnailUrl":"https:\/\/culturbaine.com\/wp-content\/uploads\/2024\/11\/1730646628585.jpg","datePublished":"2024-11-04T08:00:42+00:00","dateModified":"2024-11-04T07:25:27+00:00","breadcrumb":{"@id":"https:\/\/culturbaine.com\/index.php\/2024\/11\/04\/celebration-du-couronnement-de-haile-selassie-le-reggae-ivoirien-sunit-pour-une-cause\/#breadcrumb"},"inLanguage":"fr-FR","potentialAction":[{"@type":"ReadAction","target":["https:\/\/culturbaine.com\/index.php\/2024\/11\/04\/celebration-du-couronnement-de-haile-selassie-le-reggae-ivoirien-sunit-pour-une-cause\/"]}]},{"@type":"ImageObject","inLanguage":"fr-FR","@id":"https:\/\/culturbaine.com\/index.php\/2024\/11\/04\/celebration-du-couronnement-de-haile-selassie-le-reggae-ivoirien-sunit-pour-une-cause\/#primaryimage","url":"https:\/\/culturbaine.com\/wp-content\/uploads\/2024\/11\/1730646628585.jpg","contentUrl":"https:\/\/culturbaine.com\/wp-content\/uploads\/2024\/11\/1730646628585.jpg","width":720,"height":480},{"@type":"BreadcrumbList","@id":"https:\/\/culturbaine.com\/index.php\/2024\/11\/04\/celebration-du-couronnement-de-haile-selassie-le-reggae-ivoirien-sunit-pour-une-cause\/#breadcrumb","itemListElement":[{"@type":"ListItem","position":1,"name":"Home","item":"https:\/\/culturbaine.com\/"},{"@type":"ListItem","position":2,"name":"C\u00e9l\u00e9bration du Couronnement de Haile Selassie : Le Reggae Ivoirien S&rsquo;unit pour une Cause"}]},{"@type":"WebSite","@id":"https:\/\/culturbaine.com\/#website","url":"https:\/\/culturbaine.com\/","name":"Culturbaine.com","description":"Toute l&#039;actualit\u00e9 des Cultures Urbaines, en un clic  !","publisher":{"@id":"https:\/\/culturbaine.com\/#organization"},"potentialAction":[{"@type":"SearchAction","target":{"@type":"EntryPoint","urlTemplate":"https:\/\/culturbaine.com\/?s={search_term_string}"},"query-input":{"@type":"PropertyValueSpecification","valueRequired":true,"valueName":"search_term_string"}}],"inLanguage":"fr-FR"},{"@type":"Organization","@id":"https:\/\/culturbaine.com\/#organization","name":"Culturbaine.com","url":"https:\/\/culturbaine.com\/","logo":{"@type":"ImageObject","inLanguage":"fr-FR","@id":"https:\/\/culturbaine.com\/#\/schema\/logo\/image\/","url":"https:\/\/culturbaine.com\/wp-content\/uploads\/2023\/07\/WhatsApp-Image-2023-07-17-at-14.38.18.jpeg","contentUrl":"https:\/\/culturbaine.com\/wp-content\/uploads\/2023\/07\/WhatsApp-Image-2023-07-17-at-14.38.18.jpeg","width":855,"height":270,"caption":"Culturbaine.com"},"image":{"@id":"https:\/\/culturbaine.com\/#\/schema\/logo\/image\/"},"sameAs":["https:\/\/www.facebook.com\/Culturbaines","https:\/\/x.com\/culturbaines"]},{"@type":"Person","@id":"https:\/\/culturbaine.com\/#\/schema\/person\/42eb7485c572e0746c1ea6b8216c3814","name":"admin1","image":{"@type":"ImageObject","inLanguage":"fr-FR","@id":"https:\/\/culturbaine.com\/#\/schema\/person\/image\/","url":"https:\/\/secure.gravatar.com\/avatar\/c268f4d483ce0486e5a10fee87bbf756?s=96&d=mm&r=g","contentUrl":"https:\/\/secure.gravatar.com\/avatar\/c268f4d483ce0486e5a10fee87bbf756?s=96&d=mm&r=g","caption":"admin1"},"url":"https:\/\/culturbaine.com\/index.php\/author\/admin1\/"}]}},"_links":{"self":[{"href":"https:\/\/culturbaine.com\/index.php\/wp-json\/wp\/v2\/posts\/9645"}],"collection":[{"href":"https:\/\/culturbaine.com\/index.php\/wp-json\/wp\/v2\/posts"}],"about":[{"href":"https:\/\/culturbaine.com\/index.php\/wp-json\/wp\/v2\/types\/post"}],"author":[{"embeddable":true,"href":"https:\/\/culturbaine.com\/index.php\/wp-json\/wp\/v2\/users\/2"}],"replies":[{"embeddable":true,"href":"https:\/\/culturbaine.com\/index.php\/wp-json\/wp\/v2\/comments?post=9645"}],"version-history":[{"count":0,"href":"https:\/\/culturbaine.com\/index.php\/wp-json\/wp\/v2\/posts\/9645\/revisions"}],"wp:featuredmedia":[{"embeddable":true,"href":"https:\/\/culturbaine.com\/index.php\/wp-json\/wp\/v2\/media\/9648"}],"wp:attachment":[{"href":"https:\/\/culturbaine.com\/index.php\/wp-json\/wp\/v2\/media?parent=9645"}],"wp:term":[{"taxonomy":"category","embeddable":true,"href":"https:\/\/culturbaine.com\/index.php\/wp-json\/wp\/v2\/categories?post=9645"},{"taxonomy":"post_tag","embeddable":true,"href":"https:\/\/culturbaine.com\/index.php\/wp-json\/wp\/v2\/tags?post=9645"}],"curies":[{"name":"wp","href":"https:\/\/api.w.org\/{rel}","templated":true}]}}