{"id":9639,"date":"2024-11-03T20:00:44","date_gmt":"2024-11-03T20:00:44","guid":{"rendered":"https:\/\/culturbaine.com\/?p=9639"},"modified":"2024-11-03T19:13:12","modified_gmt":"2024-11-03T19:13:12","slug":"fristival-acte-9-singleton-le-melangeur-et-limo-en-tete-daffiche","status":"publish","type":"post","link":"https:\/\/culturbaine.com\/index.php\/2024\/11\/03\/fristival-acte-9-singleton-le-melangeur-et-limo-en-tete-daffiche\/","title":{"rendered":"Fristival Acte 9 : Singleton, Le M\u00e9langeur et Limo en t\u00eate d&rsquo;affiche !"},"content":{"rendered":"<p>Le <strong>Fristival<\/strong>, ou Festival de Fria, continue de s&rsquo;imposer comme l&rsquo;un des \u00e9v\u00e9nements culturels les plus embl\u00e9matiques et durables de la R\u00e9publique de Guin\u00e9e. Cette ann\u00e9e, l&rsquo;\u00e9v\u00e9nement revient pour sa 9e \u00e9dition, qui se tiendra du 22 au 29 d\u00e9cembre. Les festivit\u00e9s culmineront avec de grands concerts publics au stade Konko Sylla.<\/p>\n<p>Organis\u00e9 par <strong>Mack Team<\/strong>, le festival promet une programmation riche et captivante, r\u00e9unissant \u00e0 la fois les \u00e9toiles montantes et les figures incontournables de la sc\u00e8ne musicale urbaine guin\u00e9enne. Parmi les t\u00eates d&rsquo;affiche figurent des artistes de renom tels que <strong>Singleton, Le<\/strong> <strong>M\u00e9langeur <\/strong>et<strong> Limo,<\/strong> qui ne manqueront pas de faire vibrer le public. D&rsquo;autres artistes viendront compl\u00e9ter cette liste pour offrir aux festivaliers un spectacle m\u00e9morable.<\/p>\n<p><strong>Mohamed Cinq Sylla<\/strong><\/p>\n","protected":false},"excerpt":{"rendered":"<p>Le Fristival, ou Festival de Fria, continue de s&rsquo;imposer comme l&rsquo;un des \u00e9v\u00e9nements culturels les plus embl\u00e9matiques et durables de la R\u00e9publique de Guin\u00e9e. Cette ann\u00e9e, l&rsquo;\u00e9v\u00e9nement revient pour sa 9e \u00e9dition, qui se tiendra du 22 au 29 d\u00e9cembre. Les festivit\u00e9s culmineront avec de grands concerts publics au stade Konko Sylla. Organis\u00e9 par Mack [&hellip;]<\/p>\n","protected":false},"author":2,"featured_media":9641,"comment_status":"closed","ping_status":"closed","sticky":false,"template":"","format":"standard","meta":{"_mi_skip_tracking":false,"_monsterinsights_sitenote_active":false,"_monsterinsights_sitenote_note":"","_monsterinsights_sitenote_category":0,"footnotes":""},"categories":[21,33],"tags":[3335,3334,3336],"class_list":["post-9639","post","type-post","status-publish","format-standard","has-post-thumbnail","hentry","category-actualite","category-agenda","tag-festival-de-fria","tag-fristival","tag-mack-team"],"yoast_head":"<!-- This site is optimized with the Yoast SEO Premium plugin v20.1 (Yoast SEO v24.0) - https:\/\/yoast.com\/wordpress\/plugins\/seo\/ -->\n<title>Fristival Acte 9 : Singleton, Le M\u00e9langeur et Limo en t\u00eate d&#039;affiche ! - Culturbaine<\/title>\n<meta name=\"robots\" content=\"index, follow, max-snippet:-1, max-image-preview:large, max-video-preview:-1\" \/>\n<link rel=\"canonical\" href=\"https:\/\/culturbaine.com\/index.php\/2024\/11\/03\/fristival-acte-9-singleton-le-melangeur-et-limo-en-tete-daffiche\/\" \/>\n<meta property=\"og:locale\" content=\"fr_FR\" \/>\n<meta property=\"og:type\" content=\"article\" \/>\n<meta property=\"og:title\" content=\"Fristival Acte 9 : Singleton, Le M\u00e9langeur et Limo en t\u00eate d&#039;affiche !\" \/>\n<meta property=\"og:description\" content=\"Le Fristival, ou Festival de Fria, continue de s&rsquo;imposer comme l&rsquo;un des \u00e9v\u00e9nements culturels les plus embl\u00e9matiques et durables de la R\u00e9publique de Guin\u00e9e. Cette ann\u00e9e, l&rsquo;\u00e9v\u00e9nement revient pour sa 9e \u00e9dition, qui se tiendra du 22 au 29 d\u00e9cembre. Les festivit\u00e9s culmineront avec de grands concerts publics au stade Konko Sylla. Organis\u00e9 par Mack [&hellip;]\" \/>\n<meta property=\"og:url\" content=\"https:\/\/culturbaine.com\/index.php\/2024\/11\/03\/fristival-acte-9-singleton-le-melangeur-et-limo-en-tete-daffiche\/\" \/>\n<meta property=\"og:site_name\" content=\"Culturbaine\" \/>\n<meta property=\"article:publisher\" content=\"https:\/\/www.facebook.com\/Culturbaines\" \/>\n<meta property=\"article:published_time\" content=\"2024-11-03T20:00:44+00:00\" \/>\n<meta property=\"article:modified_time\" content=\"2024-11-03T19:13:12+00:00\" \/>\n<meta property=\"og:image\" content=\"https:\/\/culturbaine.com\/wp-content\/uploads\/2024\/11\/PhotoCollage_1730660442856.png\" \/>\n\t<meta property=\"og:image:width\" content=\"1920\" \/>\n\t<meta property=\"og:image:height\" content=\"1080\" \/>\n\t<meta property=\"og:image:type\" content=\"image\/png\" \/>\n<meta name=\"author\" content=\"admin1\" \/>\n<meta name=\"twitter:card\" content=\"summary_large_image\" \/>\n<meta name=\"twitter:creator\" content=\"@culturbaines\" \/>\n<meta name=\"twitter:site\" content=\"@culturbaines\" \/>\n<meta name=\"twitter:label1\" content=\"\u00c9crit par\" \/>\n\t<meta name=\"twitter:data1\" content=\"admin1\" \/>\n\t<meta name=\"twitter:label2\" content=\"Dur\u00e9e de lecture estim\u00e9e\" \/>\n\t<meta name=\"twitter:data2\" content=\"1 minute\" \/>\n<script type=\"application\/ld+json\" class=\"yoast-schema-graph\">{\"@context\":\"https:\/\/schema.org\",\"@graph\":[{\"@type\":\"Article\",\"@id\":\"https:\/\/culturbaine.com\/index.php\/2024\/11\/03\/fristival-acte-9-singleton-le-melangeur-et-limo-en-tete-daffiche\/#article\",\"isPartOf\":{\"@id\":\"https:\/\/culturbaine.com\/index.php\/2024\/11\/03\/fristival-acte-9-singleton-le-melangeur-et-limo-en-tete-daffiche\/\"},\"author\":{\"name\":\"admin1\",\"@id\":\"https:\/\/culturbaine.com\/#\/schema\/person\/42eb7485c572e0746c1ea6b8216c3814\"},\"headline\":\"Fristival Acte 9 : Singleton, Le M\u00e9langeur et Limo en t\u00eate d&rsquo;affiche !\",\"datePublished\":\"2024-11-03T20:00:44+00:00\",\"dateModified\":\"2024-11-03T19:13:12+00:00\",\"mainEntityOfPage\":{\"@id\":\"https:\/\/culturbaine.com\/index.php\/2024\/11\/03\/fristival-acte-9-singleton-le-melangeur-et-limo-en-tete-daffiche\/\"},\"wordCount\":152,\"publisher\":{\"@id\":\"https:\/\/culturbaine.com\/#organization\"},\"image\":{\"@id\":\"https:\/\/culturbaine.com\/index.php\/2024\/11\/03\/fristival-acte-9-singleton-le-melangeur-et-limo-en-tete-daffiche\/#primaryimage\"},\"thumbnailUrl\":\"https:\/\/culturbaine.com\/wp-content\/uploads\/2024\/11\/PhotoCollage_1730660442856.png\",\"keywords\":[\"Festival de Fria\",\"Fristival\",\"Mack Team\"],\"articleSection\":[\"Actualit\u00e9\",\"Agenda\"],\"inLanguage\":\"fr-FR\"},{\"@type\":\"WebPage\",\"@id\":\"https:\/\/culturbaine.com\/index.php\/2024\/11\/03\/fristival-acte-9-singleton-le-melangeur-et-limo-en-tete-daffiche\/\",\"url\":\"https:\/\/culturbaine.com\/index.php\/2024\/11\/03\/fristival-acte-9-singleton-le-melangeur-et-limo-en-tete-daffiche\/\",\"name\":\"Fristival Acte 9 : Singleton, Le M\u00e9langeur et Limo en t\u00eate d'affiche ! - Culturbaine\",\"isPartOf\":{\"@id\":\"https:\/\/culturbaine.com\/#website\"},\"primaryImageOfPage\":{\"@id\":\"https:\/\/culturbaine.com\/index.php\/2024\/11\/03\/fristival-acte-9-singleton-le-melangeur-et-limo-en-tete-daffiche\/#primaryimage\"},\"image\":{\"@id\":\"https:\/\/culturbaine.com\/index.php\/2024\/11\/03\/fristival-acte-9-singleton-le-melangeur-et-limo-en-tete-daffiche\/#primaryimage\"},\"thumbnailUrl\":\"https:\/\/culturbaine.com\/wp-content\/uploads\/2024\/11\/PhotoCollage_1730660442856.png\",\"datePublished\":\"2024-11-03T20:00:44+00:00\",\"dateModified\":\"2024-11-03T19:13:12+00:00\",\"breadcrumb\":{\"@id\":\"https:\/\/culturbaine.com\/index.php\/2024\/11\/03\/fristival-acte-9-singleton-le-melangeur-et-limo-en-tete-daffiche\/#breadcrumb\"},\"inLanguage\":\"fr-FR\",\"potentialAction\":[{\"@type\":\"ReadAction\",\"target\":[\"https:\/\/culturbaine.com\/index.php\/2024\/11\/03\/fristival-acte-9-singleton-le-melangeur-et-limo-en-tete-daffiche\/\"]}]},{\"@type\":\"ImageObject\",\"inLanguage\":\"fr-FR\",\"@id\":\"https:\/\/culturbaine.com\/index.php\/2024\/11\/03\/fristival-acte-9-singleton-le-melangeur-et-limo-en-tete-daffiche\/#primaryimage\",\"url\":\"https:\/\/culturbaine.com\/wp-content\/uploads\/2024\/11\/PhotoCollage_1730660442856.png\",\"contentUrl\":\"https:\/\/culturbaine.com\/wp-content\/uploads\/2024\/11\/PhotoCollage_1730660442856.png\",\"width\":1920,\"height\":1080},{\"@type\":\"BreadcrumbList\",\"@id\":\"https:\/\/culturbaine.com\/index.php\/2024\/11\/03\/fristival-acte-9-singleton-le-melangeur-et-limo-en-tete-daffiche\/#breadcrumb\",\"itemListElement\":[{\"@type\":\"ListItem\",\"position\":1,\"name\":\"Home\",\"item\":\"https:\/\/culturbaine.com\/\"},{\"@type\":\"ListItem\",\"position\":2,\"name\":\"Fristival Acte 9 : Singleton, Le M\u00e9langeur et Limo en t\u00eate d&rsquo;affiche !\"}]},{\"@type\":\"WebSite\",\"@id\":\"https:\/\/culturbaine.com\/#website\",\"url\":\"https:\/\/culturbaine.com\/\",\"name\":\"Culturbaine.com\",\"description\":\"Toute l&#039;actualit\u00e9 des Cultures Urbaines, en un clic  !\",\"publisher\":{\"@id\":\"https:\/\/culturbaine.com\/#organization\"},\"potentialAction\":[{\"@type\":\"SearchAction\",\"target\":{\"@type\":\"EntryPoint\",\"urlTemplate\":\"https:\/\/culturbaine.com\/?s={search_term_string}\"},\"query-input\":{\"@type\":\"PropertyValueSpecification\",\"valueRequired\":true,\"valueName\":\"search_term_string\"}}],\"inLanguage\":\"fr-FR\"},{\"@type\":\"Organization\",\"@id\":\"https:\/\/culturbaine.com\/#organization\",\"name\":\"Culturbaine.com\",\"url\":\"https:\/\/culturbaine.com\/\",\"logo\":{\"@type\":\"ImageObject\",\"inLanguage\":\"fr-FR\",\"@id\":\"https:\/\/culturbaine.com\/#\/schema\/logo\/image\/\",\"url\":\"https:\/\/culturbaine.com\/wp-content\/uploads\/2023\/07\/WhatsApp-Image-2023-07-17-at-14.38.18.jpeg\",\"contentUrl\":\"https:\/\/culturbaine.com\/wp-content\/uploads\/2023\/07\/WhatsApp-Image-2023-07-17-at-14.38.18.jpeg\",\"width\":855,\"height\":270,\"caption\":\"Culturbaine.com\"},\"image\":{\"@id\":\"https:\/\/culturbaine.com\/#\/schema\/logo\/image\/\"},\"sameAs\":[\"https:\/\/www.facebook.com\/Culturbaines\",\"https:\/\/x.com\/culturbaines\"]},{\"@type\":\"Person\",\"@id\":\"https:\/\/culturbaine.com\/#\/schema\/person\/42eb7485c572e0746c1ea6b8216c3814\",\"name\":\"admin1\",\"image\":{\"@type\":\"ImageObject\",\"inLanguage\":\"fr-FR\",\"@id\":\"https:\/\/culturbaine.com\/#\/schema\/person\/image\/\",\"url\":\"https:\/\/secure.gravatar.com\/avatar\/c268f4d483ce0486e5a10fee87bbf756?s=96&d=mm&r=g\",\"contentUrl\":\"https:\/\/secure.gravatar.com\/avatar\/c268f4d483ce0486e5a10fee87bbf756?s=96&d=mm&r=g\",\"caption\":\"admin1\"},\"url\":\"https:\/\/culturbaine.com\/index.php\/author\/admin1\/\"}]}<\/script>\n<!-- \/ Yoast SEO Premium plugin. -->","yoast_head_json":{"title":"Fristival Acte 9 : Singleton, Le M\u00e9langeur et Limo en t\u00eate d'affiche ! - Culturbaine","robots":{"index":"index","follow":"follow","max-snippet":"max-snippet:-1","max-image-preview":"max-image-preview:large","max-video-preview":"max-video-preview:-1"},"canonical":"https:\/\/culturbaine.com\/index.php\/2024\/11\/03\/fristival-acte-9-singleton-le-melangeur-et-limo-en-tete-daffiche\/","og_locale":"fr_FR","og_type":"article","og_title":"Fristival Acte 9 : Singleton, Le M\u00e9langeur et Limo en t\u00eate d'affiche !","og_description":"Le Fristival, ou Festival de Fria, continue de s&rsquo;imposer comme l&rsquo;un des \u00e9v\u00e9nements culturels les plus embl\u00e9matiques et durables de la R\u00e9publique de Guin\u00e9e. Cette ann\u00e9e, l&rsquo;\u00e9v\u00e9nement revient pour sa 9e \u00e9dition, qui se tiendra du 22 au 29 d\u00e9cembre. Les festivit\u00e9s culmineront avec de grands concerts publics au stade Konko Sylla. Organis\u00e9 par Mack [&hellip;]","og_url":"https:\/\/culturbaine.com\/index.php\/2024\/11\/03\/fristival-acte-9-singleton-le-melangeur-et-limo-en-tete-daffiche\/","og_site_name":"Culturbaine","article_publisher":"https:\/\/www.facebook.com\/Culturbaines","article_published_time":"2024-11-03T20:00:44+00:00","article_modified_time":"2024-11-03T19:13:12+00:00","og_image":[{"width":1920,"height":1080,"url":"https:\/\/culturbaine.com\/wp-content\/uploads\/2024\/11\/PhotoCollage_1730660442856.png","type":"image\/png"}],"author":"admin1","twitter_card":"summary_large_image","twitter_creator":"@culturbaines","twitter_site":"@culturbaines","twitter_misc":{"\u00c9crit par":"admin1","Dur\u00e9e de lecture estim\u00e9e":"1 minute"},"schema":{"@context":"https:\/\/schema.org","@graph":[{"@type":"Article","@id":"https:\/\/culturbaine.com\/index.php\/2024\/11\/03\/fristival-acte-9-singleton-le-melangeur-et-limo-en-tete-daffiche\/#article","isPartOf":{"@id":"https:\/\/culturbaine.com\/index.php\/2024\/11\/03\/fristival-acte-9-singleton-le-melangeur-et-limo-en-tete-daffiche\/"},"author":{"name":"admin1","@id":"https:\/\/culturbaine.com\/#\/schema\/person\/42eb7485c572e0746c1ea6b8216c3814"},"headline":"Fristival Acte 9 : Singleton, Le M\u00e9langeur et Limo en t\u00eate d&rsquo;affiche !","datePublished":"2024-11-03T20:00:44+00:00","dateModified":"2024-11-03T19:13:12+00:00","mainEntityOfPage":{"@id":"https:\/\/culturbaine.com\/index.php\/2024\/11\/03\/fristival-acte-9-singleton-le-melangeur-et-limo-en-tete-daffiche\/"},"wordCount":152,"publisher":{"@id":"https:\/\/culturbaine.com\/#organization"},"image":{"@id":"https:\/\/culturbaine.com\/index.php\/2024\/11\/03\/fristival-acte-9-singleton-le-melangeur-et-limo-en-tete-daffiche\/#primaryimage"},"thumbnailUrl":"https:\/\/culturbaine.com\/wp-content\/uploads\/2024\/11\/PhotoCollage_1730660442856.png","keywords":["Festival de Fria","Fristival","Mack Team"],"articleSection":["Actualit\u00e9","Agenda"],"inLanguage":"fr-FR"},{"@type":"WebPage","@id":"https:\/\/culturbaine.com\/index.php\/2024\/11\/03\/fristival-acte-9-singleton-le-melangeur-et-limo-en-tete-daffiche\/","url":"https:\/\/culturbaine.com\/index.php\/2024\/11\/03\/fristival-acte-9-singleton-le-melangeur-et-limo-en-tete-daffiche\/","name":"Fristival Acte 9 : Singleton, Le M\u00e9langeur et Limo en t\u00eate d'affiche ! - Culturbaine","isPartOf":{"@id":"https:\/\/culturbaine.com\/#website"},"primaryImageOfPage":{"@id":"https:\/\/culturbaine.com\/index.php\/2024\/11\/03\/fristival-acte-9-singleton-le-melangeur-et-limo-en-tete-daffiche\/#primaryimage"},"image":{"@id":"https:\/\/culturbaine.com\/index.php\/2024\/11\/03\/fristival-acte-9-singleton-le-melangeur-et-limo-en-tete-daffiche\/#primaryimage"},"thumbnailUrl":"https:\/\/culturbaine.com\/wp-content\/uploads\/2024\/11\/PhotoCollage_1730660442856.png","datePublished":"2024-11-03T20:00:44+00:00","dateModified":"2024-11-03T19:13:12+00:00","breadcrumb":{"@id":"https:\/\/culturbaine.com\/index.php\/2024\/11\/03\/fristival-acte-9-singleton-le-melangeur-et-limo-en-tete-daffiche\/#breadcrumb"},"inLanguage":"fr-FR","potentialAction":[{"@type":"ReadAction","target":["https:\/\/culturbaine.com\/index.php\/2024\/11\/03\/fristival-acte-9-singleton-le-melangeur-et-limo-en-tete-daffiche\/"]}]},{"@type":"ImageObject","inLanguage":"fr-FR","@id":"https:\/\/culturbaine.com\/index.php\/2024\/11\/03\/fristival-acte-9-singleton-le-melangeur-et-limo-en-tete-daffiche\/#primaryimage","url":"https:\/\/culturbaine.com\/wp-content\/uploads\/2024\/11\/PhotoCollage_1730660442856.png","contentUrl":"https:\/\/culturbaine.com\/wp-content\/uploads\/2024\/11\/PhotoCollage_1730660442856.png","width":1920,"height":1080},{"@type":"BreadcrumbList","@id":"https:\/\/culturbaine.com\/index.php\/2024\/11\/03\/fristival-acte-9-singleton-le-melangeur-et-limo-en-tete-daffiche\/#breadcrumb","itemListElement":[{"@type":"ListItem","position":1,"name":"Home","item":"https:\/\/culturbaine.com\/"},{"@type":"ListItem","position":2,"name":"Fristival Acte 9 : Singleton, Le M\u00e9langeur et Limo en t\u00eate d&rsquo;affiche !"}]},{"@type":"WebSite","@id":"https:\/\/culturbaine.com\/#website","url":"https:\/\/culturbaine.com\/","name":"Culturbaine.com","description":"Toute l&#039;actualit\u00e9 des Cultures Urbaines, en un clic  !","publisher":{"@id":"https:\/\/culturbaine.com\/#organization"},"potentialAction":[{"@type":"SearchAction","target":{"@type":"EntryPoint","urlTemplate":"https:\/\/culturbaine.com\/?s={search_term_string}"},"query-input":{"@type":"PropertyValueSpecification","valueRequired":true,"valueName":"search_term_string"}}],"inLanguage":"fr-FR"},{"@type":"Organization","@id":"https:\/\/culturbaine.com\/#organization","name":"Culturbaine.com","url":"https:\/\/culturbaine.com\/","logo":{"@type":"ImageObject","inLanguage":"fr-FR","@id":"https:\/\/culturbaine.com\/#\/schema\/logo\/image\/","url":"https:\/\/culturbaine.com\/wp-content\/uploads\/2023\/07\/WhatsApp-Image-2023-07-17-at-14.38.18.jpeg","contentUrl":"https:\/\/culturbaine.com\/wp-content\/uploads\/2023\/07\/WhatsApp-Image-2023-07-17-at-14.38.18.jpeg","width":855,"height":270,"caption":"Culturbaine.com"},"image":{"@id":"https:\/\/culturbaine.com\/#\/schema\/logo\/image\/"},"sameAs":["https:\/\/www.facebook.com\/Culturbaines","https:\/\/x.com\/culturbaines"]},{"@type":"Person","@id":"https:\/\/culturbaine.com\/#\/schema\/person\/42eb7485c572e0746c1ea6b8216c3814","name":"admin1","image":{"@type":"ImageObject","inLanguage":"fr-FR","@id":"https:\/\/culturbaine.com\/#\/schema\/person\/image\/","url":"https:\/\/secure.gravatar.com\/avatar\/c268f4d483ce0486e5a10fee87bbf756?s=96&d=mm&r=g","contentUrl":"https:\/\/secure.gravatar.com\/avatar\/c268f4d483ce0486e5a10fee87bbf756?s=96&d=mm&r=g","caption":"admin1"},"url":"https:\/\/culturbaine.com\/index.php\/author\/admin1\/"}]}},"_links":{"self":[{"href":"https:\/\/culturbaine.com\/index.php\/wp-json\/wp\/v2\/posts\/9639"}],"collection":[{"href":"https:\/\/culturbaine.com\/index.php\/wp-json\/wp\/v2\/posts"}],"about":[{"href":"https:\/\/culturbaine.com\/index.php\/wp-json\/wp\/v2\/types\/post"}],"author":[{"embeddable":true,"href":"https:\/\/culturbaine.com\/index.php\/wp-json\/wp\/v2\/users\/2"}],"replies":[{"embeddable":true,"href":"https:\/\/culturbaine.com\/index.php\/wp-json\/wp\/v2\/comments?post=9639"}],"version-history":[{"count":0,"href":"https:\/\/culturbaine.com\/index.php\/wp-json\/wp\/v2\/posts\/9639\/revisions"}],"wp:featuredmedia":[{"embeddable":true,"href":"https:\/\/culturbaine.com\/index.php\/wp-json\/wp\/v2\/media\/9641"}],"wp:attachment":[{"href":"https:\/\/culturbaine.com\/index.php\/wp-json\/wp\/v2\/media?parent=9639"}],"wp:term":[{"taxonomy":"category","embeddable":true,"href":"https:\/\/culturbaine.com\/index.php\/wp-json\/wp\/v2\/categories?post=9639"},{"taxonomy":"post_tag","embeddable":true,"href":"https:\/\/culturbaine.com\/index.php\/wp-json\/wp\/v2\/tags?post=9639"}],"curies":[{"name":"wp","href":"https:\/\/api.w.org\/{rel}","templated":true}]}}