{"id":9616,"date":"2024-11-02T17:00:41","date_gmt":"2024-11-02T17:00:41","guid":{"rendered":"https:\/\/culturbaine.com\/?p=9616"},"modified":"2024-11-02T15:53:51","modified_gmt":"2024-11-02T15:53:51","slug":"festival-international-nuits-du-slam-de-guediawaye-annonce-de-la-8e-edition-en-2025","status":"publish","type":"post","link":"https:\/\/culturbaine.com\/index.php\/2024\/11\/02\/festival-international-nuits-du-slam-de-guediawaye-annonce-de-la-8e-edition-en-2025\/","title":{"rendered":"Festival International Nuits du Slam de Gu\u00e9diawaye : Annonce de la 8e \u00e9dition en 2025 !"},"content":{"rendered":"<p>Suite au succ\u00e8s retentissant de la 7e \u00e9dition, l&rsquo;annonce de la 8e \u00e9dition du <strong>Festival International Nuits du Slam de Gu\u00e9diawaye,<\/strong> pr\u00e9vue pour 2025, suscite d\u00e9j\u00e0 une vive attente. L&rsquo;\u00e9v\u00e9nement se d\u00e9roulera du 4 au 8 juin 2025 au S\u00e9n\u00e9gal.<\/p>\n<p>Cette nouvelle \u00e9dition promet d&rsquo;accueillir une vingtaine d&rsquo;artistes slameurs et multidisciplinaires provenant des quatre coins du globe, avec une forte repr\u00e9sentation du continent africain. Le th\u00e8me de cette \u00e9dition sera d\u00e9voil\u00e9 prochainement.<\/p>\n<p>Les festivit\u00e9s auront lieu dans des sites embl\u00e9matiques tels que Gu\u00e9diawaye, l&rsquo;\u00eele de Gor\u00e9e, le Monument de la Renaissance Africaine, et la Place du Souvenir Africain, entre autres.<\/p>\n<p>Le programme comprendra divers \u00e9v\u00e9nements, notamment des concerts, des sc\u00e8nes de slam, des expositions intitul\u00e9es \u00ab\u00a0<strong>Verni-Slam\u00a0\u00bb,<\/strong> des d\u00e9fil\u00e9s de mode sous le concept \u00ab\u00a0<strong>SlaMode<\/strong>\u00ab\u00a0, ainsi que des excursions. Le festival sera plac\u00e9 sous le signe du panafricanisme, promouvant la diversit\u00e9 et la richesse des cultures africaines.<\/p>\n<p><strong>Mohamed Cinq Sylla<\/strong><\/p>\n","protected":false},"excerpt":{"rendered":"<p>Suite au succ\u00e8s retentissant de la 7e \u00e9dition, l&rsquo;annonce de la 8e \u00e9dition du Festival International Nuits du Slam de Gu\u00e9diawaye, pr\u00e9vue pour 2025, suscite d\u00e9j\u00e0 une vive attente. L&rsquo;\u00e9v\u00e9nement se d\u00e9roulera du 4 au 8 juin 2025 au S\u00e9n\u00e9gal. Cette nouvelle \u00e9dition promet d&rsquo;accueillir une vingtaine d&rsquo;artistes slameurs et multidisciplinaires provenant des quatre coins [&hellip;]<\/p>\n","protected":false},"author":2,"featured_media":9617,"comment_status":"closed","ping_status":"closed","sticky":false,"template":"","format":"standard","meta":{"_mi_skip_tracking":false,"_monsterinsights_sitenote_active":false,"_monsterinsights_sitenote_note":"","_monsterinsights_sitenote_category":0,"footnotes":""},"categories":[21,33,2386],"tags":[3329,1451],"class_list":["post-9616","post","type-post","status-publish","format-standard","has-post-thumbnail","hentry","category-actualite","category-agenda","category-slam","tag-festival-international-nuits-du-slam-de-guediawaye","tag-slam-galsen"],"yoast_head":"<!-- This site is optimized with the Yoast SEO Premium plugin v20.1 (Yoast SEO v24.0) - https:\/\/yoast.com\/wordpress\/plugins\/seo\/ -->\n<title>Festival International Nuits du Slam de Gu\u00e9diawaye : Annonce de la 8e \u00e9dition en 2025 ! - Culturbaine<\/title>\n<meta name=\"robots\" content=\"index, follow, max-snippet:-1, max-image-preview:large, max-video-preview:-1\" \/>\n<link rel=\"canonical\" href=\"https:\/\/culturbaine.com\/index.php\/2024\/11\/02\/festival-international-nuits-du-slam-de-guediawaye-annonce-de-la-8e-edition-en-2025\/\" \/>\n<meta property=\"og:locale\" content=\"fr_FR\" \/>\n<meta property=\"og:type\" content=\"article\" \/>\n<meta property=\"og:title\" content=\"Festival International Nuits du Slam de Gu\u00e9diawaye : Annonce de la 8e \u00e9dition en 2025 !\" \/>\n<meta property=\"og:description\" content=\"Suite au succ\u00e8s retentissant de la 7e \u00e9dition, l&rsquo;annonce de la 8e \u00e9dition du Festival International Nuits du Slam de Gu\u00e9diawaye, pr\u00e9vue pour 2025, suscite d\u00e9j\u00e0 une vive attente. L&rsquo;\u00e9v\u00e9nement se d\u00e9roulera du 4 au 8 juin 2025 au S\u00e9n\u00e9gal. Cette nouvelle \u00e9dition promet d&rsquo;accueillir une vingtaine d&rsquo;artistes slameurs et multidisciplinaires provenant des quatre coins [&hellip;]\" \/>\n<meta property=\"og:url\" content=\"https:\/\/culturbaine.com\/index.php\/2024\/11\/02\/festival-international-nuits-du-slam-de-guediawaye-annonce-de-la-8e-edition-en-2025\/\" \/>\n<meta property=\"og:site_name\" content=\"Culturbaine\" \/>\n<meta property=\"article:publisher\" content=\"https:\/\/www.facebook.com\/Culturbaines\" \/>\n<meta property=\"article:published_time\" content=\"2024-11-02T17:00:41+00:00\" \/>\n<meta property=\"article:modified_time\" content=\"2024-11-02T15:53:51+00:00\" \/>\n<meta property=\"og:image\" content=\"https:\/\/culturbaine.com\/wp-content\/uploads\/2024\/11\/17305624459912.jpg\" \/>\n\t<meta property=\"og:image:width\" content=\"715\" \/>\n\t<meta property=\"og:image:height\" content=\"431\" \/>\n\t<meta property=\"og:image:type\" content=\"image\/jpeg\" \/>\n<meta name=\"author\" content=\"admin1\" \/>\n<meta name=\"twitter:card\" content=\"summary_large_image\" \/>\n<meta name=\"twitter:creator\" content=\"@culturbaines\" \/>\n<meta name=\"twitter:site\" content=\"@culturbaines\" \/>\n<meta name=\"twitter:label1\" content=\"\u00c9crit par\" \/>\n\t<meta name=\"twitter:data1\" content=\"admin1\" \/>\n\t<meta name=\"twitter:label2\" content=\"Dur\u00e9e de lecture estim\u00e9e\" \/>\n\t<meta name=\"twitter:data2\" content=\"1 minute\" \/>\n<script type=\"application\/ld+json\" class=\"yoast-schema-graph\">{\"@context\":\"https:\/\/schema.org\",\"@graph\":[{\"@type\":\"Article\",\"@id\":\"https:\/\/culturbaine.com\/index.php\/2024\/11\/02\/festival-international-nuits-du-slam-de-guediawaye-annonce-de-la-8e-edition-en-2025\/#article\",\"isPartOf\":{\"@id\":\"https:\/\/culturbaine.com\/index.php\/2024\/11\/02\/festival-international-nuits-du-slam-de-guediawaye-annonce-de-la-8e-edition-en-2025\/\"},\"author\":{\"name\":\"admin1\",\"@id\":\"https:\/\/culturbaine.com\/#\/schema\/person\/42eb7485c572e0746c1ea6b8216c3814\"},\"headline\":\"Festival International Nuits du Slam de Gu\u00e9diawaye : Annonce de la 8e \u00e9dition en 2025 !\",\"datePublished\":\"2024-11-02T17:00:41+00:00\",\"dateModified\":\"2024-11-02T15:53:51+00:00\",\"mainEntityOfPage\":{\"@id\":\"https:\/\/culturbaine.com\/index.php\/2024\/11\/02\/festival-international-nuits-du-slam-de-guediawaye-annonce-de-la-8e-edition-en-2025\/\"},\"wordCount\":184,\"publisher\":{\"@id\":\"https:\/\/culturbaine.com\/#organization\"},\"image\":{\"@id\":\"https:\/\/culturbaine.com\/index.php\/2024\/11\/02\/festival-international-nuits-du-slam-de-guediawaye-annonce-de-la-8e-edition-en-2025\/#primaryimage\"},\"thumbnailUrl\":\"https:\/\/culturbaine.com\/wp-content\/uploads\/2024\/11\/17305624459912.jpg\",\"keywords\":[\"Festival International Nuits du Slam de Gu\u00e9diawaye\",\"Slam galsen\"],\"articleSection\":[\"Actualit\u00e9\",\"Agenda\",\"Slam\"],\"inLanguage\":\"fr-FR\"},{\"@type\":\"WebPage\",\"@id\":\"https:\/\/culturbaine.com\/index.php\/2024\/11\/02\/festival-international-nuits-du-slam-de-guediawaye-annonce-de-la-8e-edition-en-2025\/\",\"url\":\"https:\/\/culturbaine.com\/index.php\/2024\/11\/02\/festival-international-nuits-du-slam-de-guediawaye-annonce-de-la-8e-edition-en-2025\/\",\"name\":\"Festival International Nuits du Slam de Gu\u00e9diawaye : Annonce de la 8e \u00e9dition en 2025 ! - Culturbaine\",\"isPartOf\":{\"@id\":\"https:\/\/culturbaine.com\/#website\"},\"primaryImageOfPage\":{\"@id\":\"https:\/\/culturbaine.com\/index.php\/2024\/11\/02\/festival-international-nuits-du-slam-de-guediawaye-annonce-de-la-8e-edition-en-2025\/#primaryimage\"},\"image\":{\"@id\":\"https:\/\/culturbaine.com\/index.php\/2024\/11\/02\/festival-international-nuits-du-slam-de-guediawaye-annonce-de-la-8e-edition-en-2025\/#primaryimage\"},\"thumbnailUrl\":\"https:\/\/culturbaine.com\/wp-content\/uploads\/2024\/11\/17305624459912.jpg\",\"datePublished\":\"2024-11-02T17:00:41+00:00\",\"dateModified\":\"2024-11-02T15:53:51+00:00\",\"breadcrumb\":{\"@id\":\"https:\/\/culturbaine.com\/index.php\/2024\/11\/02\/festival-international-nuits-du-slam-de-guediawaye-annonce-de-la-8e-edition-en-2025\/#breadcrumb\"},\"inLanguage\":\"fr-FR\",\"potentialAction\":[{\"@type\":\"ReadAction\",\"target\":[\"https:\/\/culturbaine.com\/index.php\/2024\/11\/02\/festival-international-nuits-du-slam-de-guediawaye-annonce-de-la-8e-edition-en-2025\/\"]}]},{\"@type\":\"ImageObject\",\"inLanguage\":\"fr-FR\",\"@id\":\"https:\/\/culturbaine.com\/index.php\/2024\/11\/02\/festival-international-nuits-du-slam-de-guediawaye-annonce-de-la-8e-edition-en-2025\/#primaryimage\",\"url\":\"https:\/\/culturbaine.com\/wp-content\/uploads\/2024\/11\/17305624459912.jpg\",\"contentUrl\":\"https:\/\/culturbaine.com\/wp-content\/uploads\/2024\/11\/17305624459912.jpg\",\"width\":715,\"height\":431},{\"@type\":\"BreadcrumbList\",\"@id\":\"https:\/\/culturbaine.com\/index.php\/2024\/11\/02\/festival-international-nuits-du-slam-de-guediawaye-annonce-de-la-8e-edition-en-2025\/#breadcrumb\",\"itemListElement\":[{\"@type\":\"ListItem\",\"position\":1,\"name\":\"Home\",\"item\":\"https:\/\/culturbaine.com\/\"},{\"@type\":\"ListItem\",\"position\":2,\"name\":\"Festival International Nuits du Slam de Gu\u00e9diawaye : Annonce de la 8e \u00e9dition en 2025 !\"}]},{\"@type\":\"WebSite\",\"@id\":\"https:\/\/culturbaine.com\/#website\",\"url\":\"https:\/\/culturbaine.com\/\",\"name\":\"Culturbaine.com\",\"description\":\"Toute l&#039;actualit\u00e9 des Cultures Urbaines, en un clic  !\",\"publisher\":{\"@id\":\"https:\/\/culturbaine.com\/#organization\"},\"potentialAction\":[{\"@type\":\"SearchAction\",\"target\":{\"@type\":\"EntryPoint\",\"urlTemplate\":\"https:\/\/culturbaine.com\/?s={search_term_string}\"},\"query-input\":{\"@type\":\"PropertyValueSpecification\",\"valueRequired\":true,\"valueName\":\"search_term_string\"}}],\"inLanguage\":\"fr-FR\"},{\"@type\":\"Organization\",\"@id\":\"https:\/\/culturbaine.com\/#organization\",\"name\":\"Culturbaine.com\",\"url\":\"https:\/\/culturbaine.com\/\",\"logo\":{\"@type\":\"ImageObject\",\"inLanguage\":\"fr-FR\",\"@id\":\"https:\/\/culturbaine.com\/#\/schema\/logo\/image\/\",\"url\":\"https:\/\/culturbaine.com\/wp-content\/uploads\/2023\/07\/WhatsApp-Image-2023-07-17-at-14.38.18.jpeg\",\"contentUrl\":\"https:\/\/culturbaine.com\/wp-content\/uploads\/2023\/07\/WhatsApp-Image-2023-07-17-at-14.38.18.jpeg\",\"width\":855,\"height\":270,\"caption\":\"Culturbaine.com\"},\"image\":{\"@id\":\"https:\/\/culturbaine.com\/#\/schema\/logo\/image\/\"},\"sameAs\":[\"https:\/\/www.facebook.com\/Culturbaines\",\"https:\/\/x.com\/culturbaines\"]},{\"@type\":\"Person\",\"@id\":\"https:\/\/culturbaine.com\/#\/schema\/person\/42eb7485c572e0746c1ea6b8216c3814\",\"name\":\"admin1\",\"image\":{\"@type\":\"ImageObject\",\"inLanguage\":\"fr-FR\",\"@id\":\"https:\/\/culturbaine.com\/#\/schema\/person\/image\/\",\"url\":\"https:\/\/secure.gravatar.com\/avatar\/c268f4d483ce0486e5a10fee87bbf756?s=96&d=mm&r=g\",\"contentUrl\":\"https:\/\/secure.gravatar.com\/avatar\/c268f4d483ce0486e5a10fee87bbf756?s=96&d=mm&r=g\",\"caption\":\"admin1\"},\"url\":\"https:\/\/culturbaine.com\/index.php\/author\/admin1\/\"}]}<\/script>\n<!-- \/ Yoast SEO Premium plugin. -->","yoast_head_json":{"title":"Festival International Nuits du Slam de Gu\u00e9diawaye : Annonce de la 8e \u00e9dition en 2025 ! - Culturbaine","robots":{"index":"index","follow":"follow","max-snippet":"max-snippet:-1","max-image-preview":"max-image-preview:large","max-video-preview":"max-video-preview:-1"},"canonical":"https:\/\/culturbaine.com\/index.php\/2024\/11\/02\/festival-international-nuits-du-slam-de-guediawaye-annonce-de-la-8e-edition-en-2025\/","og_locale":"fr_FR","og_type":"article","og_title":"Festival International Nuits du Slam de Gu\u00e9diawaye : Annonce de la 8e \u00e9dition en 2025 !","og_description":"Suite au succ\u00e8s retentissant de la 7e \u00e9dition, l&rsquo;annonce de la 8e \u00e9dition du Festival International Nuits du Slam de Gu\u00e9diawaye, pr\u00e9vue pour 2025, suscite d\u00e9j\u00e0 une vive attente. L&rsquo;\u00e9v\u00e9nement se d\u00e9roulera du 4 au 8 juin 2025 au S\u00e9n\u00e9gal. Cette nouvelle \u00e9dition promet d&rsquo;accueillir une vingtaine d&rsquo;artistes slameurs et multidisciplinaires provenant des quatre coins [&hellip;]","og_url":"https:\/\/culturbaine.com\/index.php\/2024\/11\/02\/festival-international-nuits-du-slam-de-guediawaye-annonce-de-la-8e-edition-en-2025\/","og_site_name":"Culturbaine","article_publisher":"https:\/\/www.facebook.com\/Culturbaines","article_published_time":"2024-11-02T17:00:41+00:00","article_modified_time":"2024-11-02T15:53:51+00:00","og_image":[{"width":715,"height":431,"url":"https:\/\/culturbaine.com\/wp-content\/uploads\/2024\/11\/17305624459912.jpg","type":"image\/jpeg"}],"author":"admin1","twitter_card":"summary_large_image","twitter_creator":"@culturbaines","twitter_site":"@culturbaines","twitter_misc":{"\u00c9crit par":"admin1","Dur\u00e9e de lecture estim\u00e9e":"1 minute"},"schema":{"@context":"https:\/\/schema.org","@graph":[{"@type":"Article","@id":"https:\/\/culturbaine.com\/index.php\/2024\/11\/02\/festival-international-nuits-du-slam-de-guediawaye-annonce-de-la-8e-edition-en-2025\/#article","isPartOf":{"@id":"https:\/\/culturbaine.com\/index.php\/2024\/11\/02\/festival-international-nuits-du-slam-de-guediawaye-annonce-de-la-8e-edition-en-2025\/"},"author":{"name":"admin1","@id":"https:\/\/culturbaine.com\/#\/schema\/person\/42eb7485c572e0746c1ea6b8216c3814"},"headline":"Festival International Nuits du Slam de Gu\u00e9diawaye : Annonce de la 8e \u00e9dition en 2025 !","datePublished":"2024-11-02T17:00:41+00:00","dateModified":"2024-11-02T15:53:51+00:00","mainEntityOfPage":{"@id":"https:\/\/culturbaine.com\/index.php\/2024\/11\/02\/festival-international-nuits-du-slam-de-guediawaye-annonce-de-la-8e-edition-en-2025\/"},"wordCount":184,"publisher":{"@id":"https:\/\/culturbaine.com\/#organization"},"image":{"@id":"https:\/\/culturbaine.com\/index.php\/2024\/11\/02\/festival-international-nuits-du-slam-de-guediawaye-annonce-de-la-8e-edition-en-2025\/#primaryimage"},"thumbnailUrl":"https:\/\/culturbaine.com\/wp-content\/uploads\/2024\/11\/17305624459912.jpg","keywords":["Festival International Nuits du Slam de Gu\u00e9diawaye","Slam galsen"],"articleSection":["Actualit\u00e9","Agenda","Slam"],"inLanguage":"fr-FR"},{"@type":"WebPage","@id":"https:\/\/culturbaine.com\/index.php\/2024\/11\/02\/festival-international-nuits-du-slam-de-guediawaye-annonce-de-la-8e-edition-en-2025\/","url":"https:\/\/culturbaine.com\/index.php\/2024\/11\/02\/festival-international-nuits-du-slam-de-guediawaye-annonce-de-la-8e-edition-en-2025\/","name":"Festival International Nuits du Slam de Gu\u00e9diawaye : Annonce de la 8e \u00e9dition en 2025 ! - Culturbaine","isPartOf":{"@id":"https:\/\/culturbaine.com\/#website"},"primaryImageOfPage":{"@id":"https:\/\/culturbaine.com\/index.php\/2024\/11\/02\/festival-international-nuits-du-slam-de-guediawaye-annonce-de-la-8e-edition-en-2025\/#primaryimage"},"image":{"@id":"https:\/\/culturbaine.com\/index.php\/2024\/11\/02\/festival-international-nuits-du-slam-de-guediawaye-annonce-de-la-8e-edition-en-2025\/#primaryimage"},"thumbnailUrl":"https:\/\/culturbaine.com\/wp-content\/uploads\/2024\/11\/17305624459912.jpg","datePublished":"2024-11-02T17:00:41+00:00","dateModified":"2024-11-02T15:53:51+00:00","breadcrumb":{"@id":"https:\/\/culturbaine.com\/index.php\/2024\/11\/02\/festival-international-nuits-du-slam-de-guediawaye-annonce-de-la-8e-edition-en-2025\/#breadcrumb"},"inLanguage":"fr-FR","potentialAction":[{"@type":"ReadAction","target":["https:\/\/culturbaine.com\/index.php\/2024\/11\/02\/festival-international-nuits-du-slam-de-guediawaye-annonce-de-la-8e-edition-en-2025\/"]}]},{"@type":"ImageObject","inLanguage":"fr-FR","@id":"https:\/\/culturbaine.com\/index.php\/2024\/11\/02\/festival-international-nuits-du-slam-de-guediawaye-annonce-de-la-8e-edition-en-2025\/#primaryimage","url":"https:\/\/culturbaine.com\/wp-content\/uploads\/2024\/11\/17305624459912.jpg","contentUrl":"https:\/\/culturbaine.com\/wp-content\/uploads\/2024\/11\/17305624459912.jpg","width":715,"height":431},{"@type":"BreadcrumbList","@id":"https:\/\/culturbaine.com\/index.php\/2024\/11\/02\/festival-international-nuits-du-slam-de-guediawaye-annonce-de-la-8e-edition-en-2025\/#breadcrumb","itemListElement":[{"@type":"ListItem","position":1,"name":"Home","item":"https:\/\/culturbaine.com\/"},{"@type":"ListItem","position":2,"name":"Festival International Nuits du Slam de Gu\u00e9diawaye : Annonce de la 8e \u00e9dition en 2025 !"}]},{"@type":"WebSite","@id":"https:\/\/culturbaine.com\/#website","url":"https:\/\/culturbaine.com\/","name":"Culturbaine.com","description":"Toute l&#039;actualit\u00e9 des Cultures Urbaines, en un clic  !","publisher":{"@id":"https:\/\/culturbaine.com\/#organization"},"potentialAction":[{"@type":"SearchAction","target":{"@type":"EntryPoint","urlTemplate":"https:\/\/culturbaine.com\/?s={search_term_string}"},"query-input":{"@type":"PropertyValueSpecification","valueRequired":true,"valueName":"search_term_string"}}],"inLanguage":"fr-FR"},{"@type":"Organization","@id":"https:\/\/culturbaine.com\/#organization","name":"Culturbaine.com","url":"https:\/\/culturbaine.com\/","logo":{"@type":"ImageObject","inLanguage":"fr-FR","@id":"https:\/\/culturbaine.com\/#\/schema\/logo\/image\/","url":"https:\/\/culturbaine.com\/wp-content\/uploads\/2023\/07\/WhatsApp-Image-2023-07-17-at-14.38.18.jpeg","contentUrl":"https:\/\/culturbaine.com\/wp-content\/uploads\/2023\/07\/WhatsApp-Image-2023-07-17-at-14.38.18.jpeg","width":855,"height":270,"caption":"Culturbaine.com"},"image":{"@id":"https:\/\/culturbaine.com\/#\/schema\/logo\/image\/"},"sameAs":["https:\/\/www.facebook.com\/Culturbaines","https:\/\/x.com\/culturbaines"]},{"@type":"Person","@id":"https:\/\/culturbaine.com\/#\/schema\/person\/42eb7485c572e0746c1ea6b8216c3814","name":"admin1","image":{"@type":"ImageObject","inLanguage":"fr-FR","@id":"https:\/\/culturbaine.com\/#\/schema\/person\/image\/","url":"https:\/\/secure.gravatar.com\/avatar\/c268f4d483ce0486e5a10fee87bbf756?s=96&d=mm&r=g","contentUrl":"https:\/\/secure.gravatar.com\/avatar\/c268f4d483ce0486e5a10fee87bbf756?s=96&d=mm&r=g","caption":"admin1"},"url":"https:\/\/culturbaine.com\/index.php\/author\/admin1\/"}]}},"_links":{"self":[{"href":"https:\/\/culturbaine.com\/index.php\/wp-json\/wp\/v2\/posts\/9616"}],"collection":[{"href":"https:\/\/culturbaine.com\/index.php\/wp-json\/wp\/v2\/posts"}],"about":[{"href":"https:\/\/culturbaine.com\/index.php\/wp-json\/wp\/v2\/types\/post"}],"author":[{"embeddable":true,"href":"https:\/\/culturbaine.com\/index.php\/wp-json\/wp\/v2\/users\/2"}],"replies":[{"embeddable":true,"href":"https:\/\/culturbaine.com\/index.php\/wp-json\/wp\/v2\/comments?post=9616"}],"version-history":[{"count":0,"href":"https:\/\/culturbaine.com\/index.php\/wp-json\/wp\/v2\/posts\/9616\/revisions"}],"wp:featuredmedia":[{"embeddable":true,"href":"https:\/\/culturbaine.com\/index.php\/wp-json\/wp\/v2\/media\/9617"}],"wp:attachment":[{"href":"https:\/\/culturbaine.com\/index.php\/wp-json\/wp\/v2\/media?parent=9616"}],"wp:term":[{"taxonomy":"category","embeddable":true,"href":"https:\/\/culturbaine.com\/index.php\/wp-json\/wp\/v2\/categories?post=9616"},{"taxonomy":"post_tag","embeddable":true,"href":"https:\/\/culturbaine.com\/index.php\/wp-json\/wp\/v2\/tags?post=9616"}],"curies":[{"name":"wp","href":"https:\/\/api.w.org\/{rel}","templated":true}]}}