{"id":9564,"date":"2024-10-31T08:24:47","date_gmt":"2024-10-31T08:24:47","guid":{"rendered":"https:\/\/culturbaine.com\/?p=9564"},"modified":"2024-10-31T08:24:47","modified_gmt":"2024-10-31T08:24:47","slug":"le-melangeur-sinvite-a-la-premiere-edition-de-la-foire-de-boke","status":"publish","type":"post","link":"https:\/\/culturbaine.com\/index.php\/2024\/10\/31\/le-melangeur-sinvite-a-la-premiere-edition-de-la-foire-de-boke\/","title":{"rendered":"Le M\u00e9langeur s&rsquo;invite \u00e0 la premi\u00e8re \u00e9dition de la Foire de Bok\u00e9 !"},"content":{"rendered":"<p>La structure <strong>Vision Pub Guin\u00e9e<\/strong> met les bouch\u00e9es doubles pour faire de cette premi\u00e8re \u00e9dition de <strong>la Foire de Bok\u00e9<\/strong> un \u00e9v\u00e9nement m\u00e9morable. Pr\u00e9vue pour se tenir au stade de Bok\u00e9, cette foire proposera bien plus que de simples expositions.<\/p>\n<p>Outre les stands de vente, d&rsquo;exposition et de restauration, le programme inclut des moments d\u2019\u00e9changes et de divertissement, avec un spectacle qui promet de faire vibrer la ville. L\u2019un des invit\u00e9s les plus attendus est <strong>Le<\/strong> <strong>M\u00e9langeur<\/strong>, un artiste qui s\u2019est impos\u00e9 comme une figure incontournable de la drill guin\u00e9enne.<\/p>\n<p><img loading=\"lazy\" decoding=\"async\" class=\"alignnone size-medium wp-image-9565\" src=\"https:\/\/culturbaine.com\/wp-content\/uploads\/2024\/10\/1730294253892-300x212.jpg\" alt=\"\" width=\"300\" height=\"212\" srcset=\"https:\/\/culturbaine.com\/wp-content\/uploads\/2024\/10\/1730294253892-300x212.jpg 300w, https:\/\/culturbaine.com\/wp-content\/uploads\/2024\/10\/1730294253892.jpg 720w\" sizes=\"(max-width: 300px) 100vw, 300px\" \/><\/p>\n<p>Avec son style audacieux et un flow percutant, <strong>Le M\u00e9langeur<\/strong> puise dans les r\u00e9alit\u00e9s du quotidien pour nourrir ses textes. Son \u00e9nergie sc\u00e9nique et ses rythmes entra\u00eenants promettent de faire danser le public sans retenue. Rendez-vous le 24 d\u00e9cembre pour assister \u00e0 sa performance explosive \u00e0 <strong>la Foire de Bok\u00e9.<\/strong><\/p>\n<p>\u00c0 rappeler que la foire de Bok\u00e9 va d\u00e9marrer le 23 d\u00e9cembre 2024 et s&rsquo;\u00e9tendra sur 10 jours<\/p>\n<p><strong>Mohamed Cinq Sylla<\/strong><\/p>\n","protected":false},"excerpt":{"rendered":"<p>La structure Vision Pub Guin\u00e9e met les bouch\u00e9es doubles pour faire de cette premi\u00e8re \u00e9dition de la Foire de Bok\u00e9 un \u00e9v\u00e9nement m\u00e9morable. Pr\u00e9vue pour se tenir au stade de Bok\u00e9, cette foire proposera bien plus que de simples expositions. Outre les stands de vente, d&rsquo;exposition et de restauration, le programme inclut des moments d\u2019\u00e9changes [&hellip;]<\/p>\n","protected":false},"author":2,"featured_media":9566,"comment_status":"closed","ping_status":"closed","sticky":false,"template":"","format":"standard","meta":{"_mi_skip_tracking":false,"_monsterinsights_sitenote_active":false,"_monsterinsights_sitenote_note":"","_monsterinsights_sitenote_category":0,"footnotes":""},"categories":[21,33,512],"tags":[3322,80,2106],"class_list":["post-9564","post","type-post","status-publish","format-standard","has-post-thumbnail","hentry","category-actualite","category-agenda","category-rap","tag-foire-de-boke","tag-le-melangeur","tag-vision-pub-guinee"],"yoast_head":"<!-- This site is optimized with the Yoast SEO Premium plugin v20.1 (Yoast SEO v24.0) - https:\/\/yoast.com\/wordpress\/plugins\/seo\/ -->\n<title>Le M\u00e9langeur s&#039;invite \u00e0 la premi\u00e8re \u00e9dition de la Foire de Bok\u00e9 ! - Culturbaine<\/title>\n<meta name=\"robots\" content=\"index, follow, max-snippet:-1, max-image-preview:large, max-video-preview:-1\" \/>\n<link rel=\"canonical\" href=\"https:\/\/culturbaine.com\/index.php\/2024\/10\/31\/le-melangeur-sinvite-a-la-premiere-edition-de-la-foire-de-boke\/\" \/>\n<meta property=\"og:locale\" content=\"fr_FR\" \/>\n<meta property=\"og:type\" content=\"article\" \/>\n<meta property=\"og:title\" content=\"Le M\u00e9langeur s&#039;invite \u00e0 la premi\u00e8re \u00e9dition de la Foire de Bok\u00e9 !\" \/>\n<meta property=\"og:description\" content=\"La structure Vision Pub Guin\u00e9e met les bouch\u00e9es doubles pour faire de cette premi\u00e8re \u00e9dition de la Foire de Bok\u00e9 un \u00e9v\u00e9nement m\u00e9morable. Pr\u00e9vue pour se tenir au stade de Bok\u00e9, cette foire proposera bien plus que de simples expositions. Outre les stands de vente, d&rsquo;exposition et de restauration, le programme inclut des moments d\u2019\u00e9changes [&hellip;]\" \/>\n<meta property=\"og:url\" content=\"https:\/\/culturbaine.com\/index.php\/2024\/10\/31\/le-melangeur-sinvite-a-la-premiere-edition-de-la-foire-de-boke\/\" \/>\n<meta property=\"og:site_name\" content=\"Culturbaine\" \/>\n<meta property=\"article:publisher\" content=\"https:\/\/www.facebook.com\/Culturbaines\" \/>\n<meta property=\"article:published_time\" content=\"2024-10-31T08:24:47+00:00\" \/>\n<meta property=\"og:image\" content=\"https:\/\/culturbaine.com\/wp-content\/uploads\/2024\/10\/17303625811582.jpg\" \/>\n\t<meta property=\"og:image:width\" content=\"715\" \/>\n\t<meta property=\"og:image:height\" content=\"437\" \/>\n\t<meta property=\"og:image:type\" content=\"image\/jpeg\" \/>\n<meta name=\"author\" content=\"admin1\" \/>\n<meta name=\"twitter:card\" content=\"summary_large_image\" \/>\n<meta name=\"twitter:creator\" content=\"@culturbaines\" \/>\n<meta name=\"twitter:site\" content=\"@culturbaines\" \/>\n<meta name=\"twitter:label1\" content=\"\u00c9crit par\" \/>\n\t<meta name=\"twitter:data1\" content=\"admin1\" \/>\n\t<meta name=\"twitter:label2\" content=\"Dur\u00e9e de lecture estim\u00e9e\" \/>\n\t<meta name=\"twitter:data2\" content=\"2 minutes\" \/>\n<script type=\"application\/ld+json\" class=\"yoast-schema-graph\">{\"@context\":\"https:\/\/schema.org\",\"@graph\":[{\"@type\":\"Article\",\"@id\":\"https:\/\/culturbaine.com\/index.php\/2024\/10\/31\/le-melangeur-sinvite-a-la-premiere-edition-de-la-foire-de-boke\/#article\",\"isPartOf\":{\"@id\":\"https:\/\/culturbaine.com\/index.php\/2024\/10\/31\/le-melangeur-sinvite-a-la-premiere-edition-de-la-foire-de-boke\/\"},\"author\":{\"name\":\"admin1\",\"@id\":\"https:\/\/culturbaine.com\/#\/schema\/person\/42eb7485c572e0746c1ea6b8216c3814\"},\"headline\":\"Le M\u00e9langeur s&rsquo;invite \u00e0 la premi\u00e8re \u00e9dition de la Foire de Bok\u00e9 !\",\"datePublished\":\"2024-10-31T08:24:47+00:00\",\"dateModified\":\"2024-10-31T08:24:47+00:00\",\"mainEntityOfPage\":{\"@id\":\"https:\/\/culturbaine.com\/index.php\/2024\/10\/31\/le-melangeur-sinvite-a-la-premiere-edition-de-la-foire-de-boke\/\"},\"wordCount\":190,\"publisher\":{\"@id\":\"https:\/\/culturbaine.com\/#organization\"},\"image\":{\"@id\":\"https:\/\/culturbaine.com\/index.php\/2024\/10\/31\/le-melangeur-sinvite-a-la-premiere-edition-de-la-foire-de-boke\/#primaryimage\"},\"thumbnailUrl\":\"https:\/\/culturbaine.com\/wp-content\/uploads\/2024\/10\/17303625811582.jpg\",\"keywords\":[\"Foire de Bok\u00e9\",\"Le M\u00e9langeur\",\"Vision Pub Guin\u00e9e\"],\"articleSection\":[\"Actualit\u00e9\",\"Agenda\",\"Rap\"],\"inLanguage\":\"fr-FR\"},{\"@type\":\"WebPage\",\"@id\":\"https:\/\/culturbaine.com\/index.php\/2024\/10\/31\/le-melangeur-sinvite-a-la-premiere-edition-de-la-foire-de-boke\/\",\"url\":\"https:\/\/culturbaine.com\/index.php\/2024\/10\/31\/le-melangeur-sinvite-a-la-premiere-edition-de-la-foire-de-boke\/\",\"name\":\"Le M\u00e9langeur s'invite \u00e0 la premi\u00e8re \u00e9dition de la Foire de Bok\u00e9 ! - Culturbaine\",\"isPartOf\":{\"@id\":\"https:\/\/culturbaine.com\/#website\"},\"primaryImageOfPage\":{\"@id\":\"https:\/\/culturbaine.com\/index.php\/2024\/10\/31\/le-melangeur-sinvite-a-la-premiere-edition-de-la-foire-de-boke\/#primaryimage\"},\"image\":{\"@id\":\"https:\/\/culturbaine.com\/index.php\/2024\/10\/31\/le-melangeur-sinvite-a-la-premiere-edition-de-la-foire-de-boke\/#primaryimage\"},\"thumbnailUrl\":\"https:\/\/culturbaine.com\/wp-content\/uploads\/2024\/10\/17303625811582.jpg\",\"datePublished\":\"2024-10-31T08:24:47+00:00\",\"dateModified\":\"2024-10-31T08:24:47+00:00\",\"breadcrumb\":{\"@id\":\"https:\/\/culturbaine.com\/index.php\/2024\/10\/31\/le-melangeur-sinvite-a-la-premiere-edition-de-la-foire-de-boke\/#breadcrumb\"},\"inLanguage\":\"fr-FR\",\"potentialAction\":[{\"@type\":\"ReadAction\",\"target\":[\"https:\/\/culturbaine.com\/index.php\/2024\/10\/31\/le-melangeur-sinvite-a-la-premiere-edition-de-la-foire-de-boke\/\"]}]},{\"@type\":\"ImageObject\",\"inLanguage\":\"fr-FR\",\"@id\":\"https:\/\/culturbaine.com\/index.php\/2024\/10\/31\/le-melangeur-sinvite-a-la-premiere-edition-de-la-foire-de-boke\/#primaryimage\",\"url\":\"https:\/\/culturbaine.com\/wp-content\/uploads\/2024\/10\/17303625811582.jpg\",\"contentUrl\":\"https:\/\/culturbaine.com\/wp-content\/uploads\/2024\/10\/17303625811582.jpg\",\"width\":715,\"height\":437},{\"@type\":\"BreadcrumbList\",\"@id\":\"https:\/\/culturbaine.com\/index.php\/2024\/10\/31\/le-melangeur-sinvite-a-la-premiere-edition-de-la-foire-de-boke\/#breadcrumb\",\"itemListElement\":[{\"@type\":\"ListItem\",\"position\":1,\"name\":\"Home\",\"item\":\"https:\/\/culturbaine.com\/\"},{\"@type\":\"ListItem\",\"position\":2,\"name\":\"Le M\u00e9langeur s&rsquo;invite \u00e0 la premi\u00e8re \u00e9dition de la Foire de Bok\u00e9 !\"}]},{\"@type\":\"WebSite\",\"@id\":\"https:\/\/culturbaine.com\/#website\",\"url\":\"https:\/\/culturbaine.com\/\",\"name\":\"Culturbaine.com\",\"description\":\"Toute l&#039;actualit\u00e9 des Cultures Urbaines, en un clic  !\",\"publisher\":{\"@id\":\"https:\/\/culturbaine.com\/#organization\"},\"potentialAction\":[{\"@type\":\"SearchAction\",\"target\":{\"@type\":\"EntryPoint\",\"urlTemplate\":\"https:\/\/culturbaine.com\/?s={search_term_string}\"},\"query-input\":{\"@type\":\"PropertyValueSpecification\",\"valueRequired\":true,\"valueName\":\"search_term_string\"}}],\"inLanguage\":\"fr-FR\"},{\"@type\":\"Organization\",\"@id\":\"https:\/\/culturbaine.com\/#organization\",\"name\":\"Culturbaine.com\",\"url\":\"https:\/\/culturbaine.com\/\",\"logo\":{\"@type\":\"ImageObject\",\"inLanguage\":\"fr-FR\",\"@id\":\"https:\/\/culturbaine.com\/#\/schema\/logo\/image\/\",\"url\":\"https:\/\/culturbaine.com\/wp-content\/uploads\/2023\/07\/WhatsApp-Image-2023-07-17-at-14.38.18.jpeg\",\"contentUrl\":\"https:\/\/culturbaine.com\/wp-content\/uploads\/2023\/07\/WhatsApp-Image-2023-07-17-at-14.38.18.jpeg\",\"width\":855,\"height\":270,\"caption\":\"Culturbaine.com\"},\"image\":{\"@id\":\"https:\/\/culturbaine.com\/#\/schema\/logo\/image\/\"},\"sameAs\":[\"https:\/\/www.facebook.com\/Culturbaines\",\"https:\/\/x.com\/culturbaines\"]},{\"@type\":\"Person\",\"@id\":\"https:\/\/culturbaine.com\/#\/schema\/person\/42eb7485c572e0746c1ea6b8216c3814\",\"name\":\"admin1\",\"image\":{\"@type\":\"ImageObject\",\"inLanguage\":\"fr-FR\",\"@id\":\"https:\/\/culturbaine.com\/#\/schema\/person\/image\/\",\"url\":\"https:\/\/secure.gravatar.com\/avatar\/c268f4d483ce0486e5a10fee87bbf756?s=96&d=mm&r=g\",\"contentUrl\":\"https:\/\/secure.gravatar.com\/avatar\/c268f4d483ce0486e5a10fee87bbf756?s=96&d=mm&r=g\",\"caption\":\"admin1\"},\"url\":\"https:\/\/culturbaine.com\/index.php\/author\/admin1\/\"}]}<\/script>\n<!-- \/ Yoast SEO Premium plugin. -->","yoast_head_json":{"title":"Le M\u00e9langeur s'invite \u00e0 la premi\u00e8re \u00e9dition de la Foire de Bok\u00e9 ! - Culturbaine","robots":{"index":"index","follow":"follow","max-snippet":"max-snippet:-1","max-image-preview":"max-image-preview:large","max-video-preview":"max-video-preview:-1"},"canonical":"https:\/\/culturbaine.com\/index.php\/2024\/10\/31\/le-melangeur-sinvite-a-la-premiere-edition-de-la-foire-de-boke\/","og_locale":"fr_FR","og_type":"article","og_title":"Le M\u00e9langeur s'invite \u00e0 la premi\u00e8re \u00e9dition de la Foire de Bok\u00e9 !","og_description":"La structure Vision Pub Guin\u00e9e met les bouch\u00e9es doubles pour faire de cette premi\u00e8re \u00e9dition de la Foire de Bok\u00e9 un \u00e9v\u00e9nement m\u00e9morable. Pr\u00e9vue pour se tenir au stade de Bok\u00e9, cette foire proposera bien plus que de simples expositions. Outre les stands de vente, d&rsquo;exposition et de restauration, le programme inclut des moments d\u2019\u00e9changes [&hellip;]","og_url":"https:\/\/culturbaine.com\/index.php\/2024\/10\/31\/le-melangeur-sinvite-a-la-premiere-edition-de-la-foire-de-boke\/","og_site_name":"Culturbaine","article_publisher":"https:\/\/www.facebook.com\/Culturbaines","article_published_time":"2024-10-31T08:24:47+00:00","og_image":[{"width":715,"height":437,"url":"https:\/\/culturbaine.com\/wp-content\/uploads\/2024\/10\/17303625811582.jpg","type":"image\/jpeg"}],"author":"admin1","twitter_card":"summary_large_image","twitter_creator":"@culturbaines","twitter_site":"@culturbaines","twitter_misc":{"\u00c9crit par":"admin1","Dur\u00e9e de lecture estim\u00e9e":"2 minutes"},"schema":{"@context":"https:\/\/schema.org","@graph":[{"@type":"Article","@id":"https:\/\/culturbaine.com\/index.php\/2024\/10\/31\/le-melangeur-sinvite-a-la-premiere-edition-de-la-foire-de-boke\/#article","isPartOf":{"@id":"https:\/\/culturbaine.com\/index.php\/2024\/10\/31\/le-melangeur-sinvite-a-la-premiere-edition-de-la-foire-de-boke\/"},"author":{"name":"admin1","@id":"https:\/\/culturbaine.com\/#\/schema\/person\/42eb7485c572e0746c1ea6b8216c3814"},"headline":"Le M\u00e9langeur s&rsquo;invite \u00e0 la premi\u00e8re \u00e9dition de la Foire de Bok\u00e9 !","datePublished":"2024-10-31T08:24:47+00:00","dateModified":"2024-10-31T08:24:47+00:00","mainEntityOfPage":{"@id":"https:\/\/culturbaine.com\/index.php\/2024\/10\/31\/le-melangeur-sinvite-a-la-premiere-edition-de-la-foire-de-boke\/"},"wordCount":190,"publisher":{"@id":"https:\/\/culturbaine.com\/#organization"},"image":{"@id":"https:\/\/culturbaine.com\/index.php\/2024\/10\/31\/le-melangeur-sinvite-a-la-premiere-edition-de-la-foire-de-boke\/#primaryimage"},"thumbnailUrl":"https:\/\/culturbaine.com\/wp-content\/uploads\/2024\/10\/17303625811582.jpg","keywords":["Foire de Bok\u00e9","Le M\u00e9langeur","Vision Pub Guin\u00e9e"],"articleSection":["Actualit\u00e9","Agenda","Rap"],"inLanguage":"fr-FR"},{"@type":"WebPage","@id":"https:\/\/culturbaine.com\/index.php\/2024\/10\/31\/le-melangeur-sinvite-a-la-premiere-edition-de-la-foire-de-boke\/","url":"https:\/\/culturbaine.com\/index.php\/2024\/10\/31\/le-melangeur-sinvite-a-la-premiere-edition-de-la-foire-de-boke\/","name":"Le M\u00e9langeur s'invite \u00e0 la premi\u00e8re \u00e9dition de la Foire de Bok\u00e9 ! - Culturbaine","isPartOf":{"@id":"https:\/\/culturbaine.com\/#website"},"primaryImageOfPage":{"@id":"https:\/\/culturbaine.com\/index.php\/2024\/10\/31\/le-melangeur-sinvite-a-la-premiere-edition-de-la-foire-de-boke\/#primaryimage"},"image":{"@id":"https:\/\/culturbaine.com\/index.php\/2024\/10\/31\/le-melangeur-sinvite-a-la-premiere-edition-de-la-foire-de-boke\/#primaryimage"},"thumbnailUrl":"https:\/\/culturbaine.com\/wp-content\/uploads\/2024\/10\/17303625811582.jpg","datePublished":"2024-10-31T08:24:47+00:00","dateModified":"2024-10-31T08:24:47+00:00","breadcrumb":{"@id":"https:\/\/culturbaine.com\/index.php\/2024\/10\/31\/le-melangeur-sinvite-a-la-premiere-edition-de-la-foire-de-boke\/#breadcrumb"},"inLanguage":"fr-FR","potentialAction":[{"@type":"ReadAction","target":["https:\/\/culturbaine.com\/index.php\/2024\/10\/31\/le-melangeur-sinvite-a-la-premiere-edition-de-la-foire-de-boke\/"]}]},{"@type":"ImageObject","inLanguage":"fr-FR","@id":"https:\/\/culturbaine.com\/index.php\/2024\/10\/31\/le-melangeur-sinvite-a-la-premiere-edition-de-la-foire-de-boke\/#primaryimage","url":"https:\/\/culturbaine.com\/wp-content\/uploads\/2024\/10\/17303625811582.jpg","contentUrl":"https:\/\/culturbaine.com\/wp-content\/uploads\/2024\/10\/17303625811582.jpg","width":715,"height":437},{"@type":"BreadcrumbList","@id":"https:\/\/culturbaine.com\/index.php\/2024\/10\/31\/le-melangeur-sinvite-a-la-premiere-edition-de-la-foire-de-boke\/#breadcrumb","itemListElement":[{"@type":"ListItem","position":1,"name":"Home","item":"https:\/\/culturbaine.com\/"},{"@type":"ListItem","position":2,"name":"Le M\u00e9langeur s&rsquo;invite \u00e0 la premi\u00e8re \u00e9dition de la Foire de Bok\u00e9 !"}]},{"@type":"WebSite","@id":"https:\/\/culturbaine.com\/#website","url":"https:\/\/culturbaine.com\/","name":"Culturbaine.com","description":"Toute l&#039;actualit\u00e9 des Cultures Urbaines, en un clic  !","publisher":{"@id":"https:\/\/culturbaine.com\/#organization"},"potentialAction":[{"@type":"SearchAction","target":{"@type":"EntryPoint","urlTemplate":"https:\/\/culturbaine.com\/?s={search_term_string}"},"query-input":{"@type":"PropertyValueSpecification","valueRequired":true,"valueName":"search_term_string"}}],"inLanguage":"fr-FR"},{"@type":"Organization","@id":"https:\/\/culturbaine.com\/#organization","name":"Culturbaine.com","url":"https:\/\/culturbaine.com\/","logo":{"@type":"ImageObject","inLanguage":"fr-FR","@id":"https:\/\/culturbaine.com\/#\/schema\/logo\/image\/","url":"https:\/\/culturbaine.com\/wp-content\/uploads\/2023\/07\/WhatsApp-Image-2023-07-17-at-14.38.18.jpeg","contentUrl":"https:\/\/culturbaine.com\/wp-content\/uploads\/2023\/07\/WhatsApp-Image-2023-07-17-at-14.38.18.jpeg","width":855,"height":270,"caption":"Culturbaine.com"},"image":{"@id":"https:\/\/culturbaine.com\/#\/schema\/logo\/image\/"},"sameAs":["https:\/\/www.facebook.com\/Culturbaines","https:\/\/x.com\/culturbaines"]},{"@type":"Person","@id":"https:\/\/culturbaine.com\/#\/schema\/person\/42eb7485c572e0746c1ea6b8216c3814","name":"admin1","image":{"@type":"ImageObject","inLanguage":"fr-FR","@id":"https:\/\/culturbaine.com\/#\/schema\/person\/image\/","url":"https:\/\/secure.gravatar.com\/avatar\/c268f4d483ce0486e5a10fee87bbf756?s=96&d=mm&r=g","contentUrl":"https:\/\/secure.gravatar.com\/avatar\/c268f4d483ce0486e5a10fee87bbf756?s=96&d=mm&r=g","caption":"admin1"},"url":"https:\/\/culturbaine.com\/index.php\/author\/admin1\/"}]}},"_links":{"self":[{"href":"https:\/\/culturbaine.com\/index.php\/wp-json\/wp\/v2\/posts\/9564"}],"collection":[{"href":"https:\/\/culturbaine.com\/index.php\/wp-json\/wp\/v2\/posts"}],"about":[{"href":"https:\/\/culturbaine.com\/index.php\/wp-json\/wp\/v2\/types\/post"}],"author":[{"embeddable":true,"href":"https:\/\/culturbaine.com\/index.php\/wp-json\/wp\/v2\/users\/2"}],"replies":[{"embeddable":true,"href":"https:\/\/culturbaine.com\/index.php\/wp-json\/wp\/v2\/comments?post=9564"}],"version-history":[{"count":0,"href":"https:\/\/culturbaine.com\/index.php\/wp-json\/wp\/v2\/posts\/9564\/revisions"}],"wp:featuredmedia":[{"embeddable":true,"href":"https:\/\/culturbaine.com\/index.php\/wp-json\/wp\/v2\/media\/9566"}],"wp:attachment":[{"href":"https:\/\/culturbaine.com\/index.php\/wp-json\/wp\/v2\/media?parent=9564"}],"wp:term":[{"taxonomy":"category","embeddable":true,"href":"https:\/\/culturbaine.com\/index.php\/wp-json\/wp\/v2\/categories?post=9564"},{"taxonomy":"post_tag","embeddable":true,"href":"https:\/\/culturbaine.com\/index.php\/wp-json\/wp\/v2\/tags?post=9564"}],"curies":[{"name":"wp","href":"https:\/\/api.w.org\/{rel}","templated":true}]}}