{"id":9487,"date":"2024-10-27T11:00:56","date_gmt":"2024-10-27T11:00:56","guid":{"rendered":"https:\/\/culturbaine.com\/?p=9487"},"modified":"2024-10-28T12:00:32","modified_gmt":"2024-10-28T12:00:32","slug":"bientot-le-reveillon-de-lautoroute-avec-beltimes-management","status":"publish","type":"post","link":"https:\/\/culturbaine.com\/index.php\/2024\/10\/27\/bientot-le-reveillon-de-lautoroute-avec-beltimes-management\/","title":{"rendered":"Bient\u00f4t &lsquo;Le R\u00e9veillon de l\u2019Autoroute&rsquo; avec Beltime&rsquo;S Management"},"content":{"rendered":"<p>La fin d&rsquo;ann\u00e9e approche, et <strong>Beltime\u2019s Management<\/strong> pr\u00e9pare un \u00e9v\u00e9nement culturel de grande envergure <strong>: Le R\u00e9veillon de l&rsquo;Autoroute<\/strong>. Cet \u00e9v\u00e9nement, in\u00e9dit en son genre, se d\u00e9roulera directement sur l&rsquo;autoroute, offrant aux jeunes de la r\u00e9gion une alternative festive sans besoin de se d\u00e9placer loin de leur quartier.<\/p>\n<p>Pr\u00e9vu pour durer plusieurs jours, ce rassemblement accueillera les plus grandes figures de la sc\u00e8ne musicale guin\u00e9enne, particuli\u00e8rement celles de la musique urbaine. Bien que les d\u00e9tails exacts de la date et de l\u2019emplacement restent encore \u00e0 confirmer, les organisateurs promettent une c\u00e9l\u00e9bration de proximit\u00e9, pens\u00e9e pour marquer durablement les esprits.<\/p>\n<p><img loading=\"lazy\" decoding=\"async\" class=\"alignnone size-medium wp-image-9489\" src=\"https:\/\/culturbaine.com\/wp-content\/uploads\/2024\/10\/LE-REVEILLONS--183x300.jpg\" alt=\"\" width=\"183\" height=\"300\" srcset=\"https:\/\/culturbaine.com\/wp-content\/uploads\/2024\/10\/LE-REVEILLONS--183x300.jpg 183w, https:\/\/culturbaine.com\/wp-content\/uploads\/2024\/10\/LE-REVEILLONS--624x1024.jpg 624w, https:\/\/culturbaine.com\/wp-content\/uploads\/2024\/10\/LE-REVEILLONS--768x1260.jpg 768w, https:\/\/culturbaine.com\/wp-content\/uploads\/2024\/10\/LE-REVEILLONS--936x1536.jpg 936w, https:\/\/culturbaine.com\/wp-content\/uploads\/2024\/10\/LE-REVEILLONS-.jpg 1170w\" sizes=\"(max-width: 183px) 100vw, 183px\" \/><\/p>\n<p>Restez \u00e0 l&rsquo;\u00e9coute pour d\u00e9couvrir plus d\u2019informations sur cet \u00e9v\u00e9nement unique qui s\u2019annonce m\u00e9morable pour le public guin\u00e9en !<\/p>\n<p><strong>Mohamed Cinq Sylla<\/strong><\/p>\n","protected":false},"excerpt":{"rendered":"<p>La fin d&rsquo;ann\u00e9e approche, et Beltime\u2019s Management pr\u00e9pare un \u00e9v\u00e9nement culturel de grande envergure : Le R\u00e9veillon de l&rsquo;Autoroute. Cet \u00e9v\u00e9nement, in\u00e9dit en son genre, se d\u00e9roulera directement sur l&rsquo;autoroute, offrant aux jeunes de la r\u00e9gion une alternative festive sans besoin de se d\u00e9placer loin de leur quartier. Pr\u00e9vu pour durer plusieurs jours, ce rassemblement [&hellip;]<\/p>\n","protected":false},"author":2,"featured_media":9488,"comment_status":"closed","ping_status":"closed","sticky":false,"template":"","format":"standard","meta":{"_mi_skip_tracking":false,"_monsterinsights_sitenote_active":false,"_monsterinsights_sitenote_note":"","_monsterinsights_sitenote_category":0,"footnotes":""},"categories":[21],"tags":[3307,3306],"class_list":["post-9487","post","type-post","status-publish","format-standard","has-post-thumbnail","hentry","category-actualite","tag-beltimes","tag-le-reveillon-de-lautoroute"],"yoast_head":"<!-- This site is optimized with the Yoast SEO Premium plugin v20.1 (Yoast SEO v24.0) - https:\/\/yoast.com\/wordpress\/plugins\/seo\/ -->\n<title>Bient\u00f4t &#039;Le R\u00e9veillon de l\u2019Autoroute&#039; avec Beltime&#039;S Management - Culturbaine<\/title>\n<meta name=\"robots\" content=\"index, follow, max-snippet:-1, max-image-preview:large, max-video-preview:-1\" \/>\n<link rel=\"canonical\" href=\"https:\/\/culturbaine.com\/index.php\/2024\/10\/27\/bientot-le-reveillon-de-lautoroute-avec-beltimes-management\/\" \/>\n<meta property=\"og:locale\" content=\"fr_FR\" \/>\n<meta property=\"og:type\" content=\"article\" \/>\n<meta property=\"og:title\" content=\"Bient\u00f4t &#039;Le R\u00e9veillon de l\u2019Autoroute&#039; avec Beltime&#039;S Management\" \/>\n<meta property=\"og:description\" content=\"La fin d&rsquo;ann\u00e9e approche, et Beltime\u2019s Management pr\u00e9pare un \u00e9v\u00e9nement culturel de grande envergure : Le R\u00e9veillon de l&rsquo;Autoroute. Cet \u00e9v\u00e9nement, in\u00e9dit en son genre, se d\u00e9roulera directement sur l&rsquo;autoroute, offrant aux jeunes de la r\u00e9gion une alternative festive sans besoin de se d\u00e9placer loin de leur quartier. Pr\u00e9vu pour durer plusieurs jours, ce rassemblement [&hellip;]\" \/>\n<meta property=\"og:url\" content=\"https:\/\/culturbaine.com\/index.php\/2024\/10\/27\/bientot-le-reveillon-de-lautoroute-avec-beltimes-management\/\" \/>\n<meta property=\"og:site_name\" content=\"Culturbaine\" \/>\n<meta property=\"article:publisher\" content=\"https:\/\/www.facebook.com\/Culturbaines\" \/>\n<meta property=\"article:published_time\" content=\"2024-10-27T11:00:56+00:00\" \/>\n<meta property=\"article:modified_time\" content=\"2024-10-28T12:00:32+00:00\" \/>\n<meta property=\"og:image\" content=\"https:\/\/culturbaine.com\/wp-content\/uploads\/2024\/10\/IMG_20241026_233216.jpg\" \/>\n\t<meta property=\"og:image:width\" content=\"720\" \/>\n\t<meta property=\"og:image:height\" content=\"467\" \/>\n\t<meta property=\"og:image:type\" content=\"image\/jpeg\" \/>\n<meta name=\"author\" content=\"admin1\" \/>\n<meta name=\"twitter:card\" content=\"summary_large_image\" \/>\n<meta name=\"twitter:creator\" content=\"@culturbaines\" \/>\n<meta name=\"twitter:site\" content=\"@culturbaines\" \/>\n<meta name=\"twitter:label1\" content=\"\u00c9crit par\" \/>\n\t<meta name=\"twitter:data1\" content=\"admin1\" \/>\n\t<meta name=\"twitter:label2\" content=\"Dur\u00e9e de lecture estim\u00e9e\" \/>\n\t<meta name=\"twitter:data2\" content=\"2 minutes\" \/>\n<script type=\"application\/ld+json\" class=\"yoast-schema-graph\">{\"@context\":\"https:\/\/schema.org\",\"@graph\":[{\"@type\":\"Article\",\"@id\":\"https:\/\/culturbaine.com\/index.php\/2024\/10\/27\/bientot-le-reveillon-de-lautoroute-avec-beltimes-management\/#article\",\"isPartOf\":{\"@id\":\"https:\/\/culturbaine.com\/index.php\/2024\/10\/27\/bientot-le-reveillon-de-lautoroute-avec-beltimes-management\/\"},\"author\":{\"name\":\"admin1\",\"@id\":\"https:\/\/culturbaine.com\/#\/schema\/person\/42eb7485c572e0746c1ea6b8216c3814\"},\"headline\":\"Bient\u00f4t &lsquo;Le R\u00e9veillon de l\u2019Autoroute&rsquo; avec Beltime&rsquo;S Management\",\"datePublished\":\"2024-10-27T11:00:56+00:00\",\"dateModified\":\"2024-10-28T12:00:32+00:00\",\"mainEntityOfPage\":{\"@id\":\"https:\/\/culturbaine.com\/index.php\/2024\/10\/27\/bientot-le-reveillon-de-lautoroute-avec-beltimes-management\/\"},\"wordCount\":158,\"publisher\":{\"@id\":\"https:\/\/culturbaine.com\/#organization\"},\"image\":{\"@id\":\"https:\/\/culturbaine.com\/index.php\/2024\/10\/27\/bientot-le-reveillon-de-lautoroute-avec-beltimes-management\/#primaryimage\"},\"thumbnailUrl\":\"https:\/\/culturbaine.com\/wp-content\/uploads\/2024\/10\/IMG_20241026_233216.jpg\",\"keywords\":[\"Beltime\u2019s\",\"Le R\u00e9veillon de l\u2019Autoroute\"],\"articleSection\":[\"Actualit\u00e9\"],\"inLanguage\":\"fr-FR\"},{\"@type\":\"WebPage\",\"@id\":\"https:\/\/culturbaine.com\/index.php\/2024\/10\/27\/bientot-le-reveillon-de-lautoroute-avec-beltimes-management\/\",\"url\":\"https:\/\/culturbaine.com\/index.php\/2024\/10\/27\/bientot-le-reveillon-de-lautoroute-avec-beltimes-management\/\",\"name\":\"Bient\u00f4t 'Le R\u00e9veillon de l\u2019Autoroute' avec Beltime'S Management - Culturbaine\",\"isPartOf\":{\"@id\":\"https:\/\/culturbaine.com\/#website\"},\"primaryImageOfPage\":{\"@id\":\"https:\/\/culturbaine.com\/index.php\/2024\/10\/27\/bientot-le-reveillon-de-lautoroute-avec-beltimes-management\/#primaryimage\"},\"image\":{\"@id\":\"https:\/\/culturbaine.com\/index.php\/2024\/10\/27\/bientot-le-reveillon-de-lautoroute-avec-beltimes-management\/#primaryimage\"},\"thumbnailUrl\":\"https:\/\/culturbaine.com\/wp-content\/uploads\/2024\/10\/IMG_20241026_233216.jpg\",\"datePublished\":\"2024-10-27T11:00:56+00:00\",\"dateModified\":\"2024-10-28T12:00:32+00:00\",\"breadcrumb\":{\"@id\":\"https:\/\/culturbaine.com\/index.php\/2024\/10\/27\/bientot-le-reveillon-de-lautoroute-avec-beltimes-management\/#breadcrumb\"},\"inLanguage\":\"fr-FR\",\"potentialAction\":[{\"@type\":\"ReadAction\",\"target\":[\"https:\/\/culturbaine.com\/index.php\/2024\/10\/27\/bientot-le-reveillon-de-lautoroute-avec-beltimes-management\/\"]}]},{\"@type\":\"ImageObject\",\"inLanguage\":\"fr-FR\",\"@id\":\"https:\/\/culturbaine.com\/index.php\/2024\/10\/27\/bientot-le-reveillon-de-lautoroute-avec-beltimes-management\/#primaryimage\",\"url\":\"https:\/\/culturbaine.com\/wp-content\/uploads\/2024\/10\/IMG_20241026_233216.jpg\",\"contentUrl\":\"https:\/\/culturbaine.com\/wp-content\/uploads\/2024\/10\/IMG_20241026_233216.jpg\",\"width\":720,\"height\":467},{\"@type\":\"BreadcrumbList\",\"@id\":\"https:\/\/culturbaine.com\/index.php\/2024\/10\/27\/bientot-le-reveillon-de-lautoroute-avec-beltimes-management\/#breadcrumb\",\"itemListElement\":[{\"@type\":\"ListItem\",\"position\":1,\"name\":\"Home\",\"item\":\"https:\/\/culturbaine.com\/\"},{\"@type\":\"ListItem\",\"position\":2,\"name\":\"Bient\u00f4t &lsquo;Le R\u00e9veillon de l\u2019Autoroute&rsquo; avec Beltime&rsquo;S Management\"}]},{\"@type\":\"WebSite\",\"@id\":\"https:\/\/culturbaine.com\/#website\",\"url\":\"https:\/\/culturbaine.com\/\",\"name\":\"Culturbaine.com\",\"description\":\"Toute l&#039;actualit\u00e9 des Cultures Urbaines, en un clic  !\",\"publisher\":{\"@id\":\"https:\/\/culturbaine.com\/#organization\"},\"potentialAction\":[{\"@type\":\"SearchAction\",\"target\":{\"@type\":\"EntryPoint\",\"urlTemplate\":\"https:\/\/culturbaine.com\/?s={search_term_string}\"},\"query-input\":{\"@type\":\"PropertyValueSpecification\",\"valueRequired\":true,\"valueName\":\"search_term_string\"}}],\"inLanguage\":\"fr-FR\"},{\"@type\":\"Organization\",\"@id\":\"https:\/\/culturbaine.com\/#organization\",\"name\":\"Culturbaine.com\",\"url\":\"https:\/\/culturbaine.com\/\",\"logo\":{\"@type\":\"ImageObject\",\"inLanguage\":\"fr-FR\",\"@id\":\"https:\/\/culturbaine.com\/#\/schema\/logo\/image\/\",\"url\":\"https:\/\/culturbaine.com\/wp-content\/uploads\/2023\/07\/WhatsApp-Image-2023-07-17-at-14.38.18.jpeg\",\"contentUrl\":\"https:\/\/culturbaine.com\/wp-content\/uploads\/2023\/07\/WhatsApp-Image-2023-07-17-at-14.38.18.jpeg\",\"width\":855,\"height\":270,\"caption\":\"Culturbaine.com\"},\"image\":{\"@id\":\"https:\/\/culturbaine.com\/#\/schema\/logo\/image\/\"},\"sameAs\":[\"https:\/\/www.facebook.com\/Culturbaines\",\"https:\/\/x.com\/culturbaines\"]},{\"@type\":\"Person\",\"@id\":\"https:\/\/culturbaine.com\/#\/schema\/person\/42eb7485c572e0746c1ea6b8216c3814\",\"name\":\"admin1\",\"image\":{\"@type\":\"ImageObject\",\"inLanguage\":\"fr-FR\",\"@id\":\"https:\/\/culturbaine.com\/#\/schema\/person\/image\/\",\"url\":\"https:\/\/secure.gravatar.com\/avatar\/c268f4d483ce0486e5a10fee87bbf756?s=96&d=mm&r=g\",\"contentUrl\":\"https:\/\/secure.gravatar.com\/avatar\/c268f4d483ce0486e5a10fee87bbf756?s=96&d=mm&r=g\",\"caption\":\"admin1\"},\"url\":\"https:\/\/culturbaine.com\/index.php\/author\/admin1\/\"}]}<\/script>\n<!-- \/ Yoast SEO Premium plugin. -->","yoast_head_json":{"title":"Bient\u00f4t 'Le R\u00e9veillon de l\u2019Autoroute' avec Beltime'S Management - Culturbaine","robots":{"index":"index","follow":"follow","max-snippet":"max-snippet:-1","max-image-preview":"max-image-preview:large","max-video-preview":"max-video-preview:-1"},"canonical":"https:\/\/culturbaine.com\/index.php\/2024\/10\/27\/bientot-le-reveillon-de-lautoroute-avec-beltimes-management\/","og_locale":"fr_FR","og_type":"article","og_title":"Bient\u00f4t 'Le R\u00e9veillon de l\u2019Autoroute' avec Beltime'S Management","og_description":"La fin d&rsquo;ann\u00e9e approche, et Beltime\u2019s Management pr\u00e9pare un \u00e9v\u00e9nement culturel de grande envergure : Le R\u00e9veillon de l&rsquo;Autoroute. Cet \u00e9v\u00e9nement, in\u00e9dit en son genre, se d\u00e9roulera directement sur l&rsquo;autoroute, offrant aux jeunes de la r\u00e9gion une alternative festive sans besoin de se d\u00e9placer loin de leur quartier. Pr\u00e9vu pour durer plusieurs jours, ce rassemblement [&hellip;]","og_url":"https:\/\/culturbaine.com\/index.php\/2024\/10\/27\/bientot-le-reveillon-de-lautoroute-avec-beltimes-management\/","og_site_name":"Culturbaine","article_publisher":"https:\/\/www.facebook.com\/Culturbaines","article_published_time":"2024-10-27T11:00:56+00:00","article_modified_time":"2024-10-28T12:00:32+00:00","og_image":[{"width":720,"height":467,"url":"https:\/\/culturbaine.com\/wp-content\/uploads\/2024\/10\/IMG_20241026_233216.jpg","type":"image\/jpeg"}],"author":"admin1","twitter_card":"summary_large_image","twitter_creator":"@culturbaines","twitter_site":"@culturbaines","twitter_misc":{"\u00c9crit par":"admin1","Dur\u00e9e de lecture estim\u00e9e":"2 minutes"},"schema":{"@context":"https:\/\/schema.org","@graph":[{"@type":"Article","@id":"https:\/\/culturbaine.com\/index.php\/2024\/10\/27\/bientot-le-reveillon-de-lautoroute-avec-beltimes-management\/#article","isPartOf":{"@id":"https:\/\/culturbaine.com\/index.php\/2024\/10\/27\/bientot-le-reveillon-de-lautoroute-avec-beltimes-management\/"},"author":{"name":"admin1","@id":"https:\/\/culturbaine.com\/#\/schema\/person\/42eb7485c572e0746c1ea6b8216c3814"},"headline":"Bient\u00f4t &lsquo;Le R\u00e9veillon de l\u2019Autoroute&rsquo; avec Beltime&rsquo;S Management","datePublished":"2024-10-27T11:00:56+00:00","dateModified":"2024-10-28T12:00:32+00:00","mainEntityOfPage":{"@id":"https:\/\/culturbaine.com\/index.php\/2024\/10\/27\/bientot-le-reveillon-de-lautoroute-avec-beltimes-management\/"},"wordCount":158,"publisher":{"@id":"https:\/\/culturbaine.com\/#organization"},"image":{"@id":"https:\/\/culturbaine.com\/index.php\/2024\/10\/27\/bientot-le-reveillon-de-lautoroute-avec-beltimes-management\/#primaryimage"},"thumbnailUrl":"https:\/\/culturbaine.com\/wp-content\/uploads\/2024\/10\/IMG_20241026_233216.jpg","keywords":["Beltime\u2019s","Le R\u00e9veillon de l\u2019Autoroute"],"articleSection":["Actualit\u00e9"],"inLanguage":"fr-FR"},{"@type":"WebPage","@id":"https:\/\/culturbaine.com\/index.php\/2024\/10\/27\/bientot-le-reveillon-de-lautoroute-avec-beltimes-management\/","url":"https:\/\/culturbaine.com\/index.php\/2024\/10\/27\/bientot-le-reveillon-de-lautoroute-avec-beltimes-management\/","name":"Bient\u00f4t 'Le R\u00e9veillon de l\u2019Autoroute' avec Beltime'S Management - Culturbaine","isPartOf":{"@id":"https:\/\/culturbaine.com\/#website"},"primaryImageOfPage":{"@id":"https:\/\/culturbaine.com\/index.php\/2024\/10\/27\/bientot-le-reveillon-de-lautoroute-avec-beltimes-management\/#primaryimage"},"image":{"@id":"https:\/\/culturbaine.com\/index.php\/2024\/10\/27\/bientot-le-reveillon-de-lautoroute-avec-beltimes-management\/#primaryimage"},"thumbnailUrl":"https:\/\/culturbaine.com\/wp-content\/uploads\/2024\/10\/IMG_20241026_233216.jpg","datePublished":"2024-10-27T11:00:56+00:00","dateModified":"2024-10-28T12:00:32+00:00","breadcrumb":{"@id":"https:\/\/culturbaine.com\/index.php\/2024\/10\/27\/bientot-le-reveillon-de-lautoroute-avec-beltimes-management\/#breadcrumb"},"inLanguage":"fr-FR","potentialAction":[{"@type":"ReadAction","target":["https:\/\/culturbaine.com\/index.php\/2024\/10\/27\/bientot-le-reveillon-de-lautoroute-avec-beltimes-management\/"]}]},{"@type":"ImageObject","inLanguage":"fr-FR","@id":"https:\/\/culturbaine.com\/index.php\/2024\/10\/27\/bientot-le-reveillon-de-lautoroute-avec-beltimes-management\/#primaryimage","url":"https:\/\/culturbaine.com\/wp-content\/uploads\/2024\/10\/IMG_20241026_233216.jpg","contentUrl":"https:\/\/culturbaine.com\/wp-content\/uploads\/2024\/10\/IMG_20241026_233216.jpg","width":720,"height":467},{"@type":"BreadcrumbList","@id":"https:\/\/culturbaine.com\/index.php\/2024\/10\/27\/bientot-le-reveillon-de-lautoroute-avec-beltimes-management\/#breadcrumb","itemListElement":[{"@type":"ListItem","position":1,"name":"Home","item":"https:\/\/culturbaine.com\/"},{"@type":"ListItem","position":2,"name":"Bient\u00f4t &lsquo;Le R\u00e9veillon de l\u2019Autoroute&rsquo; avec Beltime&rsquo;S Management"}]},{"@type":"WebSite","@id":"https:\/\/culturbaine.com\/#website","url":"https:\/\/culturbaine.com\/","name":"Culturbaine.com","description":"Toute l&#039;actualit\u00e9 des Cultures Urbaines, en un clic  !","publisher":{"@id":"https:\/\/culturbaine.com\/#organization"},"potentialAction":[{"@type":"SearchAction","target":{"@type":"EntryPoint","urlTemplate":"https:\/\/culturbaine.com\/?s={search_term_string}"},"query-input":{"@type":"PropertyValueSpecification","valueRequired":true,"valueName":"search_term_string"}}],"inLanguage":"fr-FR"},{"@type":"Organization","@id":"https:\/\/culturbaine.com\/#organization","name":"Culturbaine.com","url":"https:\/\/culturbaine.com\/","logo":{"@type":"ImageObject","inLanguage":"fr-FR","@id":"https:\/\/culturbaine.com\/#\/schema\/logo\/image\/","url":"https:\/\/culturbaine.com\/wp-content\/uploads\/2023\/07\/WhatsApp-Image-2023-07-17-at-14.38.18.jpeg","contentUrl":"https:\/\/culturbaine.com\/wp-content\/uploads\/2023\/07\/WhatsApp-Image-2023-07-17-at-14.38.18.jpeg","width":855,"height":270,"caption":"Culturbaine.com"},"image":{"@id":"https:\/\/culturbaine.com\/#\/schema\/logo\/image\/"},"sameAs":["https:\/\/www.facebook.com\/Culturbaines","https:\/\/x.com\/culturbaines"]},{"@type":"Person","@id":"https:\/\/culturbaine.com\/#\/schema\/person\/42eb7485c572e0746c1ea6b8216c3814","name":"admin1","image":{"@type":"ImageObject","inLanguage":"fr-FR","@id":"https:\/\/culturbaine.com\/#\/schema\/person\/image\/","url":"https:\/\/secure.gravatar.com\/avatar\/c268f4d483ce0486e5a10fee87bbf756?s=96&d=mm&r=g","contentUrl":"https:\/\/secure.gravatar.com\/avatar\/c268f4d483ce0486e5a10fee87bbf756?s=96&d=mm&r=g","caption":"admin1"},"url":"https:\/\/culturbaine.com\/index.php\/author\/admin1\/"}]}},"_links":{"self":[{"href":"https:\/\/culturbaine.com\/index.php\/wp-json\/wp\/v2\/posts\/9487"}],"collection":[{"href":"https:\/\/culturbaine.com\/index.php\/wp-json\/wp\/v2\/posts"}],"about":[{"href":"https:\/\/culturbaine.com\/index.php\/wp-json\/wp\/v2\/types\/post"}],"author":[{"embeddable":true,"href":"https:\/\/culturbaine.com\/index.php\/wp-json\/wp\/v2\/users\/2"}],"replies":[{"embeddable":true,"href":"https:\/\/culturbaine.com\/index.php\/wp-json\/wp\/v2\/comments?post=9487"}],"version-history":[{"count":0,"href":"https:\/\/culturbaine.com\/index.php\/wp-json\/wp\/v2\/posts\/9487\/revisions"}],"wp:featuredmedia":[{"embeddable":true,"href":"https:\/\/culturbaine.com\/index.php\/wp-json\/wp\/v2\/media\/9488"}],"wp:attachment":[{"href":"https:\/\/culturbaine.com\/index.php\/wp-json\/wp\/v2\/media?parent=9487"}],"wp:term":[{"taxonomy":"category","embeddable":true,"href":"https:\/\/culturbaine.com\/index.php\/wp-json\/wp\/v2\/categories?post=9487"},{"taxonomy":"post_tag","embeddable":true,"href":"https:\/\/culturbaine.com\/index.php\/wp-json\/wp\/v2\/tags?post=9487"}],"curies":[{"name":"wp","href":"https:\/\/api.w.org\/{rel}","templated":true}]}}