{"id":9226,"date":"2024-10-15T08:26:06","date_gmt":"2024-10-15T08:26:06","guid":{"rendered":"https:\/\/culturbaine.com\/?p=9226"},"modified":"2024-10-15T08:26:06","modified_gmt":"2024-10-15T08:26:06","slug":"la-fouine-attendu-a-dakar-pour-un-concert-exceptionnel","status":"publish","type":"post","link":"https:\/\/culturbaine.com\/index.php\/2024\/10\/15\/la-fouine-attendu-a-dakar-pour-un-concert-exceptionnel\/","title":{"rendered":"La Fouine attendu \u00e0 Dakar pour un concert exceptionnel"},"content":{"rendered":"<p>Fra\u00eechement revenu sur le devant de la sc\u00e8ne avec son titre \u00ab Gangster et C\u00e9l\u00e8bre \u00bb en collaboration avec Leto, le rappeur fran\u00e7ais La Fouine se pr\u00e9pare \u00e0 enflammer Dakar. Il est annonc\u00e9 pour un concert le 23 novembre \u00e0 l\u2019esplanade du Grand Th\u00e9\u00e2tre Doudou Ndiaye Coumba Rose.<\/p>\n<p>D\u00e8s l\u2019annonce de l\u2019\u00e9v\u00e9nement, les affiches ont rapidement circul\u00e9 sur les r\u00e9seaux sociaux. L\u2019artiste lui-m\u00eame a confirm\u00e9 la nouvelle en partageant l\u2019affiche officielle sur son compte Instagram.<\/p>\n<p><img loading=\"lazy\" decoding=\"async\" class=\"alignnone size-medium wp-image-9227\" src=\"https:\/\/culturbaine.com\/wp-content\/uploads\/2024\/10\/Screenshot_20241015-080757-150x300.jpg\" alt=\"\" width=\"150\" height=\"300\" srcset=\"https:\/\/culturbaine.com\/wp-content\/uploads\/2024\/10\/Screenshot_20241015-080757-150x300.jpg 150w, https:\/\/culturbaine.com\/wp-content\/uploads\/2024\/10\/Screenshot_20241015-080757-511x1024.jpg 511w, https:\/\/culturbaine.com\/wp-content\/uploads\/2024\/10\/Screenshot_20241015-080757.jpg 720w\" sizes=\"(max-width: 150px) 100vw, 150px\" \/><\/p>\n<p>Ce concert marquera le premier \u00e9v\u00e9nement de <strong>La Fouine<\/strong> en Afrique depuis son retour sur le devant de la sc\u00e8ne musicale. En parall\u00e8le, les fans attendent avec impatience la sortie de son prochain album, \u00ab <strong>Capitale du Crime 6 \u00bb.<\/strong><\/p>\n<p>Notez bien la date et pr\u00e9parez-vous \u00e0 vivre un moment m\u00e9morable avec La Fouine \u00e0 Dakar !<\/p>\n<p><strong>Mohamed Cinq Sylla<\/strong><\/p>\n","protected":false},"excerpt":{"rendered":"<p>Fra\u00eechement revenu sur le devant de la sc\u00e8ne avec son titre \u00ab Gangster et C\u00e9l\u00e8bre \u00bb en collaboration avec Leto, le rappeur fran\u00e7ais La Fouine se pr\u00e9pare \u00e0 enflammer Dakar. Il est annonc\u00e9 pour un concert le 23 novembre \u00e0 l\u2019esplanade du Grand Th\u00e9\u00e2tre Doudou Ndiaye Coumba Rose. D\u00e8s l\u2019annonce de l\u2019\u00e9v\u00e9nement, les affiches ont [&hellip;]<\/p>\n","protected":false},"author":2,"featured_media":9228,"comment_status":"closed","ping_status":"closed","sticky":false,"template":"","format":"standard","meta":{"_mi_skip_tracking":false,"_monsterinsights_sitenote_active":false,"_monsterinsights_sitenote_note":"","_monsterinsights_sitenote_category":0,"footnotes":""},"categories":[21,33,512],"tags":[3242,3241,2184,136],"class_list":["post-9226","post","type-post","status-publish","format-standard","has-post-thumbnail","hentry","category-actualite","category-agenda","category-rap","tag-capitale-du-crime-6","tag-concert-a-dakar","tag-la-fouine","tag-rappeur-francais"],"yoast_head":"<!-- This site is optimized with the Yoast SEO Premium plugin v20.1 (Yoast SEO v24.0) - https:\/\/yoast.com\/wordpress\/plugins\/seo\/ -->\n<title>La Fouine attendu \u00e0 Dakar pour un concert exceptionnel - Culturbaine<\/title>\n<meta name=\"robots\" content=\"index, follow, max-snippet:-1, max-image-preview:large, max-video-preview:-1\" \/>\n<link rel=\"canonical\" href=\"https:\/\/culturbaine.com\/index.php\/2024\/10\/15\/la-fouine-attendu-a-dakar-pour-un-concert-exceptionnel\/\" \/>\n<meta property=\"og:locale\" content=\"fr_FR\" \/>\n<meta property=\"og:type\" content=\"article\" \/>\n<meta property=\"og:title\" content=\"La Fouine attendu \u00e0 Dakar pour un concert exceptionnel\" \/>\n<meta property=\"og:description\" content=\"Fra\u00eechement revenu sur le devant de la sc\u00e8ne avec son titre \u00ab Gangster et C\u00e9l\u00e8bre \u00bb en collaboration avec Leto, le rappeur fran\u00e7ais La Fouine se pr\u00e9pare \u00e0 enflammer Dakar. Il est annonc\u00e9 pour un concert le 23 novembre \u00e0 l\u2019esplanade du Grand Th\u00e9\u00e2tre Doudou Ndiaye Coumba Rose. D\u00e8s l\u2019annonce de l\u2019\u00e9v\u00e9nement, les affiches ont [&hellip;]\" \/>\n<meta property=\"og:url\" content=\"https:\/\/culturbaine.com\/index.php\/2024\/10\/15\/la-fouine-attendu-a-dakar-pour-un-concert-exceptionnel\/\" \/>\n<meta property=\"og:site_name\" content=\"Culturbaine\" \/>\n<meta property=\"article:publisher\" content=\"https:\/\/www.facebook.com\/Culturbaines\" \/>\n<meta property=\"article:published_time\" content=\"2024-10-15T08:26:06+00:00\" \/>\n<meta property=\"og:image\" content=\"https:\/\/culturbaine.com\/wp-content\/uploads\/2024\/10\/IMG_20241015_081839.jpg\" \/>\n\t<meta property=\"og:image:width\" content=\"720\" \/>\n\t<meta property=\"og:image:height\" content=\"445\" \/>\n\t<meta property=\"og:image:type\" content=\"image\/jpeg\" \/>\n<meta name=\"author\" content=\"admin1\" \/>\n<meta name=\"twitter:card\" content=\"summary_large_image\" \/>\n<meta name=\"twitter:creator\" content=\"@culturbaines\" \/>\n<meta name=\"twitter:site\" content=\"@culturbaines\" \/>\n<meta name=\"twitter:label1\" content=\"\u00c9crit par\" \/>\n\t<meta name=\"twitter:data1\" content=\"admin1\" \/>\n\t<meta name=\"twitter:label2\" content=\"Dur\u00e9e de lecture estim\u00e9e\" \/>\n\t<meta name=\"twitter:data2\" content=\"2 minutes\" \/>\n<script type=\"application\/ld+json\" class=\"yoast-schema-graph\">{\"@context\":\"https:\/\/schema.org\",\"@graph\":[{\"@type\":\"Article\",\"@id\":\"https:\/\/culturbaine.com\/index.php\/2024\/10\/15\/la-fouine-attendu-a-dakar-pour-un-concert-exceptionnel\/#article\",\"isPartOf\":{\"@id\":\"https:\/\/culturbaine.com\/index.php\/2024\/10\/15\/la-fouine-attendu-a-dakar-pour-un-concert-exceptionnel\/\"},\"author\":{\"name\":\"admin1\",\"@id\":\"https:\/\/culturbaine.com\/#\/schema\/person\/42eb7485c572e0746c1ea6b8216c3814\"},\"headline\":\"La Fouine attendu \u00e0 Dakar pour un concert exceptionnel\",\"datePublished\":\"2024-10-15T08:26:06+00:00\",\"dateModified\":\"2024-10-15T08:26:06+00:00\",\"mainEntityOfPage\":{\"@id\":\"https:\/\/culturbaine.com\/index.php\/2024\/10\/15\/la-fouine-attendu-a-dakar-pour-un-concert-exceptionnel\/\"},\"wordCount\":153,\"publisher\":{\"@id\":\"https:\/\/culturbaine.com\/#organization\"},\"image\":{\"@id\":\"https:\/\/culturbaine.com\/index.php\/2024\/10\/15\/la-fouine-attendu-a-dakar-pour-un-concert-exceptionnel\/#primaryimage\"},\"thumbnailUrl\":\"https:\/\/culturbaine.com\/wp-content\/uploads\/2024\/10\/IMG_20241015_081839.jpg\",\"keywords\":[\"Capitale du crime 6\",\"concert \u00e0 Dakar\",\"La Fouine\",\"rappeur fran\u00e7ais\"],\"articleSection\":[\"Actualit\u00e9\",\"Agenda\",\"Rap\"],\"inLanguage\":\"fr-FR\"},{\"@type\":\"WebPage\",\"@id\":\"https:\/\/culturbaine.com\/index.php\/2024\/10\/15\/la-fouine-attendu-a-dakar-pour-un-concert-exceptionnel\/\",\"url\":\"https:\/\/culturbaine.com\/index.php\/2024\/10\/15\/la-fouine-attendu-a-dakar-pour-un-concert-exceptionnel\/\",\"name\":\"La Fouine attendu \u00e0 Dakar pour un concert exceptionnel - Culturbaine\",\"isPartOf\":{\"@id\":\"https:\/\/culturbaine.com\/#website\"},\"primaryImageOfPage\":{\"@id\":\"https:\/\/culturbaine.com\/index.php\/2024\/10\/15\/la-fouine-attendu-a-dakar-pour-un-concert-exceptionnel\/#primaryimage\"},\"image\":{\"@id\":\"https:\/\/culturbaine.com\/index.php\/2024\/10\/15\/la-fouine-attendu-a-dakar-pour-un-concert-exceptionnel\/#primaryimage\"},\"thumbnailUrl\":\"https:\/\/culturbaine.com\/wp-content\/uploads\/2024\/10\/IMG_20241015_081839.jpg\",\"datePublished\":\"2024-10-15T08:26:06+00:00\",\"dateModified\":\"2024-10-15T08:26:06+00:00\",\"breadcrumb\":{\"@id\":\"https:\/\/culturbaine.com\/index.php\/2024\/10\/15\/la-fouine-attendu-a-dakar-pour-un-concert-exceptionnel\/#breadcrumb\"},\"inLanguage\":\"fr-FR\",\"potentialAction\":[{\"@type\":\"ReadAction\",\"target\":[\"https:\/\/culturbaine.com\/index.php\/2024\/10\/15\/la-fouine-attendu-a-dakar-pour-un-concert-exceptionnel\/\"]}]},{\"@type\":\"ImageObject\",\"inLanguage\":\"fr-FR\",\"@id\":\"https:\/\/culturbaine.com\/index.php\/2024\/10\/15\/la-fouine-attendu-a-dakar-pour-un-concert-exceptionnel\/#primaryimage\",\"url\":\"https:\/\/culturbaine.com\/wp-content\/uploads\/2024\/10\/IMG_20241015_081839.jpg\",\"contentUrl\":\"https:\/\/culturbaine.com\/wp-content\/uploads\/2024\/10\/IMG_20241015_081839.jpg\",\"width\":720,\"height\":445},{\"@type\":\"BreadcrumbList\",\"@id\":\"https:\/\/culturbaine.com\/index.php\/2024\/10\/15\/la-fouine-attendu-a-dakar-pour-un-concert-exceptionnel\/#breadcrumb\",\"itemListElement\":[{\"@type\":\"ListItem\",\"position\":1,\"name\":\"Home\",\"item\":\"https:\/\/culturbaine.com\/\"},{\"@type\":\"ListItem\",\"position\":2,\"name\":\"La Fouine attendu \u00e0 Dakar pour un concert exceptionnel\"}]},{\"@type\":\"WebSite\",\"@id\":\"https:\/\/culturbaine.com\/#website\",\"url\":\"https:\/\/culturbaine.com\/\",\"name\":\"Culturbaine.com\",\"description\":\"Toute l&#039;actualit\u00e9 des Cultures Urbaines, en un clic  !\",\"publisher\":{\"@id\":\"https:\/\/culturbaine.com\/#organization\"},\"potentialAction\":[{\"@type\":\"SearchAction\",\"target\":{\"@type\":\"EntryPoint\",\"urlTemplate\":\"https:\/\/culturbaine.com\/?s={search_term_string}\"},\"query-input\":{\"@type\":\"PropertyValueSpecification\",\"valueRequired\":true,\"valueName\":\"search_term_string\"}}],\"inLanguage\":\"fr-FR\"},{\"@type\":\"Organization\",\"@id\":\"https:\/\/culturbaine.com\/#organization\",\"name\":\"Culturbaine.com\",\"url\":\"https:\/\/culturbaine.com\/\",\"logo\":{\"@type\":\"ImageObject\",\"inLanguage\":\"fr-FR\",\"@id\":\"https:\/\/culturbaine.com\/#\/schema\/logo\/image\/\",\"url\":\"https:\/\/culturbaine.com\/wp-content\/uploads\/2023\/07\/WhatsApp-Image-2023-07-17-at-14.38.18.jpeg\",\"contentUrl\":\"https:\/\/culturbaine.com\/wp-content\/uploads\/2023\/07\/WhatsApp-Image-2023-07-17-at-14.38.18.jpeg\",\"width\":855,\"height\":270,\"caption\":\"Culturbaine.com\"},\"image\":{\"@id\":\"https:\/\/culturbaine.com\/#\/schema\/logo\/image\/\"},\"sameAs\":[\"https:\/\/www.facebook.com\/Culturbaines\",\"https:\/\/x.com\/culturbaines\"]},{\"@type\":\"Person\",\"@id\":\"https:\/\/culturbaine.com\/#\/schema\/person\/42eb7485c572e0746c1ea6b8216c3814\",\"name\":\"admin1\",\"image\":{\"@type\":\"ImageObject\",\"inLanguage\":\"fr-FR\",\"@id\":\"https:\/\/culturbaine.com\/#\/schema\/person\/image\/\",\"url\":\"https:\/\/secure.gravatar.com\/avatar\/c268f4d483ce0486e5a10fee87bbf756?s=96&d=mm&r=g\",\"contentUrl\":\"https:\/\/secure.gravatar.com\/avatar\/c268f4d483ce0486e5a10fee87bbf756?s=96&d=mm&r=g\",\"caption\":\"admin1\"},\"url\":\"https:\/\/culturbaine.com\/index.php\/author\/admin1\/\"}]}<\/script>\n<!-- \/ Yoast SEO Premium plugin. -->","yoast_head_json":{"title":"La Fouine attendu \u00e0 Dakar pour un concert exceptionnel - Culturbaine","robots":{"index":"index","follow":"follow","max-snippet":"max-snippet:-1","max-image-preview":"max-image-preview:large","max-video-preview":"max-video-preview:-1"},"canonical":"https:\/\/culturbaine.com\/index.php\/2024\/10\/15\/la-fouine-attendu-a-dakar-pour-un-concert-exceptionnel\/","og_locale":"fr_FR","og_type":"article","og_title":"La Fouine attendu \u00e0 Dakar pour un concert exceptionnel","og_description":"Fra\u00eechement revenu sur le devant de la sc\u00e8ne avec son titre \u00ab Gangster et C\u00e9l\u00e8bre \u00bb en collaboration avec Leto, le rappeur fran\u00e7ais La Fouine se pr\u00e9pare \u00e0 enflammer Dakar. Il est annonc\u00e9 pour un concert le 23 novembre \u00e0 l\u2019esplanade du Grand Th\u00e9\u00e2tre Doudou Ndiaye Coumba Rose. D\u00e8s l\u2019annonce de l\u2019\u00e9v\u00e9nement, les affiches ont [&hellip;]","og_url":"https:\/\/culturbaine.com\/index.php\/2024\/10\/15\/la-fouine-attendu-a-dakar-pour-un-concert-exceptionnel\/","og_site_name":"Culturbaine","article_publisher":"https:\/\/www.facebook.com\/Culturbaines","article_published_time":"2024-10-15T08:26:06+00:00","og_image":[{"width":720,"height":445,"url":"https:\/\/culturbaine.com\/wp-content\/uploads\/2024\/10\/IMG_20241015_081839.jpg","type":"image\/jpeg"}],"author":"admin1","twitter_card":"summary_large_image","twitter_creator":"@culturbaines","twitter_site":"@culturbaines","twitter_misc":{"\u00c9crit par":"admin1","Dur\u00e9e de lecture estim\u00e9e":"2 minutes"},"schema":{"@context":"https:\/\/schema.org","@graph":[{"@type":"Article","@id":"https:\/\/culturbaine.com\/index.php\/2024\/10\/15\/la-fouine-attendu-a-dakar-pour-un-concert-exceptionnel\/#article","isPartOf":{"@id":"https:\/\/culturbaine.com\/index.php\/2024\/10\/15\/la-fouine-attendu-a-dakar-pour-un-concert-exceptionnel\/"},"author":{"name":"admin1","@id":"https:\/\/culturbaine.com\/#\/schema\/person\/42eb7485c572e0746c1ea6b8216c3814"},"headline":"La Fouine attendu \u00e0 Dakar pour un concert exceptionnel","datePublished":"2024-10-15T08:26:06+00:00","dateModified":"2024-10-15T08:26:06+00:00","mainEntityOfPage":{"@id":"https:\/\/culturbaine.com\/index.php\/2024\/10\/15\/la-fouine-attendu-a-dakar-pour-un-concert-exceptionnel\/"},"wordCount":153,"publisher":{"@id":"https:\/\/culturbaine.com\/#organization"},"image":{"@id":"https:\/\/culturbaine.com\/index.php\/2024\/10\/15\/la-fouine-attendu-a-dakar-pour-un-concert-exceptionnel\/#primaryimage"},"thumbnailUrl":"https:\/\/culturbaine.com\/wp-content\/uploads\/2024\/10\/IMG_20241015_081839.jpg","keywords":["Capitale du crime 6","concert \u00e0 Dakar","La Fouine","rappeur fran\u00e7ais"],"articleSection":["Actualit\u00e9","Agenda","Rap"],"inLanguage":"fr-FR"},{"@type":"WebPage","@id":"https:\/\/culturbaine.com\/index.php\/2024\/10\/15\/la-fouine-attendu-a-dakar-pour-un-concert-exceptionnel\/","url":"https:\/\/culturbaine.com\/index.php\/2024\/10\/15\/la-fouine-attendu-a-dakar-pour-un-concert-exceptionnel\/","name":"La Fouine attendu \u00e0 Dakar pour un concert exceptionnel - Culturbaine","isPartOf":{"@id":"https:\/\/culturbaine.com\/#website"},"primaryImageOfPage":{"@id":"https:\/\/culturbaine.com\/index.php\/2024\/10\/15\/la-fouine-attendu-a-dakar-pour-un-concert-exceptionnel\/#primaryimage"},"image":{"@id":"https:\/\/culturbaine.com\/index.php\/2024\/10\/15\/la-fouine-attendu-a-dakar-pour-un-concert-exceptionnel\/#primaryimage"},"thumbnailUrl":"https:\/\/culturbaine.com\/wp-content\/uploads\/2024\/10\/IMG_20241015_081839.jpg","datePublished":"2024-10-15T08:26:06+00:00","dateModified":"2024-10-15T08:26:06+00:00","breadcrumb":{"@id":"https:\/\/culturbaine.com\/index.php\/2024\/10\/15\/la-fouine-attendu-a-dakar-pour-un-concert-exceptionnel\/#breadcrumb"},"inLanguage":"fr-FR","potentialAction":[{"@type":"ReadAction","target":["https:\/\/culturbaine.com\/index.php\/2024\/10\/15\/la-fouine-attendu-a-dakar-pour-un-concert-exceptionnel\/"]}]},{"@type":"ImageObject","inLanguage":"fr-FR","@id":"https:\/\/culturbaine.com\/index.php\/2024\/10\/15\/la-fouine-attendu-a-dakar-pour-un-concert-exceptionnel\/#primaryimage","url":"https:\/\/culturbaine.com\/wp-content\/uploads\/2024\/10\/IMG_20241015_081839.jpg","contentUrl":"https:\/\/culturbaine.com\/wp-content\/uploads\/2024\/10\/IMG_20241015_081839.jpg","width":720,"height":445},{"@type":"BreadcrumbList","@id":"https:\/\/culturbaine.com\/index.php\/2024\/10\/15\/la-fouine-attendu-a-dakar-pour-un-concert-exceptionnel\/#breadcrumb","itemListElement":[{"@type":"ListItem","position":1,"name":"Home","item":"https:\/\/culturbaine.com\/"},{"@type":"ListItem","position":2,"name":"La Fouine attendu \u00e0 Dakar pour un concert exceptionnel"}]},{"@type":"WebSite","@id":"https:\/\/culturbaine.com\/#website","url":"https:\/\/culturbaine.com\/","name":"Culturbaine.com","description":"Toute l&#039;actualit\u00e9 des Cultures Urbaines, en un clic  !","publisher":{"@id":"https:\/\/culturbaine.com\/#organization"},"potentialAction":[{"@type":"SearchAction","target":{"@type":"EntryPoint","urlTemplate":"https:\/\/culturbaine.com\/?s={search_term_string}"},"query-input":{"@type":"PropertyValueSpecification","valueRequired":true,"valueName":"search_term_string"}}],"inLanguage":"fr-FR"},{"@type":"Organization","@id":"https:\/\/culturbaine.com\/#organization","name":"Culturbaine.com","url":"https:\/\/culturbaine.com\/","logo":{"@type":"ImageObject","inLanguage":"fr-FR","@id":"https:\/\/culturbaine.com\/#\/schema\/logo\/image\/","url":"https:\/\/culturbaine.com\/wp-content\/uploads\/2023\/07\/WhatsApp-Image-2023-07-17-at-14.38.18.jpeg","contentUrl":"https:\/\/culturbaine.com\/wp-content\/uploads\/2023\/07\/WhatsApp-Image-2023-07-17-at-14.38.18.jpeg","width":855,"height":270,"caption":"Culturbaine.com"},"image":{"@id":"https:\/\/culturbaine.com\/#\/schema\/logo\/image\/"},"sameAs":["https:\/\/www.facebook.com\/Culturbaines","https:\/\/x.com\/culturbaines"]},{"@type":"Person","@id":"https:\/\/culturbaine.com\/#\/schema\/person\/42eb7485c572e0746c1ea6b8216c3814","name":"admin1","image":{"@type":"ImageObject","inLanguage":"fr-FR","@id":"https:\/\/culturbaine.com\/#\/schema\/person\/image\/","url":"https:\/\/secure.gravatar.com\/avatar\/c268f4d483ce0486e5a10fee87bbf756?s=96&d=mm&r=g","contentUrl":"https:\/\/secure.gravatar.com\/avatar\/c268f4d483ce0486e5a10fee87bbf756?s=96&d=mm&r=g","caption":"admin1"},"url":"https:\/\/culturbaine.com\/index.php\/author\/admin1\/"}]}},"_links":{"self":[{"href":"https:\/\/culturbaine.com\/index.php\/wp-json\/wp\/v2\/posts\/9226"}],"collection":[{"href":"https:\/\/culturbaine.com\/index.php\/wp-json\/wp\/v2\/posts"}],"about":[{"href":"https:\/\/culturbaine.com\/index.php\/wp-json\/wp\/v2\/types\/post"}],"author":[{"embeddable":true,"href":"https:\/\/culturbaine.com\/index.php\/wp-json\/wp\/v2\/users\/2"}],"replies":[{"embeddable":true,"href":"https:\/\/culturbaine.com\/index.php\/wp-json\/wp\/v2\/comments?post=9226"}],"version-history":[{"count":0,"href":"https:\/\/culturbaine.com\/index.php\/wp-json\/wp\/v2\/posts\/9226\/revisions"}],"wp:featuredmedia":[{"embeddable":true,"href":"https:\/\/culturbaine.com\/index.php\/wp-json\/wp\/v2\/media\/9228"}],"wp:attachment":[{"href":"https:\/\/culturbaine.com\/index.php\/wp-json\/wp\/v2\/media?parent=9226"}],"wp:term":[{"taxonomy":"category","embeddable":true,"href":"https:\/\/culturbaine.com\/index.php\/wp-json\/wp\/v2\/categories?post=9226"},{"taxonomy":"post_tag","embeddable":true,"href":"https:\/\/culturbaine.com\/index.php\/wp-json\/wp\/v2\/tags?post=9226"}],"curies":[{"name":"wp","href":"https:\/\/api.w.org\/{rel}","templated":true}]}}