{"id":9144,"date":"2024-10-10T20:12:31","date_gmt":"2024-10-10T20:12:31","guid":{"rendered":"https:\/\/culturbaine.com\/?p=9144"},"modified":"2024-10-10T20:12:31","modified_gmt":"2024-10-10T20:12:31","slug":"le-reggae-ivoirien-en-deuil-general-dimitri-sen-est-alle","status":"publish","type":"post","link":"https:\/\/culturbaine.com\/index.php\/2024\/10\/10\/le-reggae-ivoirien-en-deuil-general-dimitri-sen-est-alle\/","title":{"rendered":"Le reggae ivoirien en deuil : G\u00e9n\u00e9ral Dimitri s&rsquo;en est all\u00e9"},"content":{"rendered":"<p><strong>G\u00e9n\u00e9ral Dimitri<\/strong>, chanteur et figure montante du reggae ivoirien, nous a quitt\u00e9s. Son d\u00e9c\u00e8s est survenu ce jeudi 10 octobre 2024, aux environs de 4h du matin, \u00e0 la suite d\u2019un accident de moto.<\/p>\n<p>Lead vocal du groupe <strong>AZK Productions<\/strong> Abidjan, il \u00e9tait en pleine pr\u00e9paration de son tout premier album. \u00c0 travers ses compositions, <strong>G\u00e9n\u00e9ral Dimitri<\/strong> transmettait des messages d\u2019espoir et de paix, s\u2019attirant ainsi une large reconnaissance dans le milieu musical.<\/p>\n<p>D\u00e9couvrez ci-dessous son dernier clip, v\u00e9ritable t\u00e9moignage de son talent et de son engagement.<\/p>\n<p><iframe loading=\"lazy\" title=\"General Dimitri - Action Speaks Louder Than Words [official videoclip]\" width=\"1170\" height=\"658\" src=\"https:\/\/www.youtube.com\/embed\/zlP9UT9JuCY?wmode=transparent&amp;rel=0&amp;feature=oembed\" frameborder=\"0\" allow=\"accelerometer; autoplay; clipboard-write; encrypted-media; gyroscope; picture-in-picture; web-share\" referrerpolicy=\"strict-origin-when-cross-origin\" allowfullscreen><\/iframe><\/p>\n<p><strong>Mohamed Cinq Sylla\u00a0<\/strong><\/p>\n","protected":false},"excerpt":{"rendered":"<p>G\u00e9n\u00e9ral Dimitri, chanteur et figure montante du reggae ivoirien, nous a quitt\u00e9s. Son d\u00e9c\u00e8s est survenu ce jeudi 10 octobre 2024, aux environs de 4h du matin, \u00e0 la suite d\u2019un accident de moto. Lead vocal du groupe AZK Productions Abidjan, il \u00e9tait en pleine pr\u00e9paration de son tout premier album. \u00c0 travers ses compositions, [&hellip;]<\/p>\n","protected":false},"author":2,"featured_media":9145,"comment_status":"closed","ping_status":"closed","sticky":false,"template":"","format":"standard","meta":{"_mi_skip_tracking":false,"_monsterinsights_sitenote_active":false,"_monsterinsights_sitenote_note":"","_monsterinsights_sitenote_category":0,"footnotes":""},"categories":[21,2394],"tags":[3216,3217],"class_list":["post-9144","post","type-post","status-publish","format-standard","has-post-thumbnail","hentry","category-actualite","category-reggae","tag-general-dimitri","tag-reggae-ivoirien-en-deuil"],"yoast_head":"<!-- This site is optimized with the Yoast SEO Premium plugin v20.1 (Yoast SEO v24.0) - https:\/\/yoast.com\/wordpress\/plugins\/seo\/ -->\n<title>Le reggae ivoirien en deuil : G\u00e9n\u00e9ral Dimitri s&#039;en est all\u00e9 - Culturbaine<\/title>\n<meta name=\"robots\" content=\"index, follow, max-snippet:-1, max-image-preview:large, max-video-preview:-1\" \/>\n<link rel=\"canonical\" href=\"https:\/\/culturbaine.com\/index.php\/2024\/10\/10\/le-reggae-ivoirien-en-deuil-general-dimitri-sen-est-alle\/\" \/>\n<meta property=\"og:locale\" content=\"fr_FR\" \/>\n<meta property=\"og:type\" content=\"article\" \/>\n<meta property=\"og:title\" content=\"Le reggae ivoirien en deuil : G\u00e9n\u00e9ral Dimitri s&#039;en est all\u00e9\" \/>\n<meta property=\"og:description\" content=\"G\u00e9n\u00e9ral Dimitri, chanteur et figure montante du reggae ivoirien, nous a quitt\u00e9s. Son d\u00e9c\u00e8s est survenu ce jeudi 10 octobre 2024, aux environs de 4h du matin, \u00e0 la suite d\u2019un accident de moto. Lead vocal du groupe AZK Productions Abidjan, il \u00e9tait en pleine pr\u00e9paration de son tout premier album. \u00c0 travers ses compositions, [&hellip;]\" \/>\n<meta property=\"og:url\" content=\"https:\/\/culturbaine.com\/index.php\/2024\/10\/10\/le-reggae-ivoirien-en-deuil-general-dimitri-sen-est-alle\/\" \/>\n<meta property=\"og:site_name\" content=\"Culturbaine\" \/>\n<meta property=\"article:publisher\" content=\"https:\/\/www.facebook.com\/Culturbaines\" \/>\n<meta property=\"article:published_time\" content=\"2024-10-10T20:12:31+00:00\" \/>\n<meta property=\"og:image\" content=\"https:\/\/culturbaine.com\/wp-content\/uploads\/2024\/10\/17285898267422.jpg\" \/>\n\t<meta property=\"og:image:width\" content=\"720\" \/>\n\t<meta property=\"og:image:height\" content=\"428\" \/>\n\t<meta property=\"og:image:type\" content=\"image\/jpeg\" \/>\n<meta name=\"author\" content=\"admin1\" \/>\n<meta name=\"twitter:card\" content=\"summary_large_image\" \/>\n<meta name=\"twitter:creator\" content=\"@culturbaines\" \/>\n<meta name=\"twitter:site\" content=\"@culturbaines\" \/>\n<meta name=\"twitter:label1\" content=\"\u00c9crit par\" \/>\n\t<meta name=\"twitter:data1\" content=\"admin1\" \/>\n\t<meta name=\"twitter:label2\" content=\"Dur\u00e9e de lecture estim\u00e9e\" \/>\n\t<meta name=\"twitter:data2\" content=\"1 minute\" \/>\n<script type=\"application\/ld+json\" class=\"yoast-schema-graph\">{\"@context\":\"https:\/\/schema.org\",\"@graph\":[{\"@type\":\"Article\",\"@id\":\"https:\/\/culturbaine.com\/index.php\/2024\/10\/10\/le-reggae-ivoirien-en-deuil-general-dimitri-sen-est-alle\/#article\",\"isPartOf\":{\"@id\":\"https:\/\/culturbaine.com\/index.php\/2024\/10\/10\/le-reggae-ivoirien-en-deuil-general-dimitri-sen-est-alle\/\"},\"author\":{\"name\":\"admin1\",\"@id\":\"https:\/\/culturbaine.com\/#\/schema\/person\/42eb7485c572e0746c1ea6b8216c3814\"},\"headline\":\"Le reggae ivoirien en deuil : G\u00e9n\u00e9ral Dimitri s&rsquo;en est all\u00e9\",\"datePublished\":\"2024-10-10T20:12:31+00:00\",\"dateModified\":\"2024-10-10T20:12:31+00:00\",\"mainEntityOfPage\":{\"@id\":\"https:\/\/culturbaine.com\/index.php\/2024\/10\/10\/le-reggae-ivoirien-en-deuil-general-dimitri-sen-est-alle\/\"},\"wordCount\":124,\"publisher\":{\"@id\":\"https:\/\/culturbaine.com\/#organization\"},\"image\":{\"@id\":\"https:\/\/culturbaine.com\/index.php\/2024\/10\/10\/le-reggae-ivoirien-en-deuil-general-dimitri-sen-est-alle\/#primaryimage\"},\"thumbnailUrl\":\"https:\/\/culturbaine.com\/wp-content\/uploads\/2024\/10\/17285898267422.jpg\",\"keywords\":[\"G\u00e9n\u00e9ral Dimitri\",\"reggae ivoirien en deuil\"],\"articleSection\":[\"Actualit\u00e9\",\"Reggae\"],\"inLanguage\":\"fr-FR\"},{\"@type\":\"WebPage\",\"@id\":\"https:\/\/culturbaine.com\/index.php\/2024\/10\/10\/le-reggae-ivoirien-en-deuil-general-dimitri-sen-est-alle\/\",\"url\":\"https:\/\/culturbaine.com\/index.php\/2024\/10\/10\/le-reggae-ivoirien-en-deuil-general-dimitri-sen-est-alle\/\",\"name\":\"Le reggae ivoirien en deuil : G\u00e9n\u00e9ral Dimitri s'en est all\u00e9 - Culturbaine\",\"isPartOf\":{\"@id\":\"https:\/\/culturbaine.com\/#website\"},\"primaryImageOfPage\":{\"@id\":\"https:\/\/culturbaine.com\/index.php\/2024\/10\/10\/le-reggae-ivoirien-en-deuil-general-dimitri-sen-est-alle\/#primaryimage\"},\"image\":{\"@id\":\"https:\/\/culturbaine.com\/index.php\/2024\/10\/10\/le-reggae-ivoirien-en-deuil-general-dimitri-sen-est-alle\/#primaryimage\"},\"thumbnailUrl\":\"https:\/\/culturbaine.com\/wp-content\/uploads\/2024\/10\/17285898267422.jpg\",\"datePublished\":\"2024-10-10T20:12:31+00:00\",\"dateModified\":\"2024-10-10T20:12:31+00:00\",\"breadcrumb\":{\"@id\":\"https:\/\/culturbaine.com\/index.php\/2024\/10\/10\/le-reggae-ivoirien-en-deuil-general-dimitri-sen-est-alle\/#breadcrumb\"},\"inLanguage\":\"fr-FR\",\"potentialAction\":[{\"@type\":\"ReadAction\",\"target\":[\"https:\/\/culturbaine.com\/index.php\/2024\/10\/10\/le-reggae-ivoirien-en-deuil-general-dimitri-sen-est-alle\/\"]}]},{\"@type\":\"ImageObject\",\"inLanguage\":\"fr-FR\",\"@id\":\"https:\/\/culturbaine.com\/index.php\/2024\/10\/10\/le-reggae-ivoirien-en-deuil-general-dimitri-sen-est-alle\/#primaryimage\",\"url\":\"https:\/\/culturbaine.com\/wp-content\/uploads\/2024\/10\/17285898267422.jpg\",\"contentUrl\":\"https:\/\/culturbaine.com\/wp-content\/uploads\/2024\/10\/17285898267422.jpg\",\"width\":720,\"height\":428},{\"@type\":\"BreadcrumbList\",\"@id\":\"https:\/\/culturbaine.com\/index.php\/2024\/10\/10\/le-reggae-ivoirien-en-deuil-general-dimitri-sen-est-alle\/#breadcrumb\",\"itemListElement\":[{\"@type\":\"ListItem\",\"position\":1,\"name\":\"Home\",\"item\":\"https:\/\/culturbaine.com\/\"},{\"@type\":\"ListItem\",\"position\":2,\"name\":\"Le reggae ivoirien en deuil : G\u00e9n\u00e9ral Dimitri s&rsquo;en est all\u00e9\"}]},{\"@type\":\"WebSite\",\"@id\":\"https:\/\/culturbaine.com\/#website\",\"url\":\"https:\/\/culturbaine.com\/\",\"name\":\"Culturbaine.com\",\"description\":\"Toute l&#039;actualit\u00e9 des Cultures Urbaines, en un clic  !\",\"publisher\":{\"@id\":\"https:\/\/culturbaine.com\/#organization\"},\"potentialAction\":[{\"@type\":\"SearchAction\",\"target\":{\"@type\":\"EntryPoint\",\"urlTemplate\":\"https:\/\/culturbaine.com\/?s={search_term_string}\"},\"query-input\":{\"@type\":\"PropertyValueSpecification\",\"valueRequired\":true,\"valueName\":\"search_term_string\"}}],\"inLanguage\":\"fr-FR\"},{\"@type\":\"Organization\",\"@id\":\"https:\/\/culturbaine.com\/#organization\",\"name\":\"Culturbaine.com\",\"url\":\"https:\/\/culturbaine.com\/\",\"logo\":{\"@type\":\"ImageObject\",\"inLanguage\":\"fr-FR\",\"@id\":\"https:\/\/culturbaine.com\/#\/schema\/logo\/image\/\",\"url\":\"https:\/\/culturbaine.com\/wp-content\/uploads\/2023\/07\/WhatsApp-Image-2023-07-17-at-14.38.18.jpeg\",\"contentUrl\":\"https:\/\/culturbaine.com\/wp-content\/uploads\/2023\/07\/WhatsApp-Image-2023-07-17-at-14.38.18.jpeg\",\"width\":855,\"height\":270,\"caption\":\"Culturbaine.com\"},\"image\":{\"@id\":\"https:\/\/culturbaine.com\/#\/schema\/logo\/image\/\"},\"sameAs\":[\"https:\/\/www.facebook.com\/Culturbaines\",\"https:\/\/x.com\/culturbaines\"]},{\"@type\":\"Person\",\"@id\":\"https:\/\/culturbaine.com\/#\/schema\/person\/42eb7485c572e0746c1ea6b8216c3814\",\"name\":\"admin1\",\"image\":{\"@type\":\"ImageObject\",\"inLanguage\":\"fr-FR\",\"@id\":\"https:\/\/culturbaine.com\/#\/schema\/person\/image\/\",\"url\":\"https:\/\/secure.gravatar.com\/avatar\/c268f4d483ce0486e5a10fee87bbf756?s=96&d=mm&r=g\",\"contentUrl\":\"https:\/\/secure.gravatar.com\/avatar\/c268f4d483ce0486e5a10fee87bbf756?s=96&d=mm&r=g\",\"caption\":\"admin1\"},\"url\":\"https:\/\/culturbaine.com\/index.php\/author\/admin1\/\"}]}<\/script>\n<!-- \/ Yoast SEO Premium plugin. -->","yoast_head_json":{"title":"Le reggae ivoirien en deuil : G\u00e9n\u00e9ral Dimitri s'en est all\u00e9 - Culturbaine","robots":{"index":"index","follow":"follow","max-snippet":"max-snippet:-1","max-image-preview":"max-image-preview:large","max-video-preview":"max-video-preview:-1"},"canonical":"https:\/\/culturbaine.com\/index.php\/2024\/10\/10\/le-reggae-ivoirien-en-deuil-general-dimitri-sen-est-alle\/","og_locale":"fr_FR","og_type":"article","og_title":"Le reggae ivoirien en deuil : G\u00e9n\u00e9ral Dimitri s'en est all\u00e9","og_description":"G\u00e9n\u00e9ral Dimitri, chanteur et figure montante du reggae ivoirien, nous a quitt\u00e9s. Son d\u00e9c\u00e8s est survenu ce jeudi 10 octobre 2024, aux environs de 4h du matin, \u00e0 la suite d\u2019un accident de moto. Lead vocal du groupe AZK Productions Abidjan, il \u00e9tait en pleine pr\u00e9paration de son tout premier album. \u00c0 travers ses compositions, [&hellip;]","og_url":"https:\/\/culturbaine.com\/index.php\/2024\/10\/10\/le-reggae-ivoirien-en-deuil-general-dimitri-sen-est-alle\/","og_site_name":"Culturbaine","article_publisher":"https:\/\/www.facebook.com\/Culturbaines","article_published_time":"2024-10-10T20:12:31+00:00","og_image":[{"width":720,"height":428,"url":"https:\/\/culturbaine.com\/wp-content\/uploads\/2024\/10\/17285898267422.jpg","type":"image\/jpeg"}],"author":"admin1","twitter_card":"summary_large_image","twitter_creator":"@culturbaines","twitter_site":"@culturbaines","twitter_misc":{"\u00c9crit par":"admin1","Dur\u00e9e de lecture estim\u00e9e":"1 minute"},"schema":{"@context":"https:\/\/schema.org","@graph":[{"@type":"Article","@id":"https:\/\/culturbaine.com\/index.php\/2024\/10\/10\/le-reggae-ivoirien-en-deuil-general-dimitri-sen-est-alle\/#article","isPartOf":{"@id":"https:\/\/culturbaine.com\/index.php\/2024\/10\/10\/le-reggae-ivoirien-en-deuil-general-dimitri-sen-est-alle\/"},"author":{"name":"admin1","@id":"https:\/\/culturbaine.com\/#\/schema\/person\/42eb7485c572e0746c1ea6b8216c3814"},"headline":"Le reggae ivoirien en deuil : G\u00e9n\u00e9ral Dimitri s&rsquo;en est all\u00e9","datePublished":"2024-10-10T20:12:31+00:00","dateModified":"2024-10-10T20:12:31+00:00","mainEntityOfPage":{"@id":"https:\/\/culturbaine.com\/index.php\/2024\/10\/10\/le-reggae-ivoirien-en-deuil-general-dimitri-sen-est-alle\/"},"wordCount":124,"publisher":{"@id":"https:\/\/culturbaine.com\/#organization"},"image":{"@id":"https:\/\/culturbaine.com\/index.php\/2024\/10\/10\/le-reggae-ivoirien-en-deuil-general-dimitri-sen-est-alle\/#primaryimage"},"thumbnailUrl":"https:\/\/culturbaine.com\/wp-content\/uploads\/2024\/10\/17285898267422.jpg","keywords":["G\u00e9n\u00e9ral Dimitri","reggae ivoirien en deuil"],"articleSection":["Actualit\u00e9","Reggae"],"inLanguage":"fr-FR"},{"@type":"WebPage","@id":"https:\/\/culturbaine.com\/index.php\/2024\/10\/10\/le-reggae-ivoirien-en-deuil-general-dimitri-sen-est-alle\/","url":"https:\/\/culturbaine.com\/index.php\/2024\/10\/10\/le-reggae-ivoirien-en-deuil-general-dimitri-sen-est-alle\/","name":"Le reggae ivoirien en deuil : G\u00e9n\u00e9ral Dimitri s'en est all\u00e9 - Culturbaine","isPartOf":{"@id":"https:\/\/culturbaine.com\/#website"},"primaryImageOfPage":{"@id":"https:\/\/culturbaine.com\/index.php\/2024\/10\/10\/le-reggae-ivoirien-en-deuil-general-dimitri-sen-est-alle\/#primaryimage"},"image":{"@id":"https:\/\/culturbaine.com\/index.php\/2024\/10\/10\/le-reggae-ivoirien-en-deuil-general-dimitri-sen-est-alle\/#primaryimage"},"thumbnailUrl":"https:\/\/culturbaine.com\/wp-content\/uploads\/2024\/10\/17285898267422.jpg","datePublished":"2024-10-10T20:12:31+00:00","dateModified":"2024-10-10T20:12:31+00:00","breadcrumb":{"@id":"https:\/\/culturbaine.com\/index.php\/2024\/10\/10\/le-reggae-ivoirien-en-deuil-general-dimitri-sen-est-alle\/#breadcrumb"},"inLanguage":"fr-FR","potentialAction":[{"@type":"ReadAction","target":["https:\/\/culturbaine.com\/index.php\/2024\/10\/10\/le-reggae-ivoirien-en-deuil-general-dimitri-sen-est-alle\/"]}]},{"@type":"ImageObject","inLanguage":"fr-FR","@id":"https:\/\/culturbaine.com\/index.php\/2024\/10\/10\/le-reggae-ivoirien-en-deuil-general-dimitri-sen-est-alle\/#primaryimage","url":"https:\/\/culturbaine.com\/wp-content\/uploads\/2024\/10\/17285898267422.jpg","contentUrl":"https:\/\/culturbaine.com\/wp-content\/uploads\/2024\/10\/17285898267422.jpg","width":720,"height":428},{"@type":"BreadcrumbList","@id":"https:\/\/culturbaine.com\/index.php\/2024\/10\/10\/le-reggae-ivoirien-en-deuil-general-dimitri-sen-est-alle\/#breadcrumb","itemListElement":[{"@type":"ListItem","position":1,"name":"Home","item":"https:\/\/culturbaine.com\/"},{"@type":"ListItem","position":2,"name":"Le reggae ivoirien en deuil : G\u00e9n\u00e9ral Dimitri s&rsquo;en est all\u00e9"}]},{"@type":"WebSite","@id":"https:\/\/culturbaine.com\/#website","url":"https:\/\/culturbaine.com\/","name":"Culturbaine.com","description":"Toute l&#039;actualit\u00e9 des Cultures Urbaines, en un clic  !","publisher":{"@id":"https:\/\/culturbaine.com\/#organization"},"potentialAction":[{"@type":"SearchAction","target":{"@type":"EntryPoint","urlTemplate":"https:\/\/culturbaine.com\/?s={search_term_string}"},"query-input":{"@type":"PropertyValueSpecification","valueRequired":true,"valueName":"search_term_string"}}],"inLanguage":"fr-FR"},{"@type":"Organization","@id":"https:\/\/culturbaine.com\/#organization","name":"Culturbaine.com","url":"https:\/\/culturbaine.com\/","logo":{"@type":"ImageObject","inLanguage":"fr-FR","@id":"https:\/\/culturbaine.com\/#\/schema\/logo\/image\/","url":"https:\/\/culturbaine.com\/wp-content\/uploads\/2023\/07\/WhatsApp-Image-2023-07-17-at-14.38.18.jpeg","contentUrl":"https:\/\/culturbaine.com\/wp-content\/uploads\/2023\/07\/WhatsApp-Image-2023-07-17-at-14.38.18.jpeg","width":855,"height":270,"caption":"Culturbaine.com"},"image":{"@id":"https:\/\/culturbaine.com\/#\/schema\/logo\/image\/"},"sameAs":["https:\/\/www.facebook.com\/Culturbaines","https:\/\/x.com\/culturbaines"]},{"@type":"Person","@id":"https:\/\/culturbaine.com\/#\/schema\/person\/42eb7485c572e0746c1ea6b8216c3814","name":"admin1","image":{"@type":"ImageObject","inLanguage":"fr-FR","@id":"https:\/\/culturbaine.com\/#\/schema\/person\/image\/","url":"https:\/\/secure.gravatar.com\/avatar\/c268f4d483ce0486e5a10fee87bbf756?s=96&d=mm&r=g","contentUrl":"https:\/\/secure.gravatar.com\/avatar\/c268f4d483ce0486e5a10fee87bbf756?s=96&d=mm&r=g","caption":"admin1"},"url":"https:\/\/culturbaine.com\/index.php\/author\/admin1\/"}]}},"_links":{"self":[{"href":"https:\/\/culturbaine.com\/index.php\/wp-json\/wp\/v2\/posts\/9144"}],"collection":[{"href":"https:\/\/culturbaine.com\/index.php\/wp-json\/wp\/v2\/posts"}],"about":[{"href":"https:\/\/culturbaine.com\/index.php\/wp-json\/wp\/v2\/types\/post"}],"author":[{"embeddable":true,"href":"https:\/\/culturbaine.com\/index.php\/wp-json\/wp\/v2\/users\/2"}],"replies":[{"embeddable":true,"href":"https:\/\/culturbaine.com\/index.php\/wp-json\/wp\/v2\/comments?post=9144"}],"version-history":[{"count":0,"href":"https:\/\/culturbaine.com\/index.php\/wp-json\/wp\/v2\/posts\/9144\/revisions"}],"wp:featuredmedia":[{"embeddable":true,"href":"https:\/\/culturbaine.com\/index.php\/wp-json\/wp\/v2\/media\/9145"}],"wp:attachment":[{"href":"https:\/\/culturbaine.com\/index.php\/wp-json\/wp\/v2\/media?parent=9144"}],"wp:term":[{"taxonomy":"category","embeddable":true,"href":"https:\/\/culturbaine.com\/index.php\/wp-json\/wp\/v2\/categories?post=9144"},{"taxonomy":"post_tag","embeddable":true,"href":"https:\/\/culturbaine.com\/index.php\/wp-json\/wp\/v2\/tags?post=9144"}],"curies":[{"name":"wp","href":"https:\/\/api.w.org\/{rel}","templated":true}]}}