{"id":8959,"date":"2024-09-29T20:42:20","date_gmt":"2024-09-29T20:42:20","guid":{"rendered":"https:\/\/culturbaine.com\/?p=8959"},"modified":"2024-09-29T20:42:20","modified_gmt":"2024-09-29T20:42:20","slug":"lencre-des-etoiles-presente-son-spectacle-femme-poete-a-abidjan","status":"publish","type":"post","link":"https:\/\/culturbaine.com\/index.php\/2024\/09\/29\/lencre-des-etoiles-presente-son-spectacle-femme-poete-a-abidjan\/","title":{"rendered":"L&rsquo;encre des \u00c9toiles pr\u00e9sente son spectacle \u2018Femme Po\u00e8te\u2019 \u00e0 Abidjan"},"content":{"rendered":"<p>Comme annonc\u00e9 r\u00e9cemment dans l\u2019un de nos articles, la po\u00e9tesse et slameuse ivoirienne L&rsquo;encre des \u00c9toiles a pr\u00e9sent\u00e9 ce samedi 28 septembre son spectacle intitul\u00e9 Femme Po\u00e8te, \u00e0 l\u2019Institut Fran\u00e7ais d\u2019Abidjan.<\/p>\n<p>Gr\u00e2ce \u00e0 des mots dont elle seule d\u00e9tient les secrets, L&rsquo;encre des \u00c9toiles a captiv\u00e9 un public d\u00e9j\u00e0 conquis, les tenant en haleine tout au long de sa prestation. Chaque vers, soigneusement choisi et finement cisel\u00e9, a r\u00e9sonn\u00e9 avec une justesse qui a touch\u00e9 l&rsquo;auditoire.<\/p>\n<p>La qualit\u00e9 de la sonorisation et la ma\u00eetrise des jeux de lumi\u00e8re ont \u00e9galement contribu\u00e9 \u00e0 magnifier l&rsquo;atmosph\u00e8re du spectacle, offrant ainsi une exp\u00e9rience artistique inoubliable.<\/p>\n<p><strong>Mohamed Cinq Sylla<\/strong><\/p>\n","protected":false},"excerpt":{"rendered":"<p>Comme annonc\u00e9 r\u00e9cemment dans l\u2019un de nos articles, la po\u00e9tesse et slameuse ivoirienne L&rsquo;encre des \u00c9toiles a pr\u00e9sent\u00e9 ce samedi 28 septembre son spectacle intitul\u00e9 Femme Po\u00e8te, \u00e0 l\u2019Institut Fran\u00e7ais d\u2019Abidjan. Gr\u00e2ce \u00e0 des mots dont elle seule d\u00e9tient les secrets, L&rsquo;encre des \u00c9toiles a captiv\u00e9 un public d\u00e9j\u00e0 conquis, les tenant en haleine tout [&hellip;]<\/p>\n","protected":false},"author":2,"featured_media":8960,"comment_status":"closed","ping_status":"closed","sticky":false,"template":"","format":"standard","meta":{"_mi_skip_tracking":false,"_monsterinsights_sitenote_active":false,"_monsterinsights_sitenote_note":"","_monsterinsights_sitenote_category":0,"footnotes":""},"categories":[21,2386],"tags":[2637,2445,3165],"class_list":["post-8959","post","type-post","status-publish","format-standard","has-post-thumbnail","hentry","category-actualite","category-slam","tag-lencre-des-etoiles","tag-slameuse","tag-spectacle-femme-poete"],"yoast_head":"<!-- This site is optimized with the Yoast SEO Premium plugin v20.1 (Yoast SEO v24.0) - https:\/\/yoast.com\/wordpress\/plugins\/seo\/ -->\n<title>L&#039;encre des \u00c9toiles pr\u00e9sente son spectacle \u2018Femme Po\u00e8te\u2019 \u00e0 Abidjan - Culturbaine<\/title>\n<meta name=\"robots\" content=\"index, follow, max-snippet:-1, max-image-preview:large, max-video-preview:-1\" \/>\n<link rel=\"canonical\" href=\"https:\/\/culturbaine.com\/index.php\/2024\/09\/29\/lencre-des-etoiles-presente-son-spectacle-femme-poete-a-abidjan\/\" \/>\n<meta property=\"og:locale\" content=\"fr_FR\" \/>\n<meta property=\"og:type\" content=\"article\" \/>\n<meta property=\"og:title\" content=\"L&#039;encre des \u00c9toiles pr\u00e9sente son spectacle \u2018Femme Po\u00e8te\u2019 \u00e0 Abidjan\" \/>\n<meta property=\"og:description\" content=\"Comme annonc\u00e9 r\u00e9cemment dans l\u2019un de nos articles, la po\u00e9tesse et slameuse ivoirienne L&rsquo;encre des \u00c9toiles a pr\u00e9sent\u00e9 ce samedi 28 septembre son spectacle intitul\u00e9 Femme Po\u00e8te, \u00e0 l\u2019Institut Fran\u00e7ais d\u2019Abidjan. Gr\u00e2ce \u00e0 des mots dont elle seule d\u00e9tient les secrets, L&rsquo;encre des \u00c9toiles a captiv\u00e9 un public d\u00e9j\u00e0 conquis, les tenant en haleine tout [&hellip;]\" \/>\n<meta property=\"og:url\" content=\"https:\/\/culturbaine.com\/index.php\/2024\/09\/29\/lencre-des-etoiles-presente-son-spectacle-femme-poete-a-abidjan\/\" \/>\n<meta property=\"og:site_name\" content=\"Culturbaine\" \/>\n<meta property=\"article:publisher\" content=\"https:\/\/www.facebook.com\/Culturbaines\" \/>\n<meta property=\"article:published_time\" content=\"2024-09-29T20:42:20+00:00\" \/>\n<meta property=\"og:image\" content=\"https:\/\/culturbaine.com\/wp-content\/uploads\/2024\/09\/17276396822082.jpg\" \/>\n\t<meta property=\"og:image:width\" content=\"718\" \/>\n\t<meta property=\"og:image:height\" content=\"467\" \/>\n\t<meta property=\"og:image:type\" content=\"image\/jpeg\" \/>\n<meta name=\"author\" content=\"admin1\" \/>\n<meta name=\"twitter:card\" content=\"summary_large_image\" \/>\n<meta name=\"twitter:creator\" content=\"@culturbaines\" \/>\n<meta name=\"twitter:site\" content=\"@culturbaines\" \/>\n<meta name=\"twitter:label1\" content=\"\u00c9crit par\" \/>\n\t<meta name=\"twitter:data1\" content=\"admin1\" \/>\n\t<meta name=\"twitter:label2\" content=\"Dur\u00e9e de lecture estim\u00e9e\" \/>\n\t<meta name=\"twitter:data2\" content=\"1 minute\" \/>\n<script type=\"application\/ld+json\" class=\"yoast-schema-graph\">{\"@context\":\"https:\/\/schema.org\",\"@graph\":[{\"@type\":\"Article\",\"@id\":\"https:\/\/culturbaine.com\/index.php\/2024\/09\/29\/lencre-des-etoiles-presente-son-spectacle-femme-poete-a-abidjan\/#article\",\"isPartOf\":{\"@id\":\"https:\/\/culturbaine.com\/index.php\/2024\/09\/29\/lencre-des-etoiles-presente-son-spectacle-femme-poete-a-abidjan\/\"},\"author\":{\"name\":\"admin1\",\"@id\":\"https:\/\/culturbaine.com\/#\/schema\/person\/42eb7485c572e0746c1ea6b8216c3814\"},\"headline\":\"L&rsquo;encre des \u00c9toiles pr\u00e9sente son spectacle \u2018Femme Po\u00e8te\u2019 \u00e0 Abidjan\",\"datePublished\":\"2024-09-29T20:42:20+00:00\",\"dateModified\":\"2024-09-29T20:42:20+00:00\",\"mainEntityOfPage\":{\"@id\":\"https:\/\/culturbaine.com\/index.php\/2024\/09\/29\/lencre-des-etoiles-presente-son-spectacle-femme-poete-a-abidjan\/\"},\"wordCount\":133,\"publisher\":{\"@id\":\"https:\/\/culturbaine.com\/#organization\"},\"image\":{\"@id\":\"https:\/\/culturbaine.com\/index.php\/2024\/09\/29\/lencre-des-etoiles-presente-son-spectacle-femme-poete-a-abidjan\/#primaryimage\"},\"thumbnailUrl\":\"https:\/\/culturbaine.com\/wp-content\/uploads\/2024\/09\/17276396822082.jpg\",\"keywords\":[\"L'encre des \u00e9toiles\",\"Slameuse\",\"Spectacle Femme Po\u00e8te\"],\"articleSection\":[\"Actualit\u00e9\",\"Slam\"],\"inLanguage\":\"fr-FR\"},{\"@type\":\"WebPage\",\"@id\":\"https:\/\/culturbaine.com\/index.php\/2024\/09\/29\/lencre-des-etoiles-presente-son-spectacle-femme-poete-a-abidjan\/\",\"url\":\"https:\/\/culturbaine.com\/index.php\/2024\/09\/29\/lencre-des-etoiles-presente-son-spectacle-femme-poete-a-abidjan\/\",\"name\":\"L'encre des \u00c9toiles pr\u00e9sente son spectacle \u2018Femme Po\u00e8te\u2019 \u00e0 Abidjan - Culturbaine\",\"isPartOf\":{\"@id\":\"https:\/\/culturbaine.com\/#website\"},\"primaryImageOfPage\":{\"@id\":\"https:\/\/culturbaine.com\/index.php\/2024\/09\/29\/lencre-des-etoiles-presente-son-spectacle-femme-poete-a-abidjan\/#primaryimage\"},\"image\":{\"@id\":\"https:\/\/culturbaine.com\/index.php\/2024\/09\/29\/lencre-des-etoiles-presente-son-spectacle-femme-poete-a-abidjan\/#primaryimage\"},\"thumbnailUrl\":\"https:\/\/culturbaine.com\/wp-content\/uploads\/2024\/09\/17276396822082.jpg\",\"datePublished\":\"2024-09-29T20:42:20+00:00\",\"dateModified\":\"2024-09-29T20:42:20+00:00\",\"breadcrumb\":{\"@id\":\"https:\/\/culturbaine.com\/index.php\/2024\/09\/29\/lencre-des-etoiles-presente-son-spectacle-femme-poete-a-abidjan\/#breadcrumb\"},\"inLanguage\":\"fr-FR\",\"potentialAction\":[{\"@type\":\"ReadAction\",\"target\":[\"https:\/\/culturbaine.com\/index.php\/2024\/09\/29\/lencre-des-etoiles-presente-son-spectacle-femme-poete-a-abidjan\/\"]}]},{\"@type\":\"ImageObject\",\"inLanguage\":\"fr-FR\",\"@id\":\"https:\/\/culturbaine.com\/index.php\/2024\/09\/29\/lencre-des-etoiles-presente-son-spectacle-femme-poete-a-abidjan\/#primaryimage\",\"url\":\"https:\/\/culturbaine.com\/wp-content\/uploads\/2024\/09\/17276396822082.jpg\",\"contentUrl\":\"https:\/\/culturbaine.com\/wp-content\/uploads\/2024\/09\/17276396822082.jpg\",\"width\":718,\"height\":467},{\"@type\":\"BreadcrumbList\",\"@id\":\"https:\/\/culturbaine.com\/index.php\/2024\/09\/29\/lencre-des-etoiles-presente-son-spectacle-femme-poete-a-abidjan\/#breadcrumb\",\"itemListElement\":[{\"@type\":\"ListItem\",\"position\":1,\"name\":\"Home\",\"item\":\"https:\/\/culturbaine.com\/\"},{\"@type\":\"ListItem\",\"position\":2,\"name\":\"L&rsquo;encre des \u00c9toiles pr\u00e9sente son spectacle \u2018Femme Po\u00e8te\u2019 \u00e0 Abidjan\"}]},{\"@type\":\"WebSite\",\"@id\":\"https:\/\/culturbaine.com\/#website\",\"url\":\"https:\/\/culturbaine.com\/\",\"name\":\"Culturbaine.com\",\"description\":\"Toute l&#039;actualit\u00e9 des Cultures Urbaines, en un clic  !\",\"publisher\":{\"@id\":\"https:\/\/culturbaine.com\/#organization\"},\"potentialAction\":[{\"@type\":\"SearchAction\",\"target\":{\"@type\":\"EntryPoint\",\"urlTemplate\":\"https:\/\/culturbaine.com\/?s={search_term_string}\"},\"query-input\":{\"@type\":\"PropertyValueSpecification\",\"valueRequired\":true,\"valueName\":\"search_term_string\"}}],\"inLanguage\":\"fr-FR\"},{\"@type\":\"Organization\",\"@id\":\"https:\/\/culturbaine.com\/#organization\",\"name\":\"Culturbaine.com\",\"url\":\"https:\/\/culturbaine.com\/\",\"logo\":{\"@type\":\"ImageObject\",\"inLanguage\":\"fr-FR\",\"@id\":\"https:\/\/culturbaine.com\/#\/schema\/logo\/image\/\",\"url\":\"https:\/\/culturbaine.com\/wp-content\/uploads\/2023\/07\/WhatsApp-Image-2023-07-17-at-14.38.18.jpeg\",\"contentUrl\":\"https:\/\/culturbaine.com\/wp-content\/uploads\/2023\/07\/WhatsApp-Image-2023-07-17-at-14.38.18.jpeg\",\"width\":855,\"height\":270,\"caption\":\"Culturbaine.com\"},\"image\":{\"@id\":\"https:\/\/culturbaine.com\/#\/schema\/logo\/image\/\"},\"sameAs\":[\"https:\/\/www.facebook.com\/Culturbaines\",\"https:\/\/x.com\/culturbaines\"]},{\"@type\":\"Person\",\"@id\":\"https:\/\/culturbaine.com\/#\/schema\/person\/42eb7485c572e0746c1ea6b8216c3814\",\"name\":\"admin1\",\"image\":{\"@type\":\"ImageObject\",\"inLanguage\":\"fr-FR\",\"@id\":\"https:\/\/culturbaine.com\/#\/schema\/person\/image\/\",\"url\":\"https:\/\/secure.gravatar.com\/avatar\/c268f4d483ce0486e5a10fee87bbf756?s=96&d=mm&r=g\",\"contentUrl\":\"https:\/\/secure.gravatar.com\/avatar\/c268f4d483ce0486e5a10fee87bbf756?s=96&d=mm&r=g\",\"caption\":\"admin1\"},\"url\":\"https:\/\/culturbaine.com\/index.php\/author\/admin1\/\"}]}<\/script>\n<!-- \/ Yoast SEO Premium plugin. -->","yoast_head_json":{"title":"L'encre des \u00c9toiles pr\u00e9sente son spectacle \u2018Femme Po\u00e8te\u2019 \u00e0 Abidjan - Culturbaine","robots":{"index":"index","follow":"follow","max-snippet":"max-snippet:-1","max-image-preview":"max-image-preview:large","max-video-preview":"max-video-preview:-1"},"canonical":"https:\/\/culturbaine.com\/index.php\/2024\/09\/29\/lencre-des-etoiles-presente-son-spectacle-femme-poete-a-abidjan\/","og_locale":"fr_FR","og_type":"article","og_title":"L'encre des \u00c9toiles pr\u00e9sente son spectacle \u2018Femme Po\u00e8te\u2019 \u00e0 Abidjan","og_description":"Comme annonc\u00e9 r\u00e9cemment dans l\u2019un de nos articles, la po\u00e9tesse et slameuse ivoirienne L&rsquo;encre des \u00c9toiles a pr\u00e9sent\u00e9 ce samedi 28 septembre son spectacle intitul\u00e9 Femme Po\u00e8te, \u00e0 l\u2019Institut Fran\u00e7ais d\u2019Abidjan. Gr\u00e2ce \u00e0 des mots dont elle seule d\u00e9tient les secrets, L&rsquo;encre des \u00c9toiles a captiv\u00e9 un public d\u00e9j\u00e0 conquis, les tenant en haleine tout [&hellip;]","og_url":"https:\/\/culturbaine.com\/index.php\/2024\/09\/29\/lencre-des-etoiles-presente-son-spectacle-femme-poete-a-abidjan\/","og_site_name":"Culturbaine","article_publisher":"https:\/\/www.facebook.com\/Culturbaines","article_published_time":"2024-09-29T20:42:20+00:00","og_image":[{"width":718,"height":467,"url":"https:\/\/culturbaine.com\/wp-content\/uploads\/2024\/09\/17276396822082.jpg","type":"image\/jpeg"}],"author":"admin1","twitter_card":"summary_large_image","twitter_creator":"@culturbaines","twitter_site":"@culturbaines","twitter_misc":{"\u00c9crit par":"admin1","Dur\u00e9e de lecture estim\u00e9e":"1 minute"},"schema":{"@context":"https:\/\/schema.org","@graph":[{"@type":"Article","@id":"https:\/\/culturbaine.com\/index.php\/2024\/09\/29\/lencre-des-etoiles-presente-son-spectacle-femme-poete-a-abidjan\/#article","isPartOf":{"@id":"https:\/\/culturbaine.com\/index.php\/2024\/09\/29\/lencre-des-etoiles-presente-son-spectacle-femme-poete-a-abidjan\/"},"author":{"name":"admin1","@id":"https:\/\/culturbaine.com\/#\/schema\/person\/42eb7485c572e0746c1ea6b8216c3814"},"headline":"L&rsquo;encre des \u00c9toiles pr\u00e9sente son spectacle \u2018Femme Po\u00e8te\u2019 \u00e0 Abidjan","datePublished":"2024-09-29T20:42:20+00:00","dateModified":"2024-09-29T20:42:20+00:00","mainEntityOfPage":{"@id":"https:\/\/culturbaine.com\/index.php\/2024\/09\/29\/lencre-des-etoiles-presente-son-spectacle-femme-poete-a-abidjan\/"},"wordCount":133,"publisher":{"@id":"https:\/\/culturbaine.com\/#organization"},"image":{"@id":"https:\/\/culturbaine.com\/index.php\/2024\/09\/29\/lencre-des-etoiles-presente-son-spectacle-femme-poete-a-abidjan\/#primaryimage"},"thumbnailUrl":"https:\/\/culturbaine.com\/wp-content\/uploads\/2024\/09\/17276396822082.jpg","keywords":["L'encre des \u00e9toiles","Slameuse","Spectacle Femme Po\u00e8te"],"articleSection":["Actualit\u00e9","Slam"],"inLanguage":"fr-FR"},{"@type":"WebPage","@id":"https:\/\/culturbaine.com\/index.php\/2024\/09\/29\/lencre-des-etoiles-presente-son-spectacle-femme-poete-a-abidjan\/","url":"https:\/\/culturbaine.com\/index.php\/2024\/09\/29\/lencre-des-etoiles-presente-son-spectacle-femme-poete-a-abidjan\/","name":"L'encre des \u00c9toiles pr\u00e9sente son spectacle \u2018Femme Po\u00e8te\u2019 \u00e0 Abidjan - Culturbaine","isPartOf":{"@id":"https:\/\/culturbaine.com\/#website"},"primaryImageOfPage":{"@id":"https:\/\/culturbaine.com\/index.php\/2024\/09\/29\/lencre-des-etoiles-presente-son-spectacle-femme-poete-a-abidjan\/#primaryimage"},"image":{"@id":"https:\/\/culturbaine.com\/index.php\/2024\/09\/29\/lencre-des-etoiles-presente-son-spectacle-femme-poete-a-abidjan\/#primaryimage"},"thumbnailUrl":"https:\/\/culturbaine.com\/wp-content\/uploads\/2024\/09\/17276396822082.jpg","datePublished":"2024-09-29T20:42:20+00:00","dateModified":"2024-09-29T20:42:20+00:00","breadcrumb":{"@id":"https:\/\/culturbaine.com\/index.php\/2024\/09\/29\/lencre-des-etoiles-presente-son-spectacle-femme-poete-a-abidjan\/#breadcrumb"},"inLanguage":"fr-FR","potentialAction":[{"@type":"ReadAction","target":["https:\/\/culturbaine.com\/index.php\/2024\/09\/29\/lencre-des-etoiles-presente-son-spectacle-femme-poete-a-abidjan\/"]}]},{"@type":"ImageObject","inLanguage":"fr-FR","@id":"https:\/\/culturbaine.com\/index.php\/2024\/09\/29\/lencre-des-etoiles-presente-son-spectacle-femme-poete-a-abidjan\/#primaryimage","url":"https:\/\/culturbaine.com\/wp-content\/uploads\/2024\/09\/17276396822082.jpg","contentUrl":"https:\/\/culturbaine.com\/wp-content\/uploads\/2024\/09\/17276396822082.jpg","width":718,"height":467},{"@type":"BreadcrumbList","@id":"https:\/\/culturbaine.com\/index.php\/2024\/09\/29\/lencre-des-etoiles-presente-son-spectacle-femme-poete-a-abidjan\/#breadcrumb","itemListElement":[{"@type":"ListItem","position":1,"name":"Home","item":"https:\/\/culturbaine.com\/"},{"@type":"ListItem","position":2,"name":"L&rsquo;encre des \u00c9toiles pr\u00e9sente son spectacle \u2018Femme Po\u00e8te\u2019 \u00e0 Abidjan"}]},{"@type":"WebSite","@id":"https:\/\/culturbaine.com\/#website","url":"https:\/\/culturbaine.com\/","name":"Culturbaine.com","description":"Toute l&#039;actualit\u00e9 des Cultures Urbaines, en un clic  !","publisher":{"@id":"https:\/\/culturbaine.com\/#organization"},"potentialAction":[{"@type":"SearchAction","target":{"@type":"EntryPoint","urlTemplate":"https:\/\/culturbaine.com\/?s={search_term_string}"},"query-input":{"@type":"PropertyValueSpecification","valueRequired":true,"valueName":"search_term_string"}}],"inLanguage":"fr-FR"},{"@type":"Organization","@id":"https:\/\/culturbaine.com\/#organization","name":"Culturbaine.com","url":"https:\/\/culturbaine.com\/","logo":{"@type":"ImageObject","inLanguage":"fr-FR","@id":"https:\/\/culturbaine.com\/#\/schema\/logo\/image\/","url":"https:\/\/culturbaine.com\/wp-content\/uploads\/2023\/07\/WhatsApp-Image-2023-07-17-at-14.38.18.jpeg","contentUrl":"https:\/\/culturbaine.com\/wp-content\/uploads\/2023\/07\/WhatsApp-Image-2023-07-17-at-14.38.18.jpeg","width":855,"height":270,"caption":"Culturbaine.com"},"image":{"@id":"https:\/\/culturbaine.com\/#\/schema\/logo\/image\/"},"sameAs":["https:\/\/www.facebook.com\/Culturbaines","https:\/\/x.com\/culturbaines"]},{"@type":"Person","@id":"https:\/\/culturbaine.com\/#\/schema\/person\/42eb7485c572e0746c1ea6b8216c3814","name":"admin1","image":{"@type":"ImageObject","inLanguage":"fr-FR","@id":"https:\/\/culturbaine.com\/#\/schema\/person\/image\/","url":"https:\/\/secure.gravatar.com\/avatar\/c268f4d483ce0486e5a10fee87bbf756?s=96&d=mm&r=g","contentUrl":"https:\/\/secure.gravatar.com\/avatar\/c268f4d483ce0486e5a10fee87bbf756?s=96&d=mm&r=g","caption":"admin1"},"url":"https:\/\/culturbaine.com\/index.php\/author\/admin1\/"}]}},"_links":{"self":[{"href":"https:\/\/culturbaine.com\/index.php\/wp-json\/wp\/v2\/posts\/8959"}],"collection":[{"href":"https:\/\/culturbaine.com\/index.php\/wp-json\/wp\/v2\/posts"}],"about":[{"href":"https:\/\/culturbaine.com\/index.php\/wp-json\/wp\/v2\/types\/post"}],"author":[{"embeddable":true,"href":"https:\/\/culturbaine.com\/index.php\/wp-json\/wp\/v2\/users\/2"}],"replies":[{"embeddable":true,"href":"https:\/\/culturbaine.com\/index.php\/wp-json\/wp\/v2\/comments?post=8959"}],"version-history":[{"count":0,"href":"https:\/\/culturbaine.com\/index.php\/wp-json\/wp\/v2\/posts\/8959\/revisions"}],"wp:featuredmedia":[{"embeddable":true,"href":"https:\/\/culturbaine.com\/index.php\/wp-json\/wp\/v2\/media\/8960"}],"wp:attachment":[{"href":"https:\/\/culturbaine.com\/index.php\/wp-json\/wp\/v2\/media?parent=8959"}],"wp:term":[{"taxonomy":"category","embeddable":true,"href":"https:\/\/culturbaine.com\/index.php\/wp-json\/wp\/v2\/categories?post=8959"},{"taxonomy":"post_tag","embeddable":true,"href":"https:\/\/culturbaine.com\/index.php\/wp-json\/wp\/v2\/tags?post=8959"}],"curies":[{"name":"wp","href":"https:\/\/api.w.org\/{rel}","templated":true}]}}