{"id":8830,"date":"2024-09-20T07:39:17","date_gmt":"2024-09-20T07:39:17","guid":{"rendered":"https:\/\/culturbaine.com\/?p=8830"},"modified":"2024-09-20T07:39:17","modified_gmt":"2024-09-20T07:39:17","slug":"maria-corina-machado-celebree-a-travers-une-fresque","status":"publish","type":"post","link":"https:\/\/culturbaine.com\/index.php\/2024\/09\/20\/maria-corina-machado-celebree-a-travers-une-fresque\/","title":{"rendered":"Mar\u00eda Corina Machado c\u00e9l\u00e9br\u00e9e \u00e0 travers une fresque !"},"content":{"rendered":"<p><strong>St<\/strong><b>reet Art Avenue<\/b><span>, m\u00e9dia incontournable de l&rsquo;art urbain, a une fois de plus braqu\u00e9 ses projecteurs sur une \u0153uvre marquante. Cette fois-ci, il s&rsquo;agit d&rsquo;une fresque monumentale d\u00e9di\u00e9e \u00e0 <\/span><b>Mar\u00eda Corina Machado,<\/b><span> figure de l&rsquo;opposition v\u00e9n\u00e9zu\u00e9lienne et r\u00e9cemment nomin\u00e9e pour le Prix Nobel de la Paix.<\/span><\/p>\n<p><span style=\"font-weight: 400;\">La fresque, visible en haut d\u2019un immeuble de plusieurs \u00e9tages, repr\u00e9sente <\/span><b>Machado<\/b><span style=\"font-weight: 400;\">, t\u00eate l\u00e9g\u00e8rement inclin\u00e9e vers le haut, arborant un subtil sourire. Ce portrait saisissant est entour\u00e9 de couleurs vives et dynamiques, symbolisant \u00e0 la fois l\u2019espoir et la r\u00e9silience dans un contexte politique difficile. Cette \u0153uvre ne passe pas inaper\u00e7ue et attire l&rsquo;attention autant par sa taille que par son message puissant.<\/span><\/p>\n<p><img loading=\"lazy\" decoding=\"async\" class=\"alignnone size-medium wp-image-8831\" src=\"https:\/\/culturbaine.com\/wp-content\/uploads\/2024\/09\/Screenshot_20240920-034800-300x189.jpg\" alt=\"\" width=\"300\" height=\"189\" srcset=\"https:\/\/culturbaine.com\/wp-content\/uploads\/2024\/09\/Screenshot_20240920-034800-300x189.jpg 300w, https:\/\/culturbaine.com\/wp-content\/uploads\/2024\/09\/Screenshot_20240920-034800.jpg 717w\" sizes=\"(max-width: 300px) 100vw, 300px\" \/><\/p>\n<p><span style=\"font-weight: 400;\">L&rsquo;art urbain continue de jouer un r\u00f4le crucial en tant que vecteur de messages politiques et sociaux, et cette fresque de <strong>Mar\u00eda Corina Machado<\/strong> en est un parfait exemple.<\/span><\/p>\n<p><b>Mohamed Cinq Sylla\u00a0<\/b><\/p>\n","protected":false},"excerpt":{"rendered":"<p>Street Art Avenue, m\u00e9dia incontournable de l&rsquo;art urbain, a une fois de plus braqu\u00e9 ses projecteurs sur une \u0153uvre marquante. Cette fois-ci, il s&rsquo;agit d&rsquo;une fresque monumentale d\u00e9di\u00e9e \u00e0 Mar\u00eda Corina Machado, figure de l&rsquo;opposition v\u00e9n\u00e9zu\u00e9lienne et r\u00e9cemment nomin\u00e9e pour le Prix Nobel de la Paix. La fresque, visible en haut d\u2019un immeuble de plusieurs [&hellip;]<\/p>\n","protected":false},"author":2,"featured_media":8834,"comment_status":"closed","ping_status":"closed","sticky":false,"template":"","format":"standard","meta":{"_mi_skip_tracking":false,"_monsterinsights_sitenote_active":false,"_monsterinsights_sitenote_note":"","_monsterinsights_sitenote_category":0,"footnotes":""},"categories":[21,2389],"tags":[3123,1469,3122],"class_list":["post-8830","post","type-post","status-publish","format-standard","has-post-thumbnail","hentry","category-actualite","category-graffiti","tag-cheffe-de-file-de-lopposition","tag-fresque","tag-la-venezuelienne-maria-corina"],"yoast_head":"<!-- This site is optimized with the Yoast SEO Premium plugin v20.1 (Yoast SEO v24.0) - https:\/\/yoast.com\/wordpress\/plugins\/seo\/ -->\n<title>Mar\u00eda Corina Machado c\u00e9l\u00e9br\u00e9e \u00e0 travers une fresque ! - Culturbaine<\/title>\n<meta name=\"robots\" content=\"index, follow, max-snippet:-1, max-image-preview:large, max-video-preview:-1\" \/>\n<link rel=\"canonical\" href=\"https:\/\/culturbaine.com\/index.php\/2024\/09\/20\/maria-corina-machado-celebree-a-travers-une-fresque\/\" \/>\n<meta property=\"og:locale\" content=\"fr_FR\" \/>\n<meta property=\"og:type\" content=\"article\" \/>\n<meta property=\"og:title\" content=\"Mar\u00eda Corina Machado c\u00e9l\u00e9br\u00e9e \u00e0 travers une fresque !\" \/>\n<meta property=\"og:description\" content=\"Street Art Avenue, m\u00e9dia incontournable de l&rsquo;art urbain, a une fois de plus braqu\u00e9 ses projecteurs sur une \u0153uvre marquante. Cette fois-ci, il s&rsquo;agit d&rsquo;une fresque monumentale d\u00e9di\u00e9e \u00e0 Mar\u00eda Corina Machado, figure de l&rsquo;opposition v\u00e9n\u00e9zu\u00e9lienne et r\u00e9cemment nomin\u00e9e pour le Prix Nobel de la Paix. La fresque, visible en haut d\u2019un immeuble de plusieurs [&hellip;]\" \/>\n<meta property=\"og:url\" content=\"https:\/\/culturbaine.com\/index.php\/2024\/09\/20\/maria-corina-machado-celebree-a-travers-une-fresque\/\" \/>\n<meta property=\"og:site_name\" content=\"Culturbaine\" \/>\n<meta property=\"article:publisher\" content=\"https:\/\/www.facebook.com\/Culturbaines\" \/>\n<meta property=\"article:published_time\" content=\"2024-09-20T07:39:17+00:00\" \/>\n<meta property=\"og:image\" content=\"https:\/\/culturbaine.com\/wp-content\/uploads\/2024\/09\/Screenshot_20240920-034800-1.jpg\" \/>\n\t<meta property=\"og:image:width\" content=\"717\" \/>\n\t<meta property=\"og:image:height\" content=\"452\" \/>\n\t<meta property=\"og:image:type\" content=\"image\/jpeg\" \/>\n<meta name=\"author\" content=\"admin1\" \/>\n<meta name=\"twitter:card\" content=\"summary_large_image\" \/>\n<meta name=\"twitter:creator\" content=\"@culturbaines\" \/>\n<meta name=\"twitter:site\" content=\"@culturbaines\" \/>\n<meta name=\"twitter:label1\" content=\"\u00c9crit par\" \/>\n\t<meta name=\"twitter:data1\" content=\"admin1\" \/>\n\t<meta name=\"twitter:label2\" content=\"Dur\u00e9e de lecture estim\u00e9e\" \/>\n\t<meta name=\"twitter:data2\" content=\"2 minutes\" \/>\n<script type=\"application\/ld+json\" class=\"yoast-schema-graph\">{\"@context\":\"https:\/\/schema.org\",\"@graph\":[{\"@type\":\"Article\",\"@id\":\"https:\/\/culturbaine.com\/index.php\/2024\/09\/20\/maria-corina-machado-celebree-a-travers-une-fresque\/#article\",\"isPartOf\":{\"@id\":\"https:\/\/culturbaine.com\/index.php\/2024\/09\/20\/maria-corina-machado-celebree-a-travers-une-fresque\/\"},\"author\":{\"name\":\"admin1\",\"@id\":\"https:\/\/culturbaine.com\/#\/schema\/person\/42eb7485c572e0746c1ea6b8216c3814\"},\"headline\":\"Mar\u00eda Corina Machado c\u00e9l\u00e9br\u00e9e \u00e0 travers une fresque !\",\"datePublished\":\"2024-09-20T07:39:17+00:00\",\"dateModified\":\"2024-09-20T07:39:17+00:00\",\"mainEntityOfPage\":{\"@id\":\"https:\/\/culturbaine.com\/index.php\/2024\/09\/20\/maria-corina-machado-celebree-a-travers-une-fresque\/\"},\"wordCount\":177,\"publisher\":{\"@id\":\"https:\/\/culturbaine.com\/#organization\"},\"image\":{\"@id\":\"https:\/\/culturbaine.com\/index.php\/2024\/09\/20\/maria-corina-machado-celebree-a-travers-une-fresque\/#primaryimage\"},\"thumbnailUrl\":\"https:\/\/culturbaine.com\/wp-content\/uploads\/2024\/09\/Screenshot_20240920-034800-1.jpg\",\"keywords\":[\"cheffe de file de l'opposition\",\"Fresque\",\"La v\u00e9n\u00e9zu\u00e9lienne Mar\u00eda Corina\"],\"articleSection\":[\"Actualit\u00e9\",\"Graffiti\"],\"inLanguage\":\"fr-FR\"},{\"@type\":\"WebPage\",\"@id\":\"https:\/\/culturbaine.com\/index.php\/2024\/09\/20\/maria-corina-machado-celebree-a-travers-une-fresque\/\",\"url\":\"https:\/\/culturbaine.com\/index.php\/2024\/09\/20\/maria-corina-machado-celebree-a-travers-une-fresque\/\",\"name\":\"Mar\u00eda Corina Machado c\u00e9l\u00e9br\u00e9e \u00e0 travers une fresque ! - Culturbaine\",\"isPartOf\":{\"@id\":\"https:\/\/culturbaine.com\/#website\"},\"primaryImageOfPage\":{\"@id\":\"https:\/\/culturbaine.com\/index.php\/2024\/09\/20\/maria-corina-machado-celebree-a-travers-une-fresque\/#primaryimage\"},\"image\":{\"@id\":\"https:\/\/culturbaine.com\/index.php\/2024\/09\/20\/maria-corina-machado-celebree-a-travers-une-fresque\/#primaryimage\"},\"thumbnailUrl\":\"https:\/\/culturbaine.com\/wp-content\/uploads\/2024\/09\/Screenshot_20240920-034800-1.jpg\",\"datePublished\":\"2024-09-20T07:39:17+00:00\",\"dateModified\":\"2024-09-20T07:39:17+00:00\",\"breadcrumb\":{\"@id\":\"https:\/\/culturbaine.com\/index.php\/2024\/09\/20\/maria-corina-machado-celebree-a-travers-une-fresque\/#breadcrumb\"},\"inLanguage\":\"fr-FR\",\"potentialAction\":[{\"@type\":\"ReadAction\",\"target\":[\"https:\/\/culturbaine.com\/index.php\/2024\/09\/20\/maria-corina-machado-celebree-a-travers-une-fresque\/\"]}]},{\"@type\":\"ImageObject\",\"inLanguage\":\"fr-FR\",\"@id\":\"https:\/\/culturbaine.com\/index.php\/2024\/09\/20\/maria-corina-machado-celebree-a-travers-une-fresque\/#primaryimage\",\"url\":\"https:\/\/culturbaine.com\/wp-content\/uploads\/2024\/09\/Screenshot_20240920-034800-1.jpg\",\"contentUrl\":\"https:\/\/culturbaine.com\/wp-content\/uploads\/2024\/09\/Screenshot_20240920-034800-1.jpg\",\"width\":717,\"height\":452},{\"@type\":\"BreadcrumbList\",\"@id\":\"https:\/\/culturbaine.com\/index.php\/2024\/09\/20\/maria-corina-machado-celebree-a-travers-une-fresque\/#breadcrumb\",\"itemListElement\":[{\"@type\":\"ListItem\",\"position\":1,\"name\":\"Home\",\"item\":\"https:\/\/culturbaine.com\/\"},{\"@type\":\"ListItem\",\"position\":2,\"name\":\"Mar\u00eda Corina Machado c\u00e9l\u00e9br\u00e9e \u00e0 travers une fresque !\"}]},{\"@type\":\"WebSite\",\"@id\":\"https:\/\/culturbaine.com\/#website\",\"url\":\"https:\/\/culturbaine.com\/\",\"name\":\"Culturbaine.com\",\"description\":\"Toute l&#039;actualit\u00e9 des Cultures Urbaines, en un clic  !\",\"publisher\":{\"@id\":\"https:\/\/culturbaine.com\/#organization\"},\"potentialAction\":[{\"@type\":\"SearchAction\",\"target\":{\"@type\":\"EntryPoint\",\"urlTemplate\":\"https:\/\/culturbaine.com\/?s={search_term_string}\"},\"query-input\":{\"@type\":\"PropertyValueSpecification\",\"valueRequired\":true,\"valueName\":\"search_term_string\"}}],\"inLanguage\":\"fr-FR\"},{\"@type\":\"Organization\",\"@id\":\"https:\/\/culturbaine.com\/#organization\",\"name\":\"Culturbaine.com\",\"url\":\"https:\/\/culturbaine.com\/\",\"logo\":{\"@type\":\"ImageObject\",\"inLanguage\":\"fr-FR\",\"@id\":\"https:\/\/culturbaine.com\/#\/schema\/logo\/image\/\",\"url\":\"https:\/\/culturbaine.com\/wp-content\/uploads\/2023\/07\/WhatsApp-Image-2023-07-17-at-14.38.18.jpeg\",\"contentUrl\":\"https:\/\/culturbaine.com\/wp-content\/uploads\/2023\/07\/WhatsApp-Image-2023-07-17-at-14.38.18.jpeg\",\"width\":855,\"height\":270,\"caption\":\"Culturbaine.com\"},\"image\":{\"@id\":\"https:\/\/culturbaine.com\/#\/schema\/logo\/image\/\"},\"sameAs\":[\"https:\/\/www.facebook.com\/Culturbaines\",\"https:\/\/x.com\/culturbaines\"]},{\"@type\":\"Person\",\"@id\":\"https:\/\/culturbaine.com\/#\/schema\/person\/42eb7485c572e0746c1ea6b8216c3814\",\"name\":\"admin1\",\"image\":{\"@type\":\"ImageObject\",\"inLanguage\":\"fr-FR\",\"@id\":\"https:\/\/culturbaine.com\/#\/schema\/person\/image\/\",\"url\":\"https:\/\/secure.gravatar.com\/avatar\/c268f4d483ce0486e5a10fee87bbf756?s=96&d=mm&r=g\",\"contentUrl\":\"https:\/\/secure.gravatar.com\/avatar\/c268f4d483ce0486e5a10fee87bbf756?s=96&d=mm&r=g\",\"caption\":\"admin1\"},\"url\":\"https:\/\/culturbaine.com\/index.php\/author\/admin1\/\"}]}<\/script>\n<!-- \/ Yoast SEO Premium plugin. -->","yoast_head_json":{"title":"Mar\u00eda Corina Machado c\u00e9l\u00e9br\u00e9e \u00e0 travers une fresque ! - Culturbaine","robots":{"index":"index","follow":"follow","max-snippet":"max-snippet:-1","max-image-preview":"max-image-preview:large","max-video-preview":"max-video-preview:-1"},"canonical":"https:\/\/culturbaine.com\/index.php\/2024\/09\/20\/maria-corina-machado-celebree-a-travers-une-fresque\/","og_locale":"fr_FR","og_type":"article","og_title":"Mar\u00eda Corina Machado c\u00e9l\u00e9br\u00e9e \u00e0 travers une fresque !","og_description":"Street Art Avenue, m\u00e9dia incontournable de l&rsquo;art urbain, a une fois de plus braqu\u00e9 ses projecteurs sur une \u0153uvre marquante. Cette fois-ci, il s&rsquo;agit d&rsquo;une fresque monumentale d\u00e9di\u00e9e \u00e0 Mar\u00eda Corina Machado, figure de l&rsquo;opposition v\u00e9n\u00e9zu\u00e9lienne et r\u00e9cemment nomin\u00e9e pour le Prix Nobel de la Paix. La fresque, visible en haut d\u2019un immeuble de plusieurs [&hellip;]","og_url":"https:\/\/culturbaine.com\/index.php\/2024\/09\/20\/maria-corina-machado-celebree-a-travers-une-fresque\/","og_site_name":"Culturbaine","article_publisher":"https:\/\/www.facebook.com\/Culturbaines","article_published_time":"2024-09-20T07:39:17+00:00","og_image":[{"width":717,"height":452,"url":"https:\/\/culturbaine.com\/wp-content\/uploads\/2024\/09\/Screenshot_20240920-034800-1.jpg","type":"image\/jpeg"}],"author":"admin1","twitter_card":"summary_large_image","twitter_creator":"@culturbaines","twitter_site":"@culturbaines","twitter_misc":{"\u00c9crit par":"admin1","Dur\u00e9e de lecture estim\u00e9e":"2 minutes"},"schema":{"@context":"https:\/\/schema.org","@graph":[{"@type":"Article","@id":"https:\/\/culturbaine.com\/index.php\/2024\/09\/20\/maria-corina-machado-celebree-a-travers-une-fresque\/#article","isPartOf":{"@id":"https:\/\/culturbaine.com\/index.php\/2024\/09\/20\/maria-corina-machado-celebree-a-travers-une-fresque\/"},"author":{"name":"admin1","@id":"https:\/\/culturbaine.com\/#\/schema\/person\/42eb7485c572e0746c1ea6b8216c3814"},"headline":"Mar\u00eda Corina Machado c\u00e9l\u00e9br\u00e9e \u00e0 travers une fresque !","datePublished":"2024-09-20T07:39:17+00:00","dateModified":"2024-09-20T07:39:17+00:00","mainEntityOfPage":{"@id":"https:\/\/culturbaine.com\/index.php\/2024\/09\/20\/maria-corina-machado-celebree-a-travers-une-fresque\/"},"wordCount":177,"publisher":{"@id":"https:\/\/culturbaine.com\/#organization"},"image":{"@id":"https:\/\/culturbaine.com\/index.php\/2024\/09\/20\/maria-corina-machado-celebree-a-travers-une-fresque\/#primaryimage"},"thumbnailUrl":"https:\/\/culturbaine.com\/wp-content\/uploads\/2024\/09\/Screenshot_20240920-034800-1.jpg","keywords":["cheffe de file de l'opposition","Fresque","La v\u00e9n\u00e9zu\u00e9lienne Mar\u00eda Corina"],"articleSection":["Actualit\u00e9","Graffiti"],"inLanguage":"fr-FR"},{"@type":"WebPage","@id":"https:\/\/culturbaine.com\/index.php\/2024\/09\/20\/maria-corina-machado-celebree-a-travers-une-fresque\/","url":"https:\/\/culturbaine.com\/index.php\/2024\/09\/20\/maria-corina-machado-celebree-a-travers-une-fresque\/","name":"Mar\u00eda Corina Machado c\u00e9l\u00e9br\u00e9e \u00e0 travers une fresque ! - Culturbaine","isPartOf":{"@id":"https:\/\/culturbaine.com\/#website"},"primaryImageOfPage":{"@id":"https:\/\/culturbaine.com\/index.php\/2024\/09\/20\/maria-corina-machado-celebree-a-travers-une-fresque\/#primaryimage"},"image":{"@id":"https:\/\/culturbaine.com\/index.php\/2024\/09\/20\/maria-corina-machado-celebree-a-travers-une-fresque\/#primaryimage"},"thumbnailUrl":"https:\/\/culturbaine.com\/wp-content\/uploads\/2024\/09\/Screenshot_20240920-034800-1.jpg","datePublished":"2024-09-20T07:39:17+00:00","dateModified":"2024-09-20T07:39:17+00:00","breadcrumb":{"@id":"https:\/\/culturbaine.com\/index.php\/2024\/09\/20\/maria-corina-machado-celebree-a-travers-une-fresque\/#breadcrumb"},"inLanguage":"fr-FR","potentialAction":[{"@type":"ReadAction","target":["https:\/\/culturbaine.com\/index.php\/2024\/09\/20\/maria-corina-machado-celebree-a-travers-une-fresque\/"]}]},{"@type":"ImageObject","inLanguage":"fr-FR","@id":"https:\/\/culturbaine.com\/index.php\/2024\/09\/20\/maria-corina-machado-celebree-a-travers-une-fresque\/#primaryimage","url":"https:\/\/culturbaine.com\/wp-content\/uploads\/2024\/09\/Screenshot_20240920-034800-1.jpg","contentUrl":"https:\/\/culturbaine.com\/wp-content\/uploads\/2024\/09\/Screenshot_20240920-034800-1.jpg","width":717,"height":452},{"@type":"BreadcrumbList","@id":"https:\/\/culturbaine.com\/index.php\/2024\/09\/20\/maria-corina-machado-celebree-a-travers-une-fresque\/#breadcrumb","itemListElement":[{"@type":"ListItem","position":1,"name":"Home","item":"https:\/\/culturbaine.com\/"},{"@type":"ListItem","position":2,"name":"Mar\u00eda Corina Machado c\u00e9l\u00e9br\u00e9e \u00e0 travers une fresque !"}]},{"@type":"WebSite","@id":"https:\/\/culturbaine.com\/#website","url":"https:\/\/culturbaine.com\/","name":"Culturbaine.com","description":"Toute l&#039;actualit\u00e9 des Cultures Urbaines, en un clic  !","publisher":{"@id":"https:\/\/culturbaine.com\/#organization"},"potentialAction":[{"@type":"SearchAction","target":{"@type":"EntryPoint","urlTemplate":"https:\/\/culturbaine.com\/?s={search_term_string}"},"query-input":{"@type":"PropertyValueSpecification","valueRequired":true,"valueName":"search_term_string"}}],"inLanguage":"fr-FR"},{"@type":"Organization","@id":"https:\/\/culturbaine.com\/#organization","name":"Culturbaine.com","url":"https:\/\/culturbaine.com\/","logo":{"@type":"ImageObject","inLanguage":"fr-FR","@id":"https:\/\/culturbaine.com\/#\/schema\/logo\/image\/","url":"https:\/\/culturbaine.com\/wp-content\/uploads\/2023\/07\/WhatsApp-Image-2023-07-17-at-14.38.18.jpeg","contentUrl":"https:\/\/culturbaine.com\/wp-content\/uploads\/2023\/07\/WhatsApp-Image-2023-07-17-at-14.38.18.jpeg","width":855,"height":270,"caption":"Culturbaine.com"},"image":{"@id":"https:\/\/culturbaine.com\/#\/schema\/logo\/image\/"},"sameAs":["https:\/\/www.facebook.com\/Culturbaines","https:\/\/x.com\/culturbaines"]},{"@type":"Person","@id":"https:\/\/culturbaine.com\/#\/schema\/person\/42eb7485c572e0746c1ea6b8216c3814","name":"admin1","image":{"@type":"ImageObject","inLanguage":"fr-FR","@id":"https:\/\/culturbaine.com\/#\/schema\/person\/image\/","url":"https:\/\/secure.gravatar.com\/avatar\/c268f4d483ce0486e5a10fee87bbf756?s=96&d=mm&r=g","contentUrl":"https:\/\/secure.gravatar.com\/avatar\/c268f4d483ce0486e5a10fee87bbf756?s=96&d=mm&r=g","caption":"admin1"},"url":"https:\/\/culturbaine.com\/index.php\/author\/admin1\/"}]}},"_links":{"self":[{"href":"https:\/\/culturbaine.com\/index.php\/wp-json\/wp\/v2\/posts\/8830"}],"collection":[{"href":"https:\/\/culturbaine.com\/index.php\/wp-json\/wp\/v2\/posts"}],"about":[{"href":"https:\/\/culturbaine.com\/index.php\/wp-json\/wp\/v2\/types\/post"}],"author":[{"embeddable":true,"href":"https:\/\/culturbaine.com\/index.php\/wp-json\/wp\/v2\/users\/2"}],"replies":[{"embeddable":true,"href":"https:\/\/culturbaine.com\/index.php\/wp-json\/wp\/v2\/comments?post=8830"}],"version-history":[{"count":0,"href":"https:\/\/culturbaine.com\/index.php\/wp-json\/wp\/v2\/posts\/8830\/revisions"}],"wp:featuredmedia":[{"embeddable":true,"href":"https:\/\/culturbaine.com\/index.php\/wp-json\/wp\/v2\/media\/8834"}],"wp:attachment":[{"href":"https:\/\/culturbaine.com\/index.php\/wp-json\/wp\/v2\/media?parent=8830"}],"wp:term":[{"taxonomy":"category","embeddable":true,"href":"https:\/\/culturbaine.com\/index.php\/wp-json\/wp\/v2\/categories?post=8830"},{"taxonomy":"post_tag","embeddable":true,"href":"https:\/\/culturbaine.com\/index.php\/wp-json\/wp\/v2\/tags?post=8830"}],"curies":[{"name":"wp","href":"https:\/\/api.w.org\/{rel}","templated":true}]}}