{"id":8823,"date":"2024-09-19T18:14:07","date_gmt":"2024-09-19T18:14:07","guid":{"rendered":"https:\/\/culturbaine.com\/?p=8823"},"modified":"2024-09-19T18:14:07","modified_gmt":"2024-09-19T18:14:07","slug":"karim-tir-labsence-de-jul-lui-coute-3-000-euros-en-appel","status":"publish","type":"post","link":"https:\/\/culturbaine.com\/index.php\/2024\/09\/19\/karim-tir-labsence-de-jul-lui-coute-3-000-euros-en-appel\/","title":{"rendered":"Karim Tir : l\u2019absence de Jul lui co\u00fbte 3 000 euros en appel"},"content":{"rendered":"<p><span>Cette semaine, le rappeur marseillais <\/span><b>Jul<\/b><span> a \u00e9t\u00e9 condamn\u00e9 \u00e0 une amende de 3 000 euros pour son absence lors du proc\u00e8s en appel concernant l\u2019assassinat de son ancien manager, <\/span><b>Karim Tir.<\/b><span>\u00a0<\/span><\/p>\n<p><span style=\"font-weight: 400;\">Cette affaire remonte \u00e0 2014, lorsque Karim Tir, qui avait fond\u00e9 le label <\/span><b>Liga One Industry<\/b><span style=\"font-weight: 400;\"> et jou\u00e9 un r\u00f4le cl\u00e9 dans le succ\u00e8s de <\/span><b>Jul<\/b><span style=\"font-weight: 400;\">, a \u00e9t\u00e9 tu\u00e9 \u00e0 Asni\u00e8res, dans le 92. Depuis, le dossier tra\u00eene dans les tiroirs de la justice.<\/span><\/p>\n<p><span style=\"font-weight: 400;\">Lors du premier proc\u00e8s pour meurtre en 2023, deux accus\u00e9s avaient \u00e9t\u00e9 condamn\u00e9s \u00e0 25 ans de prison. \u00c0 cette occasion, <\/span><b>Jul<\/b><span style=\"font-weight: 400;\"> n&rsquo;avait pas pu se pr\u00e9senter, bien qu&rsquo;il ait \u00e9t\u00e9 cit\u00e9 comme t\u00e9moin en tant qu&rsquo;ami de <\/span><b>Karim Tir.<\/b><span style=\"font-weight: 400;\">\u00a0<\/span><\/p>\n<p><span style=\"font-weight: 400;\">Pour le proc\u00e8s en appel, <\/span><b>Jul<\/b><span style=\"font-weight: 400;\"> a inform\u00e9 la cour qu&rsquo;il ne pouvait pas \u00eatre pr\u00e9sent en raison de \u00ab\u00a0<\/span><b>raisons professionnelles<\/b><span style=\"font-weight: 400;\">\u00a0\u00bb \u00e0 l&rsquo;\u00e9tranger. Cependant, le juge a rejet\u00e9 cette excuse et a d\u00e9cid\u00e9 de le sanctionner par une amende.\u00a0<\/span><\/p>\n<p><span style=\"font-weight: 400;\">Cette d\u00e9cision souligne les complications juridiques qui entourent cette affaire, qui continue de marquer le parcours de l&rsquo;artiste et de son ancienne collaboration avec <\/span><b>Karim Tir.<\/b><\/p>\n<p><b>Mohamed Cinq Sylla<\/b><\/p>\n","protected":false},"excerpt":{"rendered":"<p>Cette semaine, le rappeur marseillais Jul a \u00e9t\u00e9 condamn\u00e9 \u00e0 une amende de 3 000 euros pour son absence lors du proc\u00e8s en appel concernant l\u2019assassinat de son ancien manager, Karim Tir.\u00a0 Cette affaire remonte \u00e0 2014, lorsque Karim Tir, qui avait fond\u00e9 le label Liga One Industry et jou\u00e9 un r\u00f4le cl\u00e9 dans le [&hellip;]<\/p>\n","protected":false},"author":2,"featured_media":8824,"comment_status":"closed","ping_status":"closed","sticky":false,"template":"","format":"standard","meta":{"_mi_skip_tracking":false,"_monsterinsights_sitenote_active":false,"_monsterinsights_sitenote_note":"","_monsterinsights_sitenote_category":0,"footnotes":""},"categories":[21,512],"tags":[3119,1525,3118,3120],"class_list":["post-8823","post","type-post","status-publish","format-standard","has-post-thumbnail","hentry","category-actualite","category-rap","tag-3-000-euros","tag-jul","tag-karim-tir","tag-proces-en-appel"],"yoast_head":"<!-- This site is optimized with the Yoast SEO Premium plugin v20.1 (Yoast SEO v24.0) - https:\/\/yoast.com\/wordpress\/plugins\/seo\/ -->\n<title>Karim Tir : l\u2019absence de Jul lui co\u00fbte 3 000 euros en appel - Culturbaine<\/title>\n<meta name=\"robots\" content=\"index, follow, max-snippet:-1, max-image-preview:large, max-video-preview:-1\" \/>\n<link rel=\"canonical\" href=\"https:\/\/culturbaine.com\/index.php\/2024\/09\/19\/karim-tir-labsence-de-jul-lui-coute-3-000-euros-en-appel\/\" \/>\n<meta property=\"og:locale\" content=\"fr_FR\" \/>\n<meta property=\"og:type\" content=\"article\" \/>\n<meta property=\"og:title\" content=\"Karim Tir : l\u2019absence de Jul lui co\u00fbte 3 000 euros en appel\" \/>\n<meta property=\"og:description\" content=\"Cette semaine, le rappeur marseillais Jul a \u00e9t\u00e9 condamn\u00e9 \u00e0 une amende de 3 000 euros pour son absence lors du proc\u00e8s en appel concernant l\u2019assassinat de son ancien manager, Karim Tir.\u00a0 Cette affaire remonte \u00e0 2014, lorsque Karim Tir, qui avait fond\u00e9 le label Liga One Industry et jou\u00e9 un r\u00f4le cl\u00e9 dans le [&hellip;]\" \/>\n<meta property=\"og:url\" content=\"https:\/\/culturbaine.com\/index.php\/2024\/09\/19\/karim-tir-labsence-de-jul-lui-coute-3-000-euros-en-appel\/\" \/>\n<meta property=\"og:site_name\" content=\"Culturbaine\" \/>\n<meta property=\"article:publisher\" content=\"https:\/\/www.facebook.com\/Culturbaines\" \/>\n<meta property=\"article:published_time\" content=\"2024-09-19T18:14:07+00:00\" \/>\n<meta property=\"og:image\" content=\"https:\/\/culturbaine.com\/wp-content\/uploads\/2024\/09\/IMG_20240919_180035.jpg\" \/>\n\t<meta property=\"og:image:width\" content=\"720\" \/>\n\t<meta property=\"og:image:height\" content=\"392\" \/>\n\t<meta property=\"og:image:type\" content=\"image\/jpeg\" \/>\n<meta name=\"author\" content=\"admin1\" \/>\n<meta name=\"twitter:card\" content=\"summary_large_image\" \/>\n<meta name=\"twitter:creator\" content=\"@culturbaines\" \/>\n<meta name=\"twitter:site\" content=\"@culturbaines\" \/>\n<meta name=\"twitter:label1\" content=\"\u00c9crit par\" \/>\n\t<meta name=\"twitter:data1\" content=\"admin1\" \/>\n\t<meta name=\"twitter:label2\" content=\"Dur\u00e9e de lecture estim\u00e9e\" \/>\n\t<meta name=\"twitter:data2\" content=\"2 minutes\" \/>\n<script type=\"application\/ld+json\" class=\"yoast-schema-graph\">{\"@context\":\"https:\/\/schema.org\",\"@graph\":[{\"@type\":\"Article\",\"@id\":\"https:\/\/culturbaine.com\/index.php\/2024\/09\/19\/karim-tir-labsence-de-jul-lui-coute-3-000-euros-en-appel\/#article\",\"isPartOf\":{\"@id\":\"https:\/\/culturbaine.com\/index.php\/2024\/09\/19\/karim-tir-labsence-de-jul-lui-coute-3-000-euros-en-appel\/\"},\"author\":{\"name\":\"admin1\",\"@id\":\"https:\/\/culturbaine.com\/#\/schema\/person\/42eb7485c572e0746c1ea6b8216c3814\"},\"headline\":\"Karim Tir : l\u2019absence de Jul lui co\u00fbte 3 000 euros en appel\",\"datePublished\":\"2024-09-19T18:14:07+00:00\",\"dateModified\":\"2024-09-19T18:14:07+00:00\",\"mainEntityOfPage\":{\"@id\":\"https:\/\/culturbaine.com\/index.php\/2024\/09\/19\/karim-tir-labsence-de-jul-lui-coute-3-000-euros-en-appel\/\"},\"wordCount\":205,\"publisher\":{\"@id\":\"https:\/\/culturbaine.com\/#organization\"},\"image\":{\"@id\":\"https:\/\/culturbaine.com\/index.php\/2024\/09\/19\/karim-tir-labsence-de-jul-lui-coute-3-000-euros-en-appel\/#primaryimage\"},\"thumbnailUrl\":\"https:\/\/culturbaine.com\/wp-content\/uploads\/2024\/09\/IMG_20240919_180035.jpg\",\"keywords\":[\"3 000 euros\",\"Jul\",\"Karim Tir\",\"proc\u00e8s en appel\"],\"articleSection\":[\"Actualit\u00e9\",\"Rap\"],\"inLanguage\":\"fr-FR\"},{\"@type\":\"WebPage\",\"@id\":\"https:\/\/culturbaine.com\/index.php\/2024\/09\/19\/karim-tir-labsence-de-jul-lui-coute-3-000-euros-en-appel\/\",\"url\":\"https:\/\/culturbaine.com\/index.php\/2024\/09\/19\/karim-tir-labsence-de-jul-lui-coute-3-000-euros-en-appel\/\",\"name\":\"Karim Tir : l\u2019absence de Jul lui co\u00fbte 3 000 euros en appel - Culturbaine\",\"isPartOf\":{\"@id\":\"https:\/\/culturbaine.com\/#website\"},\"primaryImageOfPage\":{\"@id\":\"https:\/\/culturbaine.com\/index.php\/2024\/09\/19\/karim-tir-labsence-de-jul-lui-coute-3-000-euros-en-appel\/#primaryimage\"},\"image\":{\"@id\":\"https:\/\/culturbaine.com\/index.php\/2024\/09\/19\/karim-tir-labsence-de-jul-lui-coute-3-000-euros-en-appel\/#primaryimage\"},\"thumbnailUrl\":\"https:\/\/culturbaine.com\/wp-content\/uploads\/2024\/09\/IMG_20240919_180035.jpg\",\"datePublished\":\"2024-09-19T18:14:07+00:00\",\"dateModified\":\"2024-09-19T18:14:07+00:00\",\"breadcrumb\":{\"@id\":\"https:\/\/culturbaine.com\/index.php\/2024\/09\/19\/karim-tir-labsence-de-jul-lui-coute-3-000-euros-en-appel\/#breadcrumb\"},\"inLanguage\":\"fr-FR\",\"potentialAction\":[{\"@type\":\"ReadAction\",\"target\":[\"https:\/\/culturbaine.com\/index.php\/2024\/09\/19\/karim-tir-labsence-de-jul-lui-coute-3-000-euros-en-appel\/\"]}]},{\"@type\":\"ImageObject\",\"inLanguage\":\"fr-FR\",\"@id\":\"https:\/\/culturbaine.com\/index.php\/2024\/09\/19\/karim-tir-labsence-de-jul-lui-coute-3-000-euros-en-appel\/#primaryimage\",\"url\":\"https:\/\/culturbaine.com\/wp-content\/uploads\/2024\/09\/IMG_20240919_180035.jpg\",\"contentUrl\":\"https:\/\/culturbaine.com\/wp-content\/uploads\/2024\/09\/IMG_20240919_180035.jpg\",\"width\":720,\"height\":392},{\"@type\":\"BreadcrumbList\",\"@id\":\"https:\/\/culturbaine.com\/index.php\/2024\/09\/19\/karim-tir-labsence-de-jul-lui-coute-3-000-euros-en-appel\/#breadcrumb\",\"itemListElement\":[{\"@type\":\"ListItem\",\"position\":1,\"name\":\"Home\",\"item\":\"https:\/\/culturbaine.com\/\"},{\"@type\":\"ListItem\",\"position\":2,\"name\":\"Karim Tir : l\u2019absence de Jul lui co\u00fbte 3 000 euros en appel\"}]},{\"@type\":\"WebSite\",\"@id\":\"https:\/\/culturbaine.com\/#website\",\"url\":\"https:\/\/culturbaine.com\/\",\"name\":\"Culturbaine.com\",\"description\":\"Toute l&#039;actualit\u00e9 des Cultures Urbaines, en un clic  !\",\"publisher\":{\"@id\":\"https:\/\/culturbaine.com\/#organization\"},\"potentialAction\":[{\"@type\":\"SearchAction\",\"target\":{\"@type\":\"EntryPoint\",\"urlTemplate\":\"https:\/\/culturbaine.com\/?s={search_term_string}\"},\"query-input\":{\"@type\":\"PropertyValueSpecification\",\"valueRequired\":true,\"valueName\":\"search_term_string\"}}],\"inLanguage\":\"fr-FR\"},{\"@type\":\"Organization\",\"@id\":\"https:\/\/culturbaine.com\/#organization\",\"name\":\"Culturbaine.com\",\"url\":\"https:\/\/culturbaine.com\/\",\"logo\":{\"@type\":\"ImageObject\",\"inLanguage\":\"fr-FR\",\"@id\":\"https:\/\/culturbaine.com\/#\/schema\/logo\/image\/\",\"url\":\"https:\/\/culturbaine.com\/wp-content\/uploads\/2023\/07\/WhatsApp-Image-2023-07-17-at-14.38.18.jpeg\",\"contentUrl\":\"https:\/\/culturbaine.com\/wp-content\/uploads\/2023\/07\/WhatsApp-Image-2023-07-17-at-14.38.18.jpeg\",\"width\":855,\"height\":270,\"caption\":\"Culturbaine.com\"},\"image\":{\"@id\":\"https:\/\/culturbaine.com\/#\/schema\/logo\/image\/\"},\"sameAs\":[\"https:\/\/www.facebook.com\/Culturbaines\",\"https:\/\/x.com\/culturbaines\"]},{\"@type\":\"Person\",\"@id\":\"https:\/\/culturbaine.com\/#\/schema\/person\/42eb7485c572e0746c1ea6b8216c3814\",\"name\":\"admin1\",\"image\":{\"@type\":\"ImageObject\",\"inLanguage\":\"fr-FR\",\"@id\":\"https:\/\/culturbaine.com\/#\/schema\/person\/image\/\",\"url\":\"https:\/\/secure.gravatar.com\/avatar\/c268f4d483ce0486e5a10fee87bbf756?s=96&d=mm&r=g\",\"contentUrl\":\"https:\/\/secure.gravatar.com\/avatar\/c268f4d483ce0486e5a10fee87bbf756?s=96&d=mm&r=g\",\"caption\":\"admin1\"},\"url\":\"https:\/\/culturbaine.com\/index.php\/author\/admin1\/\"}]}<\/script>\n<!-- \/ Yoast SEO Premium plugin. -->","yoast_head_json":{"title":"Karim Tir : l\u2019absence de Jul lui co\u00fbte 3 000 euros en appel - Culturbaine","robots":{"index":"index","follow":"follow","max-snippet":"max-snippet:-1","max-image-preview":"max-image-preview:large","max-video-preview":"max-video-preview:-1"},"canonical":"https:\/\/culturbaine.com\/index.php\/2024\/09\/19\/karim-tir-labsence-de-jul-lui-coute-3-000-euros-en-appel\/","og_locale":"fr_FR","og_type":"article","og_title":"Karim Tir : l\u2019absence de Jul lui co\u00fbte 3 000 euros en appel","og_description":"Cette semaine, le rappeur marseillais Jul a \u00e9t\u00e9 condamn\u00e9 \u00e0 une amende de 3 000 euros pour son absence lors du proc\u00e8s en appel concernant l\u2019assassinat de son ancien manager, Karim Tir.\u00a0 Cette affaire remonte \u00e0 2014, lorsque Karim Tir, qui avait fond\u00e9 le label Liga One Industry et jou\u00e9 un r\u00f4le cl\u00e9 dans le [&hellip;]","og_url":"https:\/\/culturbaine.com\/index.php\/2024\/09\/19\/karim-tir-labsence-de-jul-lui-coute-3-000-euros-en-appel\/","og_site_name":"Culturbaine","article_publisher":"https:\/\/www.facebook.com\/Culturbaines","article_published_time":"2024-09-19T18:14:07+00:00","og_image":[{"width":720,"height":392,"url":"https:\/\/culturbaine.com\/wp-content\/uploads\/2024\/09\/IMG_20240919_180035.jpg","type":"image\/jpeg"}],"author":"admin1","twitter_card":"summary_large_image","twitter_creator":"@culturbaines","twitter_site":"@culturbaines","twitter_misc":{"\u00c9crit par":"admin1","Dur\u00e9e de lecture estim\u00e9e":"2 minutes"},"schema":{"@context":"https:\/\/schema.org","@graph":[{"@type":"Article","@id":"https:\/\/culturbaine.com\/index.php\/2024\/09\/19\/karim-tir-labsence-de-jul-lui-coute-3-000-euros-en-appel\/#article","isPartOf":{"@id":"https:\/\/culturbaine.com\/index.php\/2024\/09\/19\/karim-tir-labsence-de-jul-lui-coute-3-000-euros-en-appel\/"},"author":{"name":"admin1","@id":"https:\/\/culturbaine.com\/#\/schema\/person\/42eb7485c572e0746c1ea6b8216c3814"},"headline":"Karim Tir : l\u2019absence de Jul lui co\u00fbte 3 000 euros en appel","datePublished":"2024-09-19T18:14:07+00:00","dateModified":"2024-09-19T18:14:07+00:00","mainEntityOfPage":{"@id":"https:\/\/culturbaine.com\/index.php\/2024\/09\/19\/karim-tir-labsence-de-jul-lui-coute-3-000-euros-en-appel\/"},"wordCount":205,"publisher":{"@id":"https:\/\/culturbaine.com\/#organization"},"image":{"@id":"https:\/\/culturbaine.com\/index.php\/2024\/09\/19\/karim-tir-labsence-de-jul-lui-coute-3-000-euros-en-appel\/#primaryimage"},"thumbnailUrl":"https:\/\/culturbaine.com\/wp-content\/uploads\/2024\/09\/IMG_20240919_180035.jpg","keywords":["3 000 euros","Jul","Karim Tir","proc\u00e8s en appel"],"articleSection":["Actualit\u00e9","Rap"],"inLanguage":"fr-FR"},{"@type":"WebPage","@id":"https:\/\/culturbaine.com\/index.php\/2024\/09\/19\/karim-tir-labsence-de-jul-lui-coute-3-000-euros-en-appel\/","url":"https:\/\/culturbaine.com\/index.php\/2024\/09\/19\/karim-tir-labsence-de-jul-lui-coute-3-000-euros-en-appel\/","name":"Karim Tir : l\u2019absence de Jul lui co\u00fbte 3 000 euros en appel - Culturbaine","isPartOf":{"@id":"https:\/\/culturbaine.com\/#website"},"primaryImageOfPage":{"@id":"https:\/\/culturbaine.com\/index.php\/2024\/09\/19\/karim-tir-labsence-de-jul-lui-coute-3-000-euros-en-appel\/#primaryimage"},"image":{"@id":"https:\/\/culturbaine.com\/index.php\/2024\/09\/19\/karim-tir-labsence-de-jul-lui-coute-3-000-euros-en-appel\/#primaryimage"},"thumbnailUrl":"https:\/\/culturbaine.com\/wp-content\/uploads\/2024\/09\/IMG_20240919_180035.jpg","datePublished":"2024-09-19T18:14:07+00:00","dateModified":"2024-09-19T18:14:07+00:00","breadcrumb":{"@id":"https:\/\/culturbaine.com\/index.php\/2024\/09\/19\/karim-tir-labsence-de-jul-lui-coute-3-000-euros-en-appel\/#breadcrumb"},"inLanguage":"fr-FR","potentialAction":[{"@type":"ReadAction","target":["https:\/\/culturbaine.com\/index.php\/2024\/09\/19\/karim-tir-labsence-de-jul-lui-coute-3-000-euros-en-appel\/"]}]},{"@type":"ImageObject","inLanguage":"fr-FR","@id":"https:\/\/culturbaine.com\/index.php\/2024\/09\/19\/karim-tir-labsence-de-jul-lui-coute-3-000-euros-en-appel\/#primaryimage","url":"https:\/\/culturbaine.com\/wp-content\/uploads\/2024\/09\/IMG_20240919_180035.jpg","contentUrl":"https:\/\/culturbaine.com\/wp-content\/uploads\/2024\/09\/IMG_20240919_180035.jpg","width":720,"height":392},{"@type":"BreadcrumbList","@id":"https:\/\/culturbaine.com\/index.php\/2024\/09\/19\/karim-tir-labsence-de-jul-lui-coute-3-000-euros-en-appel\/#breadcrumb","itemListElement":[{"@type":"ListItem","position":1,"name":"Home","item":"https:\/\/culturbaine.com\/"},{"@type":"ListItem","position":2,"name":"Karim Tir : l\u2019absence de Jul lui co\u00fbte 3 000 euros en appel"}]},{"@type":"WebSite","@id":"https:\/\/culturbaine.com\/#website","url":"https:\/\/culturbaine.com\/","name":"Culturbaine.com","description":"Toute l&#039;actualit\u00e9 des Cultures Urbaines, en un clic  !","publisher":{"@id":"https:\/\/culturbaine.com\/#organization"},"potentialAction":[{"@type":"SearchAction","target":{"@type":"EntryPoint","urlTemplate":"https:\/\/culturbaine.com\/?s={search_term_string}"},"query-input":{"@type":"PropertyValueSpecification","valueRequired":true,"valueName":"search_term_string"}}],"inLanguage":"fr-FR"},{"@type":"Organization","@id":"https:\/\/culturbaine.com\/#organization","name":"Culturbaine.com","url":"https:\/\/culturbaine.com\/","logo":{"@type":"ImageObject","inLanguage":"fr-FR","@id":"https:\/\/culturbaine.com\/#\/schema\/logo\/image\/","url":"https:\/\/culturbaine.com\/wp-content\/uploads\/2023\/07\/WhatsApp-Image-2023-07-17-at-14.38.18.jpeg","contentUrl":"https:\/\/culturbaine.com\/wp-content\/uploads\/2023\/07\/WhatsApp-Image-2023-07-17-at-14.38.18.jpeg","width":855,"height":270,"caption":"Culturbaine.com"},"image":{"@id":"https:\/\/culturbaine.com\/#\/schema\/logo\/image\/"},"sameAs":["https:\/\/www.facebook.com\/Culturbaines","https:\/\/x.com\/culturbaines"]},{"@type":"Person","@id":"https:\/\/culturbaine.com\/#\/schema\/person\/42eb7485c572e0746c1ea6b8216c3814","name":"admin1","image":{"@type":"ImageObject","inLanguage":"fr-FR","@id":"https:\/\/culturbaine.com\/#\/schema\/person\/image\/","url":"https:\/\/secure.gravatar.com\/avatar\/c268f4d483ce0486e5a10fee87bbf756?s=96&d=mm&r=g","contentUrl":"https:\/\/secure.gravatar.com\/avatar\/c268f4d483ce0486e5a10fee87bbf756?s=96&d=mm&r=g","caption":"admin1"},"url":"https:\/\/culturbaine.com\/index.php\/author\/admin1\/"}]}},"_links":{"self":[{"href":"https:\/\/culturbaine.com\/index.php\/wp-json\/wp\/v2\/posts\/8823"}],"collection":[{"href":"https:\/\/culturbaine.com\/index.php\/wp-json\/wp\/v2\/posts"}],"about":[{"href":"https:\/\/culturbaine.com\/index.php\/wp-json\/wp\/v2\/types\/post"}],"author":[{"embeddable":true,"href":"https:\/\/culturbaine.com\/index.php\/wp-json\/wp\/v2\/users\/2"}],"replies":[{"embeddable":true,"href":"https:\/\/culturbaine.com\/index.php\/wp-json\/wp\/v2\/comments?post=8823"}],"version-history":[{"count":0,"href":"https:\/\/culturbaine.com\/index.php\/wp-json\/wp\/v2\/posts\/8823\/revisions"}],"wp:featuredmedia":[{"embeddable":true,"href":"https:\/\/culturbaine.com\/index.php\/wp-json\/wp\/v2\/media\/8824"}],"wp:attachment":[{"href":"https:\/\/culturbaine.com\/index.php\/wp-json\/wp\/v2\/media?parent=8823"}],"wp:term":[{"taxonomy":"category","embeddable":true,"href":"https:\/\/culturbaine.com\/index.php\/wp-json\/wp\/v2\/categories?post=8823"},{"taxonomy":"post_tag","embeddable":true,"href":"https:\/\/culturbaine.com\/index.php\/wp-json\/wp\/v2\/tags?post=8823"}],"curies":[{"name":"wp","href":"https:\/\/api.w.org\/{rel}","templated":true}]}}