{"id":865,"date":"2023-08-22T21:17:24","date_gmt":"2023-08-22T21:17:24","guid":{"rendered":"http:\/\/culturbaine.com\/?p=865"},"modified":"2023-08-22T22:02:14","modified_gmt":"2023-08-22T22:02:14","slug":"ibro-diabate-ignore-completement-dans-quel-registre-musical-evolue-djanii-alfa","status":"publish","type":"post","link":"https:\/\/culturbaine.com\/index.php\/2023\/08\/22\/ibro-diabate-ignore-completement-dans-quel-registre-musical-evolue-djanii-alfa\/","title":{"rendered":"Ibro Diabat\u00e9 ignore compl\u00e8tement dans quel registre musical \u00e9volue Djanii Alfa !"},"content":{"rendered":"<p><span style=\"font-weight: 400;\">Dans une interview vid\u00e9o accord\u00e9e \u00e0 <\/span><b>Africalog\u00a0<\/b>\u00e0 son domicile le weekend dernier, dans l&rsquo;\u00e9mission D\u00e9ballage, la l\u00e9gende de la musique guin\u00e9enne qui f\u00eate cette ann\u00e9e ses 30 ann\u00e9es de carri\u00e8re <b>Ibro Diabat\u00e9<\/b>, a abord\u00e9 sans ambage plusieurs sujets, m\u00eame ceux qui f\u00e2chent. Interrog\u00e9 sur le coup de bec qui a souvent eu lieu entre le reggaeman <b>Takana Zion<\/b> et le rappeur <b>Djanii Alfa<\/b>, le papa\u00a0 <b>d&rsquo;Ibro Gnamet<\/b> a d&rsquo;abord pr\u00e9cis\u00e9 qu&rsquo;il ne peut pas comparer ces deux artistes, tout en \u00e9voquant les raisons.<\/p>\n<p><span style=\"font-weight: 400;\">\u00ab Je ne peux pas les comparer parce qu\u2019ils n\u2019ont pas la m\u00eame vision. Takana c\u2019est un artiste engag\u00e9, dans sa mani\u00e8re, il est tr\u00e8s bien organis\u00e9 dans sa musique. Quant \u00e0 Djanii Alfa, je ne l\u2019ai pas pratiqu\u00e9. Je pense qu\u2019il m\u2019a appel\u00e9 2 fois, mais je ne peux pas les comparer&#8230;\u00bb<\/span><\/p>\n<p><span style=\"font-weight: 400;\">Dans le m\u00eame registre, il aborde \u00e9galement qu&rsquo;il n&rsquo;a pas connu le chef rebelle, ni ses musiques, encore moins il ignore dans quel registre musical il \u00e9volue.<\/span><\/p>\n<p><span style=\"font-weight: 400;\">\u00abJe n\u2019ai pas connu Djanii ni ses musiques et on n\u2019a pas collabor\u00e9. Et quelqu\u2019un ne peut pas me conna\u00eetre sans me voir. Tu peux conna\u00eetre quelqu\u2019un \u00e0-travers son nom mais pour le conna\u00eetre v\u00e9ritablement il faut l\u2019approcher (\u2026) Mais quant \u00e0 Djanii Alfa, je ne peux pas le qualifier, parce que je ne le connais pas profond\u00e9ment, m\u00eame le genre musical qu\u2019il pratique\u00bb a-t-il conclu.<\/span><\/p>\n<div style=\"width: 358px;\" class=\"wp-video\"><!--[if lt IE 9]><script>document.createElement('video');<\/script><![endif]-->\n<video class=\"wp-video-shortcode\" id=\"video-865-1\" width=\"358\" height=\"640\" preload=\"metadata\" controls=\"controls\"><source type=\"video\/mp4\" src=\"http:\/\/culturbaine.com\/wp-content\/uploads\/2023\/08\/Ibro_Diabate_parle_de_Takana_zion_et_de_DjaniAlpha_\ud83c\uddec\ud83c\uddf3\u270c\ufe0f.mp4?_=1\" \/><a href=\"http:\/\/culturbaine.com\/wp-content\/uploads\/2023\/08\/Ibro_Diabate_parle_de_Takana_zion_et_de_DjaniAlpha_\ud83c\uddec\ud83c\uddf3\u270c\ufe0f.mp4\">http:\/\/culturbaine.com\/wp-content\/uploads\/2023\/08\/Ibro_Diabate_parle_de_Takana_zion_et_de_DjaniAlpha_\ud83c\uddec\ud83c\uddf3\u270c\ufe0f.mp4<\/a><\/video><\/div>\n<p><span style=\"font-weight: 400;\">\u00c0 rappeler que <\/span><b>Djanii Alfa<\/b><span style=\"font-weight: 400;\"> a toujours reconnu <\/span><b>Ibro Diabat\u00e9<\/b><span style=\"font-weight: 400;\"> comme \u00e9tant le \u00a0\u00bb <\/span><b><i>Meilleur artiste guin\u00e9en de tous les temps<\/i><\/b><span style=\"font-weight: 400;\">\u00ab\u00a0.<\/span><\/p>\n<p><b>Mohamed Cinq Sylla<\/b><\/p>\n","protected":false},"excerpt":{"rendered":"<p>Dans une interview vid\u00e9o accord\u00e9e \u00e0 Africalog\u00a0\u00e0 son domicile le weekend dernier, dans l&rsquo;\u00e9mission D\u00e9ballage, la l\u00e9gende de la musique guin\u00e9enne qui f\u00eate cette ann\u00e9e ses 30 ann\u00e9es de carri\u00e8re Ibro Diabat\u00e9, a abord\u00e9 sans ambage plusieurs sujets, m\u00eame ceux qui f\u00e2chent. Interrog\u00e9 sur le coup de bec qui a souvent eu lieu entre le [&hellip;]<\/p>\n","protected":false},"author":2,"featured_media":867,"comment_status":"open","ping_status":"open","sticky":false,"template":"","format":"standard","meta":{"_mi_skip_tracking":false,"_monsterinsights_sitenote_active":false,"_monsterinsights_sitenote_note":"","_monsterinsights_sitenote_category":0,"footnotes":""},"categories":[21],"tags":[29,390,392,391,311],"class_list":["post-865","post","type-post","status-publish","format-standard","has-post-thumbnail","hentry","category-actualite","tag-djanii-alfa","tag-ibro-diabate","tag-ignore","tag-registre-musical","tag-takana-zion"],"yoast_head":"<!-- This site is optimized with the Yoast SEO Premium plugin v20.1 (Yoast SEO v24.0) - https:\/\/yoast.com\/wordpress\/plugins\/seo\/ -->\n<title>Ibro Diabat\u00e9 ignore compl\u00e8tement dans quel registre musical \u00e9volue Djanii Alfa ! - Culturbaine<\/title>\n<meta name=\"robots\" content=\"index, follow, max-snippet:-1, max-image-preview:large, max-video-preview:-1\" \/>\n<link rel=\"canonical\" href=\"http:\/\/culturbaine.com\/index.php\/2023\/08\/22\/ibro-diabate-ignore-completement-dans-quel-registre-musical-evolue-djanii-alfa\/\" \/>\n<meta property=\"og:locale\" content=\"fr_FR\" \/>\n<meta property=\"og:type\" content=\"article\" \/>\n<meta property=\"og:title\" content=\"Ibro Diabat\u00e9 ignore compl\u00e8tement dans quel registre musical \u00e9volue Djanii Alfa !\" \/>\n<meta property=\"og:description\" content=\"Dans une interview vid\u00e9o accord\u00e9e \u00e0 Africalog\u00a0\u00e0 son domicile le weekend dernier, dans l&rsquo;\u00e9mission D\u00e9ballage, la l\u00e9gende de la musique guin\u00e9enne qui f\u00eate cette ann\u00e9e ses 30 ann\u00e9es de carri\u00e8re Ibro Diabat\u00e9, a abord\u00e9 sans ambage plusieurs sujets, m\u00eame ceux qui f\u00e2chent. Interrog\u00e9 sur le coup de bec qui a souvent eu lieu entre le [&hellip;]\" \/>\n<meta property=\"og:url\" content=\"http:\/\/culturbaine.com\/index.php\/2023\/08\/22\/ibro-diabate-ignore-completement-dans-quel-registre-musical-evolue-djanii-alfa\/\" \/>\n<meta property=\"og:site_name\" content=\"Culturbaine\" \/>\n<meta property=\"article:publisher\" content=\"https:\/\/www.facebook.com\/Culturbaines\" \/>\n<meta property=\"article:published_time\" content=\"2023-08-22T21:17:24+00:00\" \/>\n<meta property=\"article:modified_time\" content=\"2023-08-22T22:02:14+00:00\" \/>\n<meta property=\"og:image\" content=\"http:\/\/culturbaine.com\/wp-content\/uploads\/2023\/08\/PhotoCollage_1692737874822.png\" \/>\n\t<meta property=\"og:image:width\" content=\"1920\" \/>\n\t<meta property=\"og:image:height\" content=\"1080\" \/>\n\t<meta property=\"og:image:type\" content=\"image\/png\" \/>\n<meta name=\"author\" content=\"admin1\" \/>\n<meta name=\"twitter:card\" content=\"summary_large_image\" \/>\n<meta name=\"twitter:creator\" content=\"@culturbaines\" \/>\n<meta name=\"twitter:site\" content=\"@culturbaines\" \/>\n<meta name=\"twitter:label1\" content=\"\u00c9crit par\" \/>\n\t<meta name=\"twitter:data1\" content=\"admin1\" \/>\n\t<meta name=\"twitter:label2\" content=\"Dur\u00e9e de lecture estim\u00e9e\" \/>\n\t<meta name=\"twitter:data2\" content=\"2 minutes\" \/>\n<script type=\"application\/ld+json\" class=\"yoast-schema-graph\">{\"@context\":\"https:\/\/schema.org\",\"@graph\":[{\"@type\":\"Article\",\"@id\":\"http:\/\/culturbaine.com\/index.php\/2023\/08\/22\/ibro-diabate-ignore-completement-dans-quel-registre-musical-evolue-djanii-alfa\/#article\",\"isPartOf\":{\"@id\":\"http:\/\/culturbaine.com\/index.php\/2023\/08\/22\/ibro-diabate-ignore-completement-dans-quel-registre-musical-evolue-djanii-alfa\/\"},\"author\":{\"name\":\"admin1\",\"@id\":\"https:\/\/culturbaine.com\/#\/schema\/person\/42eb7485c572e0746c1ea6b8216c3814\"},\"headline\":\"Ibro Diabat\u00e9 ignore compl\u00e8tement dans quel registre musical \u00e9volue Djanii Alfa !\",\"datePublished\":\"2023-08-22T21:17:24+00:00\",\"dateModified\":\"2023-08-22T22:02:14+00:00\",\"mainEntityOfPage\":{\"@id\":\"http:\/\/culturbaine.com\/index.php\/2023\/08\/22\/ibro-diabate-ignore-completement-dans-quel-registre-musical-evolue-djanii-alfa\/\"},\"wordCount\":317,\"commentCount\":0,\"publisher\":{\"@id\":\"https:\/\/culturbaine.com\/#organization\"},\"image\":{\"@id\":\"http:\/\/culturbaine.com\/index.php\/2023\/08\/22\/ibro-diabate-ignore-completement-dans-quel-registre-musical-evolue-djanii-alfa\/#primaryimage\"},\"thumbnailUrl\":\"https:\/\/culturbaine.com\/wp-content\/uploads\/2023\/08\/PhotoCollage_1692737874822.png\",\"keywords\":[\"djanii alfa\",\"Ibro Diabat\u00e9\",\"Ignore\",\"Registre musical\",\"Takana Zion\"],\"articleSection\":[\"Actualit\u00e9\"],\"inLanguage\":\"fr-FR\"},{\"@type\":\"WebPage\",\"@id\":\"http:\/\/culturbaine.com\/index.php\/2023\/08\/22\/ibro-diabate-ignore-completement-dans-quel-registre-musical-evolue-djanii-alfa\/\",\"url\":\"http:\/\/culturbaine.com\/index.php\/2023\/08\/22\/ibro-diabate-ignore-completement-dans-quel-registre-musical-evolue-djanii-alfa\/\",\"name\":\"Ibro Diabat\u00e9 ignore compl\u00e8tement dans quel registre musical \u00e9volue Djanii Alfa ! - Culturbaine\",\"isPartOf\":{\"@id\":\"https:\/\/culturbaine.com\/#website\"},\"primaryImageOfPage\":{\"@id\":\"http:\/\/culturbaine.com\/index.php\/2023\/08\/22\/ibro-diabate-ignore-completement-dans-quel-registre-musical-evolue-djanii-alfa\/#primaryimage\"},\"image\":{\"@id\":\"http:\/\/culturbaine.com\/index.php\/2023\/08\/22\/ibro-diabate-ignore-completement-dans-quel-registre-musical-evolue-djanii-alfa\/#primaryimage\"},\"thumbnailUrl\":\"https:\/\/culturbaine.com\/wp-content\/uploads\/2023\/08\/PhotoCollage_1692737874822.png\",\"datePublished\":\"2023-08-22T21:17:24+00:00\",\"dateModified\":\"2023-08-22T22:02:14+00:00\",\"breadcrumb\":{\"@id\":\"http:\/\/culturbaine.com\/index.php\/2023\/08\/22\/ibro-diabate-ignore-completement-dans-quel-registre-musical-evolue-djanii-alfa\/#breadcrumb\"},\"inLanguage\":\"fr-FR\",\"potentialAction\":[{\"@type\":\"ReadAction\",\"target\":[\"http:\/\/culturbaine.com\/index.php\/2023\/08\/22\/ibro-diabate-ignore-completement-dans-quel-registre-musical-evolue-djanii-alfa\/\"]}]},{\"@type\":\"ImageObject\",\"inLanguage\":\"fr-FR\",\"@id\":\"http:\/\/culturbaine.com\/index.php\/2023\/08\/22\/ibro-diabate-ignore-completement-dans-quel-registre-musical-evolue-djanii-alfa\/#primaryimage\",\"url\":\"https:\/\/culturbaine.com\/wp-content\/uploads\/2023\/08\/PhotoCollage_1692737874822.png\",\"contentUrl\":\"https:\/\/culturbaine.com\/wp-content\/uploads\/2023\/08\/PhotoCollage_1692737874822.png\",\"width\":1920,\"height\":1080},{\"@type\":\"BreadcrumbList\",\"@id\":\"http:\/\/culturbaine.com\/index.php\/2023\/08\/22\/ibro-diabate-ignore-completement-dans-quel-registre-musical-evolue-djanii-alfa\/#breadcrumb\",\"itemListElement\":[{\"@type\":\"ListItem\",\"position\":1,\"name\":\"Home\",\"item\":\"https:\/\/culturbaine.com\/\"},{\"@type\":\"ListItem\",\"position\":2,\"name\":\"Ibro Diabat\u00e9 ignore compl\u00e8tement dans quel registre musical \u00e9volue Djanii Alfa !\"}]},{\"@type\":\"WebSite\",\"@id\":\"https:\/\/culturbaine.com\/#website\",\"url\":\"https:\/\/culturbaine.com\/\",\"name\":\"Culturbaine.com\",\"description\":\"Toute l&#039;actualit\u00e9 des Cultures Urbaines, en un clic  !\",\"publisher\":{\"@id\":\"https:\/\/culturbaine.com\/#organization\"},\"potentialAction\":[{\"@type\":\"SearchAction\",\"target\":{\"@type\":\"EntryPoint\",\"urlTemplate\":\"https:\/\/culturbaine.com\/?s={search_term_string}\"},\"query-input\":{\"@type\":\"PropertyValueSpecification\",\"valueRequired\":true,\"valueName\":\"search_term_string\"}}],\"inLanguage\":\"fr-FR\"},{\"@type\":\"Organization\",\"@id\":\"https:\/\/culturbaine.com\/#organization\",\"name\":\"Culturbaine.com\",\"url\":\"https:\/\/culturbaine.com\/\",\"logo\":{\"@type\":\"ImageObject\",\"inLanguage\":\"fr-FR\",\"@id\":\"https:\/\/culturbaine.com\/#\/schema\/logo\/image\/\",\"url\":\"https:\/\/culturbaine.com\/wp-content\/uploads\/2023\/07\/WhatsApp-Image-2023-07-17-at-14.38.18.jpeg\",\"contentUrl\":\"https:\/\/culturbaine.com\/wp-content\/uploads\/2023\/07\/WhatsApp-Image-2023-07-17-at-14.38.18.jpeg\",\"width\":855,\"height\":270,\"caption\":\"Culturbaine.com\"},\"image\":{\"@id\":\"https:\/\/culturbaine.com\/#\/schema\/logo\/image\/\"},\"sameAs\":[\"https:\/\/www.facebook.com\/Culturbaines\",\"https:\/\/x.com\/culturbaines\"]},{\"@type\":\"Person\",\"@id\":\"https:\/\/culturbaine.com\/#\/schema\/person\/42eb7485c572e0746c1ea6b8216c3814\",\"name\":\"admin1\",\"image\":{\"@type\":\"ImageObject\",\"inLanguage\":\"fr-FR\",\"@id\":\"https:\/\/culturbaine.com\/#\/schema\/person\/image\/\",\"url\":\"https:\/\/secure.gravatar.com\/avatar\/c268f4d483ce0486e5a10fee87bbf756?s=96&d=mm&r=g\",\"contentUrl\":\"https:\/\/secure.gravatar.com\/avatar\/c268f4d483ce0486e5a10fee87bbf756?s=96&d=mm&r=g\",\"caption\":\"admin1\"},\"url\":\"https:\/\/culturbaine.com\/index.php\/author\/admin1\/\"}]}<\/script>\n<!-- \/ Yoast SEO Premium plugin. -->","yoast_head_json":{"title":"Ibro Diabat\u00e9 ignore compl\u00e8tement dans quel registre musical \u00e9volue Djanii Alfa ! - Culturbaine","robots":{"index":"index","follow":"follow","max-snippet":"max-snippet:-1","max-image-preview":"max-image-preview:large","max-video-preview":"max-video-preview:-1"},"canonical":"http:\/\/culturbaine.com\/index.php\/2023\/08\/22\/ibro-diabate-ignore-completement-dans-quel-registre-musical-evolue-djanii-alfa\/","og_locale":"fr_FR","og_type":"article","og_title":"Ibro Diabat\u00e9 ignore compl\u00e8tement dans quel registre musical \u00e9volue Djanii Alfa !","og_description":"Dans une interview vid\u00e9o accord\u00e9e \u00e0 Africalog\u00a0\u00e0 son domicile le weekend dernier, dans l&rsquo;\u00e9mission D\u00e9ballage, la l\u00e9gende de la musique guin\u00e9enne qui f\u00eate cette ann\u00e9e ses 30 ann\u00e9es de carri\u00e8re Ibro Diabat\u00e9, a abord\u00e9 sans ambage plusieurs sujets, m\u00eame ceux qui f\u00e2chent. Interrog\u00e9 sur le coup de bec qui a souvent eu lieu entre le [&hellip;]","og_url":"http:\/\/culturbaine.com\/index.php\/2023\/08\/22\/ibro-diabate-ignore-completement-dans-quel-registre-musical-evolue-djanii-alfa\/","og_site_name":"Culturbaine","article_publisher":"https:\/\/www.facebook.com\/Culturbaines","article_published_time":"2023-08-22T21:17:24+00:00","article_modified_time":"2023-08-22T22:02:14+00:00","og_image":[{"width":1920,"height":1080,"url":"http:\/\/culturbaine.com\/wp-content\/uploads\/2023\/08\/PhotoCollage_1692737874822.png","type":"image\/png"}],"author":"admin1","twitter_card":"summary_large_image","twitter_creator":"@culturbaines","twitter_site":"@culturbaines","twitter_misc":{"\u00c9crit par":"admin1","Dur\u00e9e de lecture estim\u00e9e":"2 minutes"},"schema":{"@context":"https:\/\/schema.org","@graph":[{"@type":"Article","@id":"http:\/\/culturbaine.com\/index.php\/2023\/08\/22\/ibro-diabate-ignore-completement-dans-quel-registre-musical-evolue-djanii-alfa\/#article","isPartOf":{"@id":"http:\/\/culturbaine.com\/index.php\/2023\/08\/22\/ibro-diabate-ignore-completement-dans-quel-registre-musical-evolue-djanii-alfa\/"},"author":{"name":"admin1","@id":"https:\/\/culturbaine.com\/#\/schema\/person\/42eb7485c572e0746c1ea6b8216c3814"},"headline":"Ibro Diabat\u00e9 ignore compl\u00e8tement dans quel registre musical \u00e9volue Djanii Alfa !","datePublished":"2023-08-22T21:17:24+00:00","dateModified":"2023-08-22T22:02:14+00:00","mainEntityOfPage":{"@id":"http:\/\/culturbaine.com\/index.php\/2023\/08\/22\/ibro-diabate-ignore-completement-dans-quel-registre-musical-evolue-djanii-alfa\/"},"wordCount":317,"commentCount":0,"publisher":{"@id":"https:\/\/culturbaine.com\/#organization"},"image":{"@id":"http:\/\/culturbaine.com\/index.php\/2023\/08\/22\/ibro-diabate-ignore-completement-dans-quel-registre-musical-evolue-djanii-alfa\/#primaryimage"},"thumbnailUrl":"https:\/\/culturbaine.com\/wp-content\/uploads\/2023\/08\/PhotoCollage_1692737874822.png","keywords":["djanii alfa","Ibro Diabat\u00e9","Ignore","Registre musical","Takana Zion"],"articleSection":["Actualit\u00e9"],"inLanguage":"fr-FR"},{"@type":"WebPage","@id":"http:\/\/culturbaine.com\/index.php\/2023\/08\/22\/ibro-diabate-ignore-completement-dans-quel-registre-musical-evolue-djanii-alfa\/","url":"http:\/\/culturbaine.com\/index.php\/2023\/08\/22\/ibro-diabate-ignore-completement-dans-quel-registre-musical-evolue-djanii-alfa\/","name":"Ibro Diabat\u00e9 ignore compl\u00e8tement dans quel registre musical \u00e9volue Djanii Alfa ! - Culturbaine","isPartOf":{"@id":"https:\/\/culturbaine.com\/#website"},"primaryImageOfPage":{"@id":"http:\/\/culturbaine.com\/index.php\/2023\/08\/22\/ibro-diabate-ignore-completement-dans-quel-registre-musical-evolue-djanii-alfa\/#primaryimage"},"image":{"@id":"http:\/\/culturbaine.com\/index.php\/2023\/08\/22\/ibro-diabate-ignore-completement-dans-quel-registre-musical-evolue-djanii-alfa\/#primaryimage"},"thumbnailUrl":"https:\/\/culturbaine.com\/wp-content\/uploads\/2023\/08\/PhotoCollage_1692737874822.png","datePublished":"2023-08-22T21:17:24+00:00","dateModified":"2023-08-22T22:02:14+00:00","breadcrumb":{"@id":"http:\/\/culturbaine.com\/index.php\/2023\/08\/22\/ibro-diabate-ignore-completement-dans-quel-registre-musical-evolue-djanii-alfa\/#breadcrumb"},"inLanguage":"fr-FR","potentialAction":[{"@type":"ReadAction","target":["http:\/\/culturbaine.com\/index.php\/2023\/08\/22\/ibro-diabate-ignore-completement-dans-quel-registre-musical-evolue-djanii-alfa\/"]}]},{"@type":"ImageObject","inLanguage":"fr-FR","@id":"http:\/\/culturbaine.com\/index.php\/2023\/08\/22\/ibro-diabate-ignore-completement-dans-quel-registre-musical-evolue-djanii-alfa\/#primaryimage","url":"https:\/\/culturbaine.com\/wp-content\/uploads\/2023\/08\/PhotoCollage_1692737874822.png","contentUrl":"https:\/\/culturbaine.com\/wp-content\/uploads\/2023\/08\/PhotoCollage_1692737874822.png","width":1920,"height":1080},{"@type":"BreadcrumbList","@id":"http:\/\/culturbaine.com\/index.php\/2023\/08\/22\/ibro-diabate-ignore-completement-dans-quel-registre-musical-evolue-djanii-alfa\/#breadcrumb","itemListElement":[{"@type":"ListItem","position":1,"name":"Home","item":"https:\/\/culturbaine.com\/"},{"@type":"ListItem","position":2,"name":"Ibro Diabat\u00e9 ignore compl\u00e8tement dans quel registre musical \u00e9volue Djanii Alfa !"}]},{"@type":"WebSite","@id":"https:\/\/culturbaine.com\/#website","url":"https:\/\/culturbaine.com\/","name":"Culturbaine.com","description":"Toute l&#039;actualit\u00e9 des Cultures Urbaines, en un clic  !","publisher":{"@id":"https:\/\/culturbaine.com\/#organization"},"potentialAction":[{"@type":"SearchAction","target":{"@type":"EntryPoint","urlTemplate":"https:\/\/culturbaine.com\/?s={search_term_string}"},"query-input":{"@type":"PropertyValueSpecification","valueRequired":true,"valueName":"search_term_string"}}],"inLanguage":"fr-FR"},{"@type":"Organization","@id":"https:\/\/culturbaine.com\/#organization","name":"Culturbaine.com","url":"https:\/\/culturbaine.com\/","logo":{"@type":"ImageObject","inLanguage":"fr-FR","@id":"https:\/\/culturbaine.com\/#\/schema\/logo\/image\/","url":"https:\/\/culturbaine.com\/wp-content\/uploads\/2023\/07\/WhatsApp-Image-2023-07-17-at-14.38.18.jpeg","contentUrl":"https:\/\/culturbaine.com\/wp-content\/uploads\/2023\/07\/WhatsApp-Image-2023-07-17-at-14.38.18.jpeg","width":855,"height":270,"caption":"Culturbaine.com"},"image":{"@id":"https:\/\/culturbaine.com\/#\/schema\/logo\/image\/"},"sameAs":["https:\/\/www.facebook.com\/Culturbaines","https:\/\/x.com\/culturbaines"]},{"@type":"Person","@id":"https:\/\/culturbaine.com\/#\/schema\/person\/42eb7485c572e0746c1ea6b8216c3814","name":"admin1","image":{"@type":"ImageObject","inLanguage":"fr-FR","@id":"https:\/\/culturbaine.com\/#\/schema\/person\/image\/","url":"https:\/\/secure.gravatar.com\/avatar\/c268f4d483ce0486e5a10fee87bbf756?s=96&d=mm&r=g","contentUrl":"https:\/\/secure.gravatar.com\/avatar\/c268f4d483ce0486e5a10fee87bbf756?s=96&d=mm&r=g","caption":"admin1"},"url":"https:\/\/culturbaine.com\/index.php\/author\/admin1\/"}]}},"_links":{"self":[{"href":"https:\/\/culturbaine.com\/index.php\/wp-json\/wp\/v2\/posts\/865"}],"collection":[{"href":"https:\/\/culturbaine.com\/index.php\/wp-json\/wp\/v2\/posts"}],"about":[{"href":"https:\/\/culturbaine.com\/index.php\/wp-json\/wp\/v2\/types\/post"}],"author":[{"embeddable":true,"href":"https:\/\/culturbaine.com\/index.php\/wp-json\/wp\/v2\/users\/2"}],"replies":[{"embeddable":true,"href":"https:\/\/culturbaine.com\/index.php\/wp-json\/wp\/v2\/comments?post=865"}],"version-history":[{"count":0,"href":"https:\/\/culturbaine.com\/index.php\/wp-json\/wp\/v2\/posts\/865\/revisions"}],"wp:featuredmedia":[{"embeddable":true,"href":"https:\/\/culturbaine.com\/index.php\/wp-json\/wp\/v2\/media\/867"}],"wp:attachment":[{"href":"https:\/\/culturbaine.com\/index.php\/wp-json\/wp\/v2\/media?parent=865"}],"wp:term":[{"taxonomy":"category","embeddable":true,"href":"https:\/\/culturbaine.com\/index.php\/wp-json\/wp\/v2\/categories?post=865"},{"taxonomy":"post_tag","embeddable":true,"href":"https:\/\/culturbaine.com\/index.php\/wp-json\/wp\/v2\/tags?post=865"}],"curies":[{"name":"wp","href":"https:\/\/api.w.org\/{rel}","templated":true}]}}