{"id":857,"date":"2023-08-22T13:36:49","date_gmt":"2023-08-22T13:36:49","guid":{"rendered":"http:\/\/culturbaine.com\/?p=857"},"modified":"2023-08-22T13:36:49","modified_gmt":"2023-08-22T13:36:49","slug":"le-fils-de-drake-a-realise-la-pochette-de-son-nouvel-album","status":"publish","type":"post","link":"https:\/\/culturbaine.com\/index.php\/2023\/08\/22\/le-fils-de-drake-a-realise-la-pochette-de-son-nouvel-album\/","title":{"rendered":"Le fils de Drake a r\u00e9alis\u00e9 la pochette de son nouvel album\u00a0"},"content":{"rendered":"<p><span>La sortie de l&rsquo;album \u00ab\u00a0<\/span><b>For All the Dogs\u00a0\u00bb<\/b><span> de l&rsquo;artiste canadien <\/span><b>Drake<\/b><span> s&rsquo;annonce imminente. Annonc\u00e9 pour ce mois d&rsquo;ao\u00fbt, l&rsquo;artiste vient de donner de nouveaux indices sur ce projet qui plaira sans doute \u00e0 ses adeptes. Il a partag\u00e9\u00a0 la couverture de son huiti\u00e8me album solo dont la pochette a \u00e9t\u00e9 r\u00e9alis\u00e9e par un membre de sa famille. Il s&rsquo;agit de son enfant, \u00e2g\u00e9 seulement de 5 ans.<\/span><\/p>\n<p><span style=\"font-weight: 400;\">Sur son compte Instagram, on aper\u00e7oit une grosse repr\u00e9sentation infantile, d&rsquo;un animal blanc aux yeux rouges sur fond noir. \u00c0 peu pr\u00e8s, cela ressemble \u00e0 un chien comme d&rsquo;ailleurs l&rsquo;\u00e9ponyme de l&rsquo;album. En petit caract\u00e8re, on pouvait aussi voir mentionn\u00e9 <\/span><b>Cover by Adonis.<\/b><\/p>\n<p><span style=\"font-weight: 400;\">Cet album arrive presque une ann\u00e9e apr\u00e8s la sortie de son r\u00e9cent disque Honestly Nevermind au mois de juin 2022. Pour l&rsquo;heure, nous ignorons compl\u00e8tement \u00e0 quoi va ressembler ce projet du rappeur de 36 ans.<\/span><\/p>\n<p><img loading=\"lazy\" decoding=\"async\" class=\"alignnone size-medium wp-image-860\" src=\"http:\/\/culturbaine.com\/wp-content\/uploads\/2023\/08\/1692711371973-300x287.jpg\" alt=\"\" width=\"300\" height=\"287\" srcset=\"https:\/\/culturbaine.com\/wp-content\/uploads\/2023\/08\/1692711371973-300x287.jpg 300w, https:\/\/culturbaine.com\/wp-content\/uploads\/2023\/08\/1692711371973-600x574.jpg 600w, https:\/\/culturbaine.com\/wp-content\/uploads\/2023\/08\/1692711371973.jpg 720w\" sizes=\"(max-width: 300px) 100vw, 300px\" \/><\/p>\n<p><span style=\"font-weight: 400;\">D&rsquo;ici-l\u00e0, cet album sera disponible dans quelques jours.<\/span><\/p>\n<p><b>Mohamed Cinq Sylla<\/b><\/p>\n","protected":false},"excerpt":{"rendered":"<p>La sortie de l&rsquo;album \u00ab\u00a0For All the Dogs\u00a0\u00bb de l&rsquo;artiste canadien Drake s&rsquo;annonce imminente. Annonc\u00e9 pour ce mois d&rsquo;ao\u00fbt, l&rsquo;artiste vient de donner de nouveaux indices sur ce projet qui plaira sans doute \u00e0 ses adeptes. Il a partag\u00e9\u00a0 la couverture de son huiti\u00e8me album solo dont la pochette a \u00e9t\u00e9 r\u00e9alis\u00e9e par un membre [&hellip;]<\/p>\n","protected":false},"author":2,"featured_media":859,"comment_status":"open","ping_status":"open","sticky":false,"template":"","format":"standard","meta":{"_mi_skip_tracking":false,"_monsterinsights_sitenote_active":false,"_monsterinsights_sitenote_note":"","_monsterinsights_sitenote_category":0,"footnotes":""},"categories":[21],"tags":[82,389,385,388,386,387],"class_list":["post-857","post","type-post","status-publish","format-standard","has-post-thumbnail","hentry","category-actualite","tag-album","tag-dessin","tag-drake","tag-fils","tag-pochette","tag-rap-canadien"],"yoast_head":"<!-- This site is optimized with the Yoast SEO Premium plugin v20.1 (Yoast SEO v24.0) - https:\/\/yoast.com\/wordpress\/plugins\/seo\/ -->\n<title>Le fils de Drake a r\u00e9alis\u00e9 la pochette de son nouvel album\u00a0 - Culturbaine<\/title>\n<meta name=\"robots\" content=\"index, follow, max-snippet:-1, max-image-preview:large, max-video-preview:-1\" \/>\n<link rel=\"canonical\" href=\"https:\/\/culturbaine.com\/index.php\/2023\/08\/22\/le-fils-de-drake-a-realise-la-pochette-de-son-nouvel-album\/\" \/>\n<meta property=\"og:locale\" content=\"fr_FR\" \/>\n<meta property=\"og:type\" content=\"article\" \/>\n<meta property=\"og:title\" content=\"Le fils de Drake a r\u00e9alis\u00e9 la pochette de son nouvel album\u00a0\" \/>\n<meta property=\"og:description\" content=\"La sortie de l&rsquo;album \u00ab\u00a0For All the Dogs\u00a0\u00bb de l&rsquo;artiste canadien Drake s&rsquo;annonce imminente. Annonc\u00e9 pour ce mois d&rsquo;ao\u00fbt, l&rsquo;artiste vient de donner de nouveaux indices sur ce projet qui plaira sans doute \u00e0 ses adeptes. Il a partag\u00e9\u00a0 la couverture de son huiti\u00e8me album solo dont la pochette a \u00e9t\u00e9 r\u00e9alis\u00e9e par un membre [&hellip;]\" \/>\n<meta property=\"og:url\" content=\"https:\/\/culturbaine.com\/index.php\/2023\/08\/22\/le-fils-de-drake-a-realise-la-pochette-de-son-nouvel-album\/\" \/>\n<meta property=\"og:site_name\" content=\"Culturbaine\" \/>\n<meta property=\"article:publisher\" content=\"https:\/\/www.facebook.com\/Culturbaines\" \/>\n<meta property=\"article:published_time\" content=\"2023-08-22T13:36:49+00:00\" \/>\n<meta property=\"og:image\" content=\"https:\/\/culturbaine.com\/wp-content\/uploads\/2023\/08\/1110x624_drake-revele-la-pochette-de-son-nouvel-album-dessinee-par-son-fils_64e47c05e909e.webp\" \/>\n\t<meta property=\"og:image:width\" content=\"1110\" \/>\n\t<meta property=\"og:image:height\" content=\"624\" \/>\n\t<meta property=\"og:image:type\" content=\"image\/webp\" \/>\n<meta name=\"author\" content=\"admin1\" \/>\n<meta name=\"twitter:card\" content=\"summary_large_image\" \/>\n<meta name=\"twitter:creator\" content=\"@culturbaines\" \/>\n<meta name=\"twitter:site\" content=\"@culturbaines\" \/>\n<meta name=\"twitter:label1\" content=\"\u00c9crit par\" \/>\n\t<meta name=\"twitter:data1\" content=\"admin1\" \/>\n\t<meta name=\"twitter:label2\" content=\"Dur\u00e9e de lecture estim\u00e9e\" \/>\n\t<meta name=\"twitter:data2\" content=\"2 minutes\" \/>\n<script type=\"application\/ld+json\" class=\"yoast-schema-graph\">{\"@context\":\"https:\/\/schema.org\",\"@graph\":[{\"@type\":\"Article\",\"@id\":\"https:\/\/culturbaine.com\/index.php\/2023\/08\/22\/le-fils-de-drake-a-realise-la-pochette-de-son-nouvel-album\/#article\",\"isPartOf\":{\"@id\":\"https:\/\/culturbaine.com\/index.php\/2023\/08\/22\/le-fils-de-drake-a-realise-la-pochette-de-son-nouvel-album\/\"},\"author\":{\"name\":\"admin1\",\"@id\":\"https:\/\/culturbaine.com\/#\/schema\/person\/42eb7485c572e0746c1ea6b8216c3814\"},\"headline\":\"Le fils de Drake a r\u00e9alis\u00e9 la pochette de son nouvel album\u00a0\",\"datePublished\":\"2023-08-22T13:36:49+00:00\",\"dateModified\":\"2023-08-22T13:36:49+00:00\",\"mainEntityOfPage\":{\"@id\":\"https:\/\/culturbaine.com\/index.php\/2023\/08\/22\/le-fils-de-drake-a-realise-la-pochette-de-son-nouvel-album\/\"},\"wordCount\":188,\"commentCount\":0,\"publisher\":{\"@id\":\"https:\/\/culturbaine.com\/#organization\"},\"image\":{\"@id\":\"https:\/\/culturbaine.com\/index.php\/2023\/08\/22\/le-fils-de-drake-a-realise-la-pochette-de-son-nouvel-album\/#primaryimage\"},\"thumbnailUrl\":\"https:\/\/culturbaine.com\/wp-content\/uploads\/2023\/08\/1110x624_drake-revele-la-pochette-de-son-nouvel-album-dessinee-par-son-fils_64e47c05e909e.webp\",\"keywords\":[\"album\",\"Dessin\",\"Drake\",\"Fils\",\"pochette\",\"rap canadien\"],\"articleSection\":[\"Actualit\u00e9\"],\"inLanguage\":\"fr-FR\"},{\"@type\":\"WebPage\",\"@id\":\"https:\/\/culturbaine.com\/index.php\/2023\/08\/22\/le-fils-de-drake-a-realise-la-pochette-de-son-nouvel-album\/\",\"url\":\"https:\/\/culturbaine.com\/index.php\/2023\/08\/22\/le-fils-de-drake-a-realise-la-pochette-de-son-nouvel-album\/\",\"name\":\"Le fils de Drake a r\u00e9alis\u00e9 la pochette de son nouvel album\u00a0 - Culturbaine\",\"isPartOf\":{\"@id\":\"https:\/\/culturbaine.com\/#website\"},\"primaryImageOfPage\":{\"@id\":\"https:\/\/culturbaine.com\/index.php\/2023\/08\/22\/le-fils-de-drake-a-realise-la-pochette-de-son-nouvel-album\/#primaryimage\"},\"image\":{\"@id\":\"https:\/\/culturbaine.com\/index.php\/2023\/08\/22\/le-fils-de-drake-a-realise-la-pochette-de-son-nouvel-album\/#primaryimage\"},\"thumbnailUrl\":\"https:\/\/culturbaine.com\/wp-content\/uploads\/2023\/08\/1110x624_drake-revele-la-pochette-de-son-nouvel-album-dessinee-par-son-fils_64e47c05e909e.webp\",\"datePublished\":\"2023-08-22T13:36:49+00:00\",\"dateModified\":\"2023-08-22T13:36:49+00:00\",\"breadcrumb\":{\"@id\":\"https:\/\/culturbaine.com\/index.php\/2023\/08\/22\/le-fils-de-drake-a-realise-la-pochette-de-son-nouvel-album\/#breadcrumb\"},\"inLanguage\":\"fr-FR\",\"potentialAction\":[{\"@type\":\"ReadAction\",\"target\":[\"https:\/\/culturbaine.com\/index.php\/2023\/08\/22\/le-fils-de-drake-a-realise-la-pochette-de-son-nouvel-album\/\"]}]},{\"@type\":\"ImageObject\",\"inLanguage\":\"fr-FR\",\"@id\":\"https:\/\/culturbaine.com\/index.php\/2023\/08\/22\/le-fils-de-drake-a-realise-la-pochette-de-son-nouvel-album\/#primaryimage\",\"url\":\"https:\/\/culturbaine.com\/wp-content\/uploads\/2023\/08\/1110x624_drake-revele-la-pochette-de-son-nouvel-album-dessinee-par-son-fils_64e47c05e909e.webp\",\"contentUrl\":\"https:\/\/culturbaine.com\/wp-content\/uploads\/2023\/08\/1110x624_drake-revele-la-pochette-de-son-nouvel-album-dessinee-par-son-fils_64e47c05e909e.webp\",\"width\":1110,\"height\":624},{\"@type\":\"BreadcrumbList\",\"@id\":\"https:\/\/culturbaine.com\/index.php\/2023\/08\/22\/le-fils-de-drake-a-realise-la-pochette-de-son-nouvel-album\/#breadcrumb\",\"itemListElement\":[{\"@type\":\"ListItem\",\"position\":1,\"name\":\"Home\",\"item\":\"https:\/\/culturbaine.com\/\"},{\"@type\":\"ListItem\",\"position\":2,\"name\":\"Le fils de Drake a r\u00e9alis\u00e9 la pochette de son nouvel album\u00a0\"}]},{\"@type\":\"WebSite\",\"@id\":\"https:\/\/culturbaine.com\/#website\",\"url\":\"https:\/\/culturbaine.com\/\",\"name\":\"Culturbaine.com\",\"description\":\"Toute l&#039;actualit\u00e9 des Cultures Urbaines, en un clic  !\",\"publisher\":{\"@id\":\"https:\/\/culturbaine.com\/#organization\"},\"potentialAction\":[{\"@type\":\"SearchAction\",\"target\":{\"@type\":\"EntryPoint\",\"urlTemplate\":\"https:\/\/culturbaine.com\/?s={search_term_string}\"},\"query-input\":{\"@type\":\"PropertyValueSpecification\",\"valueRequired\":true,\"valueName\":\"search_term_string\"}}],\"inLanguage\":\"fr-FR\"},{\"@type\":\"Organization\",\"@id\":\"https:\/\/culturbaine.com\/#organization\",\"name\":\"Culturbaine.com\",\"url\":\"https:\/\/culturbaine.com\/\",\"logo\":{\"@type\":\"ImageObject\",\"inLanguage\":\"fr-FR\",\"@id\":\"https:\/\/culturbaine.com\/#\/schema\/logo\/image\/\",\"url\":\"https:\/\/culturbaine.com\/wp-content\/uploads\/2023\/07\/WhatsApp-Image-2023-07-17-at-14.38.18.jpeg\",\"contentUrl\":\"https:\/\/culturbaine.com\/wp-content\/uploads\/2023\/07\/WhatsApp-Image-2023-07-17-at-14.38.18.jpeg\",\"width\":855,\"height\":270,\"caption\":\"Culturbaine.com\"},\"image\":{\"@id\":\"https:\/\/culturbaine.com\/#\/schema\/logo\/image\/\"},\"sameAs\":[\"https:\/\/www.facebook.com\/Culturbaines\",\"https:\/\/x.com\/culturbaines\"]},{\"@type\":\"Person\",\"@id\":\"https:\/\/culturbaine.com\/#\/schema\/person\/42eb7485c572e0746c1ea6b8216c3814\",\"name\":\"admin1\",\"image\":{\"@type\":\"ImageObject\",\"inLanguage\":\"fr-FR\",\"@id\":\"https:\/\/culturbaine.com\/#\/schema\/person\/image\/\",\"url\":\"https:\/\/secure.gravatar.com\/avatar\/c268f4d483ce0486e5a10fee87bbf756?s=96&d=mm&r=g\",\"contentUrl\":\"https:\/\/secure.gravatar.com\/avatar\/c268f4d483ce0486e5a10fee87bbf756?s=96&d=mm&r=g\",\"caption\":\"admin1\"},\"url\":\"https:\/\/culturbaine.com\/index.php\/author\/admin1\/\"}]}<\/script>\n<!-- \/ Yoast SEO Premium plugin. -->","yoast_head_json":{"title":"Le fils de Drake a r\u00e9alis\u00e9 la pochette de son nouvel album\u00a0 - Culturbaine","robots":{"index":"index","follow":"follow","max-snippet":"max-snippet:-1","max-image-preview":"max-image-preview:large","max-video-preview":"max-video-preview:-1"},"canonical":"https:\/\/culturbaine.com\/index.php\/2023\/08\/22\/le-fils-de-drake-a-realise-la-pochette-de-son-nouvel-album\/","og_locale":"fr_FR","og_type":"article","og_title":"Le fils de Drake a r\u00e9alis\u00e9 la pochette de son nouvel album\u00a0","og_description":"La sortie de l&rsquo;album \u00ab\u00a0For All the Dogs\u00a0\u00bb de l&rsquo;artiste canadien Drake s&rsquo;annonce imminente. Annonc\u00e9 pour ce mois d&rsquo;ao\u00fbt, l&rsquo;artiste vient de donner de nouveaux indices sur ce projet qui plaira sans doute \u00e0 ses adeptes. Il a partag\u00e9\u00a0 la couverture de son huiti\u00e8me album solo dont la pochette a \u00e9t\u00e9 r\u00e9alis\u00e9e par un membre [&hellip;]","og_url":"https:\/\/culturbaine.com\/index.php\/2023\/08\/22\/le-fils-de-drake-a-realise-la-pochette-de-son-nouvel-album\/","og_site_name":"Culturbaine","article_publisher":"https:\/\/www.facebook.com\/Culturbaines","article_published_time":"2023-08-22T13:36:49+00:00","og_image":[{"width":1110,"height":624,"url":"https:\/\/culturbaine.com\/wp-content\/uploads\/2023\/08\/1110x624_drake-revele-la-pochette-de-son-nouvel-album-dessinee-par-son-fils_64e47c05e909e.webp","type":"image\/webp"}],"author":"admin1","twitter_card":"summary_large_image","twitter_creator":"@culturbaines","twitter_site":"@culturbaines","twitter_misc":{"\u00c9crit par":"admin1","Dur\u00e9e de lecture estim\u00e9e":"2 minutes"},"schema":{"@context":"https:\/\/schema.org","@graph":[{"@type":"Article","@id":"https:\/\/culturbaine.com\/index.php\/2023\/08\/22\/le-fils-de-drake-a-realise-la-pochette-de-son-nouvel-album\/#article","isPartOf":{"@id":"https:\/\/culturbaine.com\/index.php\/2023\/08\/22\/le-fils-de-drake-a-realise-la-pochette-de-son-nouvel-album\/"},"author":{"name":"admin1","@id":"https:\/\/culturbaine.com\/#\/schema\/person\/42eb7485c572e0746c1ea6b8216c3814"},"headline":"Le fils de Drake a r\u00e9alis\u00e9 la pochette de son nouvel album\u00a0","datePublished":"2023-08-22T13:36:49+00:00","dateModified":"2023-08-22T13:36:49+00:00","mainEntityOfPage":{"@id":"https:\/\/culturbaine.com\/index.php\/2023\/08\/22\/le-fils-de-drake-a-realise-la-pochette-de-son-nouvel-album\/"},"wordCount":188,"commentCount":0,"publisher":{"@id":"https:\/\/culturbaine.com\/#organization"},"image":{"@id":"https:\/\/culturbaine.com\/index.php\/2023\/08\/22\/le-fils-de-drake-a-realise-la-pochette-de-son-nouvel-album\/#primaryimage"},"thumbnailUrl":"https:\/\/culturbaine.com\/wp-content\/uploads\/2023\/08\/1110x624_drake-revele-la-pochette-de-son-nouvel-album-dessinee-par-son-fils_64e47c05e909e.webp","keywords":["album","Dessin","Drake","Fils","pochette","rap canadien"],"articleSection":["Actualit\u00e9"],"inLanguage":"fr-FR"},{"@type":"WebPage","@id":"https:\/\/culturbaine.com\/index.php\/2023\/08\/22\/le-fils-de-drake-a-realise-la-pochette-de-son-nouvel-album\/","url":"https:\/\/culturbaine.com\/index.php\/2023\/08\/22\/le-fils-de-drake-a-realise-la-pochette-de-son-nouvel-album\/","name":"Le fils de Drake a r\u00e9alis\u00e9 la pochette de son nouvel album\u00a0 - Culturbaine","isPartOf":{"@id":"https:\/\/culturbaine.com\/#website"},"primaryImageOfPage":{"@id":"https:\/\/culturbaine.com\/index.php\/2023\/08\/22\/le-fils-de-drake-a-realise-la-pochette-de-son-nouvel-album\/#primaryimage"},"image":{"@id":"https:\/\/culturbaine.com\/index.php\/2023\/08\/22\/le-fils-de-drake-a-realise-la-pochette-de-son-nouvel-album\/#primaryimage"},"thumbnailUrl":"https:\/\/culturbaine.com\/wp-content\/uploads\/2023\/08\/1110x624_drake-revele-la-pochette-de-son-nouvel-album-dessinee-par-son-fils_64e47c05e909e.webp","datePublished":"2023-08-22T13:36:49+00:00","dateModified":"2023-08-22T13:36:49+00:00","breadcrumb":{"@id":"https:\/\/culturbaine.com\/index.php\/2023\/08\/22\/le-fils-de-drake-a-realise-la-pochette-de-son-nouvel-album\/#breadcrumb"},"inLanguage":"fr-FR","potentialAction":[{"@type":"ReadAction","target":["https:\/\/culturbaine.com\/index.php\/2023\/08\/22\/le-fils-de-drake-a-realise-la-pochette-de-son-nouvel-album\/"]}]},{"@type":"ImageObject","inLanguage":"fr-FR","@id":"https:\/\/culturbaine.com\/index.php\/2023\/08\/22\/le-fils-de-drake-a-realise-la-pochette-de-son-nouvel-album\/#primaryimage","url":"https:\/\/culturbaine.com\/wp-content\/uploads\/2023\/08\/1110x624_drake-revele-la-pochette-de-son-nouvel-album-dessinee-par-son-fils_64e47c05e909e.webp","contentUrl":"https:\/\/culturbaine.com\/wp-content\/uploads\/2023\/08\/1110x624_drake-revele-la-pochette-de-son-nouvel-album-dessinee-par-son-fils_64e47c05e909e.webp","width":1110,"height":624},{"@type":"BreadcrumbList","@id":"https:\/\/culturbaine.com\/index.php\/2023\/08\/22\/le-fils-de-drake-a-realise-la-pochette-de-son-nouvel-album\/#breadcrumb","itemListElement":[{"@type":"ListItem","position":1,"name":"Home","item":"https:\/\/culturbaine.com\/"},{"@type":"ListItem","position":2,"name":"Le fils de Drake a r\u00e9alis\u00e9 la pochette de son nouvel album\u00a0"}]},{"@type":"WebSite","@id":"https:\/\/culturbaine.com\/#website","url":"https:\/\/culturbaine.com\/","name":"Culturbaine.com","description":"Toute l&#039;actualit\u00e9 des Cultures Urbaines, en un clic  !","publisher":{"@id":"https:\/\/culturbaine.com\/#organization"},"potentialAction":[{"@type":"SearchAction","target":{"@type":"EntryPoint","urlTemplate":"https:\/\/culturbaine.com\/?s={search_term_string}"},"query-input":{"@type":"PropertyValueSpecification","valueRequired":true,"valueName":"search_term_string"}}],"inLanguage":"fr-FR"},{"@type":"Organization","@id":"https:\/\/culturbaine.com\/#organization","name":"Culturbaine.com","url":"https:\/\/culturbaine.com\/","logo":{"@type":"ImageObject","inLanguage":"fr-FR","@id":"https:\/\/culturbaine.com\/#\/schema\/logo\/image\/","url":"https:\/\/culturbaine.com\/wp-content\/uploads\/2023\/07\/WhatsApp-Image-2023-07-17-at-14.38.18.jpeg","contentUrl":"https:\/\/culturbaine.com\/wp-content\/uploads\/2023\/07\/WhatsApp-Image-2023-07-17-at-14.38.18.jpeg","width":855,"height":270,"caption":"Culturbaine.com"},"image":{"@id":"https:\/\/culturbaine.com\/#\/schema\/logo\/image\/"},"sameAs":["https:\/\/www.facebook.com\/Culturbaines","https:\/\/x.com\/culturbaines"]},{"@type":"Person","@id":"https:\/\/culturbaine.com\/#\/schema\/person\/42eb7485c572e0746c1ea6b8216c3814","name":"admin1","image":{"@type":"ImageObject","inLanguage":"fr-FR","@id":"https:\/\/culturbaine.com\/#\/schema\/person\/image\/","url":"https:\/\/secure.gravatar.com\/avatar\/c268f4d483ce0486e5a10fee87bbf756?s=96&d=mm&r=g","contentUrl":"https:\/\/secure.gravatar.com\/avatar\/c268f4d483ce0486e5a10fee87bbf756?s=96&d=mm&r=g","caption":"admin1"},"url":"https:\/\/culturbaine.com\/index.php\/author\/admin1\/"}]}},"_links":{"self":[{"href":"https:\/\/culturbaine.com\/index.php\/wp-json\/wp\/v2\/posts\/857"}],"collection":[{"href":"https:\/\/culturbaine.com\/index.php\/wp-json\/wp\/v2\/posts"}],"about":[{"href":"https:\/\/culturbaine.com\/index.php\/wp-json\/wp\/v2\/types\/post"}],"author":[{"embeddable":true,"href":"https:\/\/culturbaine.com\/index.php\/wp-json\/wp\/v2\/users\/2"}],"replies":[{"embeddable":true,"href":"https:\/\/culturbaine.com\/index.php\/wp-json\/wp\/v2\/comments?post=857"}],"version-history":[{"count":0,"href":"https:\/\/culturbaine.com\/index.php\/wp-json\/wp\/v2\/posts\/857\/revisions"}],"wp:featuredmedia":[{"embeddable":true,"href":"https:\/\/culturbaine.com\/index.php\/wp-json\/wp\/v2\/media\/859"}],"wp:attachment":[{"href":"https:\/\/culturbaine.com\/index.php\/wp-json\/wp\/v2\/media?parent=857"}],"wp:term":[{"taxonomy":"category","embeddable":true,"href":"https:\/\/culturbaine.com\/index.php\/wp-json\/wp\/v2\/categories?post=857"},{"taxonomy":"post_tag","embeddable":true,"href":"https:\/\/culturbaine.com\/index.php\/wp-json\/wp\/v2\/tags?post=857"}],"curies":[{"name":"wp","href":"https:\/\/api.w.org\/{rel}","templated":true}]}}