{"id":8561,"date":"2024-09-07T12:16:08","date_gmt":"2024-09-07T12:16:08","guid":{"rendered":"https:\/\/culturbaine.com\/?p=8561"},"modified":"2024-09-07T12:16:08","modified_gmt":"2024-09-07T12:16:08","slug":"gims-innove-avec-vent-du-nord-une-plongee-dans-lunivers-celtique","status":"publish","type":"post","link":"https:\/\/culturbaine.com\/index.php\/2024\/09\/07\/gims-innove-avec-vent-du-nord-une-plongee-dans-lunivers-celtique\/","title":{"rendered":"Gims Innove avec &lsquo;Vent du Nord&rsquo; : Une Plong\u00e9e dans l&rsquo;Univers Celtique"},"content":{"rendered":"<p><span>Le chanteur fran\u00e7ais <\/span><b>Gims<\/b><span> continue de captiver son public avec ses r\u00e9cents titres \u00e0 succ\u00e8s tels que \u00ab\u00a0<\/span><b>Spider\u00a0\u00bb <\/b><span>et<\/span><b> \u00ab\u00a0Ne sois pas timide<\/b><span>\u00ab\u00a0. Il vient d&rsquo;ajouter un nouveau morceau \u00e0 son r\u00e9pertoire : \u00ab\u00a0<\/span><b>Vent du Nord<\/b><span>\u00ab\u00a0.<\/span><\/p>\n<p><span style=\"font-weight: 400;\">Dans cette chanson, <\/span><b>Gims<\/b><span style=\"font-weight: 400;\"> explore pour la premi\u00e8re fois les sonorit\u00e9s celtiques. Le refrain de \u00ab\u00a0<\/span><b>Vent du Nord<\/b><span style=\"font-weight: 400;\">\u00a0\u00bb se distingue par ses paroles f\u00e9d\u00e9ratrices : <\/span><b>\u00ab En allant sur les routes de la gloire, j&rsquo;ai rencontr\u00e9 des amis fid\u00e8les \/ Le vent du nord me pousse sur la mer \/ Tu me trouveras \u00e0 la table de la plus belle \u00bb.<\/b><\/p>\n<p><span style=\"font-weight: 400;\">\u00c0 \u00e9couter de pr\u00e8s les paroles de cette chanson, <\/span><b>Gims<\/b><span style=\"font-weight: 400;\"> a mentionn\u00e9 des personnalit\u00e9s telles que <\/span><b>Kylian Mbapp\u00e9, Emmanuel Macron, David Copperfield ou Bernard Arnault<\/b><span style=\"font-weight: 400;\">. Reste \u00e0 savoir si ce nouveau titre d\u00e9crochera le num\u00e9ro un des charts. L&rsquo;avenir nous le dira !<\/span><\/p>\n<p><iframe loading=\"lazy\" title=\"Vent du Nord\" width=\"1170\" height=\"878\" src=\"https:\/\/www.youtube.com\/embed\/urlCeoy68G4?wmode=transparent&amp;rel=0&amp;feature=oembed\" frameborder=\"0\" allow=\"accelerometer; autoplay; clipboard-write; encrypted-media; gyroscope; picture-in-picture; web-share\" referrerpolicy=\"strict-origin-when-cross-origin\" allowfullscreen><\/iframe><\/p>\n<p><b>Mohamed Cinq Sylla\u00a0<\/b><\/p>\n","protected":false},"excerpt":{"rendered":"<p>Le chanteur fran\u00e7ais Gims continue de captiver son public avec ses r\u00e9cents titres \u00e0 succ\u00e8s tels que \u00ab\u00a0Spider\u00a0\u00bb et \u00ab\u00a0Ne sois pas timide\u00ab\u00a0. Il vient d&rsquo;ajouter un nouveau morceau \u00e0 son r\u00e9pertoire : \u00ab\u00a0Vent du Nord\u00ab\u00a0. Dans cette chanson, Gims explore pour la premi\u00e8re fois les sonorit\u00e9s celtiques. Le refrain de \u00ab\u00a0Vent du Nord\u00a0\u00bb se [&hellip;]<\/p>\n","protected":false},"author":2,"featured_media":8562,"comment_status":"closed","ping_status":"closed","sticky":false,"template":"","format":"standard","meta":{"_mi_skip_tracking":false,"_monsterinsights_sitenote_active":false,"_monsterinsights_sitenote_note":"","_monsterinsights_sitenote_category":0,"footnotes":""},"categories":[21,32,500],"tags":[556,134,3013],"class_list":["post-8561","post","type-post","status-publish","format-standard","has-post-thumbnail","hentry","category-actualite","category-dernieres-sorties","category-musique","tag-chanteur-francais","tag-gims","tag-vent-du-nord"],"yoast_head":"<!-- This site is optimized with the Yoast SEO Premium plugin v20.1 (Yoast SEO v24.0) - https:\/\/yoast.com\/wordpress\/plugins\/seo\/ -->\n<title>Gims Innove avec &#039;Vent du Nord&#039; : Une Plong\u00e9e dans l&#039;Univers Celtique - Culturbaine<\/title>\n<meta name=\"robots\" content=\"index, follow, max-snippet:-1, max-image-preview:large, max-video-preview:-1\" \/>\n<link rel=\"canonical\" href=\"https:\/\/culturbaine.com\/index.php\/2024\/09\/07\/gims-innove-avec-vent-du-nord-une-plongee-dans-lunivers-celtique\/\" \/>\n<meta property=\"og:locale\" content=\"fr_FR\" \/>\n<meta property=\"og:type\" content=\"article\" \/>\n<meta property=\"og:title\" content=\"Gims Innove avec &#039;Vent du Nord&#039; : Une Plong\u00e9e dans l&#039;Univers Celtique\" \/>\n<meta property=\"og:description\" content=\"Le chanteur fran\u00e7ais Gims continue de captiver son public avec ses r\u00e9cents titres \u00e0 succ\u00e8s tels que \u00ab\u00a0Spider\u00a0\u00bb et \u00ab\u00a0Ne sois pas timide\u00ab\u00a0. Il vient d&rsquo;ajouter un nouveau morceau \u00e0 son r\u00e9pertoire : \u00ab\u00a0Vent du Nord\u00ab\u00a0. Dans cette chanson, Gims explore pour la premi\u00e8re fois les sonorit\u00e9s celtiques. Le refrain de \u00ab\u00a0Vent du Nord\u00a0\u00bb se [&hellip;]\" \/>\n<meta property=\"og:url\" content=\"https:\/\/culturbaine.com\/index.php\/2024\/09\/07\/gims-innove-avec-vent-du-nord-une-plongee-dans-lunivers-celtique\/\" \/>\n<meta property=\"og:site_name\" content=\"Culturbaine\" \/>\n<meta property=\"article:publisher\" content=\"https:\/\/www.facebook.com\/Culturbaines\" \/>\n<meta property=\"article:published_time\" content=\"2024-09-07T12:16:08+00:00\" \/>\n<meta property=\"og:image\" content=\"https:\/\/culturbaine.com\/wp-content\/uploads\/2024\/09\/Gims-Dadju-Visu-News2.jpg\" \/>\n\t<meta property=\"og:image:width\" content=\"1440\" \/>\n\t<meta property=\"og:image:height\" content=\"864\" \/>\n\t<meta property=\"og:image:type\" content=\"image\/jpeg\" \/>\n<meta name=\"author\" content=\"admin1\" \/>\n<meta name=\"twitter:card\" content=\"summary_large_image\" \/>\n<meta name=\"twitter:creator\" content=\"@culturbaines\" \/>\n<meta name=\"twitter:site\" content=\"@culturbaines\" \/>\n<meta name=\"twitter:label1\" content=\"\u00c9crit par\" \/>\n\t<meta name=\"twitter:data1\" content=\"admin1\" \/>\n\t<meta name=\"twitter:label2\" content=\"Dur\u00e9e de lecture estim\u00e9e\" \/>\n\t<meta name=\"twitter:data2\" content=\"1 minute\" \/>\n<script type=\"application\/ld+json\" class=\"yoast-schema-graph\">{\"@context\":\"https:\/\/schema.org\",\"@graph\":[{\"@type\":\"Article\",\"@id\":\"https:\/\/culturbaine.com\/index.php\/2024\/09\/07\/gims-innove-avec-vent-du-nord-une-plongee-dans-lunivers-celtique\/#article\",\"isPartOf\":{\"@id\":\"https:\/\/culturbaine.com\/index.php\/2024\/09\/07\/gims-innove-avec-vent-du-nord-une-plongee-dans-lunivers-celtique\/\"},\"author\":{\"name\":\"admin1\",\"@id\":\"https:\/\/culturbaine.com\/#\/schema\/person\/42eb7485c572e0746c1ea6b8216c3814\"},\"headline\":\"Gims Innove avec &lsquo;Vent du Nord&rsquo; : Une Plong\u00e9e dans l&rsquo;Univers Celtique\",\"datePublished\":\"2024-09-07T12:16:08+00:00\",\"dateModified\":\"2024-09-07T12:16:08+00:00\",\"mainEntityOfPage\":{\"@id\":\"https:\/\/culturbaine.com\/index.php\/2024\/09\/07\/gims-innove-avec-vent-du-nord-une-plongee-dans-lunivers-celtique\/\"},\"wordCount\":168,\"publisher\":{\"@id\":\"https:\/\/culturbaine.com\/#organization\"},\"image\":{\"@id\":\"https:\/\/culturbaine.com\/index.php\/2024\/09\/07\/gims-innove-avec-vent-du-nord-une-plongee-dans-lunivers-celtique\/#primaryimage\"},\"thumbnailUrl\":\"https:\/\/culturbaine.com\/wp-content\/uploads\/2024\/09\/Gims-Dadju-Visu-News2.jpg\",\"keywords\":[\"chanteur fran\u00e7ais\",\"Gims\",\"Vent du nord\"],\"articleSection\":[\"Actualit\u00e9\",\"Derni\u00e8res sorties\",\"Musique\"],\"inLanguage\":\"fr-FR\"},{\"@type\":\"WebPage\",\"@id\":\"https:\/\/culturbaine.com\/index.php\/2024\/09\/07\/gims-innove-avec-vent-du-nord-une-plongee-dans-lunivers-celtique\/\",\"url\":\"https:\/\/culturbaine.com\/index.php\/2024\/09\/07\/gims-innove-avec-vent-du-nord-une-plongee-dans-lunivers-celtique\/\",\"name\":\"Gims Innove avec 'Vent du Nord' : Une Plong\u00e9e dans l'Univers Celtique - Culturbaine\",\"isPartOf\":{\"@id\":\"https:\/\/culturbaine.com\/#website\"},\"primaryImageOfPage\":{\"@id\":\"https:\/\/culturbaine.com\/index.php\/2024\/09\/07\/gims-innove-avec-vent-du-nord-une-plongee-dans-lunivers-celtique\/#primaryimage\"},\"image\":{\"@id\":\"https:\/\/culturbaine.com\/index.php\/2024\/09\/07\/gims-innove-avec-vent-du-nord-une-plongee-dans-lunivers-celtique\/#primaryimage\"},\"thumbnailUrl\":\"https:\/\/culturbaine.com\/wp-content\/uploads\/2024\/09\/Gims-Dadju-Visu-News2.jpg\",\"datePublished\":\"2024-09-07T12:16:08+00:00\",\"dateModified\":\"2024-09-07T12:16:08+00:00\",\"breadcrumb\":{\"@id\":\"https:\/\/culturbaine.com\/index.php\/2024\/09\/07\/gims-innove-avec-vent-du-nord-une-plongee-dans-lunivers-celtique\/#breadcrumb\"},\"inLanguage\":\"fr-FR\",\"potentialAction\":[{\"@type\":\"ReadAction\",\"target\":[\"https:\/\/culturbaine.com\/index.php\/2024\/09\/07\/gims-innove-avec-vent-du-nord-une-plongee-dans-lunivers-celtique\/\"]}]},{\"@type\":\"ImageObject\",\"inLanguage\":\"fr-FR\",\"@id\":\"https:\/\/culturbaine.com\/index.php\/2024\/09\/07\/gims-innove-avec-vent-du-nord-une-plongee-dans-lunivers-celtique\/#primaryimage\",\"url\":\"https:\/\/culturbaine.com\/wp-content\/uploads\/2024\/09\/Gims-Dadju-Visu-News2.jpg\",\"contentUrl\":\"https:\/\/culturbaine.com\/wp-content\/uploads\/2024\/09\/Gims-Dadju-Visu-News2.jpg\",\"width\":1440,\"height\":864},{\"@type\":\"BreadcrumbList\",\"@id\":\"https:\/\/culturbaine.com\/index.php\/2024\/09\/07\/gims-innove-avec-vent-du-nord-une-plongee-dans-lunivers-celtique\/#breadcrumb\",\"itemListElement\":[{\"@type\":\"ListItem\",\"position\":1,\"name\":\"Home\",\"item\":\"https:\/\/culturbaine.com\/\"},{\"@type\":\"ListItem\",\"position\":2,\"name\":\"Gims Innove avec &lsquo;Vent du Nord&rsquo; : Une Plong\u00e9e dans l&rsquo;Univers Celtique\"}]},{\"@type\":\"WebSite\",\"@id\":\"https:\/\/culturbaine.com\/#website\",\"url\":\"https:\/\/culturbaine.com\/\",\"name\":\"Culturbaine.com\",\"description\":\"Toute l&#039;actualit\u00e9 des Cultures Urbaines, en un clic  !\",\"publisher\":{\"@id\":\"https:\/\/culturbaine.com\/#organization\"},\"potentialAction\":[{\"@type\":\"SearchAction\",\"target\":{\"@type\":\"EntryPoint\",\"urlTemplate\":\"https:\/\/culturbaine.com\/?s={search_term_string}\"},\"query-input\":{\"@type\":\"PropertyValueSpecification\",\"valueRequired\":true,\"valueName\":\"search_term_string\"}}],\"inLanguage\":\"fr-FR\"},{\"@type\":\"Organization\",\"@id\":\"https:\/\/culturbaine.com\/#organization\",\"name\":\"Culturbaine.com\",\"url\":\"https:\/\/culturbaine.com\/\",\"logo\":{\"@type\":\"ImageObject\",\"inLanguage\":\"fr-FR\",\"@id\":\"https:\/\/culturbaine.com\/#\/schema\/logo\/image\/\",\"url\":\"https:\/\/culturbaine.com\/wp-content\/uploads\/2023\/07\/WhatsApp-Image-2023-07-17-at-14.38.18.jpeg\",\"contentUrl\":\"https:\/\/culturbaine.com\/wp-content\/uploads\/2023\/07\/WhatsApp-Image-2023-07-17-at-14.38.18.jpeg\",\"width\":855,\"height\":270,\"caption\":\"Culturbaine.com\"},\"image\":{\"@id\":\"https:\/\/culturbaine.com\/#\/schema\/logo\/image\/\"},\"sameAs\":[\"https:\/\/www.facebook.com\/Culturbaines\",\"https:\/\/x.com\/culturbaines\"]},{\"@type\":\"Person\",\"@id\":\"https:\/\/culturbaine.com\/#\/schema\/person\/42eb7485c572e0746c1ea6b8216c3814\",\"name\":\"admin1\",\"image\":{\"@type\":\"ImageObject\",\"inLanguage\":\"fr-FR\",\"@id\":\"https:\/\/culturbaine.com\/#\/schema\/person\/image\/\",\"url\":\"https:\/\/secure.gravatar.com\/avatar\/c268f4d483ce0486e5a10fee87bbf756?s=96&d=mm&r=g\",\"contentUrl\":\"https:\/\/secure.gravatar.com\/avatar\/c268f4d483ce0486e5a10fee87bbf756?s=96&d=mm&r=g\",\"caption\":\"admin1\"},\"url\":\"https:\/\/culturbaine.com\/index.php\/author\/admin1\/\"}]}<\/script>\n<!-- \/ Yoast SEO Premium plugin. -->","yoast_head_json":{"title":"Gims Innove avec 'Vent du Nord' : Une Plong\u00e9e dans l'Univers Celtique - Culturbaine","robots":{"index":"index","follow":"follow","max-snippet":"max-snippet:-1","max-image-preview":"max-image-preview:large","max-video-preview":"max-video-preview:-1"},"canonical":"https:\/\/culturbaine.com\/index.php\/2024\/09\/07\/gims-innove-avec-vent-du-nord-une-plongee-dans-lunivers-celtique\/","og_locale":"fr_FR","og_type":"article","og_title":"Gims Innove avec 'Vent du Nord' : Une Plong\u00e9e dans l'Univers Celtique","og_description":"Le chanteur fran\u00e7ais Gims continue de captiver son public avec ses r\u00e9cents titres \u00e0 succ\u00e8s tels que \u00ab\u00a0Spider\u00a0\u00bb et \u00ab\u00a0Ne sois pas timide\u00ab\u00a0. Il vient d&rsquo;ajouter un nouveau morceau \u00e0 son r\u00e9pertoire : \u00ab\u00a0Vent du Nord\u00ab\u00a0. Dans cette chanson, Gims explore pour la premi\u00e8re fois les sonorit\u00e9s celtiques. Le refrain de \u00ab\u00a0Vent du Nord\u00a0\u00bb se [&hellip;]","og_url":"https:\/\/culturbaine.com\/index.php\/2024\/09\/07\/gims-innove-avec-vent-du-nord-une-plongee-dans-lunivers-celtique\/","og_site_name":"Culturbaine","article_publisher":"https:\/\/www.facebook.com\/Culturbaines","article_published_time":"2024-09-07T12:16:08+00:00","og_image":[{"width":1440,"height":864,"url":"https:\/\/culturbaine.com\/wp-content\/uploads\/2024\/09\/Gims-Dadju-Visu-News2.jpg","type":"image\/jpeg"}],"author":"admin1","twitter_card":"summary_large_image","twitter_creator":"@culturbaines","twitter_site":"@culturbaines","twitter_misc":{"\u00c9crit par":"admin1","Dur\u00e9e de lecture estim\u00e9e":"1 minute"},"schema":{"@context":"https:\/\/schema.org","@graph":[{"@type":"Article","@id":"https:\/\/culturbaine.com\/index.php\/2024\/09\/07\/gims-innove-avec-vent-du-nord-une-plongee-dans-lunivers-celtique\/#article","isPartOf":{"@id":"https:\/\/culturbaine.com\/index.php\/2024\/09\/07\/gims-innove-avec-vent-du-nord-une-plongee-dans-lunivers-celtique\/"},"author":{"name":"admin1","@id":"https:\/\/culturbaine.com\/#\/schema\/person\/42eb7485c572e0746c1ea6b8216c3814"},"headline":"Gims Innove avec &lsquo;Vent du Nord&rsquo; : Une Plong\u00e9e dans l&rsquo;Univers Celtique","datePublished":"2024-09-07T12:16:08+00:00","dateModified":"2024-09-07T12:16:08+00:00","mainEntityOfPage":{"@id":"https:\/\/culturbaine.com\/index.php\/2024\/09\/07\/gims-innove-avec-vent-du-nord-une-plongee-dans-lunivers-celtique\/"},"wordCount":168,"publisher":{"@id":"https:\/\/culturbaine.com\/#organization"},"image":{"@id":"https:\/\/culturbaine.com\/index.php\/2024\/09\/07\/gims-innove-avec-vent-du-nord-une-plongee-dans-lunivers-celtique\/#primaryimage"},"thumbnailUrl":"https:\/\/culturbaine.com\/wp-content\/uploads\/2024\/09\/Gims-Dadju-Visu-News2.jpg","keywords":["chanteur fran\u00e7ais","Gims","Vent du nord"],"articleSection":["Actualit\u00e9","Derni\u00e8res sorties","Musique"],"inLanguage":"fr-FR"},{"@type":"WebPage","@id":"https:\/\/culturbaine.com\/index.php\/2024\/09\/07\/gims-innove-avec-vent-du-nord-une-plongee-dans-lunivers-celtique\/","url":"https:\/\/culturbaine.com\/index.php\/2024\/09\/07\/gims-innove-avec-vent-du-nord-une-plongee-dans-lunivers-celtique\/","name":"Gims Innove avec 'Vent du Nord' : Une Plong\u00e9e dans l'Univers Celtique - Culturbaine","isPartOf":{"@id":"https:\/\/culturbaine.com\/#website"},"primaryImageOfPage":{"@id":"https:\/\/culturbaine.com\/index.php\/2024\/09\/07\/gims-innove-avec-vent-du-nord-une-plongee-dans-lunivers-celtique\/#primaryimage"},"image":{"@id":"https:\/\/culturbaine.com\/index.php\/2024\/09\/07\/gims-innove-avec-vent-du-nord-une-plongee-dans-lunivers-celtique\/#primaryimage"},"thumbnailUrl":"https:\/\/culturbaine.com\/wp-content\/uploads\/2024\/09\/Gims-Dadju-Visu-News2.jpg","datePublished":"2024-09-07T12:16:08+00:00","dateModified":"2024-09-07T12:16:08+00:00","breadcrumb":{"@id":"https:\/\/culturbaine.com\/index.php\/2024\/09\/07\/gims-innove-avec-vent-du-nord-une-plongee-dans-lunivers-celtique\/#breadcrumb"},"inLanguage":"fr-FR","potentialAction":[{"@type":"ReadAction","target":["https:\/\/culturbaine.com\/index.php\/2024\/09\/07\/gims-innove-avec-vent-du-nord-une-plongee-dans-lunivers-celtique\/"]}]},{"@type":"ImageObject","inLanguage":"fr-FR","@id":"https:\/\/culturbaine.com\/index.php\/2024\/09\/07\/gims-innove-avec-vent-du-nord-une-plongee-dans-lunivers-celtique\/#primaryimage","url":"https:\/\/culturbaine.com\/wp-content\/uploads\/2024\/09\/Gims-Dadju-Visu-News2.jpg","contentUrl":"https:\/\/culturbaine.com\/wp-content\/uploads\/2024\/09\/Gims-Dadju-Visu-News2.jpg","width":1440,"height":864},{"@type":"BreadcrumbList","@id":"https:\/\/culturbaine.com\/index.php\/2024\/09\/07\/gims-innove-avec-vent-du-nord-une-plongee-dans-lunivers-celtique\/#breadcrumb","itemListElement":[{"@type":"ListItem","position":1,"name":"Home","item":"https:\/\/culturbaine.com\/"},{"@type":"ListItem","position":2,"name":"Gims Innove avec &lsquo;Vent du Nord&rsquo; : Une Plong\u00e9e dans l&rsquo;Univers Celtique"}]},{"@type":"WebSite","@id":"https:\/\/culturbaine.com\/#website","url":"https:\/\/culturbaine.com\/","name":"Culturbaine.com","description":"Toute l&#039;actualit\u00e9 des Cultures Urbaines, en un clic  !","publisher":{"@id":"https:\/\/culturbaine.com\/#organization"},"potentialAction":[{"@type":"SearchAction","target":{"@type":"EntryPoint","urlTemplate":"https:\/\/culturbaine.com\/?s={search_term_string}"},"query-input":{"@type":"PropertyValueSpecification","valueRequired":true,"valueName":"search_term_string"}}],"inLanguage":"fr-FR"},{"@type":"Organization","@id":"https:\/\/culturbaine.com\/#organization","name":"Culturbaine.com","url":"https:\/\/culturbaine.com\/","logo":{"@type":"ImageObject","inLanguage":"fr-FR","@id":"https:\/\/culturbaine.com\/#\/schema\/logo\/image\/","url":"https:\/\/culturbaine.com\/wp-content\/uploads\/2023\/07\/WhatsApp-Image-2023-07-17-at-14.38.18.jpeg","contentUrl":"https:\/\/culturbaine.com\/wp-content\/uploads\/2023\/07\/WhatsApp-Image-2023-07-17-at-14.38.18.jpeg","width":855,"height":270,"caption":"Culturbaine.com"},"image":{"@id":"https:\/\/culturbaine.com\/#\/schema\/logo\/image\/"},"sameAs":["https:\/\/www.facebook.com\/Culturbaines","https:\/\/x.com\/culturbaines"]},{"@type":"Person","@id":"https:\/\/culturbaine.com\/#\/schema\/person\/42eb7485c572e0746c1ea6b8216c3814","name":"admin1","image":{"@type":"ImageObject","inLanguage":"fr-FR","@id":"https:\/\/culturbaine.com\/#\/schema\/person\/image\/","url":"https:\/\/secure.gravatar.com\/avatar\/c268f4d483ce0486e5a10fee87bbf756?s=96&d=mm&r=g","contentUrl":"https:\/\/secure.gravatar.com\/avatar\/c268f4d483ce0486e5a10fee87bbf756?s=96&d=mm&r=g","caption":"admin1"},"url":"https:\/\/culturbaine.com\/index.php\/author\/admin1\/"}]}},"_links":{"self":[{"href":"https:\/\/culturbaine.com\/index.php\/wp-json\/wp\/v2\/posts\/8561"}],"collection":[{"href":"https:\/\/culturbaine.com\/index.php\/wp-json\/wp\/v2\/posts"}],"about":[{"href":"https:\/\/culturbaine.com\/index.php\/wp-json\/wp\/v2\/types\/post"}],"author":[{"embeddable":true,"href":"https:\/\/culturbaine.com\/index.php\/wp-json\/wp\/v2\/users\/2"}],"replies":[{"embeddable":true,"href":"https:\/\/culturbaine.com\/index.php\/wp-json\/wp\/v2\/comments?post=8561"}],"version-history":[{"count":0,"href":"https:\/\/culturbaine.com\/index.php\/wp-json\/wp\/v2\/posts\/8561\/revisions"}],"wp:featuredmedia":[{"embeddable":true,"href":"https:\/\/culturbaine.com\/index.php\/wp-json\/wp\/v2\/media\/8562"}],"wp:attachment":[{"href":"https:\/\/culturbaine.com\/index.php\/wp-json\/wp\/v2\/media?parent=8561"}],"wp:term":[{"taxonomy":"category","embeddable":true,"href":"https:\/\/culturbaine.com\/index.php\/wp-json\/wp\/v2\/categories?post=8561"},{"taxonomy":"post_tag","embeddable":true,"href":"https:\/\/culturbaine.com\/index.php\/wp-json\/wp\/v2\/tags?post=8561"}],"curies":[{"name":"wp","href":"https:\/\/api.w.org\/{rel}","templated":true}]}}