{"id":8459,"date":"2024-08-31T20:45:00","date_gmt":"2024-08-31T20:45:00","guid":{"rendered":"https:\/\/culturbaine.com\/?p=8459"},"modified":"2024-08-31T20:45:00","modified_gmt":"2024-08-31T20:45:00","slug":"un-portrait-de-jeune-guineen-la-nouvelle-creation-de-nesui-a-acula","status":"publish","type":"post","link":"https:\/\/culturbaine.com\/index.php\/2024\/08\/31\/un-portrait-de-jeune-guineen-la-nouvelle-creation-de-nesui-a-acula\/","title":{"rendered":"Un Portrait de Jeune Guin\u00e9en : La Nouvelle Cr\u00e9ation de Nesui \u00e0 Acula"},"content":{"rendered":"<p><b>Street Art Avenue<\/b><span> est une plateforme Facebook d\u00e9di\u00e9e \u00e0 la promotion du Street Art, mettant r\u00e9guli\u00e8rement en avant des artistes remarquables dans ce domaine. Pour cette nouvelle publication, la plateforme pr\u00e9sente le portrait d&rsquo;un jeune Guin\u00e9en r\u00e9alis\u00e9 sur un mur \u00e0 Acula, pr\u00e8s de Grenade, en Espagne.<\/span><\/p>\n<p><span style=\"font-weight: 400;\">L&rsquo;\u0153uvre est sign\u00e9e par l&rsquo;artiste <\/span><b>Nesui<\/b><span style=\"font-weight: 400;\">. En examinant de pr\u00e8s le mur, on d\u00e9couvre un enfant portant un ballon sur son \u00e9paule. Ce ballon repr\u00e9sente la carte du monde, tandis que de l&rsquo;autre c\u00f4t\u00e9 du mur, on observe un panier de basketball.<\/span><\/p>\n<p><img loading=\"lazy\" decoding=\"async\" class=\"alignnone size-medium wp-image-8460\" src=\"https:\/\/culturbaine.com\/wp-content\/uploads\/2024\/08\/Screenshot_20240831-064457-239x300.jpg\" alt=\"\" width=\"239\" height=\"300\" srcset=\"https:\/\/culturbaine.com\/wp-content\/uploads\/2024\/08\/Screenshot_20240831-064457-239x300.jpg 239w, https:\/\/culturbaine.com\/wp-content\/uploads\/2024\/08\/Screenshot_20240831-064457.jpg 720w\" sizes=\"(max-width: 239px) 100vw, 239px\" \/><\/p>\n<p><span style=\"font-weight: 400;\">Cette \u0153uvre t\u00e9moigne de l&rsquo;influence croissante du graffiti en Espagne, illustrant comment ce mouvement artistique continue de gagner en popularit\u00e9 et en reconnaissance.<\/span><\/p>\n<p><b>Mohamed Cinq Sylla<\/b><\/p>\n","protected":false},"excerpt":{"rendered":"<p>Street Art Avenue est une plateforme Facebook d\u00e9di\u00e9e \u00e0 la promotion du Street Art, mettant r\u00e9guli\u00e8rement en avant des artistes remarquables dans ce domaine. Pour cette nouvelle publication, la plateforme pr\u00e9sente le portrait d&rsquo;un jeune Guin\u00e9en r\u00e9alis\u00e9 sur un mur \u00e0 Acula, pr\u00e8s de Grenade, en Espagne. L&rsquo;\u0153uvre est sign\u00e9e par l&rsquo;artiste Nesui. En examinant [&hellip;]<\/p>\n","protected":false},"author":2,"featured_media":8461,"comment_status":"closed","ping_status":"closed","sticky":false,"template":"","format":"standard","meta":{"_mi_skip_tracking":false,"_monsterinsights_sitenote_active":false,"_monsterinsights_sitenote_note":"","_monsterinsights_sitenote_category":0,"footnotes":""},"categories":[21,2389],"tags":[2970,2969,2968],"class_list":["post-8459","post","type-post","status-publish","format-standard","has-post-thumbnail","hentry","category-actualite","category-graffiti","tag-acula","tag-nesui","tag-un-portrait-de-jeune-guineen"],"yoast_head":"<!-- This site is optimized with the Yoast SEO Premium plugin v20.1 (Yoast SEO v24.0) - https:\/\/yoast.com\/wordpress\/plugins\/seo\/ -->\n<title>Un Portrait de Jeune Guin\u00e9en : La Nouvelle Cr\u00e9ation de Nesui \u00e0 Acula - Culturbaine<\/title>\n<meta name=\"robots\" content=\"index, follow, max-snippet:-1, max-image-preview:large, max-video-preview:-1\" \/>\n<link rel=\"canonical\" href=\"https:\/\/culturbaine.com\/index.php\/2024\/08\/31\/un-portrait-de-jeune-guineen-la-nouvelle-creation-de-nesui-a-acula\/\" \/>\n<meta property=\"og:locale\" content=\"fr_FR\" \/>\n<meta property=\"og:type\" content=\"article\" \/>\n<meta property=\"og:title\" content=\"Un Portrait de Jeune Guin\u00e9en : La Nouvelle Cr\u00e9ation de Nesui \u00e0 Acula\" \/>\n<meta property=\"og:description\" content=\"Street Art Avenue est une plateforme Facebook d\u00e9di\u00e9e \u00e0 la promotion du Street Art, mettant r\u00e9guli\u00e8rement en avant des artistes remarquables dans ce domaine. Pour cette nouvelle publication, la plateforme pr\u00e9sente le portrait d&rsquo;un jeune Guin\u00e9en r\u00e9alis\u00e9 sur un mur \u00e0 Acula, pr\u00e8s de Grenade, en Espagne. L&rsquo;\u0153uvre est sign\u00e9e par l&rsquo;artiste Nesui. En examinant [&hellip;]\" \/>\n<meta property=\"og:url\" content=\"https:\/\/culturbaine.com\/index.php\/2024\/08\/31\/un-portrait-de-jeune-guineen-la-nouvelle-creation-de-nesui-a-acula\/\" \/>\n<meta property=\"og:site_name\" content=\"Culturbaine\" \/>\n<meta property=\"article:publisher\" content=\"https:\/\/www.facebook.com\/Culturbaines\" \/>\n<meta property=\"article:published_time\" content=\"2024-08-31T20:45:00+00:00\" \/>\n<meta property=\"og:image\" content=\"https:\/\/culturbaine.com\/wp-content\/uploads\/2024\/08\/Screenshot_20240831-0644572.jpg\" \/>\n\t<meta property=\"og:image:width\" content=\"712\" \/>\n\t<meta property=\"og:image:height\" content=\"444\" \/>\n\t<meta property=\"og:image:type\" content=\"image\/jpeg\" \/>\n<meta name=\"author\" content=\"admin1\" \/>\n<meta name=\"twitter:card\" content=\"summary_large_image\" \/>\n<meta name=\"twitter:creator\" content=\"@culturbaines\" \/>\n<meta name=\"twitter:site\" content=\"@culturbaines\" \/>\n<meta name=\"twitter:label1\" content=\"\u00c9crit par\" \/>\n\t<meta name=\"twitter:data1\" content=\"admin1\" \/>\n\t<meta name=\"twitter:label2\" content=\"Dur\u00e9e de lecture estim\u00e9e\" \/>\n\t<meta name=\"twitter:data2\" content=\"1 minute\" \/>\n<script type=\"application\/ld+json\" class=\"yoast-schema-graph\">{\"@context\":\"https:\/\/schema.org\",\"@graph\":[{\"@type\":\"Article\",\"@id\":\"https:\/\/culturbaine.com\/index.php\/2024\/08\/31\/un-portrait-de-jeune-guineen-la-nouvelle-creation-de-nesui-a-acula\/#article\",\"isPartOf\":{\"@id\":\"https:\/\/culturbaine.com\/index.php\/2024\/08\/31\/un-portrait-de-jeune-guineen-la-nouvelle-creation-de-nesui-a-acula\/\"},\"author\":{\"name\":\"admin1\",\"@id\":\"https:\/\/culturbaine.com\/#\/schema\/person\/42eb7485c572e0746c1ea6b8216c3814\"},\"headline\":\"Un Portrait de Jeune Guin\u00e9en : La Nouvelle Cr\u00e9ation de Nesui \u00e0 Acula\",\"datePublished\":\"2024-08-31T20:45:00+00:00\",\"dateModified\":\"2024-08-31T20:45:00+00:00\",\"mainEntityOfPage\":{\"@id\":\"https:\/\/culturbaine.com\/index.php\/2024\/08\/31\/un-portrait-de-jeune-guineen-la-nouvelle-creation-de-nesui-a-acula\/\"},\"wordCount\":145,\"publisher\":{\"@id\":\"https:\/\/culturbaine.com\/#organization\"},\"image\":{\"@id\":\"https:\/\/culturbaine.com\/index.php\/2024\/08\/31\/un-portrait-de-jeune-guineen-la-nouvelle-creation-de-nesui-a-acula\/#primaryimage\"},\"thumbnailUrl\":\"https:\/\/culturbaine.com\/wp-content\/uploads\/2024\/08\/Screenshot_20240831-0644572.jpg\",\"keywords\":[\"Acula\",\"Nesui\",\"Un Portrait de jeune guin\u00e9en\"],\"articleSection\":[\"Actualit\u00e9\",\"Graffiti\"],\"inLanguage\":\"fr-FR\"},{\"@type\":\"WebPage\",\"@id\":\"https:\/\/culturbaine.com\/index.php\/2024\/08\/31\/un-portrait-de-jeune-guineen-la-nouvelle-creation-de-nesui-a-acula\/\",\"url\":\"https:\/\/culturbaine.com\/index.php\/2024\/08\/31\/un-portrait-de-jeune-guineen-la-nouvelle-creation-de-nesui-a-acula\/\",\"name\":\"Un Portrait de Jeune Guin\u00e9en : La Nouvelle Cr\u00e9ation de Nesui \u00e0 Acula - Culturbaine\",\"isPartOf\":{\"@id\":\"https:\/\/culturbaine.com\/#website\"},\"primaryImageOfPage\":{\"@id\":\"https:\/\/culturbaine.com\/index.php\/2024\/08\/31\/un-portrait-de-jeune-guineen-la-nouvelle-creation-de-nesui-a-acula\/#primaryimage\"},\"image\":{\"@id\":\"https:\/\/culturbaine.com\/index.php\/2024\/08\/31\/un-portrait-de-jeune-guineen-la-nouvelle-creation-de-nesui-a-acula\/#primaryimage\"},\"thumbnailUrl\":\"https:\/\/culturbaine.com\/wp-content\/uploads\/2024\/08\/Screenshot_20240831-0644572.jpg\",\"datePublished\":\"2024-08-31T20:45:00+00:00\",\"dateModified\":\"2024-08-31T20:45:00+00:00\",\"breadcrumb\":{\"@id\":\"https:\/\/culturbaine.com\/index.php\/2024\/08\/31\/un-portrait-de-jeune-guineen-la-nouvelle-creation-de-nesui-a-acula\/#breadcrumb\"},\"inLanguage\":\"fr-FR\",\"potentialAction\":[{\"@type\":\"ReadAction\",\"target\":[\"https:\/\/culturbaine.com\/index.php\/2024\/08\/31\/un-portrait-de-jeune-guineen-la-nouvelle-creation-de-nesui-a-acula\/\"]}]},{\"@type\":\"ImageObject\",\"inLanguage\":\"fr-FR\",\"@id\":\"https:\/\/culturbaine.com\/index.php\/2024\/08\/31\/un-portrait-de-jeune-guineen-la-nouvelle-creation-de-nesui-a-acula\/#primaryimage\",\"url\":\"https:\/\/culturbaine.com\/wp-content\/uploads\/2024\/08\/Screenshot_20240831-0644572.jpg\",\"contentUrl\":\"https:\/\/culturbaine.com\/wp-content\/uploads\/2024\/08\/Screenshot_20240831-0644572.jpg\",\"width\":712,\"height\":444},{\"@type\":\"BreadcrumbList\",\"@id\":\"https:\/\/culturbaine.com\/index.php\/2024\/08\/31\/un-portrait-de-jeune-guineen-la-nouvelle-creation-de-nesui-a-acula\/#breadcrumb\",\"itemListElement\":[{\"@type\":\"ListItem\",\"position\":1,\"name\":\"Home\",\"item\":\"https:\/\/culturbaine.com\/\"},{\"@type\":\"ListItem\",\"position\":2,\"name\":\"Un Portrait de Jeune Guin\u00e9en : La Nouvelle Cr\u00e9ation de Nesui \u00e0 Acula\"}]},{\"@type\":\"WebSite\",\"@id\":\"https:\/\/culturbaine.com\/#website\",\"url\":\"https:\/\/culturbaine.com\/\",\"name\":\"Culturbaine.com\",\"description\":\"Toute l&#039;actualit\u00e9 des Cultures Urbaines, en un clic  !\",\"publisher\":{\"@id\":\"https:\/\/culturbaine.com\/#organization\"},\"potentialAction\":[{\"@type\":\"SearchAction\",\"target\":{\"@type\":\"EntryPoint\",\"urlTemplate\":\"https:\/\/culturbaine.com\/?s={search_term_string}\"},\"query-input\":{\"@type\":\"PropertyValueSpecification\",\"valueRequired\":true,\"valueName\":\"search_term_string\"}}],\"inLanguage\":\"fr-FR\"},{\"@type\":\"Organization\",\"@id\":\"https:\/\/culturbaine.com\/#organization\",\"name\":\"Culturbaine.com\",\"url\":\"https:\/\/culturbaine.com\/\",\"logo\":{\"@type\":\"ImageObject\",\"inLanguage\":\"fr-FR\",\"@id\":\"https:\/\/culturbaine.com\/#\/schema\/logo\/image\/\",\"url\":\"https:\/\/culturbaine.com\/wp-content\/uploads\/2023\/07\/WhatsApp-Image-2023-07-17-at-14.38.18.jpeg\",\"contentUrl\":\"https:\/\/culturbaine.com\/wp-content\/uploads\/2023\/07\/WhatsApp-Image-2023-07-17-at-14.38.18.jpeg\",\"width\":855,\"height\":270,\"caption\":\"Culturbaine.com\"},\"image\":{\"@id\":\"https:\/\/culturbaine.com\/#\/schema\/logo\/image\/\"},\"sameAs\":[\"https:\/\/www.facebook.com\/Culturbaines\",\"https:\/\/x.com\/culturbaines\"]},{\"@type\":\"Person\",\"@id\":\"https:\/\/culturbaine.com\/#\/schema\/person\/42eb7485c572e0746c1ea6b8216c3814\",\"name\":\"admin1\",\"image\":{\"@type\":\"ImageObject\",\"inLanguage\":\"fr-FR\",\"@id\":\"https:\/\/culturbaine.com\/#\/schema\/person\/image\/\",\"url\":\"https:\/\/secure.gravatar.com\/avatar\/c268f4d483ce0486e5a10fee87bbf756?s=96&d=mm&r=g\",\"contentUrl\":\"https:\/\/secure.gravatar.com\/avatar\/c268f4d483ce0486e5a10fee87bbf756?s=96&d=mm&r=g\",\"caption\":\"admin1\"},\"url\":\"https:\/\/culturbaine.com\/index.php\/author\/admin1\/\"}]}<\/script>\n<!-- \/ Yoast SEO Premium plugin. -->","yoast_head_json":{"title":"Un Portrait de Jeune Guin\u00e9en : La Nouvelle Cr\u00e9ation de Nesui \u00e0 Acula - Culturbaine","robots":{"index":"index","follow":"follow","max-snippet":"max-snippet:-1","max-image-preview":"max-image-preview:large","max-video-preview":"max-video-preview:-1"},"canonical":"https:\/\/culturbaine.com\/index.php\/2024\/08\/31\/un-portrait-de-jeune-guineen-la-nouvelle-creation-de-nesui-a-acula\/","og_locale":"fr_FR","og_type":"article","og_title":"Un Portrait de Jeune Guin\u00e9en : La Nouvelle Cr\u00e9ation de Nesui \u00e0 Acula","og_description":"Street Art Avenue est une plateforme Facebook d\u00e9di\u00e9e \u00e0 la promotion du Street Art, mettant r\u00e9guli\u00e8rement en avant des artistes remarquables dans ce domaine. Pour cette nouvelle publication, la plateforme pr\u00e9sente le portrait d&rsquo;un jeune Guin\u00e9en r\u00e9alis\u00e9 sur un mur \u00e0 Acula, pr\u00e8s de Grenade, en Espagne. L&rsquo;\u0153uvre est sign\u00e9e par l&rsquo;artiste Nesui. En examinant [&hellip;]","og_url":"https:\/\/culturbaine.com\/index.php\/2024\/08\/31\/un-portrait-de-jeune-guineen-la-nouvelle-creation-de-nesui-a-acula\/","og_site_name":"Culturbaine","article_publisher":"https:\/\/www.facebook.com\/Culturbaines","article_published_time":"2024-08-31T20:45:00+00:00","og_image":[{"width":712,"height":444,"url":"https:\/\/culturbaine.com\/wp-content\/uploads\/2024\/08\/Screenshot_20240831-0644572.jpg","type":"image\/jpeg"}],"author":"admin1","twitter_card":"summary_large_image","twitter_creator":"@culturbaines","twitter_site":"@culturbaines","twitter_misc":{"\u00c9crit par":"admin1","Dur\u00e9e de lecture estim\u00e9e":"1 minute"},"schema":{"@context":"https:\/\/schema.org","@graph":[{"@type":"Article","@id":"https:\/\/culturbaine.com\/index.php\/2024\/08\/31\/un-portrait-de-jeune-guineen-la-nouvelle-creation-de-nesui-a-acula\/#article","isPartOf":{"@id":"https:\/\/culturbaine.com\/index.php\/2024\/08\/31\/un-portrait-de-jeune-guineen-la-nouvelle-creation-de-nesui-a-acula\/"},"author":{"name":"admin1","@id":"https:\/\/culturbaine.com\/#\/schema\/person\/42eb7485c572e0746c1ea6b8216c3814"},"headline":"Un Portrait de Jeune Guin\u00e9en : La Nouvelle Cr\u00e9ation de Nesui \u00e0 Acula","datePublished":"2024-08-31T20:45:00+00:00","dateModified":"2024-08-31T20:45:00+00:00","mainEntityOfPage":{"@id":"https:\/\/culturbaine.com\/index.php\/2024\/08\/31\/un-portrait-de-jeune-guineen-la-nouvelle-creation-de-nesui-a-acula\/"},"wordCount":145,"publisher":{"@id":"https:\/\/culturbaine.com\/#organization"},"image":{"@id":"https:\/\/culturbaine.com\/index.php\/2024\/08\/31\/un-portrait-de-jeune-guineen-la-nouvelle-creation-de-nesui-a-acula\/#primaryimage"},"thumbnailUrl":"https:\/\/culturbaine.com\/wp-content\/uploads\/2024\/08\/Screenshot_20240831-0644572.jpg","keywords":["Acula","Nesui","Un Portrait de jeune guin\u00e9en"],"articleSection":["Actualit\u00e9","Graffiti"],"inLanguage":"fr-FR"},{"@type":"WebPage","@id":"https:\/\/culturbaine.com\/index.php\/2024\/08\/31\/un-portrait-de-jeune-guineen-la-nouvelle-creation-de-nesui-a-acula\/","url":"https:\/\/culturbaine.com\/index.php\/2024\/08\/31\/un-portrait-de-jeune-guineen-la-nouvelle-creation-de-nesui-a-acula\/","name":"Un Portrait de Jeune Guin\u00e9en : La Nouvelle Cr\u00e9ation de Nesui \u00e0 Acula - Culturbaine","isPartOf":{"@id":"https:\/\/culturbaine.com\/#website"},"primaryImageOfPage":{"@id":"https:\/\/culturbaine.com\/index.php\/2024\/08\/31\/un-portrait-de-jeune-guineen-la-nouvelle-creation-de-nesui-a-acula\/#primaryimage"},"image":{"@id":"https:\/\/culturbaine.com\/index.php\/2024\/08\/31\/un-portrait-de-jeune-guineen-la-nouvelle-creation-de-nesui-a-acula\/#primaryimage"},"thumbnailUrl":"https:\/\/culturbaine.com\/wp-content\/uploads\/2024\/08\/Screenshot_20240831-0644572.jpg","datePublished":"2024-08-31T20:45:00+00:00","dateModified":"2024-08-31T20:45:00+00:00","breadcrumb":{"@id":"https:\/\/culturbaine.com\/index.php\/2024\/08\/31\/un-portrait-de-jeune-guineen-la-nouvelle-creation-de-nesui-a-acula\/#breadcrumb"},"inLanguage":"fr-FR","potentialAction":[{"@type":"ReadAction","target":["https:\/\/culturbaine.com\/index.php\/2024\/08\/31\/un-portrait-de-jeune-guineen-la-nouvelle-creation-de-nesui-a-acula\/"]}]},{"@type":"ImageObject","inLanguage":"fr-FR","@id":"https:\/\/culturbaine.com\/index.php\/2024\/08\/31\/un-portrait-de-jeune-guineen-la-nouvelle-creation-de-nesui-a-acula\/#primaryimage","url":"https:\/\/culturbaine.com\/wp-content\/uploads\/2024\/08\/Screenshot_20240831-0644572.jpg","contentUrl":"https:\/\/culturbaine.com\/wp-content\/uploads\/2024\/08\/Screenshot_20240831-0644572.jpg","width":712,"height":444},{"@type":"BreadcrumbList","@id":"https:\/\/culturbaine.com\/index.php\/2024\/08\/31\/un-portrait-de-jeune-guineen-la-nouvelle-creation-de-nesui-a-acula\/#breadcrumb","itemListElement":[{"@type":"ListItem","position":1,"name":"Home","item":"https:\/\/culturbaine.com\/"},{"@type":"ListItem","position":2,"name":"Un Portrait de Jeune Guin\u00e9en : La Nouvelle Cr\u00e9ation de Nesui \u00e0 Acula"}]},{"@type":"WebSite","@id":"https:\/\/culturbaine.com\/#website","url":"https:\/\/culturbaine.com\/","name":"Culturbaine.com","description":"Toute l&#039;actualit\u00e9 des Cultures Urbaines, en un clic  !","publisher":{"@id":"https:\/\/culturbaine.com\/#organization"},"potentialAction":[{"@type":"SearchAction","target":{"@type":"EntryPoint","urlTemplate":"https:\/\/culturbaine.com\/?s={search_term_string}"},"query-input":{"@type":"PropertyValueSpecification","valueRequired":true,"valueName":"search_term_string"}}],"inLanguage":"fr-FR"},{"@type":"Organization","@id":"https:\/\/culturbaine.com\/#organization","name":"Culturbaine.com","url":"https:\/\/culturbaine.com\/","logo":{"@type":"ImageObject","inLanguage":"fr-FR","@id":"https:\/\/culturbaine.com\/#\/schema\/logo\/image\/","url":"https:\/\/culturbaine.com\/wp-content\/uploads\/2023\/07\/WhatsApp-Image-2023-07-17-at-14.38.18.jpeg","contentUrl":"https:\/\/culturbaine.com\/wp-content\/uploads\/2023\/07\/WhatsApp-Image-2023-07-17-at-14.38.18.jpeg","width":855,"height":270,"caption":"Culturbaine.com"},"image":{"@id":"https:\/\/culturbaine.com\/#\/schema\/logo\/image\/"},"sameAs":["https:\/\/www.facebook.com\/Culturbaines","https:\/\/x.com\/culturbaines"]},{"@type":"Person","@id":"https:\/\/culturbaine.com\/#\/schema\/person\/42eb7485c572e0746c1ea6b8216c3814","name":"admin1","image":{"@type":"ImageObject","inLanguage":"fr-FR","@id":"https:\/\/culturbaine.com\/#\/schema\/person\/image\/","url":"https:\/\/secure.gravatar.com\/avatar\/c268f4d483ce0486e5a10fee87bbf756?s=96&d=mm&r=g","contentUrl":"https:\/\/secure.gravatar.com\/avatar\/c268f4d483ce0486e5a10fee87bbf756?s=96&d=mm&r=g","caption":"admin1"},"url":"https:\/\/culturbaine.com\/index.php\/author\/admin1\/"}]}},"_links":{"self":[{"href":"https:\/\/culturbaine.com\/index.php\/wp-json\/wp\/v2\/posts\/8459"}],"collection":[{"href":"https:\/\/culturbaine.com\/index.php\/wp-json\/wp\/v2\/posts"}],"about":[{"href":"https:\/\/culturbaine.com\/index.php\/wp-json\/wp\/v2\/types\/post"}],"author":[{"embeddable":true,"href":"https:\/\/culturbaine.com\/index.php\/wp-json\/wp\/v2\/users\/2"}],"replies":[{"embeddable":true,"href":"https:\/\/culturbaine.com\/index.php\/wp-json\/wp\/v2\/comments?post=8459"}],"version-history":[{"count":0,"href":"https:\/\/culturbaine.com\/index.php\/wp-json\/wp\/v2\/posts\/8459\/revisions"}],"wp:featuredmedia":[{"embeddable":true,"href":"https:\/\/culturbaine.com\/index.php\/wp-json\/wp\/v2\/media\/8461"}],"wp:attachment":[{"href":"https:\/\/culturbaine.com\/index.php\/wp-json\/wp\/v2\/media?parent=8459"}],"wp:term":[{"taxonomy":"category","embeddable":true,"href":"https:\/\/culturbaine.com\/index.php\/wp-json\/wp\/v2\/categories?post=8459"},{"taxonomy":"post_tag","embeddable":true,"href":"https:\/\/culturbaine.com\/index.php\/wp-json\/wp\/v2\/tags?post=8459"}],"curies":[{"name":"wp","href":"https:\/\/api.w.org\/{rel}","templated":true}]}}