{"id":7705,"date":"2024-07-21T15:47:46","date_gmt":"2024-07-21T15:47:46","guid":{"rendered":"https:\/\/culturbaine.com\/?p=7705"},"modified":"2024-07-21T15:47:46","modified_gmt":"2024-07-21T15:47:46","slug":"takana-zion-illumine-le-festival-international-nuits-dafrique","status":"publish","type":"post","link":"https:\/\/culturbaine.com\/index.php\/2024\/07\/21\/takana-zion-illumine-le-festival-international-nuits-dafrique\/","title":{"rendered":"Takana Zion illumine le Festival international Nuits d&rsquo;Afrique !"},"content":{"rendered":"<p><span>Le reggaeman guin\u00e9en <\/span><b>Takana Zion<\/b><span> a marqu\u00e9 les esprits lors de la 38e \u00e9dition du Festival International Nuits d&rsquo;Afrique. La sc\u00e8ne en plein air a vibr\u00e9 au rythme de ses morceaux embl\u00e9matiques, confirmant ainsi son statut de figure majeure du reggae mondial.<\/span><\/p>\n<p><span style=\"font-weight: 400;\">Accompagn\u00e9 de ses talentueux musiciens venus de France, <\/span><b>Takana Zion<\/b><span style=\"font-weight: 400;\"> a offert une prestation impeccable, alliant \u00e9nergie positive et virtuosit\u00e9 musicale. Sa performance a \u00e9t\u00e9 si intense que m\u00eame les dieux du reggae semblaient danser avec lui, soulignant l&rsquo;ampleur de son influence qui d\u00e9passe largement les fronti\u00e8res guin\u00e9ennes.<\/span><\/p>\n<p><span style=\"font-weight: 400;\">Cette premi\u00e8re participation de <\/span><b>Takana Zion<\/b><span style=\"font-weight: 400;\"> au <\/span><b>Festival International Nuits d&rsquo;Afrique<\/b><span style=\"font-weight: 400;\"> s&rsquo;est conclue sur une note triomphale, gravant son nom en lettres d&rsquo;or dans l&rsquo;histoire du festival. Sa prestation a \u00e9t\u00e9 l&rsquo;un des moments forts de cette \u00e9dition, prouvant une fois de plus l&rsquo;impact international de son art.<\/span><\/p>\n<p><span style=\"font-weight: 400;\">Le Festival International Nuits d&rsquo;Afrique, qui se tient chaque ann\u00e9e au Canada, a r\u00e9uni plus de 700 artistes pour cette 38e \u00e9dition. Cette diversit\u00e9 artistique t\u00e9moigne de la richesse culturelle et de la port\u00e9e mondiale de l&rsquo;\u00e9v\u00e9nement.<\/span><\/p>\n<p><a href=\"https:\/\/www.facebook.com\/TakanaZion\/videos\/1652686865274203\/?app=fbl\">https:\/\/www.facebook.com\/TakanaZion\/videos\/1652686865274203\/?app=fbl<\/a><\/p>\n<p><b>Mohamed Cinq Sylla<\/b><\/p>\n","protected":false},"excerpt":{"rendered":"<p>Le reggaeman guin\u00e9en Takana Zion a marqu\u00e9 les esprits lors de la 38e \u00e9dition du Festival International Nuits d&rsquo;Afrique. La sc\u00e8ne en plein air a vibr\u00e9 au rythme de ses morceaux embl\u00e9matiques, confirmant ainsi son statut de figure majeure du reggae mondial. Accompagn\u00e9 de ses talentueux musiciens venus de France, Takana Zion a offert une [&hellip;]<\/p>\n","protected":false},"author":2,"featured_media":7707,"comment_status":"closed","ping_status":"closed","sticky":false,"template":"","format":"standard","meta":{"_mi_skip_tracking":false,"_monsterinsights_sitenote_active":false,"_monsterinsights_sitenote_note":"","_monsterinsights_sitenote_category":0,"footnotes":""},"categories":[21,2387,2394],"tags":[1509,2496,311],"class_list":["post-7705","post","type-post","status-publish","format-standard","has-post-thumbnail","hentry","category-actualite","category-festival","category-reggae","tag-canada","tag-festival-international-nuits-dafrique","tag-takana-zion"],"yoast_head":"<!-- This site is optimized with the Yoast SEO Premium plugin v20.1 (Yoast SEO v24.0) - https:\/\/yoast.com\/wordpress\/plugins\/seo\/ -->\n<title>Takana Zion illumine le Festival international Nuits d&#039;Afrique ! - Culturbaine<\/title>\n<meta name=\"robots\" content=\"index, follow, max-snippet:-1, max-image-preview:large, max-video-preview:-1\" \/>\n<link rel=\"canonical\" href=\"https:\/\/culturbaine.com\/index.php\/2024\/07\/21\/takana-zion-illumine-le-festival-international-nuits-dafrique\/\" \/>\n<meta property=\"og:locale\" content=\"fr_FR\" \/>\n<meta property=\"og:type\" content=\"article\" \/>\n<meta property=\"og:title\" content=\"Takana Zion illumine le Festival international Nuits d&#039;Afrique !\" \/>\n<meta property=\"og:description\" content=\"Le reggaeman guin\u00e9en Takana Zion a marqu\u00e9 les esprits lors de la 38e \u00e9dition du Festival International Nuits d&rsquo;Afrique. La sc\u00e8ne en plein air a vibr\u00e9 au rythme de ses morceaux embl\u00e9matiques, confirmant ainsi son statut de figure majeure du reggae mondial. Accompagn\u00e9 de ses talentueux musiciens venus de France, Takana Zion a offert une [&hellip;]\" \/>\n<meta property=\"og:url\" content=\"https:\/\/culturbaine.com\/index.php\/2024\/07\/21\/takana-zion-illumine-le-festival-international-nuits-dafrique\/\" \/>\n<meta property=\"og:site_name\" content=\"Culturbaine\" \/>\n<meta property=\"article:publisher\" content=\"https:\/\/www.facebook.com\/Culturbaines\" \/>\n<meta property=\"article:published_time\" content=\"2024-07-21T15:47:46+00:00\" \/>\n<meta property=\"og:image\" content=\"https:\/\/culturbaine.com\/wp-content\/uploads\/2024\/07\/17215584403962.jpg\" \/>\n\t<meta property=\"og:image:width\" content=\"716\" \/>\n\t<meta property=\"og:image:height\" content=\"425\" \/>\n\t<meta property=\"og:image:type\" content=\"image\/jpeg\" \/>\n<meta name=\"author\" content=\"admin1\" \/>\n<meta name=\"twitter:card\" content=\"summary_large_image\" \/>\n<meta name=\"twitter:creator\" content=\"@culturbaines\" \/>\n<meta name=\"twitter:site\" content=\"@culturbaines\" \/>\n<meta name=\"twitter:label1\" content=\"\u00c9crit par\" \/>\n\t<meta name=\"twitter:data1\" content=\"admin1\" \/>\n\t<meta name=\"twitter:label2\" content=\"Dur\u00e9e de lecture estim\u00e9e\" \/>\n\t<meta name=\"twitter:data2\" content=\"2 minutes\" \/>\n<script type=\"application\/ld+json\" class=\"yoast-schema-graph\">{\"@context\":\"https:\/\/schema.org\",\"@graph\":[{\"@type\":\"Article\",\"@id\":\"https:\/\/culturbaine.com\/index.php\/2024\/07\/21\/takana-zion-illumine-le-festival-international-nuits-dafrique\/#article\",\"isPartOf\":{\"@id\":\"https:\/\/culturbaine.com\/index.php\/2024\/07\/21\/takana-zion-illumine-le-festival-international-nuits-dafrique\/\"},\"author\":{\"name\":\"admin1\",\"@id\":\"https:\/\/culturbaine.com\/#\/schema\/person\/42eb7485c572e0746c1ea6b8216c3814\"},\"headline\":\"Takana Zion illumine le Festival international Nuits d&rsquo;Afrique !\",\"datePublished\":\"2024-07-21T15:47:46+00:00\",\"dateModified\":\"2024-07-21T15:47:46+00:00\",\"mainEntityOfPage\":{\"@id\":\"https:\/\/culturbaine.com\/index.php\/2024\/07\/21\/takana-zion-illumine-le-festival-international-nuits-dafrique\/\"},\"wordCount\":217,\"publisher\":{\"@id\":\"https:\/\/culturbaine.com\/#organization\"},\"image\":{\"@id\":\"https:\/\/culturbaine.com\/index.php\/2024\/07\/21\/takana-zion-illumine-le-festival-international-nuits-dafrique\/#primaryimage\"},\"thumbnailUrl\":\"https:\/\/culturbaine.com\/wp-content\/uploads\/2024\/07\/17215584403962.jpg\",\"keywords\":[\"Canada\",\"Festival international nuits d'Afrique\",\"Takana Zion\"],\"articleSection\":[\"Actualit\u00e9\",\"Festival\",\"Reggae\"],\"inLanguage\":\"fr-FR\"},{\"@type\":\"WebPage\",\"@id\":\"https:\/\/culturbaine.com\/index.php\/2024\/07\/21\/takana-zion-illumine-le-festival-international-nuits-dafrique\/\",\"url\":\"https:\/\/culturbaine.com\/index.php\/2024\/07\/21\/takana-zion-illumine-le-festival-international-nuits-dafrique\/\",\"name\":\"Takana Zion illumine le Festival international Nuits d'Afrique ! - Culturbaine\",\"isPartOf\":{\"@id\":\"https:\/\/culturbaine.com\/#website\"},\"primaryImageOfPage\":{\"@id\":\"https:\/\/culturbaine.com\/index.php\/2024\/07\/21\/takana-zion-illumine-le-festival-international-nuits-dafrique\/#primaryimage\"},\"image\":{\"@id\":\"https:\/\/culturbaine.com\/index.php\/2024\/07\/21\/takana-zion-illumine-le-festival-international-nuits-dafrique\/#primaryimage\"},\"thumbnailUrl\":\"https:\/\/culturbaine.com\/wp-content\/uploads\/2024\/07\/17215584403962.jpg\",\"datePublished\":\"2024-07-21T15:47:46+00:00\",\"dateModified\":\"2024-07-21T15:47:46+00:00\",\"breadcrumb\":{\"@id\":\"https:\/\/culturbaine.com\/index.php\/2024\/07\/21\/takana-zion-illumine-le-festival-international-nuits-dafrique\/#breadcrumb\"},\"inLanguage\":\"fr-FR\",\"potentialAction\":[{\"@type\":\"ReadAction\",\"target\":[\"https:\/\/culturbaine.com\/index.php\/2024\/07\/21\/takana-zion-illumine-le-festival-international-nuits-dafrique\/\"]}]},{\"@type\":\"ImageObject\",\"inLanguage\":\"fr-FR\",\"@id\":\"https:\/\/culturbaine.com\/index.php\/2024\/07\/21\/takana-zion-illumine-le-festival-international-nuits-dafrique\/#primaryimage\",\"url\":\"https:\/\/culturbaine.com\/wp-content\/uploads\/2024\/07\/17215584403962.jpg\",\"contentUrl\":\"https:\/\/culturbaine.com\/wp-content\/uploads\/2024\/07\/17215584403962.jpg\",\"width\":716,\"height\":425},{\"@type\":\"BreadcrumbList\",\"@id\":\"https:\/\/culturbaine.com\/index.php\/2024\/07\/21\/takana-zion-illumine-le-festival-international-nuits-dafrique\/#breadcrumb\",\"itemListElement\":[{\"@type\":\"ListItem\",\"position\":1,\"name\":\"Home\",\"item\":\"https:\/\/culturbaine.com\/\"},{\"@type\":\"ListItem\",\"position\":2,\"name\":\"Takana Zion illumine le Festival international Nuits d&rsquo;Afrique !\"}]},{\"@type\":\"WebSite\",\"@id\":\"https:\/\/culturbaine.com\/#website\",\"url\":\"https:\/\/culturbaine.com\/\",\"name\":\"Culturbaine.com\",\"description\":\"Toute l&#039;actualit\u00e9 des Cultures Urbaines, en un clic  !\",\"publisher\":{\"@id\":\"https:\/\/culturbaine.com\/#organization\"},\"potentialAction\":[{\"@type\":\"SearchAction\",\"target\":{\"@type\":\"EntryPoint\",\"urlTemplate\":\"https:\/\/culturbaine.com\/?s={search_term_string}\"},\"query-input\":{\"@type\":\"PropertyValueSpecification\",\"valueRequired\":true,\"valueName\":\"search_term_string\"}}],\"inLanguage\":\"fr-FR\"},{\"@type\":\"Organization\",\"@id\":\"https:\/\/culturbaine.com\/#organization\",\"name\":\"Culturbaine.com\",\"url\":\"https:\/\/culturbaine.com\/\",\"logo\":{\"@type\":\"ImageObject\",\"inLanguage\":\"fr-FR\",\"@id\":\"https:\/\/culturbaine.com\/#\/schema\/logo\/image\/\",\"url\":\"https:\/\/culturbaine.com\/wp-content\/uploads\/2023\/07\/WhatsApp-Image-2023-07-17-at-14.38.18.jpeg\",\"contentUrl\":\"https:\/\/culturbaine.com\/wp-content\/uploads\/2023\/07\/WhatsApp-Image-2023-07-17-at-14.38.18.jpeg\",\"width\":855,\"height\":270,\"caption\":\"Culturbaine.com\"},\"image\":{\"@id\":\"https:\/\/culturbaine.com\/#\/schema\/logo\/image\/\"},\"sameAs\":[\"https:\/\/www.facebook.com\/Culturbaines\",\"https:\/\/x.com\/culturbaines\"]},{\"@type\":\"Person\",\"@id\":\"https:\/\/culturbaine.com\/#\/schema\/person\/42eb7485c572e0746c1ea6b8216c3814\",\"name\":\"admin1\",\"image\":{\"@type\":\"ImageObject\",\"inLanguage\":\"fr-FR\",\"@id\":\"https:\/\/culturbaine.com\/#\/schema\/person\/image\/\",\"url\":\"https:\/\/secure.gravatar.com\/avatar\/c268f4d483ce0486e5a10fee87bbf756?s=96&d=mm&r=g\",\"contentUrl\":\"https:\/\/secure.gravatar.com\/avatar\/c268f4d483ce0486e5a10fee87bbf756?s=96&d=mm&r=g\",\"caption\":\"admin1\"},\"url\":\"https:\/\/culturbaine.com\/index.php\/author\/admin1\/\"}]}<\/script>\n<!-- \/ Yoast SEO Premium plugin. -->","yoast_head_json":{"title":"Takana Zion illumine le Festival international Nuits d'Afrique ! - Culturbaine","robots":{"index":"index","follow":"follow","max-snippet":"max-snippet:-1","max-image-preview":"max-image-preview:large","max-video-preview":"max-video-preview:-1"},"canonical":"https:\/\/culturbaine.com\/index.php\/2024\/07\/21\/takana-zion-illumine-le-festival-international-nuits-dafrique\/","og_locale":"fr_FR","og_type":"article","og_title":"Takana Zion illumine le Festival international Nuits d'Afrique !","og_description":"Le reggaeman guin\u00e9en Takana Zion a marqu\u00e9 les esprits lors de la 38e \u00e9dition du Festival International Nuits d&rsquo;Afrique. La sc\u00e8ne en plein air a vibr\u00e9 au rythme de ses morceaux embl\u00e9matiques, confirmant ainsi son statut de figure majeure du reggae mondial. Accompagn\u00e9 de ses talentueux musiciens venus de France, Takana Zion a offert une [&hellip;]","og_url":"https:\/\/culturbaine.com\/index.php\/2024\/07\/21\/takana-zion-illumine-le-festival-international-nuits-dafrique\/","og_site_name":"Culturbaine","article_publisher":"https:\/\/www.facebook.com\/Culturbaines","article_published_time":"2024-07-21T15:47:46+00:00","og_image":[{"width":716,"height":425,"url":"https:\/\/culturbaine.com\/wp-content\/uploads\/2024\/07\/17215584403962.jpg","type":"image\/jpeg"}],"author":"admin1","twitter_card":"summary_large_image","twitter_creator":"@culturbaines","twitter_site":"@culturbaines","twitter_misc":{"\u00c9crit par":"admin1","Dur\u00e9e de lecture estim\u00e9e":"2 minutes"},"schema":{"@context":"https:\/\/schema.org","@graph":[{"@type":"Article","@id":"https:\/\/culturbaine.com\/index.php\/2024\/07\/21\/takana-zion-illumine-le-festival-international-nuits-dafrique\/#article","isPartOf":{"@id":"https:\/\/culturbaine.com\/index.php\/2024\/07\/21\/takana-zion-illumine-le-festival-international-nuits-dafrique\/"},"author":{"name":"admin1","@id":"https:\/\/culturbaine.com\/#\/schema\/person\/42eb7485c572e0746c1ea6b8216c3814"},"headline":"Takana Zion illumine le Festival international Nuits d&rsquo;Afrique !","datePublished":"2024-07-21T15:47:46+00:00","dateModified":"2024-07-21T15:47:46+00:00","mainEntityOfPage":{"@id":"https:\/\/culturbaine.com\/index.php\/2024\/07\/21\/takana-zion-illumine-le-festival-international-nuits-dafrique\/"},"wordCount":217,"publisher":{"@id":"https:\/\/culturbaine.com\/#organization"},"image":{"@id":"https:\/\/culturbaine.com\/index.php\/2024\/07\/21\/takana-zion-illumine-le-festival-international-nuits-dafrique\/#primaryimage"},"thumbnailUrl":"https:\/\/culturbaine.com\/wp-content\/uploads\/2024\/07\/17215584403962.jpg","keywords":["Canada","Festival international nuits d'Afrique","Takana Zion"],"articleSection":["Actualit\u00e9","Festival","Reggae"],"inLanguage":"fr-FR"},{"@type":"WebPage","@id":"https:\/\/culturbaine.com\/index.php\/2024\/07\/21\/takana-zion-illumine-le-festival-international-nuits-dafrique\/","url":"https:\/\/culturbaine.com\/index.php\/2024\/07\/21\/takana-zion-illumine-le-festival-international-nuits-dafrique\/","name":"Takana Zion illumine le Festival international Nuits d'Afrique ! - Culturbaine","isPartOf":{"@id":"https:\/\/culturbaine.com\/#website"},"primaryImageOfPage":{"@id":"https:\/\/culturbaine.com\/index.php\/2024\/07\/21\/takana-zion-illumine-le-festival-international-nuits-dafrique\/#primaryimage"},"image":{"@id":"https:\/\/culturbaine.com\/index.php\/2024\/07\/21\/takana-zion-illumine-le-festival-international-nuits-dafrique\/#primaryimage"},"thumbnailUrl":"https:\/\/culturbaine.com\/wp-content\/uploads\/2024\/07\/17215584403962.jpg","datePublished":"2024-07-21T15:47:46+00:00","dateModified":"2024-07-21T15:47:46+00:00","breadcrumb":{"@id":"https:\/\/culturbaine.com\/index.php\/2024\/07\/21\/takana-zion-illumine-le-festival-international-nuits-dafrique\/#breadcrumb"},"inLanguage":"fr-FR","potentialAction":[{"@type":"ReadAction","target":["https:\/\/culturbaine.com\/index.php\/2024\/07\/21\/takana-zion-illumine-le-festival-international-nuits-dafrique\/"]}]},{"@type":"ImageObject","inLanguage":"fr-FR","@id":"https:\/\/culturbaine.com\/index.php\/2024\/07\/21\/takana-zion-illumine-le-festival-international-nuits-dafrique\/#primaryimage","url":"https:\/\/culturbaine.com\/wp-content\/uploads\/2024\/07\/17215584403962.jpg","contentUrl":"https:\/\/culturbaine.com\/wp-content\/uploads\/2024\/07\/17215584403962.jpg","width":716,"height":425},{"@type":"BreadcrumbList","@id":"https:\/\/culturbaine.com\/index.php\/2024\/07\/21\/takana-zion-illumine-le-festival-international-nuits-dafrique\/#breadcrumb","itemListElement":[{"@type":"ListItem","position":1,"name":"Home","item":"https:\/\/culturbaine.com\/"},{"@type":"ListItem","position":2,"name":"Takana Zion illumine le Festival international Nuits d&rsquo;Afrique !"}]},{"@type":"WebSite","@id":"https:\/\/culturbaine.com\/#website","url":"https:\/\/culturbaine.com\/","name":"Culturbaine.com","description":"Toute l&#039;actualit\u00e9 des Cultures Urbaines, en un clic  !","publisher":{"@id":"https:\/\/culturbaine.com\/#organization"},"potentialAction":[{"@type":"SearchAction","target":{"@type":"EntryPoint","urlTemplate":"https:\/\/culturbaine.com\/?s={search_term_string}"},"query-input":{"@type":"PropertyValueSpecification","valueRequired":true,"valueName":"search_term_string"}}],"inLanguage":"fr-FR"},{"@type":"Organization","@id":"https:\/\/culturbaine.com\/#organization","name":"Culturbaine.com","url":"https:\/\/culturbaine.com\/","logo":{"@type":"ImageObject","inLanguage":"fr-FR","@id":"https:\/\/culturbaine.com\/#\/schema\/logo\/image\/","url":"https:\/\/culturbaine.com\/wp-content\/uploads\/2023\/07\/WhatsApp-Image-2023-07-17-at-14.38.18.jpeg","contentUrl":"https:\/\/culturbaine.com\/wp-content\/uploads\/2023\/07\/WhatsApp-Image-2023-07-17-at-14.38.18.jpeg","width":855,"height":270,"caption":"Culturbaine.com"},"image":{"@id":"https:\/\/culturbaine.com\/#\/schema\/logo\/image\/"},"sameAs":["https:\/\/www.facebook.com\/Culturbaines","https:\/\/x.com\/culturbaines"]},{"@type":"Person","@id":"https:\/\/culturbaine.com\/#\/schema\/person\/42eb7485c572e0746c1ea6b8216c3814","name":"admin1","image":{"@type":"ImageObject","inLanguage":"fr-FR","@id":"https:\/\/culturbaine.com\/#\/schema\/person\/image\/","url":"https:\/\/secure.gravatar.com\/avatar\/c268f4d483ce0486e5a10fee87bbf756?s=96&d=mm&r=g","contentUrl":"https:\/\/secure.gravatar.com\/avatar\/c268f4d483ce0486e5a10fee87bbf756?s=96&d=mm&r=g","caption":"admin1"},"url":"https:\/\/culturbaine.com\/index.php\/author\/admin1\/"}]}},"_links":{"self":[{"href":"https:\/\/culturbaine.com\/index.php\/wp-json\/wp\/v2\/posts\/7705"}],"collection":[{"href":"https:\/\/culturbaine.com\/index.php\/wp-json\/wp\/v2\/posts"}],"about":[{"href":"https:\/\/culturbaine.com\/index.php\/wp-json\/wp\/v2\/types\/post"}],"author":[{"embeddable":true,"href":"https:\/\/culturbaine.com\/index.php\/wp-json\/wp\/v2\/users\/2"}],"replies":[{"embeddable":true,"href":"https:\/\/culturbaine.com\/index.php\/wp-json\/wp\/v2\/comments?post=7705"}],"version-history":[{"count":0,"href":"https:\/\/culturbaine.com\/index.php\/wp-json\/wp\/v2\/posts\/7705\/revisions"}],"wp:featuredmedia":[{"embeddable":true,"href":"https:\/\/culturbaine.com\/index.php\/wp-json\/wp\/v2\/media\/7707"}],"wp:attachment":[{"href":"https:\/\/culturbaine.com\/index.php\/wp-json\/wp\/v2\/media?parent=7705"}],"wp:term":[{"taxonomy":"category","embeddable":true,"href":"https:\/\/culturbaine.com\/index.php\/wp-json\/wp\/v2\/categories?post=7705"},{"taxonomy":"post_tag","embeddable":true,"href":"https:\/\/culturbaine.com\/index.php\/wp-json\/wp\/v2\/tags?post=7705"}],"curies":[{"name":"wp","href":"https:\/\/api.w.org\/{rel}","templated":true}]}}