{"id":765,"date":"2023-08-18T18:44:24","date_gmt":"2023-08-18T18:44:24","guid":{"rendered":"http:\/\/culturbaine.com\/?p=765"},"modified":"2023-08-18T18:44:24","modified_gmt":"2023-08-18T18:44:24","slug":"rema-sort-son-clip-girl-in-black-en-feat-avec-lil-nas-x-et-d4vd","status":"publish","type":"post","link":"https:\/\/culturbaine.com\/index.php\/2023\/08\/18\/rema-sort-son-clip-girl-in-black-en-feat-avec-lil-nas-x-et-d4vd\/","title":{"rendered":"Rema sort son clip \u00ab\u00a0Girl in Black\u00a0\u00bb en feat avec Lil Nas X et D4vd"},"content":{"rendered":"<p><span>L&rsquo;actuel ph\u00e9nom\u00e8ne de l&rsquo;afrobeat nig\u00e9rian\u00a0<\/span><b>Rema<\/b><span> se montre ultra productif. Ces derniers temps, il ne donne plus assez de temps \u00e0 ses fans pour bien \u00e9couter ses morceaux. Pour donner suite \u00e0 son r\u00e9cent single <\/span><b>Price for a soul<\/b><span>, sorti il y a plus d&rsquo;une dizaine de jours en feat avec <\/span><b>Travis Scott &amp; Psycho Yp<\/b><span>, il vient de sortir un nouveau visuel qui a pour titre <\/span><b>Girls in Black<\/b><span>. Et sur ce projet, il fait \u00e9quipe avec <\/span><b>Lil Nas X &amp; D4vd.<\/b><\/p>\n<p><span style=\"font-weight: 400;\">Dans un visuel assez sombre, on sort <strong>Rema<\/strong> dans une superbe d\u00e9capotable en compagnie d&rsquo;une belle nana. Quelques secondes apr\u00e8s, on change de d\u00e9cor pour sortir les deux autres artistes. C&rsquo;est un vrai crack qui ne passera pas inaper\u00e7u.<\/span><\/p>\n<p><iframe loading=\"lazy\" title=\"Rema Ft  Lil Nas X &amp; D4vd - Girl In Black (Official Music Video)\" width=\"1170\" height=\"658\" src=\"https:\/\/www.youtube.com\/embed\/ZtW_Z6zKeeg?wmode=transparent&amp;rel=0&amp;feature=oembed\" frameborder=\"0\" allow=\"accelerometer; autoplay; clipboard-write; encrypted-media; gyroscope; picture-in-picture; web-share\" allowfullscreen><\/iframe><\/p>\n<p><b>Mohamed Cinq Sylla\u00a0<\/b><\/p>\n","protected":false},"excerpt":{"rendered":"<p>L&rsquo;actuel ph\u00e9nom\u00e8ne de l&rsquo;afrobeat nig\u00e9rian\u00a0Rema se montre ultra productif. Ces derniers temps, il ne donne plus assez de temps \u00e0 ses fans pour bien \u00e9couter ses morceaux. Pour donner suite \u00e0 son r\u00e9cent single Price for a soul, sorti il y a plus d&rsquo;une dizaine de jours en feat avec Travis Scott &amp; Psycho Yp, [&hellip;]<\/p>\n","protected":false},"author":2,"featured_media":768,"comment_status":"open","ping_status":"open","sticky":false,"template":"","format":"standard","meta":{"_mi_skip_tracking":false,"_monsterinsights_sitenote_active":false,"_monsterinsights_sitenote_note":"","_monsterinsights_sitenote_category":0,"footnotes":""},"categories":[21,27,32],"tags":[266,119,351,349,350,62,187],"class_list":["post-765","post","type-post","status-publish","format-standard","has-post-thumbnail","hentry","category-actualite","category-clip","category-dernieres-sorties","tag-africa","tag-afrobeat","tag-d4vd","tag-girl-in-black","tag-lil-nas-x","tag-nigeria","tag-rema"],"yoast_head":"<!-- This site is optimized with the Yoast SEO Premium plugin v20.1 (Yoast SEO v24.0) - https:\/\/yoast.com\/wordpress\/plugins\/seo\/ -->\n<title>Rema sort son clip &quot;Girl in Black&quot; en feat avec Lil Nas X et D4vd - Culturbaine<\/title>\n<meta name=\"robots\" content=\"index, follow, max-snippet:-1, max-image-preview:large, max-video-preview:-1\" \/>\n<link rel=\"canonical\" href=\"http:\/\/culturbaine.com\/index.php\/2023\/08\/18\/rema-sort-son-clip-girl-in-black-en-feat-avec-lil-nas-x-et-d4vd\/\" \/>\n<meta property=\"og:locale\" content=\"fr_FR\" \/>\n<meta property=\"og:type\" content=\"article\" \/>\n<meta property=\"og:title\" content=\"Rema sort son clip &quot;Girl in Black&quot; en feat avec Lil Nas X et D4vd\" \/>\n<meta property=\"og:description\" content=\"L&rsquo;actuel ph\u00e9nom\u00e8ne de l&rsquo;afrobeat nig\u00e9rian\u00a0Rema se montre ultra productif. Ces derniers temps, il ne donne plus assez de temps \u00e0 ses fans pour bien \u00e9couter ses morceaux. Pour donner suite \u00e0 son r\u00e9cent single Price for a soul, sorti il y a plus d&rsquo;une dizaine de jours en feat avec Travis Scott &amp; Psycho Yp, [&hellip;]\" \/>\n<meta property=\"og:url\" content=\"http:\/\/culturbaine.com\/index.php\/2023\/08\/18\/rema-sort-son-clip-girl-in-black-en-feat-avec-lil-nas-x-et-d4vd\/\" \/>\n<meta property=\"og:site_name\" content=\"Culturbaine\" \/>\n<meta property=\"article:publisher\" content=\"https:\/\/www.facebook.com\/Culturbaines\" \/>\n<meta property=\"article:published_time\" content=\"2023-08-18T18:44:24+00:00\" \/>\n<meta property=\"og:image\" content=\"http:\/\/culturbaine.com\/wp-content\/uploads\/2023\/08\/Screenshot_20230818-182118.jpg\" \/>\n\t<meta property=\"og:image:width\" content=\"533\" \/>\n\t<meta property=\"og:image:height\" content=\"319\" \/>\n\t<meta property=\"og:image:type\" content=\"image\/jpeg\" \/>\n<meta name=\"author\" content=\"admin1\" \/>\n<meta name=\"twitter:card\" content=\"summary_large_image\" \/>\n<meta name=\"twitter:creator\" content=\"@culturbaines\" \/>\n<meta name=\"twitter:site\" content=\"@culturbaines\" \/>\n<meta name=\"twitter:label1\" content=\"\u00c9crit par\" \/>\n\t<meta name=\"twitter:data1\" content=\"admin1\" \/>\n\t<meta name=\"twitter:label2\" content=\"Dur\u00e9e de lecture estim\u00e9e\" \/>\n\t<meta name=\"twitter:data2\" content=\"1 minute\" \/>\n<script type=\"application\/ld+json\" class=\"yoast-schema-graph\">{\"@context\":\"https:\/\/schema.org\",\"@graph\":[{\"@type\":\"Article\",\"@id\":\"http:\/\/culturbaine.com\/index.php\/2023\/08\/18\/rema-sort-son-clip-girl-in-black-en-feat-avec-lil-nas-x-et-d4vd\/#article\",\"isPartOf\":{\"@id\":\"http:\/\/culturbaine.com\/index.php\/2023\/08\/18\/rema-sort-son-clip-girl-in-black-en-feat-avec-lil-nas-x-et-d4vd\/\"},\"author\":{\"name\":\"admin1\",\"@id\":\"https:\/\/culturbaine.com\/#\/schema\/person\/42eb7485c572e0746c1ea6b8216c3814\"},\"headline\":\"Rema sort son clip \u00ab\u00a0Girl in Black\u00a0\u00bb en feat avec Lil Nas X et D4vd\",\"datePublished\":\"2023-08-18T18:44:24+00:00\",\"dateModified\":\"2023-08-18T18:44:24+00:00\",\"mainEntityOfPage\":{\"@id\":\"http:\/\/culturbaine.com\/index.php\/2023\/08\/18\/rema-sort-son-clip-girl-in-black-en-feat-avec-lil-nas-x-et-d4vd\/\"},\"wordCount\":159,\"commentCount\":0,\"publisher\":{\"@id\":\"https:\/\/culturbaine.com\/#organization\"},\"image\":{\"@id\":\"http:\/\/culturbaine.com\/index.php\/2023\/08\/18\/rema-sort-son-clip-girl-in-black-en-feat-avec-lil-nas-x-et-d4vd\/#primaryimage\"},\"thumbnailUrl\":\"https:\/\/culturbaine.com\/wp-content\/uploads\/2023\/08\/Screenshot_20230818-182118.jpg\",\"keywords\":[\"Africa\",\"Afrobeat\",\"D4vd\",\"Girl in black\",\"Lil Nas X\",\"Nigeria\",\"Rema\"],\"articleSection\":[\"Actualit\u00e9\",\"Clip\",\"Derni\u00e8res sorties\"],\"inLanguage\":\"fr-FR\"},{\"@type\":\"WebPage\",\"@id\":\"http:\/\/culturbaine.com\/index.php\/2023\/08\/18\/rema-sort-son-clip-girl-in-black-en-feat-avec-lil-nas-x-et-d4vd\/\",\"url\":\"http:\/\/culturbaine.com\/index.php\/2023\/08\/18\/rema-sort-son-clip-girl-in-black-en-feat-avec-lil-nas-x-et-d4vd\/\",\"name\":\"Rema sort son clip \\\"Girl in Black\\\" en feat avec Lil Nas X et D4vd - Culturbaine\",\"isPartOf\":{\"@id\":\"https:\/\/culturbaine.com\/#website\"},\"primaryImageOfPage\":{\"@id\":\"http:\/\/culturbaine.com\/index.php\/2023\/08\/18\/rema-sort-son-clip-girl-in-black-en-feat-avec-lil-nas-x-et-d4vd\/#primaryimage\"},\"image\":{\"@id\":\"http:\/\/culturbaine.com\/index.php\/2023\/08\/18\/rema-sort-son-clip-girl-in-black-en-feat-avec-lil-nas-x-et-d4vd\/#primaryimage\"},\"thumbnailUrl\":\"https:\/\/culturbaine.com\/wp-content\/uploads\/2023\/08\/Screenshot_20230818-182118.jpg\",\"datePublished\":\"2023-08-18T18:44:24+00:00\",\"dateModified\":\"2023-08-18T18:44:24+00:00\",\"breadcrumb\":{\"@id\":\"http:\/\/culturbaine.com\/index.php\/2023\/08\/18\/rema-sort-son-clip-girl-in-black-en-feat-avec-lil-nas-x-et-d4vd\/#breadcrumb\"},\"inLanguage\":\"fr-FR\",\"potentialAction\":[{\"@type\":\"ReadAction\",\"target\":[\"http:\/\/culturbaine.com\/index.php\/2023\/08\/18\/rema-sort-son-clip-girl-in-black-en-feat-avec-lil-nas-x-et-d4vd\/\"]}]},{\"@type\":\"ImageObject\",\"inLanguage\":\"fr-FR\",\"@id\":\"http:\/\/culturbaine.com\/index.php\/2023\/08\/18\/rema-sort-son-clip-girl-in-black-en-feat-avec-lil-nas-x-et-d4vd\/#primaryimage\",\"url\":\"https:\/\/culturbaine.com\/wp-content\/uploads\/2023\/08\/Screenshot_20230818-182118.jpg\",\"contentUrl\":\"https:\/\/culturbaine.com\/wp-content\/uploads\/2023\/08\/Screenshot_20230818-182118.jpg\",\"width\":533,\"height\":319},{\"@type\":\"BreadcrumbList\",\"@id\":\"http:\/\/culturbaine.com\/index.php\/2023\/08\/18\/rema-sort-son-clip-girl-in-black-en-feat-avec-lil-nas-x-et-d4vd\/#breadcrumb\",\"itemListElement\":[{\"@type\":\"ListItem\",\"position\":1,\"name\":\"Home\",\"item\":\"https:\/\/culturbaine.com\/\"},{\"@type\":\"ListItem\",\"position\":2,\"name\":\"Rema sort son clip \u00ab\u00a0Girl in Black\u00a0\u00bb en feat avec Lil Nas X et D4vd\"}]},{\"@type\":\"WebSite\",\"@id\":\"https:\/\/culturbaine.com\/#website\",\"url\":\"https:\/\/culturbaine.com\/\",\"name\":\"Culturbaine.com\",\"description\":\"Toute l&#039;actualit\u00e9 des Cultures Urbaines, en un clic  !\",\"publisher\":{\"@id\":\"https:\/\/culturbaine.com\/#organization\"},\"potentialAction\":[{\"@type\":\"SearchAction\",\"target\":{\"@type\":\"EntryPoint\",\"urlTemplate\":\"https:\/\/culturbaine.com\/?s={search_term_string}\"},\"query-input\":{\"@type\":\"PropertyValueSpecification\",\"valueRequired\":true,\"valueName\":\"search_term_string\"}}],\"inLanguage\":\"fr-FR\"},{\"@type\":\"Organization\",\"@id\":\"https:\/\/culturbaine.com\/#organization\",\"name\":\"Culturbaine.com\",\"url\":\"https:\/\/culturbaine.com\/\",\"logo\":{\"@type\":\"ImageObject\",\"inLanguage\":\"fr-FR\",\"@id\":\"https:\/\/culturbaine.com\/#\/schema\/logo\/image\/\",\"url\":\"https:\/\/culturbaine.com\/wp-content\/uploads\/2023\/07\/WhatsApp-Image-2023-07-17-at-14.38.18.jpeg\",\"contentUrl\":\"https:\/\/culturbaine.com\/wp-content\/uploads\/2023\/07\/WhatsApp-Image-2023-07-17-at-14.38.18.jpeg\",\"width\":855,\"height\":270,\"caption\":\"Culturbaine.com\"},\"image\":{\"@id\":\"https:\/\/culturbaine.com\/#\/schema\/logo\/image\/\"},\"sameAs\":[\"https:\/\/www.facebook.com\/Culturbaines\",\"https:\/\/x.com\/culturbaines\"]},{\"@type\":\"Person\",\"@id\":\"https:\/\/culturbaine.com\/#\/schema\/person\/42eb7485c572e0746c1ea6b8216c3814\",\"name\":\"admin1\",\"image\":{\"@type\":\"ImageObject\",\"inLanguage\":\"fr-FR\",\"@id\":\"https:\/\/culturbaine.com\/#\/schema\/person\/image\/\",\"url\":\"https:\/\/secure.gravatar.com\/avatar\/c268f4d483ce0486e5a10fee87bbf756?s=96&d=mm&r=g\",\"contentUrl\":\"https:\/\/secure.gravatar.com\/avatar\/c268f4d483ce0486e5a10fee87bbf756?s=96&d=mm&r=g\",\"caption\":\"admin1\"},\"url\":\"https:\/\/culturbaine.com\/index.php\/author\/admin1\/\"}]}<\/script>\n<!-- \/ Yoast SEO Premium plugin. -->","yoast_head_json":{"title":"Rema sort son clip \"Girl in Black\" en feat avec Lil Nas X et D4vd - Culturbaine","robots":{"index":"index","follow":"follow","max-snippet":"max-snippet:-1","max-image-preview":"max-image-preview:large","max-video-preview":"max-video-preview:-1"},"canonical":"http:\/\/culturbaine.com\/index.php\/2023\/08\/18\/rema-sort-son-clip-girl-in-black-en-feat-avec-lil-nas-x-et-d4vd\/","og_locale":"fr_FR","og_type":"article","og_title":"Rema sort son clip \"Girl in Black\" en feat avec Lil Nas X et D4vd","og_description":"L&rsquo;actuel ph\u00e9nom\u00e8ne de l&rsquo;afrobeat nig\u00e9rian\u00a0Rema se montre ultra productif. Ces derniers temps, il ne donne plus assez de temps \u00e0 ses fans pour bien \u00e9couter ses morceaux. Pour donner suite \u00e0 son r\u00e9cent single Price for a soul, sorti il y a plus d&rsquo;une dizaine de jours en feat avec Travis Scott &amp; Psycho Yp, [&hellip;]","og_url":"http:\/\/culturbaine.com\/index.php\/2023\/08\/18\/rema-sort-son-clip-girl-in-black-en-feat-avec-lil-nas-x-et-d4vd\/","og_site_name":"Culturbaine","article_publisher":"https:\/\/www.facebook.com\/Culturbaines","article_published_time":"2023-08-18T18:44:24+00:00","og_image":[{"width":533,"height":319,"url":"http:\/\/culturbaine.com\/wp-content\/uploads\/2023\/08\/Screenshot_20230818-182118.jpg","type":"image\/jpeg"}],"author":"admin1","twitter_card":"summary_large_image","twitter_creator":"@culturbaines","twitter_site":"@culturbaines","twitter_misc":{"\u00c9crit par":"admin1","Dur\u00e9e de lecture estim\u00e9e":"1 minute"},"schema":{"@context":"https:\/\/schema.org","@graph":[{"@type":"Article","@id":"http:\/\/culturbaine.com\/index.php\/2023\/08\/18\/rema-sort-son-clip-girl-in-black-en-feat-avec-lil-nas-x-et-d4vd\/#article","isPartOf":{"@id":"http:\/\/culturbaine.com\/index.php\/2023\/08\/18\/rema-sort-son-clip-girl-in-black-en-feat-avec-lil-nas-x-et-d4vd\/"},"author":{"name":"admin1","@id":"https:\/\/culturbaine.com\/#\/schema\/person\/42eb7485c572e0746c1ea6b8216c3814"},"headline":"Rema sort son clip \u00ab\u00a0Girl in Black\u00a0\u00bb en feat avec Lil Nas X et D4vd","datePublished":"2023-08-18T18:44:24+00:00","dateModified":"2023-08-18T18:44:24+00:00","mainEntityOfPage":{"@id":"http:\/\/culturbaine.com\/index.php\/2023\/08\/18\/rema-sort-son-clip-girl-in-black-en-feat-avec-lil-nas-x-et-d4vd\/"},"wordCount":159,"commentCount":0,"publisher":{"@id":"https:\/\/culturbaine.com\/#organization"},"image":{"@id":"http:\/\/culturbaine.com\/index.php\/2023\/08\/18\/rema-sort-son-clip-girl-in-black-en-feat-avec-lil-nas-x-et-d4vd\/#primaryimage"},"thumbnailUrl":"https:\/\/culturbaine.com\/wp-content\/uploads\/2023\/08\/Screenshot_20230818-182118.jpg","keywords":["Africa","Afrobeat","D4vd","Girl in black","Lil Nas X","Nigeria","Rema"],"articleSection":["Actualit\u00e9","Clip","Derni\u00e8res sorties"],"inLanguage":"fr-FR"},{"@type":"WebPage","@id":"http:\/\/culturbaine.com\/index.php\/2023\/08\/18\/rema-sort-son-clip-girl-in-black-en-feat-avec-lil-nas-x-et-d4vd\/","url":"http:\/\/culturbaine.com\/index.php\/2023\/08\/18\/rema-sort-son-clip-girl-in-black-en-feat-avec-lil-nas-x-et-d4vd\/","name":"Rema sort son clip \"Girl in Black\" en feat avec Lil Nas X et D4vd - Culturbaine","isPartOf":{"@id":"https:\/\/culturbaine.com\/#website"},"primaryImageOfPage":{"@id":"http:\/\/culturbaine.com\/index.php\/2023\/08\/18\/rema-sort-son-clip-girl-in-black-en-feat-avec-lil-nas-x-et-d4vd\/#primaryimage"},"image":{"@id":"http:\/\/culturbaine.com\/index.php\/2023\/08\/18\/rema-sort-son-clip-girl-in-black-en-feat-avec-lil-nas-x-et-d4vd\/#primaryimage"},"thumbnailUrl":"https:\/\/culturbaine.com\/wp-content\/uploads\/2023\/08\/Screenshot_20230818-182118.jpg","datePublished":"2023-08-18T18:44:24+00:00","dateModified":"2023-08-18T18:44:24+00:00","breadcrumb":{"@id":"http:\/\/culturbaine.com\/index.php\/2023\/08\/18\/rema-sort-son-clip-girl-in-black-en-feat-avec-lil-nas-x-et-d4vd\/#breadcrumb"},"inLanguage":"fr-FR","potentialAction":[{"@type":"ReadAction","target":["http:\/\/culturbaine.com\/index.php\/2023\/08\/18\/rema-sort-son-clip-girl-in-black-en-feat-avec-lil-nas-x-et-d4vd\/"]}]},{"@type":"ImageObject","inLanguage":"fr-FR","@id":"http:\/\/culturbaine.com\/index.php\/2023\/08\/18\/rema-sort-son-clip-girl-in-black-en-feat-avec-lil-nas-x-et-d4vd\/#primaryimage","url":"https:\/\/culturbaine.com\/wp-content\/uploads\/2023\/08\/Screenshot_20230818-182118.jpg","contentUrl":"https:\/\/culturbaine.com\/wp-content\/uploads\/2023\/08\/Screenshot_20230818-182118.jpg","width":533,"height":319},{"@type":"BreadcrumbList","@id":"http:\/\/culturbaine.com\/index.php\/2023\/08\/18\/rema-sort-son-clip-girl-in-black-en-feat-avec-lil-nas-x-et-d4vd\/#breadcrumb","itemListElement":[{"@type":"ListItem","position":1,"name":"Home","item":"https:\/\/culturbaine.com\/"},{"@type":"ListItem","position":2,"name":"Rema sort son clip \u00ab\u00a0Girl in Black\u00a0\u00bb en feat avec Lil Nas X et D4vd"}]},{"@type":"WebSite","@id":"https:\/\/culturbaine.com\/#website","url":"https:\/\/culturbaine.com\/","name":"Culturbaine.com","description":"Toute l&#039;actualit\u00e9 des Cultures Urbaines, en un clic  !","publisher":{"@id":"https:\/\/culturbaine.com\/#organization"},"potentialAction":[{"@type":"SearchAction","target":{"@type":"EntryPoint","urlTemplate":"https:\/\/culturbaine.com\/?s={search_term_string}"},"query-input":{"@type":"PropertyValueSpecification","valueRequired":true,"valueName":"search_term_string"}}],"inLanguage":"fr-FR"},{"@type":"Organization","@id":"https:\/\/culturbaine.com\/#organization","name":"Culturbaine.com","url":"https:\/\/culturbaine.com\/","logo":{"@type":"ImageObject","inLanguage":"fr-FR","@id":"https:\/\/culturbaine.com\/#\/schema\/logo\/image\/","url":"https:\/\/culturbaine.com\/wp-content\/uploads\/2023\/07\/WhatsApp-Image-2023-07-17-at-14.38.18.jpeg","contentUrl":"https:\/\/culturbaine.com\/wp-content\/uploads\/2023\/07\/WhatsApp-Image-2023-07-17-at-14.38.18.jpeg","width":855,"height":270,"caption":"Culturbaine.com"},"image":{"@id":"https:\/\/culturbaine.com\/#\/schema\/logo\/image\/"},"sameAs":["https:\/\/www.facebook.com\/Culturbaines","https:\/\/x.com\/culturbaines"]},{"@type":"Person","@id":"https:\/\/culturbaine.com\/#\/schema\/person\/42eb7485c572e0746c1ea6b8216c3814","name":"admin1","image":{"@type":"ImageObject","inLanguage":"fr-FR","@id":"https:\/\/culturbaine.com\/#\/schema\/person\/image\/","url":"https:\/\/secure.gravatar.com\/avatar\/c268f4d483ce0486e5a10fee87bbf756?s=96&d=mm&r=g","contentUrl":"https:\/\/secure.gravatar.com\/avatar\/c268f4d483ce0486e5a10fee87bbf756?s=96&d=mm&r=g","caption":"admin1"},"url":"https:\/\/culturbaine.com\/index.php\/author\/admin1\/"}]}},"_links":{"self":[{"href":"https:\/\/culturbaine.com\/index.php\/wp-json\/wp\/v2\/posts\/765"}],"collection":[{"href":"https:\/\/culturbaine.com\/index.php\/wp-json\/wp\/v2\/posts"}],"about":[{"href":"https:\/\/culturbaine.com\/index.php\/wp-json\/wp\/v2\/types\/post"}],"author":[{"embeddable":true,"href":"https:\/\/culturbaine.com\/index.php\/wp-json\/wp\/v2\/users\/2"}],"replies":[{"embeddable":true,"href":"https:\/\/culturbaine.com\/index.php\/wp-json\/wp\/v2\/comments?post=765"}],"version-history":[{"count":0,"href":"https:\/\/culturbaine.com\/index.php\/wp-json\/wp\/v2\/posts\/765\/revisions"}],"wp:featuredmedia":[{"embeddable":true,"href":"https:\/\/culturbaine.com\/index.php\/wp-json\/wp\/v2\/media\/768"}],"wp:attachment":[{"href":"https:\/\/culturbaine.com\/index.php\/wp-json\/wp\/v2\/media?parent=765"}],"wp:term":[{"taxonomy":"category","embeddable":true,"href":"https:\/\/culturbaine.com\/index.php\/wp-json\/wp\/v2\/categories?post=765"},{"taxonomy":"post_tag","embeddable":true,"href":"https:\/\/culturbaine.com\/index.php\/wp-json\/wp\/v2\/tags?post=765"}],"curies":[{"name":"wp","href":"https:\/\/api.w.org\/{rel}","templated":true}]}}