{"id":7580,"date":"2024-07-12T09:40:05","date_gmt":"2024-07-12T09:40:05","guid":{"rendered":"https:\/\/culturbaine.com\/?p=7580"},"modified":"2024-07-12T09:40:05","modified_gmt":"2024-07-12T09:40:05","slug":"de-lautre-cote-le-nouvel-album-de-vegedream-est-sorti","status":"publish","type":"post","link":"https:\/\/culturbaine.com\/index.php\/2024\/07\/12\/de-lautre-cote-le-nouvel-album-de-vegedream-est-sorti\/","title":{"rendered":"De l&rsquo;autre c\u00f4t\u00e9 : Le nouvel album de Vegedream est sorti !"},"content":{"rendered":"<p><span>L&rsquo;attente est d\u00e9sormais termin\u00e9e. Le chanteur et rappeur fran\u00e7ais <\/span><b>Vegedream<\/b><span> vient de sortir son nouvel album \u00ab\u00a0<\/span><b>De l&rsquo;autre C\u00f4t\u00e9\u00a0\u00bb,<\/b><span> le troisi\u00e8me disque de l&rsquo;artiste.<\/span><\/p>\n<p><span style=\"font-weight: 400;\">Ce projet regorge de sonorit\u00e9s afro qui nous transportent dans l&rsquo;univers de l&rsquo;artiste. Pour cet album, l&rsquo;artiste originaire d&rsquo;Orl\u00e9ans a r\u00e9alis\u00e9 plusieurs collaborations avec, entre autres, <\/span><b>Warren Saada, Nej, Didi B, Singuila, La Famillia, Kerchak et Kaaris.<\/b><\/p>\n<p><iframe title=\"Spotify Embed: De l&amp;apos;autre c\u00f4t\u00e9\" style=\"border-radius: 12px\" width=\"100%\" height=\"352\" frameborder=\"0\" allowfullscreen allow=\"autoplay; clipboard-write; encrypted-media; fullscreen; picture-in-picture\" loading=\"lazy\" src=\"https:\/\/open.spotify.com\/embed\/album\/4BDpKPjs4tVrdIYiUX0KEt?si=0O3MkjbIR-KebTDNoRpinQ&#038;utm_source=oembed\"><\/iframe><\/p>\n<p><b>Mohamed Cinq Sylla<\/b><span style=\"font-weight: 400;\">\u00a0<\/span><\/p>\n","protected":false},"excerpt":{"rendered":"<p>L&rsquo;attente est d\u00e9sormais termin\u00e9e. Le chanteur et rappeur fran\u00e7ais Vegedream vient de sortir son nouvel album \u00ab\u00a0De l&rsquo;autre C\u00f4t\u00e9\u00a0\u00bb, le troisi\u00e8me disque de l&rsquo;artiste. Ce projet regorge de sonorit\u00e9s afro qui nous transportent dans l&rsquo;univers de l&rsquo;artiste. Pour cet album, l&rsquo;artiste originaire d&rsquo;Orl\u00e9ans a r\u00e9alis\u00e9 plusieurs collaborations avec, entre autres, Warren Saada, Nej, Didi B, [&hellip;]<\/p>\n","protected":false},"author":2,"featured_media":7582,"comment_status":"closed","ping_status":"closed","sticky":false,"template":"","format":"standard","meta":{"_mi_skip_tracking":false,"_monsterinsights_sitenote_active":false,"_monsterinsights_sitenote_note":"","_monsterinsights_sitenote_category":0,"footnotes":""},"categories":[21,32,500],"tags":[2660,120,2007],"class_list":["post-7580","post","type-post","status-publish","format-standard","has-post-thumbnail","hentry","category-actualite","category-dernieres-sorties","category-musique","tag-de-lautre-cote","tag-nouvel-album","tag-vegedream"],"yoast_head":"<!-- This site is optimized with the Yoast SEO Premium plugin v20.1 (Yoast SEO v24.0) - https:\/\/yoast.com\/wordpress\/plugins\/seo\/ -->\n<title>De l&#039;autre c\u00f4t\u00e9 : Le nouvel album de Vegedream est sorti ! - Culturbaine<\/title>\n<meta name=\"robots\" content=\"index, follow, max-snippet:-1, max-image-preview:large, max-video-preview:-1\" \/>\n<link rel=\"canonical\" href=\"https:\/\/culturbaine.com\/index.php\/2024\/07\/12\/de-lautre-cote-le-nouvel-album-de-vegedream-est-sorti\/\" \/>\n<meta property=\"og:locale\" content=\"fr_FR\" \/>\n<meta property=\"og:type\" content=\"article\" \/>\n<meta property=\"og:title\" content=\"De l&#039;autre c\u00f4t\u00e9 : Le nouvel album de Vegedream est sorti !\" \/>\n<meta property=\"og:description\" content=\"L&rsquo;attente est d\u00e9sormais termin\u00e9e. Le chanteur et rappeur fran\u00e7ais Vegedream vient de sortir son nouvel album \u00ab\u00a0De l&rsquo;autre C\u00f4t\u00e9\u00a0\u00bb, le troisi\u00e8me disque de l&rsquo;artiste. Ce projet regorge de sonorit\u00e9s afro qui nous transportent dans l&rsquo;univers de l&rsquo;artiste. Pour cet album, l&rsquo;artiste originaire d&rsquo;Orl\u00e9ans a r\u00e9alis\u00e9 plusieurs collaborations avec, entre autres, Warren Saada, Nej, Didi B, [&hellip;]\" \/>\n<meta property=\"og:url\" content=\"https:\/\/culturbaine.com\/index.php\/2024\/07\/12\/de-lautre-cote-le-nouvel-album-de-vegedream-est-sorti\/\" \/>\n<meta property=\"og:site_name\" content=\"Culturbaine\" \/>\n<meta property=\"article:publisher\" content=\"https:\/\/www.facebook.com\/Culturbaines\" \/>\n<meta property=\"article:published_time\" content=\"2024-07-12T09:40:05+00:00\" \/>\n<meta property=\"og:image\" content=\"https:\/\/culturbaine.com\/wp-content\/uploads\/2024\/07\/IMG_20240712_093317.jpg\" \/>\n\t<meta property=\"og:image:width\" content=\"720\" \/>\n\t<meta property=\"og:image:height\" content=\"438\" \/>\n\t<meta property=\"og:image:type\" content=\"image\/jpeg\" \/>\n<meta name=\"author\" content=\"admin1\" \/>\n<meta name=\"twitter:card\" content=\"summary_large_image\" \/>\n<meta name=\"twitter:creator\" content=\"@culturbaines\" \/>\n<meta name=\"twitter:site\" content=\"@culturbaines\" \/>\n<meta name=\"twitter:label1\" content=\"\u00c9crit par\" \/>\n\t<meta name=\"twitter:data1\" content=\"admin1\" \/>\n\t<meta name=\"twitter:label2\" content=\"Dur\u00e9e de lecture estim\u00e9e\" \/>\n\t<meta name=\"twitter:data2\" content=\"1 minute\" \/>\n<script type=\"application\/ld+json\" class=\"yoast-schema-graph\">{\"@context\":\"https:\/\/schema.org\",\"@graph\":[{\"@type\":\"Article\",\"@id\":\"https:\/\/culturbaine.com\/index.php\/2024\/07\/12\/de-lautre-cote-le-nouvel-album-de-vegedream-est-sorti\/#article\",\"isPartOf\":{\"@id\":\"https:\/\/culturbaine.com\/index.php\/2024\/07\/12\/de-lautre-cote-le-nouvel-album-de-vegedream-est-sorti\/\"},\"author\":{\"name\":\"admin1\",\"@id\":\"https:\/\/culturbaine.com\/#\/schema\/person\/42eb7485c572e0746c1ea6b8216c3814\"},\"headline\":\"De l&rsquo;autre c\u00f4t\u00e9 : Le nouvel album de Vegedream est sorti !\",\"datePublished\":\"2024-07-12T09:40:05+00:00\",\"dateModified\":\"2024-07-12T09:40:05+00:00\",\"mainEntityOfPage\":{\"@id\":\"https:\/\/culturbaine.com\/index.php\/2024\/07\/12\/de-lautre-cote-le-nouvel-album-de-vegedream-est-sorti\/\"},\"wordCount\":102,\"publisher\":{\"@id\":\"https:\/\/culturbaine.com\/#organization\"},\"image\":{\"@id\":\"https:\/\/culturbaine.com\/index.php\/2024\/07\/12\/de-lautre-cote-le-nouvel-album-de-vegedream-est-sorti\/#primaryimage\"},\"thumbnailUrl\":\"https:\/\/culturbaine.com\/wp-content\/uploads\/2024\/07\/IMG_20240712_093317.jpg\",\"keywords\":[\"De l'autre c\u00f4t\u00e9\",\"nouvel album\",\"Vegedream\"],\"articleSection\":[\"Actualit\u00e9\",\"Derni\u00e8res sorties\",\"Musique\"],\"inLanguage\":\"fr-FR\"},{\"@type\":\"WebPage\",\"@id\":\"https:\/\/culturbaine.com\/index.php\/2024\/07\/12\/de-lautre-cote-le-nouvel-album-de-vegedream-est-sorti\/\",\"url\":\"https:\/\/culturbaine.com\/index.php\/2024\/07\/12\/de-lautre-cote-le-nouvel-album-de-vegedream-est-sorti\/\",\"name\":\"De l'autre c\u00f4t\u00e9 : Le nouvel album de Vegedream est sorti ! - Culturbaine\",\"isPartOf\":{\"@id\":\"https:\/\/culturbaine.com\/#website\"},\"primaryImageOfPage\":{\"@id\":\"https:\/\/culturbaine.com\/index.php\/2024\/07\/12\/de-lautre-cote-le-nouvel-album-de-vegedream-est-sorti\/#primaryimage\"},\"image\":{\"@id\":\"https:\/\/culturbaine.com\/index.php\/2024\/07\/12\/de-lautre-cote-le-nouvel-album-de-vegedream-est-sorti\/#primaryimage\"},\"thumbnailUrl\":\"https:\/\/culturbaine.com\/wp-content\/uploads\/2024\/07\/IMG_20240712_093317.jpg\",\"datePublished\":\"2024-07-12T09:40:05+00:00\",\"dateModified\":\"2024-07-12T09:40:05+00:00\",\"breadcrumb\":{\"@id\":\"https:\/\/culturbaine.com\/index.php\/2024\/07\/12\/de-lautre-cote-le-nouvel-album-de-vegedream-est-sorti\/#breadcrumb\"},\"inLanguage\":\"fr-FR\",\"potentialAction\":[{\"@type\":\"ReadAction\",\"target\":[\"https:\/\/culturbaine.com\/index.php\/2024\/07\/12\/de-lautre-cote-le-nouvel-album-de-vegedream-est-sorti\/\"]}]},{\"@type\":\"ImageObject\",\"inLanguage\":\"fr-FR\",\"@id\":\"https:\/\/culturbaine.com\/index.php\/2024\/07\/12\/de-lautre-cote-le-nouvel-album-de-vegedream-est-sorti\/#primaryimage\",\"url\":\"https:\/\/culturbaine.com\/wp-content\/uploads\/2024\/07\/IMG_20240712_093317.jpg\",\"contentUrl\":\"https:\/\/culturbaine.com\/wp-content\/uploads\/2024\/07\/IMG_20240712_093317.jpg\",\"width\":720,\"height\":438},{\"@type\":\"BreadcrumbList\",\"@id\":\"https:\/\/culturbaine.com\/index.php\/2024\/07\/12\/de-lautre-cote-le-nouvel-album-de-vegedream-est-sorti\/#breadcrumb\",\"itemListElement\":[{\"@type\":\"ListItem\",\"position\":1,\"name\":\"Home\",\"item\":\"https:\/\/culturbaine.com\/\"},{\"@type\":\"ListItem\",\"position\":2,\"name\":\"De l&rsquo;autre c\u00f4t\u00e9 : Le nouvel album de Vegedream est sorti !\"}]},{\"@type\":\"WebSite\",\"@id\":\"https:\/\/culturbaine.com\/#website\",\"url\":\"https:\/\/culturbaine.com\/\",\"name\":\"Culturbaine.com\",\"description\":\"Toute l&#039;actualit\u00e9 des Cultures Urbaines, en un clic  !\",\"publisher\":{\"@id\":\"https:\/\/culturbaine.com\/#organization\"},\"potentialAction\":[{\"@type\":\"SearchAction\",\"target\":{\"@type\":\"EntryPoint\",\"urlTemplate\":\"https:\/\/culturbaine.com\/?s={search_term_string}\"},\"query-input\":{\"@type\":\"PropertyValueSpecification\",\"valueRequired\":true,\"valueName\":\"search_term_string\"}}],\"inLanguage\":\"fr-FR\"},{\"@type\":\"Organization\",\"@id\":\"https:\/\/culturbaine.com\/#organization\",\"name\":\"Culturbaine.com\",\"url\":\"https:\/\/culturbaine.com\/\",\"logo\":{\"@type\":\"ImageObject\",\"inLanguage\":\"fr-FR\",\"@id\":\"https:\/\/culturbaine.com\/#\/schema\/logo\/image\/\",\"url\":\"https:\/\/culturbaine.com\/wp-content\/uploads\/2023\/07\/WhatsApp-Image-2023-07-17-at-14.38.18.jpeg\",\"contentUrl\":\"https:\/\/culturbaine.com\/wp-content\/uploads\/2023\/07\/WhatsApp-Image-2023-07-17-at-14.38.18.jpeg\",\"width\":855,\"height\":270,\"caption\":\"Culturbaine.com\"},\"image\":{\"@id\":\"https:\/\/culturbaine.com\/#\/schema\/logo\/image\/\"},\"sameAs\":[\"https:\/\/www.facebook.com\/Culturbaines\",\"https:\/\/x.com\/culturbaines\"]},{\"@type\":\"Person\",\"@id\":\"https:\/\/culturbaine.com\/#\/schema\/person\/42eb7485c572e0746c1ea6b8216c3814\",\"name\":\"admin1\",\"image\":{\"@type\":\"ImageObject\",\"inLanguage\":\"fr-FR\",\"@id\":\"https:\/\/culturbaine.com\/#\/schema\/person\/image\/\",\"url\":\"https:\/\/secure.gravatar.com\/avatar\/c268f4d483ce0486e5a10fee87bbf756?s=96&d=mm&r=g\",\"contentUrl\":\"https:\/\/secure.gravatar.com\/avatar\/c268f4d483ce0486e5a10fee87bbf756?s=96&d=mm&r=g\",\"caption\":\"admin1\"},\"url\":\"https:\/\/culturbaine.com\/index.php\/author\/admin1\/\"}]}<\/script>\n<!-- \/ Yoast SEO Premium plugin. -->","yoast_head_json":{"title":"De l'autre c\u00f4t\u00e9 : Le nouvel album de Vegedream est sorti ! - Culturbaine","robots":{"index":"index","follow":"follow","max-snippet":"max-snippet:-1","max-image-preview":"max-image-preview:large","max-video-preview":"max-video-preview:-1"},"canonical":"https:\/\/culturbaine.com\/index.php\/2024\/07\/12\/de-lautre-cote-le-nouvel-album-de-vegedream-est-sorti\/","og_locale":"fr_FR","og_type":"article","og_title":"De l'autre c\u00f4t\u00e9 : Le nouvel album de Vegedream est sorti !","og_description":"L&rsquo;attente est d\u00e9sormais termin\u00e9e. Le chanteur et rappeur fran\u00e7ais Vegedream vient de sortir son nouvel album \u00ab\u00a0De l&rsquo;autre C\u00f4t\u00e9\u00a0\u00bb, le troisi\u00e8me disque de l&rsquo;artiste. Ce projet regorge de sonorit\u00e9s afro qui nous transportent dans l&rsquo;univers de l&rsquo;artiste. Pour cet album, l&rsquo;artiste originaire d&rsquo;Orl\u00e9ans a r\u00e9alis\u00e9 plusieurs collaborations avec, entre autres, Warren Saada, Nej, Didi B, [&hellip;]","og_url":"https:\/\/culturbaine.com\/index.php\/2024\/07\/12\/de-lautre-cote-le-nouvel-album-de-vegedream-est-sorti\/","og_site_name":"Culturbaine","article_publisher":"https:\/\/www.facebook.com\/Culturbaines","article_published_time":"2024-07-12T09:40:05+00:00","og_image":[{"width":720,"height":438,"url":"https:\/\/culturbaine.com\/wp-content\/uploads\/2024\/07\/IMG_20240712_093317.jpg","type":"image\/jpeg"}],"author":"admin1","twitter_card":"summary_large_image","twitter_creator":"@culturbaines","twitter_site":"@culturbaines","twitter_misc":{"\u00c9crit par":"admin1","Dur\u00e9e de lecture estim\u00e9e":"1 minute"},"schema":{"@context":"https:\/\/schema.org","@graph":[{"@type":"Article","@id":"https:\/\/culturbaine.com\/index.php\/2024\/07\/12\/de-lautre-cote-le-nouvel-album-de-vegedream-est-sorti\/#article","isPartOf":{"@id":"https:\/\/culturbaine.com\/index.php\/2024\/07\/12\/de-lautre-cote-le-nouvel-album-de-vegedream-est-sorti\/"},"author":{"name":"admin1","@id":"https:\/\/culturbaine.com\/#\/schema\/person\/42eb7485c572e0746c1ea6b8216c3814"},"headline":"De l&rsquo;autre c\u00f4t\u00e9 : Le nouvel album de Vegedream est sorti !","datePublished":"2024-07-12T09:40:05+00:00","dateModified":"2024-07-12T09:40:05+00:00","mainEntityOfPage":{"@id":"https:\/\/culturbaine.com\/index.php\/2024\/07\/12\/de-lautre-cote-le-nouvel-album-de-vegedream-est-sorti\/"},"wordCount":102,"publisher":{"@id":"https:\/\/culturbaine.com\/#organization"},"image":{"@id":"https:\/\/culturbaine.com\/index.php\/2024\/07\/12\/de-lautre-cote-le-nouvel-album-de-vegedream-est-sorti\/#primaryimage"},"thumbnailUrl":"https:\/\/culturbaine.com\/wp-content\/uploads\/2024\/07\/IMG_20240712_093317.jpg","keywords":["De l'autre c\u00f4t\u00e9","nouvel album","Vegedream"],"articleSection":["Actualit\u00e9","Derni\u00e8res sorties","Musique"],"inLanguage":"fr-FR"},{"@type":"WebPage","@id":"https:\/\/culturbaine.com\/index.php\/2024\/07\/12\/de-lautre-cote-le-nouvel-album-de-vegedream-est-sorti\/","url":"https:\/\/culturbaine.com\/index.php\/2024\/07\/12\/de-lautre-cote-le-nouvel-album-de-vegedream-est-sorti\/","name":"De l'autre c\u00f4t\u00e9 : Le nouvel album de Vegedream est sorti ! - Culturbaine","isPartOf":{"@id":"https:\/\/culturbaine.com\/#website"},"primaryImageOfPage":{"@id":"https:\/\/culturbaine.com\/index.php\/2024\/07\/12\/de-lautre-cote-le-nouvel-album-de-vegedream-est-sorti\/#primaryimage"},"image":{"@id":"https:\/\/culturbaine.com\/index.php\/2024\/07\/12\/de-lautre-cote-le-nouvel-album-de-vegedream-est-sorti\/#primaryimage"},"thumbnailUrl":"https:\/\/culturbaine.com\/wp-content\/uploads\/2024\/07\/IMG_20240712_093317.jpg","datePublished":"2024-07-12T09:40:05+00:00","dateModified":"2024-07-12T09:40:05+00:00","breadcrumb":{"@id":"https:\/\/culturbaine.com\/index.php\/2024\/07\/12\/de-lautre-cote-le-nouvel-album-de-vegedream-est-sorti\/#breadcrumb"},"inLanguage":"fr-FR","potentialAction":[{"@type":"ReadAction","target":["https:\/\/culturbaine.com\/index.php\/2024\/07\/12\/de-lautre-cote-le-nouvel-album-de-vegedream-est-sorti\/"]}]},{"@type":"ImageObject","inLanguage":"fr-FR","@id":"https:\/\/culturbaine.com\/index.php\/2024\/07\/12\/de-lautre-cote-le-nouvel-album-de-vegedream-est-sorti\/#primaryimage","url":"https:\/\/culturbaine.com\/wp-content\/uploads\/2024\/07\/IMG_20240712_093317.jpg","contentUrl":"https:\/\/culturbaine.com\/wp-content\/uploads\/2024\/07\/IMG_20240712_093317.jpg","width":720,"height":438},{"@type":"BreadcrumbList","@id":"https:\/\/culturbaine.com\/index.php\/2024\/07\/12\/de-lautre-cote-le-nouvel-album-de-vegedream-est-sorti\/#breadcrumb","itemListElement":[{"@type":"ListItem","position":1,"name":"Home","item":"https:\/\/culturbaine.com\/"},{"@type":"ListItem","position":2,"name":"De l&rsquo;autre c\u00f4t\u00e9 : Le nouvel album de Vegedream est sorti !"}]},{"@type":"WebSite","@id":"https:\/\/culturbaine.com\/#website","url":"https:\/\/culturbaine.com\/","name":"Culturbaine.com","description":"Toute l&#039;actualit\u00e9 des Cultures Urbaines, en un clic  !","publisher":{"@id":"https:\/\/culturbaine.com\/#organization"},"potentialAction":[{"@type":"SearchAction","target":{"@type":"EntryPoint","urlTemplate":"https:\/\/culturbaine.com\/?s={search_term_string}"},"query-input":{"@type":"PropertyValueSpecification","valueRequired":true,"valueName":"search_term_string"}}],"inLanguage":"fr-FR"},{"@type":"Organization","@id":"https:\/\/culturbaine.com\/#organization","name":"Culturbaine.com","url":"https:\/\/culturbaine.com\/","logo":{"@type":"ImageObject","inLanguage":"fr-FR","@id":"https:\/\/culturbaine.com\/#\/schema\/logo\/image\/","url":"https:\/\/culturbaine.com\/wp-content\/uploads\/2023\/07\/WhatsApp-Image-2023-07-17-at-14.38.18.jpeg","contentUrl":"https:\/\/culturbaine.com\/wp-content\/uploads\/2023\/07\/WhatsApp-Image-2023-07-17-at-14.38.18.jpeg","width":855,"height":270,"caption":"Culturbaine.com"},"image":{"@id":"https:\/\/culturbaine.com\/#\/schema\/logo\/image\/"},"sameAs":["https:\/\/www.facebook.com\/Culturbaines","https:\/\/x.com\/culturbaines"]},{"@type":"Person","@id":"https:\/\/culturbaine.com\/#\/schema\/person\/42eb7485c572e0746c1ea6b8216c3814","name":"admin1","image":{"@type":"ImageObject","inLanguage":"fr-FR","@id":"https:\/\/culturbaine.com\/#\/schema\/person\/image\/","url":"https:\/\/secure.gravatar.com\/avatar\/c268f4d483ce0486e5a10fee87bbf756?s=96&d=mm&r=g","contentUrl":"https:\/\/secure.gravatar.com\/avatar\/c268f4d483ce0486e5a10fee87bbf756?s=96&d=mm&r=g","caption":"admin1"},"url":"https:\/\/culturbaine.com\/index.php\/author\/admin1\/"}]}},"_links":{"self":[{"href":"https:\/\/culturbaine.com\/index.php\/wp-json\/wp\/v2\/posts\/7580"}],"collection":[{"href":"https:\/\/culturbaine.com\/index.php\/wp-json\/wp\/v2\/posts"}],"about":[{"href":"https:\/\/culturbaine.com\/index.php\/wp-json\/wp\/v2\/types\/post"}],"author":[{"embeddable":true,"href":"https:\/\/culturbaine.com\/index.php\/wp-json\/wp\/v2\/users\/2"}],"replies":[{"embeddable":true,"href":"https:\/\/culturbaine.com\/index.php\/wp-json\/wp\/v2\/comments?post=7580"}],"version-history":[{"count":0,"href":"https:\/\/culturbaine.com\/index.php\/wp-json\/wp\/v2\/posts\/7580\/revisions"}],"wp:featuredmedia":[{"embeddable":true,"href":"https:\/\/culturbaine.com\/index.php\/wp-json\/wp\/v2\/media\/7582"}],"wp:attachment":[{"href":"https:\/\/culturbaine.com\/index.php\/wp-json\/wp\/v2\/media?parent=7580"}],"wp:term":[{"taxonomy":"category","embeddable":true,"href":"https:\/\/culturbaine.com\/index.php\/wp-json\/wp\/v2\/categories?post=7580"},{"taxonomy":"post_tag","embeddable":true,"href":"https:\/\/culturbaine.com\/index.php\/wp-json\/wp\/v2\/tags?post=7580"}],"curies":[{"name":"wp","href":"https:\/\/api.w.org\/{rel}","templated":true}]}}