{"id":7542,"date":"2024-07-10T12:45:28","date_gmt":"2024-07-10T12:45:28","guid":{"rendered":"https:\/\/culturbaine.com\/?p=7542"},"modified":"2024-07-10T12:45:28","modified_gmt":"2024-07-10T12:45:28","slug":"le-tigre-multi-vitamine-de-marko-eblouit-au-festival-plein-champ-2024","status":"publish","type":"post","link":"https:\/\/culturbaine.com\/index.php\/2024\/07\/10\/le-tigre-multi-vitamine-de-marko-eblouit-au-festival-plein-champ-2024\/","title":{"rendered":"Le Tigre Multi-Vitamin\u00e9 de Marko \u00c9blouit au Festival Plein Champ 2024"},"content":{"rendered":"<p><span>Les rideaux sont tomb\u00e9s sur la 6e \u00e9dition du <\/span><b>Festival Plein Champ<\/b><span> du Mans, qui s&rsquo;est tenu du 5 au 7 juillet dernier. Ce festival, d\u00e9di\u00e9 \u00e0 la promotion du Street Art sous toutes ses formes, a une fois de plus conquis le c\u0153ur des festivaliers.<\/span><\/p>\n<p><span style=\"font-weight: 400;\">Cette ann\u00e9e, plus de 51 000 amateurs d&rsquo;art urbain ont afflu\u00e9 pour admirer les nombreuses \u0153uvres r\u00e9alis\u00e9es par des artistes talentueux. Parmi les cr\u00e9ations les plus remarquables, la fresque intitul\u00e9e \u00ab\u00a0<\/span><b>Le Tigre multi-vitamin\u00e9\u00a0\u00bb<\/b><span style=\"font-weight: 400;\"> a particuli\u00e8rement attir\u00e9 l&rsquo;attention.<\/span><\/p>\n<p><span style=\"font-weight: 400;\">Cette \u0153uvre vibrante et color\u00e9e est sign\u00e9e par l&rsquo;artiste local <\/span><b>Marko<\/b><span style=\"font-weight: 400;\">, n\u00e9 dans la ville du Mans il y a 51 ans. Pour lui, participer \u00e0 ce festival rev\u00eatait une importance particuli\u00e8re. En plus de partager son art avec la communaut\u00e9, <\/span><b>Marko<\/b><span style=\"font-weight: 400;\"> a choisi d&rsquo;y amener sa m\u00e8re, qui a jou\u00e9 un r\u00f4le d\u00e9terminant dans la r\u00e9alisation de son \u0153uvre. En effet, c&rsquo;est elle qui, en tant que directrice artistique, l&rsquo;a conseill\u00e9 de peindre ce tigre.<\/span><\/p>\n<p><b>Marko<\/b><span style=\"font-weight: 400;\"> a exprim\u00e9 sa gratitude envers sa m\u00e8re pour son soutien ind\u00e9fectible et ses conseils pr\u00e9cieux tout au long de sa carri\u00e8re. La pr\u00e9sence de sa m\u00e8re \u00e0 ses c\u00f4t\u00e9s pendant le festival a ajout\u00e9 une dimension personnelle et \u00e9motive \u00e0 son travail, rendant \u00ab\u00a0Le Tigre multi-vitamin\u00e9\u00a0\u00bb encore plus sp\u00e9cial.<\/span><\/p>\n<p><img loading=\"lazy\" decoding=\"async\" class=\"alignnone size-medium wp-image-7544\" src=\"https:\/\/culturbaine.com\/wp-content\/uploads\/2024\/07\/1720611751195-169x300.jpg\" alt=\"\" width=\"169\" height=\"300\" srcset=\"https:\/\/culturbaine.com\/wp-content\/uploads\/2024\/07\/1720611751195-169x300.jpg 169w, https:\/\/culturbaine.com\/wp-content\/uploads\/2024\/07\/1720611751195.jpg 563w\" sizes=\"(max-width: 169px) 100vw, 169px\" \/><\/p>\n<p><span style=\"font-weight: 400;\">Le<\/span><b> Festival Plein Champ<\/b><span style=\"font-weight: 400;\"> du Mans continue de s&rsquo;affirmer comme un \u00e9v\u00e9nement incontournable pour les amateurs de Street Art, attirant chaque ann\u00e9e un public toujours plus nombreux et diversifi\u00e9. Rendez-vous l&rsquo;ann\u00e9e prochaine pour une nouvelle \u00e9dition pleine de surprises et de cr\u00e9ativit\u00e9.<\/span><\/p>\n<p><img loading=\"lazy\" decoding=\"async\" class=\"alignnone size-medium wp-image-7547\" src=\"https:\/\/culturbaine.com\/wp-content\/uploads\/2024\/07\/1720611746165-169x300.jpg\" alt=\"\" width=\"169\" height=\"300\" srcset=\"https:\/\/culturbaine.com\/wp-content\/uploads\/2024\/07\/1720611746165-169x300.jpg 169w, https:\/\/culturbaine.com\/wp-content\/uploads\/2024\/07\/1720611746165.jpg 563w\" sizes=\"(max-width: 169px) 100vw, 169px\" \/><\/p>\n<p><b>Mohamed Cinq Sylla<\/b><\/p>\n","protected":false},"excerpt":{"rendered":"<p>Les rideaux sont tomb\u00e9s sur la 6e \u00e9dition du Festival Plein Champ du Mans, qui s&rsquo;est tenu du 5 au 7 juillet dernier. Ce festival, d\u00e9di\u00e9 \u00e0 la promotion du Street Art sous toutes ses formes, a une fois de plus conquis le c\u0153ur des festivaliers. Cette ann\u00e9e, plus de 51 000 amateurs d&rsquo;art urbain [&hellip;]<\/p>\n","protected":false},"author":2,"featured_media":7545,"comment_status":"closed","ping_status":"closed","sticky":false,"template":"","format":"standard","meta":{"_mi_skip_tracking":false,"_monsterinsights_sitenote_active":false,"_monsterinsights_sitenote_note":"","_monsterinsights_sitenote_category":0,"footnotes":""},"categories":[21,2387,2389],"tags":[2337,182,2714,1591],"class_list":["post-7542","post","type-post","status-publish","format-standard","has-post-thumbnail","hentry","category-actualite","category-festival","category-graffiti","tag-festival-plein-champ","tag-france","tag-marko","tag-street-art"],"yoast_head":"<!-- This site is optimized with the Yoast SEO Premium plugin v20.1 (Yoast SEO v24.0) - https:\/\/yoast.com\/wordpress\/plugins\/seo\/ -->\n<title>Le Tigre Multi-Vitamin\u00e9 de Marko \u00c9blouit au Festival Plein Champ 2024 - Culturbaine<\/title>\n<meta name=\"robots\" content=\"index, follow, max-snippet:-1, max-image-preview:large, max-video-preview:-1\" \/>\n<link rel=\"canonical\" href=\"https:\/\/culturbaine.com\/index.php\/2024\/07\/10\/le-tigre-multi-vitamine-de-marko-eblouit-au-festival-plein-champ-2024\/\" \/>\n<meta property=\"og:locale\" content=\"fr_FR\" \/>\n<meta property=\"og:type\" content=\"article\" \/>\n<meta property=\"og:title\" content=\"Le Tigre Multi-Vitamin\u00e9 de Marko \u00c9blouit au Festival Plein Champ 2024\" \/>\n<meta property=\"og:description\" content=\"Les rideaux sont tomb\u00e9s sur la 6e \u00e9dition du Festival Plein Champ du Mans, qui s&rsquo;est tenu du 5 au 7 juillet dernier. Ce festival, d\u00e9di\u00e9 \u00e0 la promotion du Street Art sous toutes ses formes, a une fois de plus conquis le c\u0153ur des festivaliers. Cette ann\u00e9e, plus de 51 000 amateurs d&rsquo;art urbain [&hellip;]\" \/>\n<meta property=\"og:url\" content=\"https:\/\/culturbaine.com\/index.php\/2024\/07\/10\/le-tigre-multi-vitamine-de-marko-eblouit-au-festival-plein-champ-2024\/\" \/>\n<meta property=\"og:site_name\" content=\"Culturbaine\" \/>\n<meta property=\"article:publisher\" content=\"https:\/\/www.facebook.com\/Culturbaines\" \/>\n<meta property=\"article:published_time\" content=\"2024-07-10T12:45:28+00:00\" \/>\n<meta property=\"og:image\" content=\"https:\/\/culturbaine.com\/wp-content\/uploads\/2024\/07\/1720611741171.jpg\" \/>\n\t<meta property=\"og:image:width\" content=\"720\" \/>\n\t<meta property=\"og:image:height\" content=\"405\" \/>\n\t<meta property=\"og:image:type\" content=\"image\/jpeg\" \/>\n<meta name=\"author\" content=\"admin1\" \/>\n<meta name=\"twitter:card\" content=\"summary_large_image\" \/>\n<meta name=\"twitter:creator\" content=\"@culturbaines\" \/>\n<meta name=\"twitter:site\" content=\"@culturbaines\" \/>\n<meta name=\"twitter:label1\" content=\"\u00c9crit par\" \/>\n\t<meta name=\"twitter:data1\" content=\"admin1\" \/>\n\t<meta name=\"twitter:label2\" content=\"Dur\u00e9e de lecture estim\u00e9e\" \/>\n\t<meta name=\"twitter:data2\" content=\"2 minutes\" \/>\n<script type=\"application\/ld+json\" class=\"yoast-schema-graph\">{\"@context\":\"https:\/\/schema.org\",\"@graph\":[{\"@type\":\"Article\",\"@id\":\"https:\/\/culturbaine.com\/index.php\/2024\/07\/10\/le-tigre-multi-vitamine-de-marko-eblouit-au-festival-plein-champ-2024\/#article\",\"isPartOf\":{\"@id\":\"https:\/\/culturbaine.com\/index.php\/2024\/07\/10\/le-tigre-multi-vitamine-de-marko-eblouit-au-festival-plein-champ-2024\/\"},\"author\":{\"name\":\"admin1\",\"@id\":\"https:\/\/culturbaine.com\/#\/schema\/person\/42eb7485c572e0746c1ea6b8216c3814\"},\"headline\":\"Le Tigre Multi-Vitamin\u00e9 de Marko \u00c9blouit au Festival Plein Champ 2024\",\"datePublished\":\"2024-07-10T12:45:28+00:00\",\"dateModified\":\"2024-07-10T12:45:28+00:00\",\"mainEntityOfPage\":{\"@id\":\"https:\/\/culturbaine.com\/index.php\/2024\/07\/10\/le-tigre-multi-vitamine-de-marko-eblouit-au-festival-plein-champ-2024\/\"},\"wordCount\":294,\"publisher\":{\"@id\":\"https:\/\/culturbaine.com\/#organization\"},\"image\":{\"@id\":\"https:\/\/culturbaine.com\/index.php\/2024\/07\/10\/le-tigre-multi-vitamine-de-marko-eblouit-au-festival-plein-champ-2024\/#primaryimage\"},\"thumbnailUrl\":\"https:\/\/culturbaine.com\/wp-content\/uploads\/2024\/07\/1720611741171.jpg\",\"keywords\":[\"Festival Plein Champ\",\"France !\",\"Marko\",\"Street Art\"],\"articleSection\":[\"Actualit\u00e9\",\"Festival\",\"Graffiti\"],\"inLanguage\":\"fr-FR\"},{\"@type\":\"WebPage\",\"@id\":\"https:\/\/culturbaine.com\/index.php\/2024\/07\/10\/le-tigre-multi-vitamine-de-marko-eblouit-au-festival-plein-champ-2024\/\",\"url\":\"https:\/\/culturbaine.com\/index.php\/2024\/07\/10\/le-tigre-multi-vitamine-de-marko-eblouit-au-festival-plein-champ-2024\/\",\"name\":\"Le Tigre Multi-Vitamin\u00e9 de Marko \u00c9blouit au Festival Plein Champ 2024 - Culturbaine\",\"isPartOf\":{\"@id\":\"https:\/\/culturbaine.com\/#website\"},\"primaryImageOfPage\":{\"@id\":\"https:\/\/culturbaine.com\/index.php\/2024\/07\/10\/le-tigre-multi-vitamine-de-marko-eblouit-au-festival-plein-champ-2024\/#primaryimage\"},\"image\":{\"@id\":\"https:\/\/culturbaine.com\/index.php\/2024\/07\/10\/le-tigre-multi-vitamine-de-marko-eblouit-au-festival-plein-champ-2024\/#primaryimage\"},\"thumbnailUrl\":\"https:\/\/culturbaine.com\/wp-content\/uploads\/2024\/07\/1720611741171.jpg\",\"datePublished\":\"2024-07-10T12:45:28+00:00\",\"dateModified\":\"2024-07-10T12:45:28+00:00\",\"breadcrumb\":{\"@id\":\"https:\/\/culturbaine.com\/index.php\/2024\/07\/10\/le-tigre-multi-vitamine-de-marko-eblouit-au-festival-plein-champ-2024\/#breadcrumb\"},\"inLanguage\":\"fr-FR\",\"potentialAction\":[{\"@type\":\"ReadAction\",\"target\":[\"https:\/\/culturbaine.com\/index.php\/2024\/07\/10\/le-tigre-multi-vitamine-de-marko-eblouit-au-festival-plein-champ-2024\/\"]}]},{\"@type\":\"ImageObject\",\"inLanguage\":\"fr-FR\",\"@id\":\"https:\/\/culturbaine.com\/index.php\/2024\/07\/10\/le-tigre-multi-vitamine-de-marko-eblouit-au-festival-plein-champ-2024\/#primaryimage\",\"url\":\"https:\/\/culturbaine.com\/wp-content\/uploads\/2024\/07\/1720611741171.jpg\",\"contentUrl\":\"https:\/\/culturbaine.com\/wp-content\/uploads\/2024\/07\/1720611741171.jpg\",\"width\":720,\"height\":405},{\"@type\":\"BreadcrumbList\",\"@id\":\"https:\/\/culturbaine.com\/index.php\/2024\/07\/10\/le-tigre-multi-vitamine-de-marko-eblouit-au-festival-plein-champ-2024\/#breadcrumb\",\"itemListElement\":[{\"@type\":\"ListItem\",\"position\":1,\"name\":\"Home\",\"item\":\"https:\/\/culturbaine.com\/\"},{\"@type\":\"ListItem\",\"position\":2,\"name\":\"Le Tigre Multi-Vitamin\u00e9 de Marko \u00c9blouit au Festival Plein Champ 2024\"}]},{\"@type\":\"WebSite\",\"@id\":\"https:\/\/culturbaine.com\/#website\",\"url\":\"https:\/\/culturbaine.com\/\",\"name\":\"Culturbaine.com\",\"description\":\"Toute l&#039;actualit\u00e9 des Cultures Urbaines, en un clic  !\",\"publisher\":{\"@id\":\"https:\/\/culturbaine.com\/#organization\"},\"potentialAction\":[{\"@type\":\"SearchAction\",\"target\":{\"@type\":\"EntryPoint\",\"urlTemplate\":\"https:\/\/culturbaine.com\/?s={search_term_string}\"},\"query-input\":{\"@type\":\"PropertyValueSpecification\",\"valueRequired\":true,\"valueName\":\"search_term_string\"}}],\"inLanguage\":\"fr-FR\"},{\"@type\":\"Organization\",\"@id\":\"https:\/\/culturbaine.com\/#organization\",\"name\":\"Culturbaine.com\",\"url\":\"https:\/\/culturbaine.com\/\",\"logo\":{\"@type\":\"ImageObject\",\"inLanguage\":\"fr-FR\",\"@id\":\"https:\/\/culturbaine.com\/#\/schema\/logo\/image\/\",\"url\":\"https:\/\/culturbaine.com\/wp-content\/uploads\/2023\/07\/WhatsApp-Image-2023-07-17-at-14.38.18.jpeg\",\"contentUrl\":\"https:\/\/culturbaine.com\/wp-content\/uploads\/2023\/07\/WhatsApp-Image-2023-07-17-at-14.38.18.jpeg\",\"width\":855,\"height\":270,\"caption\":\"Culturbaine.com\"},\"image\":{\"@id\":\"https:\/\/culturbaine.com\/#\/schema\/logo\/image\/\"},\"sameAs\":[\"https:\/\/www.facebook.com\/Culturbaines\",\"https:\/\/x.com\/culturbaines\"]},{\"@type\":\"Person\",\"@id\":\"https:\/\/culturbaine.com\/#\/schema\/person\/42eb7485c572e0746c1ea6b8216c3814\",\"name\":\"admin1\",\"image\":{\"@type\":\"ImageObject\",\"inLanguage\":\"fr-FR\",\"@id\":\"https:\/\/culturbaine.com\/#\/schema\/person\/image\/\",\"url\":\"https:\/\/secure.gravatar.com\/avatar\/c268f4d483ce0486e5a10fee87bbf756?s=96&d=mm&r=g\",\"contentUrl\":\"https:\/\/secure.gravatar.com\/avatar\/c268f4d483ce0486e5a10fee87bbf756?s=96&d=mm&r=g\",\"caption\":\"admin1\"},\"url\":\"https:\/\/culturbaine.com\/index.php\/author\/admin1\/\"}]}<\/script>\n<!-- \/ Yoast SEO Premium plugin. -->","yoast_head_json":{"title":"Le Tigre Multi-Vitamin\u00e9 de Marko \u00c9blouit au Festival Plein Champ 2024 - Culturbaine","robots":{"index":"index","follow":"follow","max-snippet":"max-snippet:-1","max-image-preview":"max-image-preview:large","max-video-preview":"max-video-preview:-1"},"canonical":"https:\/\/culturbaine.com\/index.php\/2024\/07\/10\/le-tigre-multi-vitamine-de-marko-eblouit-au-festival-plein-champ-2024\/","og_locale":"fr_FR","og_type":"article","og_title":"Le Tigre Multi-Vitamin\u00e9 de Marko \u00c9blouit au Festival Plein Champ 2024","og_description":"Les rideaux sont tomb\u00e9s sur la 6e \u00e9dition du Festival Plein Champ du Mans, qui s&rsquo;est tenu du 5 au 7 juillet dernier. Ce festival, d\u00e9di\u00e9 \u00e0 la promotion du Street Art sous toutes ses formes, a une fois de plus conquis le c\u0153ur des festivaliers. Cette ann\u00e9e, plus de 51 000 amateurs d&rsquo;art urbain [&hellip;]","og_url":"https:\/\/culturbaine.com\/index.php\/2024\/07\/10\/le-tigre-multi-vitamine-de-marko-eblouit-au-festival-plein-champ-2024\/","og_site_name":"Culturbaine","article_publisher":"https:\/\/www.facebook.com\/Culturbaines","article_published_time":"2024-07-10T12:45:28+00:00","og_image":[{"width":720,"height":405,"url":"https:\/\/culturbaine.com\/wp-content\/uploads\/2024\/07\/1720611741171.jpg","type":"image\/jpeg"}],"author":"admin1","twitter_card":"summary_large_image","twitter_creator":"@culturbaines","twitter_site":"@culturbaines","twitter_misc":{"\u00c9crit par":"admin1","Dur\u00e9e de lecture estim\u00e9e":"2 minutes"},"schema":{"@context":"https:\/\/schema.org","@graph":[{"@type":"Article","@id":"https:\/\/culturbaine.com\/index.php\/2024\/07\/10\/le-tigre-multi-vitamine-de-marko-eblouit-au-festival-plein-champ-2024\/#article","isPartOf":{"@id":"https:\/\/culturbaine.com\/index.php\/2024\/07\/10\/le-tigre-multi-vitamine-de-marko-eblouit-au-festival-plein-champ-2024\/"},"author":{"name":"admin1","@id":"https:\/\/culturbaine.com\/#\/schema\/person\/42eb7485c572e0746c1ea6b8216c3814"},"headline":"Le Tigre Multi-Vitamin\u00e9 de Marko \u00c9blouit au Festival Plein Champ 2024","datePublished":"2024-07-10T12:45:28+00:00","dateModified":"2024-07-10T12:45:28+00:00","mainEntityOfPage":{"@id":"https:\/\/culturbaine.com\/index.php\/2024\/07\/10\/le-tigre-multi-vitamine-de-marko-eblouit-au-festival-plein-champ-2024\/"},"wordCount":294,"publisher":{"@id":"https:\/\/culturbaine.com\/#organization"},"image":{"@id":"https:\/\/culturbaine.com\/index.php\/2024\/07\/10\/le-tigre-multi-vitamine-de-marko-eblouit-au-festival-plein-champ-2024\/#primaryimage"},"thumbnailUrl":"https:\/\/culturbaine.com\/wp-content\/uploads\/2024\/07\/1720611741171.jpg","keywords":["Festival Plein Champ","France !","Marko","Street Art"],"articleSection":["Actualit\u00e9","Festival","Graffiti"],"inLanguage":"fr-FR"},{"@type":"WebPage","@id":"https:\/\/culturbaine.com\/index.php\/2024\/07\/10\/le-tigre-multi-vitamine-de-marko-eblouit-au-festival-plein-champ-2024\/","url":"https:\/\/culturbaine.com\/index.php\/2024\/07\/10\/le-tigre-multi-vitamine-de-marko-eblouit-au-festival-plein-champ-2024\/","name":"Le Tigre Multi-Vitamin\u00e9 de Marko \u00c9blouit au Festival Plein Champ 2024 - Culturbaine","isPartOf":{"@id":"https:\/\/culturbaine.com\/#website"},"primaryImageOfPage":{"@id":"https:\/\/culturbaine.com\/index.php\/2024\/07\/10\/le-tigre-multi-vitamine-de-marko-eblouit-au-festival-plein-champ-2024\/#primaryimage"},"image":{"@id":"https:\/\/culturbaine.com\/index.php\/2024\/07\/10\/le-tigre-multi-vitamine-de-marko-eblouit-au-festival-plein-champ-2024\/#primaryimage"},"thumbnailUrl":"https:\/\/culturbaine.com\/wp-content\/uploads\/2024\/07\/1720611741171.jpg","datePublished":"2024-07-10T12:45:28+00:00","dateModified":"2024-07-10T12:45:28+00:00","breadcrumb":{"@id":"https:\/\/culturbaine.com\/index.php\/2024\/07\/10\/le-tigre-multi-vitamine-de-marko-eblouit-au-festival-plein-champ-2024\/#breadcrumb"},"inLanguage":"fr-FR","potentialAction":[{"@type":"ReadAction","target":["https:\/\/culturbaine.com\/index.php\/2024\/07\/10\/le-tigre-multi-vitamine-de-marko-eblouit-au-festival-plein-champ-2024\/"]}]},{"@type":"ImageObject","inLanguage":"fr-FR","@id":"https:\/\/culturbaine.com\/index.php\/2024\/07\/10\/le-tigre-multi-vitamine-de-marko-eblouit-au-festival-plein-champ-2024\/#primaryimage","url":"https:\/\/culturbaine.com\/wp-content\/uploads\/2024\/07\/1720611741171.jpg","contentUrl":"https:\/\/culturbaine.com\/wp-content\/uploads\/2024\/07\/1720611741171.jpg","width":720,"height":405},{"@type":"BreadcrumbList","@id":"https:\/\/culturbaine.com\/index.php\/2024\/07\/10\/le-tigre-multi-vitamine-de-marko-eblouit-au-festival-plein-champ-2024\/#breadcrumb","itemListElement":[{"@type":"ListItem","position":1,"name":"Home","item":"https:\/\/culturbaine.com\/"},{"@type":"ListItem","position":2,"name":"Le Tigre Multi-Vitamin\u00e9 de Marko \u00c9blouit au Festival Plein Champ 2024"}]},{"@type":"WebSite","@id":"https:\/\/culturbaine.com\/#website","url":"https:\/\/culturbaine.com\/","name":"Culturbaine.com","description":"Toute l&#039;actualit\u00e9 des Cultures Urbaines, en un clic  !","publisher":{"@id":"https:\/\/culturbaine.com\/#organization"},"potentialAction":[{"@type":"SearchAction","target":{"@type":"EntryPoint","urlTemplate":"https:\/\/culturbaine.com\/?s={search_term_string}"},"query-input":{"@type":"PropertyValueSpecification","valueRequired":true,"valueName":"search_term_string"}}],"inLanguage":"fr-FR"},{"@type":"Organization","@id":"https:\/\/culturbaine.com\/#organization","name":"Culturbaine.com","url":"https:\/\/culturbaine.com\/","logo":{"@type":"ImageObject","inLanguage":"fr-FR","@id":"https:\/\/culturbaine.com\/#\/schema\/logo\/image\/","url":"https:\/\/culturbaine.com\/wp-content\/uploads\/2023\/07\/WhatsApp-Image-2023-07-17-at-14.38.18.jpeg","contentUrl":"https:\/\/culturbaine.com\/wp-content\/uploads\/2023\/07\/WhatsApp-Image-2023-07-17-at-14.38.18.jpeg","width":855,"height":270,"caption":"Culturbaine.com"},"image":{"@id":"https:\/\/culturbaine.com\/#\/schema\/logo\/image\/"},"sameAs":["https:\/\/www.facebook.com\/Culturbaines","https:\/\/x.com\/culturbaines"]},{"@type":"Person","@id":"https:\/\/culturbaine.com\/#\/schema\/person\/42eb7485c572e0746c1ea6b8216c3814","name":"admin1","image":{"@type":"ImageObject","inLanguage":"fr-FR","@id":"https:\/\/culturbaine.com\/#\/schema\/person\/image\/","url":"https:\/\/secure.gravatar.com\/avatar\/c268f4d483ce0486e5a10fee87bbf756?s=96&d=mm&r=g","contentUrl":"https:\/\/secure.gravatar.com\/avatar\/c268f4d483ce0486e5a10fee87bbf756?s=96&d=mm&r=g","caption":"admin1"},"url":"https:\/\/culturbaine.com\/index.php\/author\/admin1\/"}]}},"_links":{"self":[{"href":"https:\/\/culturbaine.com\/index.php\/wp-json\/wp\/v2\/posts\/7542"}],"collection":[{"href":"https:\/\/culturbaine.com\/index.php\/wp-json\/wp\/v2\/posts"}],"about":[{"href":"https:\/\/culturbaine.com\/index.php\/wp-json\/wp\/v2\/types\/post"}],"author":[{"embeddable":true,"href":"https:\/\/culturbaine.com\/index.php\/wp-json\/wp\/v2\/users\/2"}],"replies":[{"embeddable":true,"href":"https:\/\/culturbaine.com\/index.php\/wp-json\/wp\/v2\/comments?post=7542"}],"version-history":[{"count":0,"href":"https:\/\/culturbaine.com\/index.php\/wp-json\/wp\/v2\/posts\/7542\/revisions"}],"wp:featuredmedia":[{"embeddable":true,"href":"https:\/\/culturbaine.com\/index.php\/wp-json\/wp\/v2\/media\/7545"}],"wp:attachment":[{"href":"https:\/\/culturbaine.com\/index.php\/wp-json\/wp\/v2\/media?parent=7542"}],"wp:term":[{"taxonomy":"category","embeddable":true,"href":"https:\/\/culturbaine.com\/index.php\/wp-json\/wp\/v2\/categories?post=7542"},{"taxonomy":"post_tag","embeddable":true,"href":"https:\/\/culturbaine.com\/index.php\/wp-json\/wp\/v2\/tags?post=7542"}],"curies":[{"name":"wp","href":"https:\/\/api.w.org\/{rel}","templated":true}]}}