{"id":7449,"date":"2024-07-02T13:33:23","date_gmt":"2024-07-02T13:33:23","guid":{"rendered":"https:\/\/culturbaine.com\/?p=7449"},"modified":"2024-07-02T13:33:23","modified_gmt":"2024-07-02T13:33:23","slug":"eminem-trouve-une-date-de-sortie-pour-son-album-the-death-of-slim-shady-coup-de-grace","status":"publish","type":"post","link":"https:\/\/culturbaine.com\/index.php\/2024\/07\/02\/eminem-trouve-une-date-de-sortie-pour-son-album-the-death-of-slim-shady-coup-de-grace\/","title":{"rendered":"Eminem trouve une date de sortie pour son album \u00ab\u00a0The Death Of Slim Shady\u00a0\u00bb (Coup de gr\u00e2ce)"},"content":{"rendered":"<p>Le 12 juillet prochain, le rappeur am\u00e9ricain <strong>Eminem<\/strong> va livrer son 12e album studio, intitul\u00e9 \u00ab\u00a0The<strong> Death Of Slim Shady (Coup de gr\u00e2ce)\u201d<\/strong>, dont le premier extrait, \u00ab\u00a0<strong>Houdini<\/strong>\u00ab\u00a0, est d\u00e9j\u00e0 disponible sur les plateformes digitales.<\/p>\n<p>C&rsquo;est \u00e0 travers une courte vid\u00e9o partag\u00e9e sur ses r\u00e9seaux sociaux que le rappeur de 51 ans l&rsquo;a annonc\u00e9. Ce projet marque en grande partie la fin de son alter ego Slim Shady, un personnage outrancier \u00e0 l&rsquo;origine de morceaux plus violents.<\/p>\n<p>Nous ignorons pour l&rsquo;instant quels artistes ont particip\u00e9 \u00e0 ce projet. Ce qui est certain, c&rsquo;est que cette l\u00e9gende du rap US va sans doute surprendre ses fans par sa cr\u00e9ativit\u00e9, son flow et la profondeur de ses textes.<\/p>\n<p>Rendez-vous le vendredi 12 juillet sur les plateformes digitales.<\/p>\n<p><iframe loading=\"lazy\" title=\"Eminem - The Death of Slim Shady [Album Trailer]\" width=\"1170\" height=\"658\" src=\"https:\/\/www.youtube.com\/embed\/X0HIrS6kUYI?wmode=transparent&amp;rel=0&amp;feature=oembed\" frameborder=\"0\" allow=\"accelerometer; autoplay; clipboard-write; encrypted-media; gyroscope; picture-in-picture; web-share\" referrerpolicy=\"strict-origin-when-cross-origin\" allowfullscreen><\/iframe><\/p>\n<p><strong>Mohamed Cinq Sylla<\/strong><\/p>\n","protected":false},"excerpt":{"rendered":"<p>Le 12 juillet prochain, le rappeur am\u00e9ricain Eminem va livrer son 12e album studio, intitul\u00e9 \u00ab\u00a0The Death Of Slim Shady (Coup de gr\u00e2ce)\u201d, dont le premier extrait, \u00ab\u00a0Houdini\u00ab\u00a0, est d\u00e9j\u00e0 disponible sur les plateformes digitales. C&rsquo;est \u00e0 travers une courte vid\u00e9o partag\u00e9e sur ses r\u00e9seaux sociaux que le rappeur de 51 ans l&rsquo;a annonc\u00e9. Ce [&hellip;]<\/p>\n","protected":false},"author":2,"featured_media":7451,"comment_status":"closed","ping_status":"closed","sticky":false,"template":"","format":"standard","meta":{"_mi_skip_tracking":false,"_monsterinsights_sitenote_active":false,"_monsterinsights_sitenote_note":"","_monsterinsights_sitenote_category":0,"footnotes":""},"categories":[21,33,512],"tags":[2681,2680,173],"class_list":["post-7449","post","type-post","status-publish","format-standard","has-post-thumbnail","hentry","category-actualite","category-agenda","category-rap","tag-death-of-slim-shady","tag-eminem","tag-rappeur-americain"],"yoast_head":"<!-- This site is optimized with the Yoast SEO Premium plugin v20.1 (Yoast SEO v24.0) - https:\/\/yoast.com\/wordpress\/plugins\/seo\/ -->\n<title>Eminem trouve une date de sortie pour son album &quot;The Death Of Slim Shady&quot; (Coup de gr\u00e2ce) - Culturbaine<\/title>\n<meta name=\"robots\" content=\"index, follow, max-snippet:-1, max-image-preview:large, max-video-preview:-1\" \/>\n<link rel=\"canonical\" href=\"https:\/\/culturbaine.com\/index.php\/2024\/07\/02\/eminem-trouve-une-date-de-sortie-pour-son-album-the-death-of-slim-shady-coup-de-grace\/\" \/>\n<meta property=\"og:locale\" content=\"fr_FR\" \/>\n<meta property=\"og:type\" content=\"article\" \/>\n<meta property=\"og:title\" content=\"Eminem trouve une date de sortie pour son album &quot;The Death Of Slim Shady&quot; (Coup de gr\u00e2ce)\" \/>\n<meta property=\"og:description\" content=\"Le 12 juillet prochain, le rappeur am\u00e9ricain Eminem va livrer son 12e album studio, intitul\u00e9 \u00ab\u00a0The Death Of Slim Shady (Coup de gr\u00e2ce)\u201d, dont le premier extrait, \u00ab\u00a0Houdini\u00ab\u00a0, est d\u00e9j\u00e0 disponible sur les plateformes digitales. C&rsquo;est \u00e0 travers une courte vid\u00e9o partag\u00e9e sur ses r\u00e9seaux sociaux que le rappeur de 51 ans l&rsquo;a annonc\u00e9. Ce [&hellip;]\" \/>\n<meta property=\"og:url\" content=\"https:\/\/culturbaine.com\/index.php\/2024\/07\/02\/eminem-trouve-une-date-de-sortie-pour-son-album-the-death-of-slim-shady-coup-de-grace\/\" \/>\n<meta property=\"og:site_name\" content=\"Culturbaine\" \/>\n<meta property=\"article:publisher\" content=\"https:\/\/www.facebook.com\/Culturbaines\" \/>\n<meta property=\"article:published_time\" content=\"2024-07-02T13:33:23+00:00\" \/>\n<meta property=\"og:image\" content=\"https:\/\/culturbaine.com\/wp-content\/uploads\/2024\/07\/17199054141002.jpg\" \/>\n\t<meta property=\"og:image:width\" content=\"661\" \/>\n\t<meta property=\"og:image:height\" content=\"424\" \/>\n\t<meta property=\"og:image:type\" content=\"image\/jpeg\" \/>\n<meta name=\"author\" content=\"admin1\" \/>\n<meta name=\"twitter:card\" content=\"summary_large_image\" \/>\n<meta name=\"twitter:creator\" content=\"@culturbaines\" \/>\n<meta name=\"twitter:site\" content=\"@culturbaines\" \/>\n<meta name=\"twitter:label1\" content=\"\u00c9crit par\" \/>\n\t<meta name=\"twitter:data1\" content=\"admin1\" \/>\n\t<meta name=\"twitter:label2\" content=\"Dur\u00e9e de lecture estim\u00e9e\" \/>\n\t<meta name=\"twitter:data2\" content=\"1 minute\" \/>\n<script type=\"application\/ld+json\" class=\"yoast-schema-graph\">{\"@context\":\"https:\/\/schema.org\",\"@graph\":[{\"@type\":\"Article\",\"@id\":\"https:\/\/culturbaine.com\/index.php\/2024\/07\/02\/eminem-trouve-une-date-de-sortie-pour-son-album-the-death-of-slim-shady-coup-de-grace\/#article\",\"isPartOf\":{\"@id\":\"https:\/\/culturbaine.com\/index.php\/2024\/07\/02\/eminem-trouve-une-date-de-sortie-pour-son-album-the-death-of-slim-shady-coup-de-grace\/\"},\"author\":{\"name\":\"admin1\",\"@id\":\"https:\/\/culturbaine.com\/#\/schema\/person\/42eb7485c572e0746c1ea6b8216c3814\"},\"headline\":\"Eminem trouve une date de sortie pour son album \u00ab\u00a0The Death Of Slim Shady\u00a0\u00bb (Coup de gr\u00e2ce)\",\"datePublished\":\"2024-07-02T13:33:23+00:00\",\"dateModified\":\"2024-07-02T13:33:23+00:00\",\"mainEntityOfPage\":{\"@id\":\"https:\/\/culturbaine.com\/index.php\/2024\/07\/02\/eminem-trouve-une-date-de-sortie-pour-son-album-the-death-of-slim-shady-coup-de-grace\/\"},\"wordCount\":164,\"publisher\":{\"@id\":\"https:\/\/culturbaine.com\/#organization\"},\"image\":{\"@id\":\"https:\/\/culturbaine.com\/index.php\/2024\/07\/02\/eminem-trouve-une-date-de-sortie-pour-son-album-the-death-of-slim-shady-coup-de-grace\/#primaryimage\"},\"thumbnailUrl\":\"https:\/\/culturbaine.com\/wp-content\/uploads\/2024\/07\/17199054141002.jpg\",\"keywords\":[\"Death Of Slim Shady\",\"Eminem\",\"rappeur am\u00e9ricain\"],\"articleSection\":[\"Actualit\u00e9\",\"Agenda\",\"Rap\"],\"inLanguage\":\"fr-FR\"},{\"@type\":\"WebPage\",\"@id\":\"https:\/\/culturbaine.com\/index.php\/2024\/07\/02\/eminem-trouve-une-date-de-sortie-pour-son-album-the-death-of-slim-shady-coup-de-grace\/\",\"url\":\"https:\/\/culturbaine.com\/index.php\/2024\/07\/02\/eminem-trouve-une-date-de-sortie-pour-son-album-the-death-of-slim-shady-coup-de-grace\/\",\"name\":\"Eminem trouve une date de sortie pour son album \\\"The Death Of Slim Shady\\\" (Coup de gr\u00e2ce) - Culturbaine\",\"isPartOf\":{\"@id\":\"https:\/\/culturbaine.com\/#website\"},\"primaryImageOfPage\":{\"@id\":\"https:\/\/culturbaine.com\/index.php\/2024\/07\/02\/eminem-trouve-une-date-de-sortie-pour-son-album-the-death-of-slim-shady-coup-de-grace\/#primaryimage\"},\"image\":{\"@id\":\"https:\/\/culturbaine.com\/index.php\/2024\/07\/02\/eminem-trouve-une-date-de-sortie-pour-son-album-the-death-of-slim-shady-coup-de-grace\/#primaryimage\"},\"thumbnailUrl\":\"https:\/\/culturbaine.com\/wp-content\/uploads\/2024\/07\/17199054141002.jpg\",\"datePublished\":\"2024-07-02T13:33:23+00:00\",\"dateModified\":\"2024-07-02T13:33:23+00:00\",\"breadcrumb\":{\"@id\":\"https:\/\/culturbaine.com\/index.php\/2024\/07\/02\/eminem-trouve-une-date-de-sortie-pour-son-album-the-death-of-slim-shady-coup-de-grace\/#breadcrumb\"},\"inLanguage\":\"fr-FR\",\"potentialAction\":[{\"@type\":\"ReadAction\",\"target\":[\"https:\/\/culturbaine.com\/index.php\/2024\/07\/02\/eminem-trouve-une-date-de-sortie-pour-son-album-the-death-of-slim-shady-coup-de-grace\/\"]}]},{\"@type\":\"ImageObject\",\"inLanguage\":\"fr-FR\",\"@id\":\"https:\/\/culturbaine.com\/index.php\/2024\/07\/02\/eminem-trouve-une-date-de-sortie-pour-son-album-the-death-of-slim-shady-coup-de-grace\/#primaryimage\",\"url\":\"https:\/\/culturbaine.com\/wp-content\/uploads\/2024\/07\/17199054141002.jpg\",\"contentUrl\":\"https:\/\/culturbaine.com\/wp-content\/uploads\/2024\/07\/17199054141002.jpg\",\"width\":661,\"height\":424},{\"@type\":\"BreadcrumbList\",\"@id\":\"https:\/\/culturbaine.com\/index.php\/2024\/07\/02\/eminem-trouve-une-date-de-sortie-pour-son-album-the-death-of-slim-shady-coup-de-grace\/#breadcrumb\",\"itemListElement\":[{\"@type\":\"ListItem\",\"position\":1,\"name\":\"Home\",\"item\":\"https:\/\/culturbaine.com\/\"},{\"@type\":\"ListItem\",\"position\":2,\"name\":\"Eminem trouve une date de sortie pour son album \u00ab\u00a0The Death Of Slim Shady\u00a0\u00bb (Coup de gr\u00e2ce)\"}]},{\"@type\":\"WebSite\",\"@id\":\"https:\/\/culturbaine.com\/#website\",\"url\":\"https:\/\/culturbaine.com\/\",\"name\":\"Culturbaine.com\",\"description\":\"Toute l&#039;actualit\u00e9 des Cultures Urbaines, en un clic  !\",\"publisher\":{\"@id\":\"https:\/\/culturbaine.com\/#organization\"},\"potentialAction\":[{\"@type\":\"SearchAction\",\"target\":{\"@type\":\"EntryPoint\",\"urlTemplate\":\"https:\/\/culturbaine.com\/?s={search_term_string}\"},\"query-input\":{\"@type\":\"PropertyValueSpecification\",\"valueRequired\":true,\"valueName\":\"search_term_string\"}}],\"inLanguage\":\"fr-FR\"},{\"@type\":\"Organization\",\"@id\":\"https:\/\/culturbaine.com\/#organization\",\"name\":\"Culturbaine.com\",\"url\":\"https:\/\/culturbaine.com\/\",\"logo\":{\"@type\":\"ImageObject\",\"inLanguage\":\"fr-FR\",\"@id\":\"https:\/\/culturbaine.com\/#\/schema\/logo\/image\/\",\"url\":\"https:\/\/culturbaine.com\/wp-content\/uploads\/2023\/07\/WhatsApp-Image-2023-07-17-at-14.38.18.jpeg\",\"contentUrl\":\"https:\/\/culturbaine.com\/wp-content\/uploads\/2023\/07\/WhatsApp-Image-2023-07-17-at-14.38.18.jpeg\",\"width\":855,\"height\":270,\"caption\":\"Culturbaine.com\"},\"image\":{\"@id\":\"https:\/\/culturbaine.com\/#\/schema\/logo\/image\/\"},\"sameAs\":[\"https:\/\/www.facebook.com\/Culturbaines\",\"https:\/\/x.com\/culturbaines\"]},{\"@type\":\"Person\",\"@id\":\"https:\/\/culturbaine.com\/#\/schema\/person\/42eb7485c572e0746c1ea6b8216c3814\",\"name\":\"admin1\",\"image\":{\"@type\":\"ImageObject\",\"inLanguage\":\"fr-FR\",\"@id\":\"https:\/\/culturbaine.com\/#\/schema\/person\/image\/\",\"url\":\"https:\/\/secure.gravatar.com\/avatar\/c268f4d483ce0486e5a10fee87bbf756?s=96&d=mm&r=g\",\"contentUrl\":\"https:\/\/secure.gravatar.com\/avatar\/c268f4d483ce0486e5a10fee87bbf756?s=96&d=mm&r=g\",\"caption\":\"admin1\"},\"url\":\"https:\/\/culturbaine.com\/index.php\/author\/admin1\/\"}]}<\/script>\n<!-- \/ Yoast SEO Premium plugin. -->","yoast_head_json":{"title":"Eminem trouve une date de sortie pour son album \"The Death Of Slim Shady\" (Coup de gr\u00e2ce) - Culturbaine","robots":{"index":"index","follow":"follow","max-snippet":"max-snippet:-1","max-image-preview":"max-image-preview:large","max-video-preview":"max-video-preview:-1"},"canonical":"https:\/\/culturbaine.com\/index.php\/2024\/07\/02\/eminem-trouve-une-date-de-sortie-pour-son-album-the-death-of-slim-shady-coup-de-grace\/","og_locale":"fr_FR","og_type":"article","og_title":"Eminem trouve une date de sortie pour son album \"The Death Of Slim Shady\" (Coup de gr\u00e2ce)","og_description":"Le 12 juillet prochain, le rappeur am\u00e9ricain Eminem va livrer son 12e album studio, intitul\u00e9 \u00ab\u00a0The Death Of Slim Shady (Coup de gr\u00e2ce)\u201d, dont le premier extrait, \u00ab\u00a0Houdini\u00ab\u00a0, est d\u00e9j\u00e0 disponible sur les plateformes digitales. C&rsquo;est \u00e0 travers une courte vid\u00e9o partag\u00e9e sur ses r\u00e9seaux sociaux que le rappeur de 51 ans l&rsquo;a annonc\u00e9. Ce [&hellip;]","og_url":"https:\/\/culturbaine.com\/index.php\/2024\/07\/02\/eminem-trouve-une-date-de-sortie-pour-son-album-the-death-of-slim-shady-coup-de-grace\/","og_site_name":"Culturbaine","article_publisher":"https:\/\/www.facebook.com\/Culturbaines","article_published_time":"2024-07-02T13:33:23+00:00","og_image":[{"width":661,"height":424,"url":"https:\/\/culturbaine.com\/wp-content\/uploads\/2024\/07\/17199054141002.jpg","type":"image\/jpeg"}],"author":"admin1","twitter_card":"summary_large_image","twitter_creator":"@culturbaines","twitter_site":"@culturbaines","twitter_misc":{"\u00c9crit par":"admin1","Dur\u00e9e de lecture estim\u00e9e":"1 minute"},"schema":{"@context":"https:\/\/schema.org","@graph":[{"@type":"Article","@id":"https:\/\/culturbaine.com\/index.php\/2024\/07\/02\/eminem-trouve-une-date-de-sortie-pour-son-album-the-death-of-slim-shady-coup-de-grace\/#article","isPartOf":{"@id":"https:\/\/culturbaine.com\/index.php\/2024\/07\/02\/eminem-trouve-une-date-de-sortie-pour-son-album-the-death-of-slim-shady-coup-de-grace\/"},"author":{"name":"admin1","@id":"https:\/\/culturbaine.com\/#\/schema\/person\/42eb7485c572e0746c1ea6b8216c3814"},"headline":"Eminem trouve une date de sortie pour son album \u00ab\u00a0The Death Of Slim Shady\u00a0\u00bb (Coup de gr\u00e2ce)","datePublished":"2024-07-02T13:33:23+00:00","dateModified":"2024-07-02T13:33:23+00:00","mainEntityOfPage":{"@id":"https:\/\/culturbaine.com\/index.php\/2024\/07\/02\/eminem-trouve-une-date-de-sortie-pour-son-album-the-death-of-slim-shady-coup-de-grace\/"},"wordCount":164,"publisher":{"@id":"https:\/\/culturbaine.com\/#organization"},"image":{"@id":"https:\/\/culturbaine.com\/index.php\/2024\/07\/02\/eminem-trouve-une-date-de-sortie-pour-son-album-the-death-of-slim-shady-coup-de-grace\/#primaryimage"},"thumbnailUrl":"https:\/\/culturbaine.com\/wp-content\/uploads\/2024\/07\/17199054141002.jpg","keywords":["Death Of Slim Shady","Eminem","rappeur am\u00e9ricain"],"articleSection":["Actualit\u00e9","Agenda","Rap"],"inLanguage":"fr-FR"},{"@type":"WebPage","@id":"https:\/\/culturbaine.com\/index.php\/2024\/07\/02\/eminem-trouve-une-date-de-sortie-pour-son-album-the-death-of-slim-shady-coup-de-grace\/","url":"https:\/\/culturbaine.com\/index.php\/2024\/07\/02\/eminem-trouve-une-date-de-sortie-pour-son-album-the-death-of-slim-shady-coup-de-grace\/","name":"Eminem trouve une date de sortie pour son album \"The Death Of Slim Shady\" (Coup de gr\u00e2ce) - Culturbaine","isPartOf":{"@id":"https:\/\/culturbaine.com\/#website"},"primaryImageOfPage":{"@id":"https:\/\/culturbaine.com\/index.php\/2024\/07\/02\/eminem-trouve-une-date-de-sortie-pour-son-album-the-death-of-slim-shady-coup-de-grace\/#primaryimage"},"image":{"@id":"https:\/\/culturbaine.com\/index.php\/2024\/07\/02\/eminem-trouve-une-date-de-sortie-pour-son-album-the-death-of-slim-shady-coup-de-grace\/#primaryimage"},"thumbnailUrl":"https:\/\/culturbaine.com\/wp-content\/uploads\/2024\/07\/17199054141002.jpg","datePublished":"2024-07-02T13:33:23+00:00","dateModified":"2024-07-02T13:33:23+00:00","breadcrumb":{"@id":"https:\/\/culturbaine.com\/index.php\/2024\/07\/02\/eminem-trouve-une-date-de-sortie-pour-son-album-the-death-of-slim-shady-coup-de-grace\/#breadcrumb"},"inLanguage":"fr-FR","potentialAction":[{"@type":"ReadAction","target":["https:\/\/culturbaine.com\/index.php\/2024\/07\/02\/eminem-trouve-une-date-de-sortie-pour-son-album-the-death-of-slim-shady-coup-de-grace\/"]}]},{"@type":"ImageObject","inLanguage":"fr-FR","@id":"https:\/\/culturbaine.com\/index.php\/2024\/07\/02\/eminem-trouve-une-date-de-sortie-pour-son-album-the-death-of-slim-shady-coup-de-grace\/#primaryimage","url":"https:\/\/culturbaine.com\/wp-content\/uploads\/2024\/07\/17199054141002.jpg","contentUrl":"https:\/\/culturbaine.com\/wp-content\/uploads\/2024\/07\/17199054141002.jpg","width":661,"height":424},{"@type":"BreadcrumbList","@id":"https:\/\/culturbaine.com\/index.php\/2024\/07\/02\/eminem-trouve-une-date-de-sortie-pour-son-album-the-death-of-slim-shady-coup-de-grace\/#breadcrumb","itemListElement":[{"@type":"ListItem","position":1,"name":"Home","item":"https:\/\/culturbaine.com\/"},{"@type":"ListItem","position":2,"name":"Eminem trouve une date de sortie pour son album \u00ab\u00a0The Death Of Slim Shady\u00a0\u00bb (Coup de gr\u00e2ce)"}]},{"@type":"WebSite","@id":"https:\/\/culturbaine.com\/#website","url":"https:\/\/culturbaine.com\/","name":"Culturbaine.com","description":"Toute l&#039;actualit\u00e9 des Cultures Urbaines, en un clic  !","publisher":{"@id":"https:\/\/culturbaine.com\/#organization"},"potentialAction":[{"@type":"SearchAction","target":{"@type":"EntryPoint","urlTemplate":"https:\/\/culturbaine.com\/?s={search_term_string}"},"query-input":{"@type":"PropertyValueSpecification","valueRequired":true,"valueName":"search_term_string"}}],"inLanguage":"fr-FR"},{"@type":"Organization","@id":"https:\/\/culturbaine.com\/#organization","name":"Culturbaine.com","url":"https:\/\/culturbaine.com\/","logo":{"@type":"ImageObject","inLanguage":"fr-FR","@id":"https:\/\/culturbaine.com\/#\/schema\/logo\/image\/","url":"https:\/\/culturbaine.com\/wp-content\/uploads\/2023\/07\/WhatsApp-Image-2023-07-17-at-14.38.18.jpeg","contentUrl":"https:\/\/culturbaine.com\/wp-content\/uploads\/2023\/07\/WhatsApp-Image-2023-07-17-at-14.38.18.jpeg","width":855,"height":270,"caption":"Culturbaine.com"},"image":{"@id":"https:\/\/culturbaine.com\/#\/schema\/logo\/image\/"},"sameAs":["https:\/\/www.facebook.com\/Culturbaines","https:\/\/x.com\/culturbaines"]},{"@type":"Person","@id":"https:\/\/culturbaine.com\/#\/schema\/person\/42eb7485c572e0746c1ea6b8216c3814","name":"admin1","image":{"@type":"ImageObject","inLanguage":"fr-FR","@id":"https:\/\/culturbaine.com\/#\/schema\/person\/image\/","url":"https:\/\/secure.gravatar.com\/avatar\/c268f4d483ce0486e5a10fee87bbf756?s=96&d=mm&r=g","contentUrl":"https:\/\/secure.gravatar.com\/avatar\/c268f4d483ce0486e5a10fee87bbf756?s=96&d=mm&r=g","caption":"admin1"},"url":"https:\/\/culturbaine.com\/index.php\/author\/admin1\/"}]}},"_links":{"self":[{"href":"https:\/\/culturbaine.com\/index.php\/wp-json\/wp\/v2\/posts\/7449"}],"collection":[{"href":"https:\/\/culturbaine.com\/index.php\/wp-json\/wp\/v2\/posts"}],"about":[{"href":"https:\/\/culturbaine.com\/index.php\/wp-json\/wp\/v2\/types\/post"}],"author":[{"embeddable":true,"href":"https:\/\/culturbaine.com\/index.php\/wp-json\/wp\/v2\/users\/2"}],"replies":[{"embeddable":true,"href":"https:\/\/culturbaine.com\/index.php\/wp-json\/wp\/v2\/comments?post=7449"}],"version-history":[{"count":0,"href":"https:\/\/culturbaine.com\/index.php\/wp-json\/wp\/v2\/posts\/7449\/revisions"}],"wp:featuredmedia":[{"embeddable":true,"href":"https:\/\/culturbaine.com\/index.php\/wp-json\/wp\/v2\/media\/7451"}],"wp:attachment":[{"href":"https:\/\/culturbaine.com\/index.php\/wp-json\/wp\/v2\/media?parent=7449"}],"wp:term":[{"taxonomy":"category","embeddable":true,"href":"https:\/\/culturbaine.com\/index.php\/wp-json\/wp\/v2\/categories?post=7449"},{"taxonomy":"post_tag","embeddable":true,"href":"https:\/\/culturbaine.com\/index.php\/wp-json\/wp\/v2\/tags?post=7449"}],"curies":[{"name":"wp","href":"https:\/\/api.w.org\/{rel}","templated":true}]}}