{"id":7428,"date":"2024-07-01T17:16:17","date_gmt":"2024-07-01T17:16:17","guid":{"rendered":"https:\/\/culturbaine.com\/?p=7428"},"modified":"2024-07-01T17:16:17","modified_gmt":"2024-07-01T17:16:17","slug":"david-guetta-non-selectionne-pour-la-ceremonie-douverture-des-jo-de-paris-2024","status":"publish","type":"post","link":"https:\/\/culturbaine.com\/index.php\/2024\/07\/01\/david-guetta-non-selectionne-pour-la-ceremonie-douverture-des-jo-de-paris-2024\/","title":{"rendered":"David Guetta Non S\u00e9lectionn\u00e9 pour la C\u00e9r\u00e9monie d&rsquo;Ouverture des JO de Paris 2024"},"content":{"rendered":"<p><span>Le c\u00e9l\u00e8bre DJ fran\u00e7ais <\/span><b>David Guetta<\/b><span>, malgr\u00e9 sa renomm\u00e9e internationale et son immense popularit\u00e9, ne participera pas \u00e0 la c\u00e9r\u00e9monie d&rsquo;ouverture des Jeux Olympiques de Paris 2024. Cette d\u00e9cision a surpris et d\u00e9\u00e7u de nombreux fans, ainsi que l&rsquo;artiste lui-m\u00eame.<\/span><\/p>\n<p><span style=\"font-weight: 400;\">Lors d&rsquo;un r\u00e9cent \u00e9v\u00e9nement au ch\u00e2teau de Chambord, <\/span><b>David Guetta<\/b><span style=\"font-weight: 400;\"> a exprim\u00e9 sa frustration de ne pas avoir \u00e9t\u00e9 contact\u00e9 pour cet \u00e9v\u00e9nement prestigieux. \u00ab<\/span> <b><i>Si vous avez la r\u00e9ponse vous allez me la donner. Parce que moi, je n&rsquo;ai pas du tout compris. Au niveau mondial, je suis toujours entre le 4e et le 15e artiste le plus \u00e9cout\u00e9 dans le monde, pas DJ artiste<\/i><\/b><span style=\"font-weight: 400;\"> \u00bb, a-t-il d\u00e9clar\u00e9. \u00ab <\/span><b><i>Pour vous donner une id\u00e9e, Beyonc\u00e9 doit \u00eatre 40e ou 50e. Mais personne ne m&rsquo;a appel\u00e9. Et pourtant je suis Fran\u00e7ais et j&rsquo;adore la France. C&rsquo;est comme \u00e7a<\/i><\/b><span style=\"font-weight: 400;\"> ! \u00bb<\/span><\/p>\n<p><span style=\"font-weight: 400;\">Bien que les organisateurs de Paris 2024 n&rsquo;aient pas encore confirm\u00e9 officiellement les artistes participant \u00e0 la c\u00e9r\u00e9monie, des noms comme <\/span><b>Aya Nakamura, C\u00e9line Dion <\/b><span style=\"font-weight: 400;\">et<\/span><b> Dua Lipa<\/b><span style=\"font-weight: 400;\"> circulent de plus en plus. Leur pr\u00e9sence est tr\u00e8s attendue pour le 26 juillet prochain.<\/span><\/p>\n<p><span style=\"font-weight: 400;\">L&rsquo;exclusion de <\/span><b>David Guetta<\/b><span style=\"font-weight: 400;\"> a suscit\u00e9 des r\u00e9actions diverses dans le monde de la musique et parmi ses admirateurs. Certains pensent que sa notori\u00e9t\u00e9 et ses contributions \u00e0 la musique mondiale auraient d\u00fb lui garantir une place dans cet \u00e9v\u00e9nement embl\u00e9matique. D&rsquo;autres, cependant, voient cela comme une opportunit\u00e9 de mettre en avant de nouveaux talents.<\/span><\/p>\n<p><span style=\"font-weight: 400;\">Alors que les sp\u00e9culations continuent, la d\u00e9claration de <\/span><b>David Guetta<\/b><span style=\"font-weight: 400;\"> met en lumi\u00e8re les choix complexes auxquels sont confront\u00e9s les organisateurs des Jeux Olympiques. Seul le temps dira si cette d\u00e9cision aura un impact sur l&rsquo;\u00e9v\u00e9nement et sur la perception du public.<\/span><\/p>\n<p><b>Mohamed Cinq Sylla<\/b><\/p>\n","protected":false},"excerpt":{"rendered":"<p>Le c\u00e9l\u00e8bre DJ fran\u00e7ais David Guetta, malgr\u00e9 sa renomm\u00e9e internationale et son immense popularit\u00e9, ne participera pas \u00e0 la c\u00e9r\u00e9monie d&rsquo;ouverture des Jeux Olympiques de Paris 2024. Cette d\u00e9cision a surpris et d\u00e9\u00e7u de nombreux fans, ainsi que l&rsquo;artiste lui-m\u00eame. Lors d&rsquo;un r\u00e9cent \u00e9v\u00e9nement au ch\u00e2teau de Chambord, David Guetta a exprim\u00e9 sa frustration de [&hellip;]<\/p>\n","protected":false},"author":2,"featured_media":7430,"comment_status":"closed","ping_status":"closed","sticky":false,"template":"","format":"standard","meta":{"_mi_skip_tracking":false,"_monsterinsights_sitenote_active":false,"_monsterinsights_sitenote_note":"","_monsterinsights_sitenote_category":0,"footnotes":""},"categories":[21,2441],"tags":[1062,2675,2674],"class_list":["post-7428","post","type-post","status-publish","format-standard","has-post-thumbnail","hentry","category-actualite","category-deejaying","tag-david-guetta","tag-jo-de-paris","tag-non-selectionne-jo"],"yoast_head":"<!-- This site is optimized with the Yoast SEO Premium plugin v20.1 (Yoast SEO v24.0) - https:\/\/yoast.com\/wordpress\/plugins\/seo\/ -->\n<title>David Guetta Non S\u00e9lectionn\u00e9 pour la C\u00e9r\u00e9monie d&#039;Ouverture des JO de Paris 2024 - Culturbaine<\/title>\n<meta name=\"robots\" content=\"index, follow, max-snippet:-1, max-image-preview:large, max-video-preview:-1\" \/>\n<link rel=\"canonical\" href=\"https:\/\/culturbaine.com\/index.php\/2024\/07\/01\/david-guetta-non-selectionne-pour-la-ceremonie-douverture-des-jo-de-paris-2024\/\" \/>\n<meta property=\"og:locale\" content=\"fr_FR\" \/>\n<meta property=\"og:type\" content=\"article\" \/>\n<meta property=\"og:title\" content=\"David Guetta Non S\u00e9lectionn\u00e9 pour la C\u00e9r\u00e9monie d&#039;Ouverture des JO de Paris 2024\" \/>\n<meta property=\"og:description\" content=\"Le c\u00e9l\u00e8bre DJ fran\u00e7ais David Guetta, malgr\u00e9 sa renomm\u00e9e internationale et son immense popularit\u00e9, ne participera pas \u00e0 la c\u00e9r\u00e9monie d&rsquo;ouverture des Jeux Olympiques de Paris 2024. Cette d\u00e9cision a surpris et d\u00e9\u00e7u de nombreux fans, ainsi que l&rsquo;artiste lui-m\u00eame. Lors d&rsquo;un r\u00e9cent \u00e9v\u00e9nement au ch\u00e2teau de Chambord, David Guetta a exprim\u00e9 sa frustration de [&hellip;]\" \/>\n<meta property=\"og:url\" content=\"https:\/\/culturbaine.com\/index.php\/2024\/07\/01\/david-guetta-non-selectionne-pour-la-ceremonie-douverture-des-jo-de-paris-2024\/\" \/>\n<meta property=\"og:site_name\" content=\"Culturbaine\" \/>\n<meta property=\"article:publisher\" content=\"https:\/\/www.facebook.com\/Culturbaines\" \/>\n<meta property=\"article:published_time\" content=\"2024-07-01T17:16:17+00:00\" \/>\n<meta property=\"og:image\" content=\"https:\/\/culturbaine.com\/wp-content\/uploads\/2024\/07\/IMG_20240701_152732.jpg\" \/>\n\t<meta property=\"og:image:width\" content=\"715\" \/>\n\t<meta property=\"og:image:height\" content=\"406\" \/>\n\t<meta property=\"og:image:type\" content=\"image\/jpeg\" \/>\n<meta name=\"author\" content=\"admin1\" \/>\n<meta name=\"twitter:card\" content=\"summary_large_image\" \/>\n<meta name=\"twitter:creator\" content=\"@culturbaines\" \/>\n<meta name=\"twitter:site\" content=\"@culturbaines\" \/>\n<meta name=\"twitter:label1\" content=\"\u00c9crit par\" \/>\n\t<meta name=\"twitter:data1\" content=\"admin1\" \/>\n\t<meta name=\"twitter:label2\" content=\"Dur\u00e9e de lecture estim\u00e9e\" \/>\n\t<meta name=\"twitter:data2\" content=\"2 minutes\" \/>\n<script type=\"application\/ld+json\" class=\"yoast-schema-graph\">{\"@context\":\"https:\/\/schema.org\",\"@graph\":[{\"@type\":\"Article\",\"@id\":\"https:\/\/culturbaine.com\/index.php\/2024\/07\/01\/david-guetta-non-selectionne-pour-la-ceremonie-douverture-des-jo-de-paris-2024\/#article\",\"isPartOf\":{\"@id\":\"https:\/\/culturbaine.com\/index.php\/2024\/07\/01\/david-guetta-non-selectionne-pour-la-ceremonie-douverture-des-jo-de-paris-2024\/\"},\"author\":{\"name\":\"admin1\",\"@id\":\"https:\/\/culturbaine.com\/#\/schema\/person\/42eb7485c572e0746c1ea6b8216c3814\"},\"headline\":\"David Guetta Non S\u00e9lectionn\u00e9 pour la C\u00e9r\u00e9monie d&rsquo;Ouverture des JO de Paris 2024\",\"datePublished\":\"2024-07-01T17:16:17+00:00\",\"dateModified\":\"2024-07-01T17:16:17+00:00\",\"mainEntityOfPage\":{\"@id\":\"https:\/\/culturbaine.com\/index.php\/2024\/07\/01\/david-guetta-non-selectionne-pour-la-ceremonie-douverture-des-jo-de-paris-2024\/\"},\"wordCount\":331,\"publisher\":{\"@id\":\"https:\/\/culturbaine.com\/#organization\"},\"image\":{\"@id\":\"https:\/\/culturbaine.com\/index.php\/2024\/07\/01\/david-guetta-non-selectionne-pour-la-ceremonie-douverture-des-jo-de-paris-2024\/#primaryimage\"},\"thumbnailUrl\":\"https:\/\/culturbaine.com\/wp-content\/uploads\/2024\/07\/IMG_20240701_152732.jpg\",\"keywords\":[\"David Guetta\",\"JO de Paris\",\"Non s\u00e9lectionn\u00e9 JO\"],\"articleSection\":[\"Actualit\u00e9\",\"Deejaying\"],\"inLanguage\":\"fr-FR\"},{\"@type\":\"WebPage\",\"@id\":\"https:\/\/culturbaine.com\/index.php\/2024\/07\/01\/david-guetta-non-selectionne-pour-la-ceremonie-douverture-des-jo-de-paris-2024\/\",\"url\":\"https:\/\/culturbaine.com\/index.php\/2024\/07\/01\/david-guetta-non-selectionne-pour-la-ceremonie-douverture-des-jo-de-paris-2024\/\",\"name\":\"David Guetta Non S\u00e9lectionn\u00e9 pour la C\u00e9r\u00e9monie d'Ouverture des JO de Paris 2024 - Culturbaine\",\"isPartOf\":{\"@id\":\"https:\/\/culturbaine.com\/#website\"},\"primaryImageOfPage\":{\"@id\":\"https:\/\/culturbaine.com\/index.php\/2024\/07\/01\/david-guetta-non-selectionne-pour-la-ceremonie-douverture-des-jo-de-paris-2024\/#primaryimage\"},\"image\":{\"@id\":\"https:\/\/culturbaine.com\/index.php\/2024\/07\/01\/david-guetta-non-selectionne-pour-la-ceremonie-douverture-des-jo-de-paris-2024\/#primaryimage\"},\"thumbnailUrl\":\"https:\/\/culturbaine.com\/wp-content\/uploads\/2024\/07\/IMG_20240701_152732.jpg\",\"datePublished\":\"2024-07-01T17:16:17+00:00\",\"dateModified\":\"2024-07-01T17:16:17+00:00\",\"breadcrumb\":{\"@id\":\"https:\/\/culturbaine.com\/index.php\/2024\/07\/01\/david-guetta-non-selectionne-pour-la-ceremonie-douverture-des-jo-de-paris-2024\/#breadcrumb\"},\"inLanguage\":\"fr-FR\",\"potentialAction\":[{\"@type\":\"ReadAction\",\"target\":[\"https:\/\/culturbaine.com\/index.php\/2024\/07\/01\/david-guetta-non-selectionne-pour-la-ceremonie-douverture-des-jo-de-paris-2024\/\"]}]},{\"@type\":\"ImageObject\",\"inLanguage\":\"fr-FR\",\"@id\":\"https:\/\/culturbaine.com\/index.php\/2024\/07\/01\/david-guetta-non-selectionne-pour-la-ceremonie-douverture-des-jo-de-paris-2024\/#primaryimage\",\"url\":\"https:\/\/culturbaine.com\/wp-content\/uploads\/2024\/07\/IMG_20240701_152732.jpg\",\"contentUrl\":\"https:\/\/culturbaine.com\/wp-content\/uploads\/2024\/07\/IMG_20240701_152732.jpg\",\"width\":715,\"height\":406},{\"@type\":\"BreadcrumbList\",\"@id\":\"https:\/\/culturbaine.com\/index.php\/2024\/07\/01\/david-guetta-non-selectionne-pour-la-ceremonie-douverture-des-jo-de-paris-2024\/#breadcrumb\",\"itemListElement\":[{\"@type\":\"ListItem\",\"position\":1,\"name\":\"Home\",\"item\":\"https:\/\/culturbaine.com\/\"},{\"@type\":\"ListItem\",\"position\":2,\"name\":\"David Guetta Non S\u00e9lectionn\u00e9 pour la C\u00e9r\u00e9monie d&rsquo;Ouverture des JO de Paris 2024\"}]},{\"@type\":\"WebSite\",\"@id\":\"https:\/\/culturbaine.com\/#website\",\"url\":\"https:\/\/culturbaine.com\/\",\"name\":\"Culturbaine.com\",\"description\":\"Toute l&#039;actualit\u00e9 des Cultures Urbaines, en un clic  !\",\"publisher\":{\"@id\":\"https:\/\/culturbaine.com\/#organization\"},\"potentialAction\":[{\"@type\":\"SearchAction\",\"target\":{\"@type\":\"EntryPoint\",\"urlTemplate\":\"https:\/\/culturbaine.com\/?s={search_term_string}\"},\"query-input\":{\"@type\":\"PropertyValueSpecification\",\"valueRequired\":true,\"valueName\":\"search_term_string\"}}],\"inLanguage\":\"fr-FR\"},{\"@type\":\"Organization\",\"@id\":\"https:\/\/culturbaine.com\/#organization\",\"name\":\"Culturbaine.com\",\"url\":\"https:\/\/culturbaine.com\/\",\"logo\":{\"@type\":\"ImageObject\",\"inLanguage\":\"fr-FR\",\"@id\":\"https:\/\/culturbaine.com\/#\/schema\/logo\/image\/\",\"url\":\"https:\/\/culturbaine.com\/wp-content\/uploads\/2023\/07\/WhatsApp-Image-2023-07-17-at-14.38.18.jpeg\",\"contentUrl\":\"https:\/\/culturbaine.com\/wp-content\/uploads\/2023\/07\/WhatsApp-Image-2023-07-17-at-14.38.18.jpeg\",\"width\":855,\"height\":270,\"caption\":\"Culturbaine.com\"},\"image\":{\"@id\":\"https:\/\/culturbaine.com\/#\/schema\/logo\/image\/\"},\"sameAs\":[\"https:\/\/www.facebook.com\/Culturbaines\",\"https:\/\/x.com\/culturbaines\"]},{\"@type\":\"Person\",\"@id\":\"https:\/\/culturbaine.com\/#\/schema\/person\/42eb7485c572e0746c1ea6b8216c3814\",\"name\":\"admin1\",\"image\":{\"@type\":\"ImageObject\",\"inLanguage\":\"fr-FR\",\"@id\":\"https:\/\/culturbaine.com\/#\/schema\/person\/image\/\",\"url\":\"https:\/\/secure.gravatar.com\/avatar\/c268f4d483ce0486e5a10fee87bbf756?s=96&d=mm&r=g\",\"contentUrl\":\"https:\/\/secure.gravatar.com\/avatar\/c268f4d483ce0486e5a10fee87bbf756?s=96&d=mm&r=g\",\"caption\":\"admin1\"},\"url\":\"https:\/\/culturbaine.com\/index.php\/author\/admin1\/\"}]}<\/script>\n<!-- \/ Yoast SEO Premium plugin. -->","yoast_head_json":{"title":"David Guetta Non S\u00e9lectionn\u00e9 pour la C\u00e9r\u00e9monie d'Ouverture des JO de Paris 2024 - Culturbaine","robots":{"index":"index","follow":"follow","max-snippet":"max-snippet:-1","max-image-preview":"max-image-preview:large","max-video-preview":"max-video-preview:-1"},"canonical":"https:\/\/culturbaine.com\/index.php\/2024\/07\/01\/david-guetta-non-selectionne-pour-la-ceremonie-douverture-des-jo-de-paris-2024\/","og_locale":"fr_FR","og_type":"article","og_title":"David Guetta Non S\u00e9lectionn\u00e9 pour la C\u00e9r\u00e9monie d'Ouverture des JO de Paris 2024","og_description":"Le c\u00e9l\u00e8bre DJ fran\u00e7ais David Guetta, malgr\u00e9 sa renomm\u00e9e internationale et son immense popularit\u00e9, ne participera pas \u00e0 la c\u00e9r\u00e9monie d&rsquo;ouverture des Jeux Olympiques de Paris 2024. Cette d\u00e9cision a surpris et d\u00e9\u00e7u de nombreux fans, ainsi que l&rsquo;artiste lui-m\u00eame. Lors d&rsquo;un r\u00e9cent \u00e9v\u00e9nement au ch\u00e2teau de Chambord, David Guetta a exprim\u00e9 sa frustration de [&hellip;]","og_url":"https:\/\/culturbaine.com\/index.php\/2024\/07\/01\/david-guetta-non-selectionne-pour-la-ceremonie-douverture-des-jo-de-paris-2024\/","og_site_name":"Culturbaine","article_publisher":"https:\/\/www.facebook.com\/Culturbaines","article_published_time":"2024-07-01T17:16:17+00:00","og_image":[{"width":715,"height":406,"url":"https:\/\/culturbaine.com\/wp-content\/uploads\/2024\/07\/IMG_20240701_152732.jpg","type":"image\/jpeg"}],"author":"admin1","twitter_card":"summary_large_image","twitter_creator":"@culturbaines","twitter_site":"@culturbaines","twitter_misc":{"\u00c9crit par":"admin1","Dur\u00e9e de lecture estim\u00e9e":"2 minutes"},"schema":{"@context":"https:\/\/schema.org","@graph":[{"@type":"Article","@id":"https:\/\/culturbaine.com\/index.php\/2024\/07\/01\/david-guetta-non-selectionne-pour-la-ceremonie-douverture-des-jo-de-paris-2024\/#article","isPartOf":{"@id":"https:\/\/culturbaine.com\/index.php\/2024\/07\/01\/david-guetta-non-selectionne-pour-la-ceremonie-douverture-des-jo-de-paris-2024\/"},"author":{"name":"admin1","@id":"https:\/\/culturbaine.com\/#\/schema\/person\/42eb7485c572e0746c1ea6b8216c3814"},"headline":"David Guetta Non S\u00e9lectionn\u00e9 pour la C\u00e9r\u00e9monie d&rsquo;Ouverture des JO de Paris 2024","datePublished":"2024-07-01T17:16:17+00:00","dateModified":"2024-07-01T17:16:17+00:00","mainEntityOfPage":{"@id":"https:\/\/culturbaine.com\/index.php\/2024\/07\/01\/david-guetta-non-selectionne-pour-la-ceremonie-douverture-des-jo-de-paris-2024\/"},"wordCount":331,"publisher":{"@id":"https:\/\/culturbaine.com\/#organization"},"image":{"@id":"https:\/\/culturbaine.com\/index.php\/2024\/07\/01\/david-guetta-non-selectionne-pour-la-ceremonie-douverture-des-jo-de-paris-2024\/#primaryimage"},"thumbnailUrl":"https:\/\/culturbaine.com\/wp-content\/uploads\/2024\/07\/IMG_20240701_152732.jpg","keywords":["David Guetta","JO de Paris","Non s\u00e9lectionn\u00e9 JO"],"articleSection":["Actualit\u00e9","Deejaying"],"inLanguage":"fr-FR"},{"@type":"WebPage","@id":"https:\/\/culturbaine.com\/index.php\/2024\/07\/01\/david-guetta-non-selectionne-pour-la-ceremonie-douverture-des-jo-de-paris-2024\/","url":"https:\/\/culturbaine.com\/index.php\/2024\/07\/01\/david-guetta-non-selectionne-pour-la-ceremonie-douverture-des-jo-de-paris-2024\/","name":"David Guetta Non S\u00e9lectionn\u00e9 pour la C\u00e9r\u00e9monie d'Ouverture des JO de Paris 2024 - Culturbaine","isPartOf":{"@id":"https:\/\/culturbaine.com\/#website"},"primaryImageOfPage":{"@id":"https:\/\/culturbaine.com\/index.php\/2024\/07\/01\/david-guetta-non-selectionne-pour-la-ceremonie-douverture-des-jo-de-paris-2024\/#primaryimage"},"image":{"@id":"https:\/\/culturbaine.com\/index.php\/2024\/07\/01\/david-guetta-non-selectionne-pour-la-ceremonie-douverture-des-jo-de-paris-2024\/#primaryimage"},"thumbnailUrl":"https:\/\/culturbaine.com\/wp-content\/uploads\/2024\/07\/IMG_20240701_152732.jpg","datePublished":"2024-07-01T17:16:17+00:00","dateModified":"2024-07-01T17:16:17+00:00","breadcrumb":{"@id":"https:\/\/culturbaine.com\/index.php\/2024\/07\/01\/david-guetta-non-selectionne-pour-la-ceremonie-douverture-des-jo-de-paris-2024\/#breadcrumb"},"inLanguage":"fr-FR","potentialAction":[{"@type":"ReadAction","target":["https:\/\/culturbaine.com\/index.php\/2024\/07\/01\/david-guetta-non-selectionne-pour-la-ceremonie-douverture-des-jo-de-paris-2024\/"]}]},{"@type":"ImageObject","inLanguage":"fr-FR","@id":"https:\/\/culturbaine.com\/index.php\/2024\/07\/01\/david-guetta-non-selectionne-pour-la-ceremonie-douverture-des-jo-de-paris-2024\/#primaryimage","url":"https:\/\/culturbaine.com\/wp-content\/uploads\/2024\/07\/IMG_20240701_152732.jpg","contentUrl":"https:\/\/culturbaine.com\/wp-content\/uploads\/2024\/07\/IMG_20240701_152732.jpg","width":715,"height":406},{"@type":"BreadcrumbList","@id":"https:\/\/culturbaine.com\/index.php\/2024\/07\/01\/david-guetta-non-selectionne-pour-la-ceremonie-douverture-des-jo-de-paris-2024\/#breadcrumb","itemListElement":[{"@type":"ListItem","position":1,"name":"Home","item":"https:\/\/culturbaine.com\/"},{"@type":"ListItem","position":2,"name":"David Guetta Non S\u00e9lectionn\u00e9 pour la C\u00e9r\u00e9monie d&rsquo;Ouverture des JO de Paris 2024"}]},{"@type":"WebSite","@id":"https:\/\/culturbaine.com\/#website","url":"https:\/\/culturbaine.com\/","name":"Culturbaine.com","description":"Toute l&#039;actualit\u00e9 des Cultures Urbaines, en un clic  !","publisher":{"@id":"https:\/\/culturbaine.com\/#organization"},"potentialAction":[{"@type":"SearchAction","target":{"@type":"EntryPoint","urlTemplate":"https:\/\/culturbaine.com\/?s={search_term_string}"},"query-input":{"@type":"PropertyValueSpecification","valueRequired":true,"valueName":"search_term_string"}}],"inLanguage":"fr-FR"},{"@type":"Organization","@id":"https:\/\/culturbaine.com\/#organization","name":"Culturbaine.com","url":"https:\/\/culturbaine.com\/","logo":{"@type":"ImageObject","inLanguage":"fr-FR","@id":"https:\/\/culturbaine.com\/#\/schema\/logo\/image\/","url":"https:\/\/culturbaine.com\/wp-content\/uploads\/2023\/07\/WhatsApp-Image-2023-07-17-at-14.38.18.jpeg","contentUrl":"https:\/\/culturbaine.com\/wp-content\/uploads\/2023\/07\/WhatsApp-Image-2023-07-17-at-14.38.18.jpeg","width":855,"height":270,"caption":"Culturbaine.com"},"image":{"@id":"https:\/\/culturbaine.com\/#\/schema\/logo\/image\/"},"sameAs":["https:\/\/www.facebook.com\/Culturbaines","https:\/\/x.com\/culturbaines"]},{"@type":"Person","@id":"https:\/\/culturbaine.com\/#\/schema\/person\/42eb7485c572e0746c1ea6b8216c3814","name":"admin1","image":{"@type":"ImageObject","inLanguage":"fr-FR","@id":"https:\/\/culturbaine.com\/#\/schema\/person\/image\/","url":"https:\/\/secure.gravatar.com\/avatar\/c268f4d483ce0486e5a10fee87bbf756?s=96&d=mm&r=g","contentUrl":"https:\/\/secure.gravatar.com\/avatar\/c268f4d483ce0486e5a10fee87bbf756?s=96&d=mm&r=g","caption":"admin1"},"url":"https:\/\/culturbaine.com\/index.php\/author\/admin1\/"}]}},"_links":{"self":[{"href":"https:\/\/culturbaine.com\/index.php\/wp-json\/wp\/v2\/posts\/7428"}],"collection":[{"href":"https:\/\/culturbaine.com\/index.php\/wp-json\/wp\/v2\/posts"}],"about":[{"href":"https:\/\/culturbaine.com\/index.php\/wp-json\/wp\/v2\/types\/post"}],"author":[{"embeddable":true,"href":"https:\/\/culturbaine.com\/index.php\/wp-json\/wp\/v2\/users\/2"}],"replies":[{"embeddable":true,"href":"https:\/\/culturbaine.com\/index.php\/wp-json\/wp\/v2\/comments?post=7428"}],"version-history":[{"count":0,"href":"https:\/\/culturbaine.com\/index.php\/wp-json\/wp\/v2\/posts\/7428\/revisions"}],"wp:featuredmedia":[{"embeddable":true,"href":"https:\/\/culturbaine.com\/index.php\/wp-json\/wp\/v2\/media\/7430"}],"wp:attachment":[{"href":"https:\/\/culturbaine.com\/index.php\/wp-json\/wp\/v2\/media?parent=7428"}],"wp:term":[{"taxonomy":"category","embeddable":true,"href":"https:\/\/culturbaine.com\/index.php\/wp-json\/wp\/v2\/categories?post=7428"},{"taxonomy":"post_tag","embeddable":true,"href":"https:\/\/culturbaine.com\/index.php\/wp-json\/wp\/v2\/tags?post=7428"}],"curies":[{"name":"wp","href":"https:\/\/api.w.org\/{rel}","templated":true}]}}