{"id":7290,"date":"2024-06-24T16:07:22","date_gmt":"2024-06-24T16:07:22","guid":{"rendered":"https:\/\/culturbaine.com\/?p=7290"},"modified":"2024-06-24T16:07:22","modified_gmt":"2024-06-24T16:07:22","slug":"fete-de-la-musique-la-guinee-rayonne-a-dakar","status":"publish","type":"post","link":"https:\/\/culturbaine.com\/index.php\/2024\/06\/24\/fete-de-la-musique-la-guinee-rayonne-a-dakar\/","title":{"rendered":"F\u00eate de la musique : La Guin\u00e9e rayonne \u00e0 Dakar !"},"content":{"rendered":"<p><span>\u00c0 l&rsquo;image des festivit\u00e9s grandioses des 13 communes de Conakry, la capitale guin\u00e9enne, Dakar a accueilli une c\u00e9l\u00e9bration m\u00e9morable de la f\u00eate de la musique. Des artistes guin\u00e9ens de renom tels que <\/span><b>Degg J Force 3, Banlieuz&rsquo;art, Amaza,<\/b><span> et <\/span><b>Bappa Oumar<\/b><span> ont enflamm\u00e9 l\u2019esplanade du Centre Culturel <\/span><b>Blaise Senghor<\/b><span>, offrant une prestation exceptionnelle sous le regard bienveillant de <\/span><b>Baaba Maal<\/b><span>, l&rsquo;ic\u00f4ne mondiale de la musique s\u00e9n\u00e9galaise et parrain de l&rsquo;\u00e9v\u00e9nement.<\/span><\/p>\n<p><span style=\"font-weight: 400;\">Plac\u00e9 sous le signe de la fraternit\u00e9 entre la Guin\u00e9e et le S\u00e9n\u00e9gal, cet \u00e9v\u00e9nement a favoris\u00e9 les \u00e9changes culturels entre les deux pays fr\u00e8res. <\/span><b>Malick K\u00e9b\u00e9<\/b><span style=\"font-weight: 400;\">, directeur g\u00e9n\u00e9ral du <\/span><b>FODAC<\/b><span style=\"font-weight: 400;\"> et repr\u00e9sentant du ministre de la culture <\/span><b>Moussa Mo\u00efse Sylla,<\/b><span style=\"font-weight: 400;\"> a exprim\u00e9 sa satisfaction. Sur ce,\u00a0 il s&rsquo;est engag\u00e9 \u00e0 p\u00e9renniser cet \u00e9v\u00e9nement pour le bien des deux pays fr\u00e8res.<\/span><\/p>\n<p><span style=\"font-weight: 400;\">Le lendemain du concert, <\/span><b>Malick K\u00e9b\u00e9 <\/b><span style=\"font-weight: 400;\">et<\/span><b> Badra Kon\u00e9<\/b><span style=\"font-weight: 400;\">, pr\u00e9sident de la d\u00e9l\u00e9gation sp\u00e9ciale de la commune de Matam, ont rencontr\u00e9 des cadres du S\u00e9n\u00e9gal, dont le Sous-pr\u00e9fet de Grand Dakar, <\/span><b>Baaba Maal<\/b><span style=\"font-weight: 400;\">, parrain de l&rsquo;\u00e9v\u00e9nement, ainsi que le Professeur <\/span><b>Wann<\/b><span style=\"font-weight: 400;\"> et la Directrice du Centre Culturel Blaise Senghor. La r\u00e9union s&rsquo;est conclue sur une note positive, renfor\u00e7ant les liens culturels entre les deux nations.<\/span><\/p>\n<p><span style=\"font-weight: 400;\">Cet \u00e9v\u00e9nement a marqu\u00e9 une \u00e9tape importante dans la coop\u00e9ration culturelle entre la Guin\u00e9e et le S\u00e9n\u00e9gal, promettant un avenir radieux pour les \u00e9changes artistiques entre les deux pays.<\/span><\/p>\n<p><b>Mohamed Cinq Sylla<\/b><\/p>\n","protected":false},"excerpt":{"rendered":"<p>\u00c0 l&rsquo;image des festivit\u00e9s grandioses des 13 communes de Conakry, la capitale guin\u00e9enne, Dakar a accueilli une c\u00e9l\u00e9bration m\u00e9morable de la f\u00eate de la musique. Des artistes guin\u00e9ens de renom tels que Degg J Force 3, Banlieuz&rsquo;art, Amaza, et Bappa Oumar ont enflamm\u00e9 l\u2019esplanade du Centre Culturel Blaise Senghor, offrant une prestation exceptionnelle sous le [&hellip;]<\/p>\n","protected":false},"author":2,"featured_media":7292,"comment_status":"closed","ping_status":"closed","sticky":false,"template":"","format":"standard","meta":{"_mi_skip_tracking":false,"_monsterinsights_sitenote_active":false,"_monsterinsights_sitenote_note":"","_monsterinsights_sitenote_category":0,"footnotes":""},"categories":[21],"tags":[197,47,776,66,2367,279,2629],"class_list":["post-7290","post","type-post","status-publish","format-standard","has-post-thumbnail","hentry","category-actualite","tag-amaza","tag-banlieuzart","tag-dakar","tag-degg-j-force-3","tag-fete-de-la-musique","tag-guinee","tag-malick-kebe"],"yoast_head":"<!-- This site is optimized with the Yoast SEO Premium plugin v20.1 (Yoast SEO v24.0) - https:\/\/yoast.com\/wordpress\/plugins\/seo\/ -->\n<title>F\u00eate de la musique : La Guin\u00e9e rayonne \u00e0 Dakar ! - Culturbaine<\/title>\n<meta name=\"robots\" content=\"index, follow, max-snippet:-1, max-image-preview:large, max-video-preview:-1\" \/>\n<link rel=\"canonical\" href=\"https:\/\/culturbaine.com\/index.php\/2024\/06\/24\/fete-de-la-musique-la-guinee-rayonne-a-dakar\/\" \/>\n<meta property=\"og:locale\" content=\"fr_FR\" \/>\n<meta property=\"og:type\" content=\"article\" \/>\n<meta property=\"og:title\" content=\"F\u00eate de la musique : La Guin\u00e9e rayonne \u00e0 Dakar !\" \/>\n<meta property=\"og:description\" content=\"\u00c0 l&rsquo;image des festivit\u00e9s grandioses des 13 communes de Conakry, la capitale guin\u00e9enne, Dakar a accueilli une c\u00e9l\u00e9bration m\u00e9morable de la f\u00eate de la musique. Des artistes guin\u00e9ens de renom tels que Degg J Force 3, Banlieuz&rsquo;art, Amaza, et Bappa Oumar ont enflamm\u00e9 l\u2019esplanade du Centre Culturel Blaise Senghor, offrant une prestation exceptionnelle sous le [&hellip;]\" \/>\n<meta property=\"og:url\" content=\"https:\/\/culturbaine.com\/index.php\/2024\/06\/24\/fete-de-la-musique-la-guinee-rayonne-a-dakar\/\" \/>\n<meta property=\"og:site_name\" content=\"Culturbaine\" \/>\n<meta property=\"article:publisher\" content=\"https:\/\/www.facebook.com\/Culturbaines\" \/>\n<meta property=\"article:published_time\" content=\"2024-06-24T16:07:22+00:00\" \/>\n<meta property=\"og:image\" content=\"https:\/\/culturbaine.com\/wp-content\/uploads\/2024\/06\/17192449196032.jpg\" \/>\n\t<meta property=\"og:image:width\" content=\"720\" \/>\n\t<meta property=\"og:image:height\" content=\"415\" \/>\n\t<meta property=\"og:image:type\" content=\"image\/jpeg\" \/>\n<meta name=\"author\" content=\"admin1\" \/>\n<meta name=\"twitter:card\" content=\"summary_large_image\" \/>\n<meta name=\"twitter:creator\" content=\"@culturbaines\" \/>\n<meta name=\"twitter:site\" content=\"@culturbaines\" \/>\n<meta name=\"twitter:label1\" content=\"\u00c9crit par\" \/>\n\t<meta name=\"twitter:data1\" content=\"admin1\" \/>\n\t<meta name=\"twitter:label2\" content=\"Dur\u00e9e de lecture estim\u00e9e\" \/>\n\t<meta name=\"twitter:data2\" content=\"2 minutes\" \/>\n<script type=\"application\/ld+json\" class=\"yoast-schema-graph\">{\"@context\":\"https:\/\/schema.org\",\"@graph\":[{\"@type\":\"Article\",\"@id\":\"https:\/\/culturbaine.com\/index.php\/2024\/06\/24\/fete-de-la-musique-la-guinee-rayonne-a-dakar\/#article\",\"isPartOf\":{\"@id\":\"https:\/\/culturbaine.com\/index.php\/2024\/06\/24\/fete-de-la-musique-la-guinee-rayonne-a-dakar\/\"},\"author\":{\"name\":\"admin1\",\"@id\":\"https:\/\/culturbaine.com\/#\/schema\/person\/42eb7485c572e0746c1ea6b8216c3814\"},\"headline\":\"F\u00eate de la musique : La Guin\u00e9e rayonne \u00e0 Dakar !\",\"datePublished\":\"2024-06-24T16:07:22+00:00\",\"dateModified\":\"2024-06-24T16:07:22+00:00\",\"mainEntityOfPage\":{\"@id\":\"https:\/\/culturbaine.com\/index.php\/2024\/06\/24\/fete-de-la-musique-la-guinee-rayonne-a-dakar\/\"},\"wordCount\":282,\"publisher\":{\"@id\":\"https:\/\/culturbaine.com\/#organization\"},\"image\":{\"@id\":\"https:\/\/culturbaine.com\/index.php\/2024\/06\/24\/fete-de-la-musique-la-guinee-rayonne-a-dakar\/#primaryimage\"},\"thumbnailUrl\":\"https:\/\/culturbaine.com\/wp-content\/uploads\/2024\/06\/17192449196032.jpg\",\"keywords\":[\"Amaza\",\"banlieuzart\",\"Dakar\",\"Degg J Force 3\",\"f\u00eate de la musique\",\"Guin\u00e9e\",\"Malick K\u00e9b\u00e9\"],\"articleSection\":[\"Actualit\u00e9\"],\"inLanguage\":\"fr-FR\"},{\"@type\":\"WebPage\",\"@id\":\"https:\/\/culturbaine.com\/index.php\/2024\/06\/24\/fete-de-la-musique-la-guinee-rayonne-a-dakar\/\",\"url\":\"https:\/\/culturbaine.com\/index.php\/2024\/06\/24\/fete-de-la-musique-la-guinee-rayonne-a-dakar\/\",\"name\":\"F\u00eate de la musique : La Guin\u00e9e rayonne \u00e0 Dakar ! - Culturbaine\",\"isPartOf\":{\"@id\":\"https:\/\/culturbaine.com\/#website\"},\"primaryImageOfPage\":{\"@id\":\"https:\/\/culturbaine.com\/index.php\/2024\/06\/24\/fete-de-la-musique-la-guinee-rayonne-a-dakar\/#primaryimage\"},\"image\":{\"@id\":\"https:\/\/culturbaine.com\/index.php\/2024\/06\/24\/fete-de-la-musique-la-guinee-rayonne-a-dakar\/#primaryimage\"},\"thumbnailUrl\":\"https:\/\/culturbaine.com\/wp-content\/uploads\/2024\/06\/17192449196032.jpg\",\"datePublished\":\"2024-06-24T16:07:22+00:00\",\"dateModified\":\"2024-06-24T16:07:22+00:00\",\"breadcrumb\":{\"@id\":\"https:\/\/culturbaine.com\/index.php\/2024\/06\/24\/fete-de-la-musique-la-guinee-rayonne-a-dakar\/#breadcrumb\"},\"inLanguage\":\"fr-FR\",\"potentialAction\":[{\"@type\":\"ReadAction\",\"target\":[\"https:\/\/culturbaine.com\/index.php\/2024\/06\/24\/fete-de-la-musique-la-guinee-rayonne-a-dakar\/\"]}]},{\"@type\":\"ImageObject\",\"inLanguage\":\"fr-FR\",\"@id\":\"https:\/\/culturbaine.com\/index.php\/2024\/06\/24\/fete-de-la-musique-la-guinee-rayonne-a-dakar\/#primaryimage\",\"url\":\"https:\/\/culturbaine.com\/wp-content\/uploads\/2024\/06\/17192449196032.jpg\",\"contentUrl\":\"https:\/\/culturbaine.com\/wp-content\/uploads\/2024\/06\/17192449196032.jpg\",\"width\":720,\"height\":415},{\"@type\":\"BreadcrumbList\",\"@id\":\"https:\/\/culturbaine.com\/index.php\/2024\/06\/24\/fete-de-la-musique-la-guinee-rayonne-a-dakar\/#breadcrumb\",\"itemListElement\":[{\"@type\":\"ListItem\",\"position\":1,\"name\":\"Home\",\"item\":\"https:\/\/culturbaine.com\/\"},{\"@type\":\"ListItem\",\"position\":2,\"name\":\"F\u00eate de la musique : La Guin\u00e9e rayonne \u00e0 Dakar !\"}]},{\"@type\":\"WebSite\",\"@id\":\"https:\/\/culturbaine.com\/#website\",\"url\":\"https:\/\/culturbaine.com\/\",\"name\":\"Culturbaine.com\",\"description\":\"Toute l&#039;actualit\u00e9 des Cultures Urbaines, en un clic  !\",\"publisher\":{\"@id\":\"https:\/\/culturbaine.com\/#organization\"},\"potentialAction\":[{\"@type\":\"SearchAction\",\"target\":{\"@type\":\"EntryPoint\",\"urlTemplate\":\"https:\/\/culturbaine.com\/?s={search_term_string}\"},\"query-input\":{\"@type\":\"PropertyValueSpecification\",\"valueRequired\":true,\"valueName\":\"search_term_string\"}}],\"inLanguage\":\"fr-FR\"},{\"@type\":\"Organization\",\"@id\":\"https:\/\/culturbaine.com\/#organization\",\"name\":\"Culturbaine.com\",\"url\":\"https:\/\/culturbaine.com\/\",\"logo\":{\"@type\":\"ImageObject\",\"inLanguage\":\"fr-FR\",\"@id\":\"https:\/\/culturbaine.com\/#\/schema\/logo\/image\/\",\"url\":\"https:\/\/culturbaine.com\/wp-content\/uploads\/2023\/07\/WhatsApp-Image-2023-07-17-at-14.38.18.jpeg\",\"contentUrl\":\"https:\/\/culturbaine.com\/wp-content\/uploads\/2023\/07\/WhatsApp-Image-2023-07-17-at-14.38.18.jpeg\",\"width\":855,\"height\":270,\"caption\":\"Culturbaine.com\"},\"image\":{\"@id\":\"https:\/\/culturbaine.com\/#\/schema\/logo\/image\/\"},\"sameAs\":[\"https:\/\/www.facebook.com\/Culturbaines\",\"https:\/\/x.com\/culturbaines\"]},{\"@type\":\"Person\",\"@id\":\"https:\/\/culturbaine.com\/#\/schema\/person\/42eb7485c572e0746c1ea6b8216c3814\",\"name\":\"admin1\",\"image\":{\"@type\":\"ImageObject\",\"inLanguage\":\"fr-FR\",\"@id\":\"https:\/\/culturbaine.com\/#\/schema\/person\/image\/\",\"url\":\"https:\/\/secure.gravatar.com\/avatar\/c268f4d483ce0486e5a10fee87bbf756?s=96&d=mm&r=g\",\"contentUrl\":\"https:\/\/secure.gravatar.com\/avatar\/c268f4d483ce0486e5a10fee87bbf756?s=96&d=mm&r=g\",\"caption\":\"admin1\"},\"url\":\"https:\/\/culturbaine.com\/index.php\/author\/admin1\/\"}]}<\/script>\n<!-- \/ Yoast SEO Premium plugin. -->","yoast_head_json":{"title":"F\u00eate de la musique : La Guin\u00e9e rayonne \u00e0 Dakar ! - Culturbaine","robots":{"index":"index","follow":"follow","max-snippet":"max-snippet:-1","max-image-preview":"max-image-preview:large","max-video-preview":"max-video-preview:-1"},"canonical":"https:\/\/culturbaine.com\/index.php\/2024\/06\/24\/fete-de-la-musique-la-guinee-rayonne-a-dakar\/","og_locale":"fr_FR","og_type":"article","og_title":"F\u00eate de la musique : La Guin\u00e9e rayonne \u00e0 Dakar !","og_description":"\u00c0 l&rsquo;image des festivit\u00e9s grandioses des 13 communes de Conakry, la capitale guin\u00e9enne, Dakar a accueilli une c\u00e9l\u00e9bration m\u00e9morable de la f\u00eate de la musique. Des artistes guin\u00e9ens de renom tels que Degg J Force 3, Banlieuz&rsquo;art, Amaza, et Bappa Oumar ont enflamm\u00e9 l\u2019esplanade du Centre Culturel Blaise Senghor, offrant une prestation exceptionnelle sous le [&hellip;]","og_url":"https:\/\/culturbaine.com\/index.php\/2024\/06\/24\/fete-de-la-musique-la-guinee-rayonne-a-dakar\/","og_site_name":"Culturbaine","article_publisher":"https:\/\/www.facebook.com\/Culturbaines","article_published_time":"2024-06-24T16:07:22+00:00","og_image":[{"width":720,"height":415,"url":"https:\/\/culturbaine.com\/wp-content\/uploads\/2024\/06\/17192449196032.jpg","type":"image\/jpeg"}],"author":"admin1","twitter_card":"summary_large_image","twitter_creator":"@culturbaines","twitter_site":"@culturbaines","twitter_misc":{"\u00c9crit par":"admin1","Dur\u00e9e de lecture estim\u00e9e":"2 minutes"},"schema":{"@context":"https:\/\/schema.org","@graph":[{"@type":"Article","@id":"https:\/\/culturbaine.com\/index.php\/2024\/06\/24\/fete-de-la-musique-la-guinee-rayonne-a-dakar\/#article","isPartOf":{"@id":"https:\/\/culturbaine.com\/index.php\/2024\/06\/24\/fete-de-la-musique-la-guinee-rayonne-a-dakar\/"},"author":{"name":"admin1","@id":"https:\/\/culturbaine.com\/#\/schema\/person\/42eb7485c572e0746c1ea6b8216c3814"},"headline":"F\u00eate de la musique : La Guin\u00e9e rayonne \u00e0 Dakar !","datePublished":"2024-06-24T16:07:22+00:00","dateModified":"2024-06-24T16:07:22+00:00","mainEntityOfPage":{"@id":"https:\/\/culturbaine.com\/index.php\/2024\/06\/24\/fete-de-la-musique-la-guinee-rayonne-a-dakar\/"},"wordCount":282,"publisher":{"@id":"https:\/\/culturbaine.com\/#organization"},"image":{"@id":"https:\/\/culturbaine.com\/index.php\/2024\/06\/24\/fete-de-la-musique-la-guinee-rayonne-a-dakar\/#primaryimage"},"thumbnailUrl":"https:\/\/culturbaine.com\/wp-content\/uploads\/2024\/06\/17192449196032.jpg","keywords":["Amaza","banlieuzart","Dakar","Degg J Force 3","f\u00eate de la musique","Guin\u00e9e","Malick K\u00e9b\u00e9"],"articleSection":["Actualit\u00e9"],"inLanguage":"fr-FR"},{"@type":"WebPage","@id":"https:\/\/culturbaine.com\/index.php\/2024\/06\/24\/fete-de-la-musique-la-guinee-rayonne-a-dakar\/","url":"https:\/\/culturbaine.com\/index.php\/2024\/06\/24\/fete-de-la-musique-la-guinee-rayonne-a-dakar\/","name":"F\u00eate de la musique : La Guin\u00e9e rayonne \u00e0 Dakar ! - Culturbaine","isPartOf":{"@id":"https:\/\/culturbaine.com\/#website"},"primaryImageOfPage":{"@id":"https:\/\/culturbaine.com\/index.php\/2024\/06\/24\/fete-de-la-musique-la-guinee-rayonne-a-dakar\/#primaryimage"},"image":{"@id":"https:\/\/culturbaine.com\/index.php\/2024\/06\/24\/fete-de-la-musique-la-guinee-rayonne-a-dakar\/#primaryimage"},"thumbnailUrl":"https:\/\/culturbaine.com\/wp-content\/uploads\/2024\/06\/17192449196032.jpg","datePublished":"2024-06-24T16:07:22+00:00","dateModified":"2024-06-24T16:07:22+00:00","breadcrumb":{"@id":"https:\/\/culturbaine.com\/index.php\/2024\/06\/24\/fete-de-la-musique-la-guinee-rayonne-a-dakar\/#breadcrumb"},"inLanguage":"fr-FR","potentialAction":[{"@type":"ReadAction","target":["https:\/\/culturbaine.com\/index.php\/2024\/06\/24\/fete-de-la-musique-la-guinee-rayonne-a-dakar\/"]}]},{"@type":"ImageObject","inLanguage":"fr-FR","@id":"https:\/\/culturbaine.com\/index.php\/2024\/06\/24\/fete-de-la-musique-la-guinee-rayonne-a-dakar\/#primaryimage","url":"https:\/\/culturbaine.com\/wp-content\/uploads\/2024\/06\/17192449196032.jpg","contentUrl":"https:\/\/culturbaine.com\/wp-content\/uploads\/2024\/06\/17192449196032.jpg","width":720,"height":415},{"@type":"BreadcrumbList","@id":"https:\/\/culturbaine.com\/index.php\/2024\/06\/24\/fete-de-la-musique-la-guinee-rayonne-a-dakar\/#breadcrumb","itemListElement":[{"@type":"ListItem","position":1,"name":"Home","item":"https:\/\/culturbaine.com\/"},{"@type":"ListItem","position":2,"name":"F\u00eate de la musique : La Guin\u00e9e rayonne \u00e0 Dakar !"}]},{"@type":"WebSite","@id":"https:\/\/culturbaine.com\/#website","url":"https:\/\/culturbaine.com\/","name":"Culturbaine.com","description":"Toute l&#039;actualit\u00e9 des Cultures Urbaines, en un clic  !","publisher":{"@id":"https:\/\/culturbaine.com\/#organization"},"potentialAction":[{"@type":"SearchAction","target":{"@type":"EntryPoint","urlTemplate":"https:\/\/culturbaine.com\/?s={search_term_string}"},"query-input":{"@type":"PropertyValueSpecification","valueRequired":true,"valueName":"search_term_string"}}],"inLanguage":"fr-FR"},{"@type":"Organization","@id":"https:\/\/culturbaine.com\/#organization","name":"Culturbaine.com","url":"https:\/\/culturbaine.com\/","logo":{"@type":"ImageObject","inLanguage":"fr-FR","@id":"https:\/\/culturbaine.com\/#\/schema\/logo\/image\/","url":"https:\/\/culturbaine.com\/wp-content\/uploads\/2023\/07\/WhatsApp-Image-2023-07-17-at-14.38.18.jpeg","contentUrl":"https:\/\/culturbaine.com\/wp-content\/uploads\/2023\/07\/WhatsApp-Image-2023-07-17-at-14.38.18.jpeg","width":855,"height":270,"caption":"Culturbaine.com"},"image":{"@id":"https:\/\/culturbaine.com\/#\/schema\/logo\/image\/"},"sameAs":["https:\/\/www.facebook.com\/Culturbaines","https:\/\/x.com\/culturbaines"]},{"@type":"Person","@id":"https:\/\/culturbaine.com\/#\/schema\/person\/42eb7485c572e0746c1ea6b8216c3814","name":"admin1","image":{"@type":"ImageObject","inLanguage":"fr-FR","@id":"https:\/\/culturbaine.com\/#\/schema\/person\/image\/","url":"https:\/\/secure.gravatar.com\/avatar\/c268f4d483ce0486e5a10fee87bbf756?s=96&d=mm&r=g","contentUrl":"https:\/\/secure.gravatar.com\/avatar\/c268f4d483ce0486e5a10fee87bbf756?s=96&d=mm&r=g","caption":"admin1"},"url":"https:\/\/culturbaine.com\/index.php\/author\/admin1\/"}]}},"_links":{"self":[{"href":"https:\/\/culturbaine.com\/index.php\/wp-json\/wp\/v2\/posts\/7290"}],"collection":[{"href":"https:\/\/culturbaine.com\/index.php\/wp-json\/wp\/v2\/posts"}],"about":[{"href":"https:\/\/culturbaine.com\/index.php\/wp-json\/wp\/v2\/types\/post"}],"author":[{"embeddable":true,"href":"https:\/\/culturbaine.com\/index.php\/wp-json\/wp\/v2\/users\/2"}],"replies":[{"embeddable":true,"href":"https:\/\/culturbaine.com\/index.php\/wp-json\/wp\/v2\/comments?post=7290"}],"version-history":[{"count":0,"href":"https:\/\/culturbaine.com\/index.php\/wp-json\/wp\/v2\/posts\/7290\/revisions"}],"wp:featuredmedia":[{"embeddable":true,"href":"https:\/\/culturbaine.com\/index.php\/wp-json\/wp\/v2\/media\/7292"}],"wp:attachment":[{"href":"https:\/\/culturbaine.com\/index.php\/wp-json\/wp\/v2\/media?parent=7290"}],"wp:term":[{"taxonomy":"category","embeddable":true,"href":"https:\/\/culturbaine.com\/index.php\/wp-json\/wp\/v2\/categories?post=7290"},{"taxonomy":"post_tag","embeddable":true,"href":"https:\/\/culturbaine.com\/index.php\/wp-json\/wp\/v2\/tags?post=7290"}],"curies":[{"name":"wp","href":"https:\/\/api.w.org\/{rel}","templated":true}]}}