{"id":7148,"date":"2024-06-17T12:21:36","date_gmt":"2024-06-17T12:21:36","guid":{"rendered":"https:\/\/culturbaine.com\/?p=7148"},"modified":"2024-06-17T12:21:36","modified_gmt":"2024-06-17T12:21:36","slug":"fete-de-la-musique-straiker-en-concert-live-au-ccfg","status":"publish","type":"post","link":"https:\/\/culturbaine.com\/index.php\/2024\/06\/17\/fete-de-la-musique-straiker-en-concert-live-au-ccfg\/","title":{"rendered":"F\u00eate de la musique : Straiker en concert live au CCFG !"},"content":{"rendered":"<p><span>La Guin\u00e9e, \u00e0 l&rsquo;instar des autres pays du monde, s&rsquo;appr\u00eate \u00e0 c\u00e9l\u00e9brer <\/span><b>la F\u00eate de la Musique<\/b><span> le 21 juin prochain. Cette ann\u00e9e, du c\u00f4t\u00e9 du Centre Culturel Franco-Guin\u00e9en <\/span><b>(CCFG)<\/b><span>, leur choix est tomb\u00e9 sur le jeune rappeur guin\u00e9en Ibrahima Bah, connu sous le nom de sc\u00e8ne de <\/span><b>Straiker<\/b><span>.<\/span><\/p>\n<p><span style=\"font-weight: 400;\">Cette importante annonce a \u00e9t\u00e9 faite par l\u2019artiste via ses diff\u00e9rents canaux de communication, avant d&rsquo;\u00eatre reprise par le Centre Culturel.<\/span><\/p>\n<p><span style=\"font-weight: 400;\">Depuis plusieurs ann\u00e9es, <\/span><b>Straiker<\/b><span style=\"font-weight: 400;\"> est l&rsquo;un des jeunes artistes qui porte haut l&rsquo;\u00e9tendard du rap guin\u00e9en. Avec sa plume ac\u00e9r\u00e9e, accompagn\u00e9e d&rsquo;une technique de rap avanc\u00e9e, il d\u00e9fend la couche juv\u00e9nile dans la quasi-totalit\u00e9 de ses chansons. Le 21 juin prochain, ses notables (fans) qui seront pr\u00e9sents auront droit \u00e0 un live 100 % mettant en sc\u00e8ne leur artiste, qui va interpr\u00e9ter plusieurs de ses classiques.<\/span><\/p>\n<p><img loading=\"lazy\" decoding=\"async\" class=\"alignnone size-medium wp-image-7150\" src=\"https:\/\/culturbaine.com\/wp-content\/uploads\/2024\/06\/1718618613010-213x300.jpg\" alt=\"\" width=\"213\" height=\"300\" srcset=\"https:\/\/culturbaine.com\/wp-content\/uploads\/2024\/06\/1718618613010-213x300.jpg 213w, https:\/\/culturbaine.com\/wp-content\/uploads\/2024\/06\/1718618613010.jpg 638w\" sizes=\"(max-width: 213px) 100vw, 213px\" \/><\/p>\n<p><span style=\"font-weight: 400;\">Ce spectacle est un avant-go\u00fbt pour le rappeur de Dabompa, qui doit se produire le 28 septembre prochain du c\u00f4t\u00e9 de <\/span><b>Cabaret Sauvage<\/b><span style=\"font-weight: 400;\"> (France).<\/span><\/p>\n<p><span style=\"font-weight: 400;\">D&rsquo;ici l\u00e0, l&rsquo;auteur de l&rsquo;album \u00ab\u00a0<\/span><b>Poullosophie<\/b><span style=\"font-weight: 400;\">\u00a0\u00bb nous donne rendez-vous le 21 juin d\u00e8s 19h30 pour un concert live.<\/span><\/p>\n<p><b>Mohamed Cinq Sylla<\/b><\/p>\n","protected":false},"excerpt":{"rendered":"<p>La Guin\u00e9e, \u00e0 l&rsquo;instar des autres pays du monde, s&rsquo;appr\u00eate \u00e0 c\u00e9l\u00e9brer la F\u00eate de la Musique le 21 juin prochain. Cette ann\u00e9e, du c\u00f4t\u00e9 du Centre Culturel Franco-Guin\u00e9en (CCFG), leur choix est tomb\u00e9 sur le jeune rappeur guin\u00e9en Ibrahima Bah, connu sous le nom de sc\u00e8ne de Straiker. Cette importante annonce a \u00e9t\u00e9 faite [&hellip;]<\/p>\n","protected":false},"author":2,"featured_media":7151,"comment_status":"closed","ping_status":"closed","sticky":false,"template":"","format":"standard","meta":{"_mi_skip_tracking":false,"_monsterinsights_sitenote_active":false,"_monsterinsights_sitenote_note":"","_monsterinsights_sitenote_category":0,"footnotes":""},"categories":[21,33,512],"tags":[820,2367,115],"class_list":["post-7148","post","type-post","status-publish","format-standard","has-post-thumbnail","hentry","category-actualite","category-agenda","category-rap","tag-ccfg","tag-fete-de-la-musique","tag-straiker"],"yoast_head":"<!-- This site is optimized with the Yoast SEO Premium plugin v20.1 (Yoast SEO v24.0) - https:\/\/yoast.com\/wordpress\/plugins\/seo\/ -->\n<title>F\u00eate de la musique : Straiker en concert live au CCFG ! - Culturbaine<\/title>\n<meta name=\"robots\" content=\"index, follow, max-snippet:-1, max-image-preview:large, max-video-preview:-1\" \/>\n<link rel=\"canonical\" href=\"https:\/\/culturbaine.com\/index.php\/2024\/06\/17\/fete-de-la-musique-straiker-en-concert-live-au-ccfg\/\" \/>\n<meta property=\"og:locale\" content=\"fr_FR\" \/>\n<meta property=\"og:type\" content=\"article\" \/>\n<meta property=\"og:title\" content=\"F\u00eate de la musique : Straiker en concert live au CCFG !\" \/>\n<meta property=\"og:description\" content=\"La Guin\u00e9e, \u00e0 l&rsquo;instar des autres pays du monde, s&rsquo;appr\u00eate \u00e0 c\u00e9l\u00e9brer la F\u00eate de la Musique le 21 juin prochain. Cette ann\u00e9e, du c\u00f4t\u00e9 du Centre Culturel Franco-Guin\u00e9en (CCFG), leur choix est tomb\u00e9 sur le jeune rappeur guin\u00e9en Ibrahima Bah, connu sous le nom de sc\u00e8ne de Straiker. Cette importante annonce a \u00e9t\u00e9 faite [&hellip;]\" \/>\n<meta property=\"og:url\" content=\"https:\/\/culturbaine.com\/index.php\/2024\/06\/17\/fete-de-la-musique-straiker-en-concert-live-au-ccfg\/\" \/>\n<meta property=\"og:site_name\" content=\"Culturbaine\" \/>\n<meta property=\"article:publisher\" content=\"https:\/\/www.facebook.com\/Culturbaines\" \/>\n<meta property=\"article:published_time\" content=\"2024-06-17T12:21:36+00:00\" \/>\n<meta property=\"og:image\" content=\"https:\/\/culturbaine.com\/wp-content\/uploads\/2024\/06\/IMG_20240617_121015.jpg\" \/>\n\t<meta property=\"og:image:width\" content=\"714\" \/>\n\t<meta property=\"og:image:height\" content=\"395\" \/>\n\t<meta property=\"og:image:type\" content=\"image\/jpeg\" \/>\n<meta name=\"author\" content=\"admin1\" \/>\n<meta name=\"twitter:card\" content=\"summary_large_image\" \/>\n<meta name=\"twitter:creator\" content=\"@culturbaines\" \/>\n<meta name=\"twitter:site\" content=\"@culturbaines\" \/>\n<meta name=\"twitter:label1\" content=\"\u00c9crit par\" \/>\n\t<meta name=\"twitter:data1\" content=\"admin1\" \/>\n\t<meta name=\"twitter:label2\" content=\"Dur\u00e9e de lecture estim\u00e9e\" \/>\n\t<meta name=\"twitter:data2\" content=\"2 minutes\" \/>\n<script type=\"application\/ld+json\" class=\"yoast-schema-graph\">{\"@context\":\"https:\/\/schema.org\",\"@graph\":[{\"@type\":\"Article\",\"@id\":\"https:\/\/culturbaine.com\/index.php\/2024\/06\/17\/fete-de-la-musique-straiker-en-concert-live-au-ccfg\/#article\",\"isPartOf\":{\"@id\":\"https:\/\/culturbaine.com\/index.php\/2024\/06\/17\/fete-de-la-musique-straiker-en-concert-live-au-ccfg\/\"},\"author\":{\"name\":\"admin1\",\"@id\":\"https:\/\/culturbaine.com\/#\/schema\/person\/42eb7485c572e0746c1ea6b8216c3814\"},\"headline\":\"F\u00eate de la musique : Straiker en concert live au CCFG !\",\"datePublished\":\"2024-06-17T12:21:36+00:00\",\"dateModified\":\"2024-06-17T12:21:36+00:00\",\"mainEntityOfPage\":{\"@id\":\"https:\/\/culturbaine.com\/index.php\/2024\/06\/17\/fete-de-la-musique-straiker-en-concert-live-au-ccfg\/\"},\"wordCount\":218,\"publisher\":{\"@id\":\"https:\/\/culturbaine.com\/#organization\"},\"image\":{\"@id\":\"https:\/\/culturbaine.com\/index.php\/2024\/06\/17\/fete-de-la-musique-straiker-en-concert-live-au-ccfg\/#primaryimage\"},\"thumbnailUrl\":\"https:\/\/culturbaine.com\/wp-content\/uploads\/2024\/06\/IMG_20240617_121015.jpg\",\"keywords\":[\"CCFG\",\"f\u00eate de la musique\",\"Straiker\"],\"articleSection\":[\"Actualit\u00e9\",\"Agenda\",\"Rap\"],\"inLanguage\":\"fr-FR\"},{\"@type\":\"WebPage\",\"@id\":\"https:\/\/culturbaine.com\/index.php\/2024\/06\/17\/fete-de-la-musique-straiker-en-concert-live-au-ccfg\/\",\"url\":\"https:\/\/culturbaine.com\/index.php\/2024\/06\/17\/fete-de-la-musique-straiker-en-concert-live-au-ccfg\/\",\"name\":\"F\u00eate de la musique : Straiker en concert live au CCFG ! - Culturbaine\",\"isPartOf\":{\"@id\":\"https:\/\/culturbaine.com\/#website\"},\"primaryImageOfPage\":{\"@id\":\"https:\/\/culturbaine.com\/index.php\/2024\/06\/17\/fete-de-la-musique-straiker-en-concert-live-au-ccfg\/#primaryimage\"},\"image\":{\"@id\":\"https:\/\/culturbaine.com\/index.php\/2024\/06\/17\/fete-de-la-musique-straiker-en-concert-live-au-ccfg\/#primaryimage\"},\"thumbnailUrl\":\"https:\/\/culturbaine.com\/wp-content\/uploads\/2024\/06\/IMG_20240617_121015.jpg\",\"datePublished\":\"2024-06-17T12:21:36+00:00\",\"dateModified\":\"2024-06-17T12:21:36+00:00\",\"breadcrumb\":{\"@id\":\"https:\/\/culturbaine.com\/index.php\/2024\/06\/17\/fete-de-la-musique-straiker-en-concert-live-au-ccfg\/#breadcrumb\"},\"inLanguage\":\"fr-FR\",\"potentialAction\":[{\"@type\":\"ReadAction\",\"target\":[\"https:\/\/culturbaine.com\/index.php\/2024\/06\/17\/fete-de-la-musique-straiker-en-concert-live-au-ccfg\/\"]}]},{\"@type\":\"ImageObject\",\"inLanguage\":\"fr-FR\",\"@id\":\"https:\/\/culturbaine.com\/index.php\/2024\/06\/17\/fete-de-la-musique-straiker-en-concert-live-au-ccfg\/#primaryimage\",\"url\":\"https:\/\/culturbaine.com\/wp-content\/uploads\/2024\/06\/IMG_20240617_121015.jpg\",\"contentUrl\":\"https:\/\/culturbaine.com\/wp-content\/uploads\/2024\/06\/IMG_20240617_121015.jpg\",\"width\":714,\"height\":395},{\"@type\":\"BreadcrumbList\",\"@id\":\"https:\/\/culturbaine.com\/index.php\/2024\/06\/17\/fete-de-la-musique-straiker-en-concert-live-au-ccfg\/#breadcrumb\",\"itemListElement\":[{\"@type\":\"ListItem\",\"position\":1,\"name\":\"Home\",\"item\":\"https:\/\/culturbaine.com\/\"},{\"@type\":\"ListItem\",\"position\":2,\"name\":\"F\u00eate de la musique : Straiker en concert live au CCFG !\"}]},{\"@type\":\"WebSite\",\"@id\":\"https:\/\/culturbaine.com\/#website\",\"url\":\"https:\/\/culturbaine.com\/\",\"name\":\"Culturbaine.com\",\"description\":\"Toute l&#039;actualit\u00e9 des Cultures Urbaines, en un clic  !\",\"publisher\":{\"@id\":\"https:\/\/culturbaine.com\/#organization\"},\"potentialAction\":[{\"@type\":\"SearchAction\",\"target\":{\"@type\":\"EntryPoint\",\"urlTemplate\":\"https:\/\/culturbaine.com\/?s={search_term_string}\"},\"query-input\":{\"@type\":\"PropertyValueSpecification\",\"valueRequired\":true,\"valueName\":\"search_term_string\"}}],\"inLanguage\":\"fr-FR\"},{\"@type\":\"Organization\",\"@id\":\"https:\/\/culturbaine.com\/#organization\",\"name\":\"Culturbaine.com\",\"url\":\"https:\/\/culturbaine.com\/\",\"logo\":{\"@type\":\"ImageObject\",\"inLanguage\":\"fr-FR\",\"@id\":\"https:\/\/culturbaine.com\/#\/schema\/logo\/image\/\",\"url\":\"https:\/\/culturbaine.com\/wp-content\/uploads\/2023\/07\/WhatsApp-Image-2023-07-17-at-14.38.18.jpeg\",\"contentUrl\":\"https:\/\/culturbaine.com\/wp-content\/uploads\/2023\/07\/WhatsApp-Image-2023-07-17-at-14.38.18.jpeg\",\"width\":855,\"height\":270,\"caption\":\"Culturbaine.com\"},\"image\":{\"@id\":\"https:\/\/culturbaine.com\/#\/schema\/logo\/image\/\"},\"sameAs\":[\"https:\/\/www.facebook.com\/Culturbaines\",\"https:\/\/x.com\/culturbaines\"]},{\"@type\":\"Person\",\"@id\":\"https:\/\/culturbaine.com\/#\/schema\/person\/42eb7485c572e0746c1ea6b8216c3814\",\"name\":\"admin1\",\"image\":{\"@type\":\"ImageObject\",\"inLanguage\":\"fr-FR\",\"@id\":\"https:\/\/culturbaine.com\/#\/schema\/person\/image\/\",\"url\":\"https:\/\/secure.gravatar.com\/avatar\/c268f4d483ce0486e5a10fee87bbf756?s=96&d=mm&r=g\",\"contentUrl\":\"https:\/\/secure.gravatar.com\/avatar\/c268f4d483ce0486e5a10fee87bbf756?s=96&d=mm&r=g\",\"caption\":\"admin1\"},\"url\":\"https:\/\/culturbaine.com\/index.php\/author\/admin1\/\"}]}<\/script>\n<!-- \/ Yoast SEO Premium plugin. -->","yoast_head_json":{"title":"F\u00eate de la musique : Straiker en concert live au CCFG ! - Culturbaine","robots":{"index":"index","follow":"follow","max-snippet":"max-snippet:-1","max-image-preview":"max-image-preview:large","max-video-preview":"max-video-preview:-1"},"canonical":"https:\/\/culturbaine.com\/index.php\/2024\/06\/17\/fete-de-la-musique-straiker-en-concert-live-au-ccfg\/","og_locale":"fr_FR","og_type":"article","og_title":"F\u00eate de la musique : Straiker en concert live au CCFG !","og_description":"La Guin\u00e9e, \u00e0 l&rsquo;instar des autres pays du monde, s&rsquo;appr\u00eate \u00e0 c\u00e9l\u00e9brer la F\u00eate de la Musique le 21 juin prochain. Cette ann\u00e9e, du c\u00f4t\u00e9 du Centre Culturel Franco-Guin\u00e9en (CCFG), leur choix est tomb\u00e9 sur le jeune rappeur guin\u00e9en Ibrahima Bah, connu sous le nom de sc\u00e8ne de Straiker. Cette importante annonce a \u00e9t\u00e9 faite [&hellip;]","og_url":"https:\/\/culturbaine.com\/index.php\/2024\/06\/17\/fete-de-la-musique-straiker-en-concert-live-au-ccfg\/","og_site_name":"Culturbaine","article_publisher":"https:\/\/www.facebook.com\/Culturbaines","article_published_time":"2024-06-17T12:21:36+00:00","og_image":[{"width":714,"height":395,"url":"https:\/\/culturbaine.com\/wp-content\/uploads\/2024\/06\/IMG_20240617_121015.jpg","type":"image\/jpeg"}],"author":"admin1","twitter_card":"summary_large_image","twitter_creator":"@culturbaines","twitter_site":"@culturbaines","twitter_misc":{"\u00c9crit par":"admin1","Dur\u00e9e de lecture estim\u00e9e":"2 minutes"},"schema":{"@context":"https:\/\/schema.org","@graph":[{"@type":"Article","@id":"https:\/\/culturbaine.com\/index.php\/2024\/06\/17\/fete-de-la-musique-straiker-en-concert-live-au-ccfg\/#article","isPartOf":{"@id":"https:\/\/culturbaine.com\/index.php\/2024\/06\/17\/fete-de-la-musique-straiker-en-concert-live-au-ccfg\/"},"author":{"name":"admin1","@id":"https:\/\/culturbaine.com\/#\/schema\/person\/42eb7485c572e0746c1ea6b8216c3814"},"headline":"F\u00eate de la musique : Straiker en concert live au CCFG !","datePublished":"2024-06-17T12:21:36+00:00","dateModified":"2024-06-17T12:21:36+00:00","mainEntityOfPage":{"@id":"https:\/\/culturbaine.com\/index.php\/2024\/06\/17\/fete-de-la-musique-straiker-en-concert-live-au-ccfg\/"},"wordCount":218,"publisher":{"@id":"https:\/\/culturbaine.com\/#organization"},"image":{"@id":"https:\/\/culturbaine.com\/index.php\/2024\/06\/17\/fete-de-la-musique-straiker-en-concert-live-au-ccfg\/#primaryimage"},"thumbnailUrl":"https:\/\/culturbaine.com\/wp-content\/uploads\/2024\/06\/IMG_20240617_121015.jpg","keywords":["CCFG","f\u00eate de la musique","Straiker"],"articleSection":["Actualit\u00e9","Agenda","Rap"],"inLanguage":"fr-FR"},{"@type":"WebPage","@id":"https:\/\/culturbaine.com\/index.php\/2024\/06\/17\/fete-de-la-musique-straiker-en-concert-live-au-ccfg\/","url":"https:\/\/culturbaine.com\/index.php\/2024\/06\/17\/fete-de-la-musique-straiker-en-concert-live-au-ccfg\/","name":"F\u00eate de la musique : Straiker en concert live au CCFG ! - Culturbaine","isPartOf":{"@id":"https:\/\/culturbaine.com\/#website"},"primaryImageOfPage":{"@id":"https:\/\/culturbaine.com\/index.php\/2024\/06\/17\/fete-de-la-musique-straiker-en-concert-live-au-ccfg\/#primaryimage"},"image":{"@id":"https:\/\/culturbaine.com\/index.php\/2024\/06\/17\/fete-de-la-musique-straiker-en-concert-live-au-ccfg\/#primaryimage"},"thumbnailUrl":"https:\/\/culturbaine.com\/wp-content\/uploads\/2024\/06\/IMG_20240617_121015.jpg","datePublished":"2024-06-17T12:21:36+00:00","dateModified":"2024-06-17T12:21:36+00:00","breadcrumb":{"@id":"https:\/\/culturbaine.com\/index.php\/2024\/06\/17\/fete-de-la-musique-straiker-en-concert-live-au-ccfg\/#breadcrumb"},"inLanguage":"fr-FR","potentialAction":[{"@type":"ReadAction","target":["https:\/\/culturbaine.com\/index.php\/2024\/06\/17\/fete-de-la-musique-straiker-en-concert-live-au-ccfg\/"]}]},{"@type":"ImageObject","inLanguage":"fr-FR","@id":"https:\/\/culturbaine.com\/index.php\/2024\/06\/17\/fete-de-la-musique-straiker-en-concert-live-au-ccfg\/#primaryimage","url":"https:\/\/culturbaine.com\/wp-content\/uploads\/2024\/06\/IMG_20240617_121015.jpg","contentUrl":"https:\/\/culturbaine.com\/wp-content\/uploads\/2024\/06\/IMG_20240617_121015.jpg","width":714,"height":395},{"@type":"BreadcrumbList","@id":"https:\/\/culturbaine.com\/index.php\/2024\/06\/17\/fete-de-la-musique-straiker-en-concert-live-au-ccfg\/#breadcrumb","itemListElement":[{"@type":"ListItem","position":1,"name":"Home","item":"https:\/\/culturbaine.com\/"},{"@type":"ListItem","position":2,"name":"F\u00eate de la musique : Straiker en concert live au CCFG !"}]},{"@type":"WebSite","@id":"https:\/\/culturbaine.com\/#website","url":"https:\/\/culturbaine.com\/","name":"Culturbaine.com","description":"Toute l&#039;actualit\u00e9 des Cultures Urbaines, en un clic  !","publisher":{"@id":"https:\/\/culturbaine.com\/#organization"},"potentialAction":[{"@type":"SearchAction","target":{"@type":"EntryPoint","urlTemplate":"https:\/\/culturbaine.com\/?s={search_term_string}"},"query-input":{"@type":"PropertyValueSpecification","valueRequired":true,"valueName":"search_term_string"}}],"inLanguage":"fr-FR"},{"@type":"Organization","@id":"https:\/\/culturbaine.com\/#organization","name":"Culturbaine.com","url":"https:\/\/culturbaine.com\/","logo":{"@type":"ImageObject","inLanguage":"fr-FR","@id":"https:\/\/culturbaine.com\/#\/schema\/logo\/image\/","url":"https:\/\/culturbaine.com\/wp-content\/uploads\/2023\/07\/WhatsApp-Image-2023-07-17-at-14.38.18.jpeg","contentUrl":"https:\/\/culturbaine.com\/wp-content\/uploads\/2023\/07\/WhatsApp-Image-2023-07-17-at-14.38.18.jpeg","width":855,"height":270,"caption":"Culturbaine.com"},"image":{"@id":"https:\/\/culturbaine.com\/#\/schema\/logo\/image\/"},"sameAs":["https:\/\/www.facebook.com\/Culturbaines","https:\/\/x.com\/culturbaines"]},{"@type":"Person","@id":"https:\/\/culturbaine.com\/#\/schema\/person\/42eb7485c572e0746c1ea6b8216c3814","name":"admin1","image":{"@type":"ImageObject","inLanguage":"fr-FR","@id":"https:\/\/culturbaine.com\/#\/schema\/person\/image\/","url":"https:\/\/secure.gravatar.com\/avatar\/c268f4d483ce0486e5a10fee87bbf756?s=96&d=mm&r=g","contentUrl":"https:\/\/secure.gravatar.com\/avatar\/c268f4d483ce0486e5a10fee87bbf756?s=96&d=mm&r=g","caption":"admin1"},"url":"https:\/\/culturbaine.com\/index.php\/author\/admin1\/"}]}},"_links":{"self":[{"href":"https:\/\/culturbaine.com\/index.php\/wp-json\/wp\/v2\/posts\/7148"}],"collection":[{"href":"https:\/\/culturbaine.com\/index.php\/wp-json\/wp\/v2\/posts"}],"about":[{"href":"https:\/\/culturbaine.com\/index.php\/wp-json\/wp\/v2\/types\/post"}],"author":[{"embeddable":true,"href":"https:\/\/culturbaine.com\/index.php\/wp-json\/wp\/v2\/users\/2"}],"replies":[{"embeddable":true,"href":"https:\/\/culturbaine.com\/index.php\/wp-json\/wp\/v2\/comments?post=7148"}],"version-history":[{"count":0,"href":"https:\/\/culturbaine.com\/index.php\/wp-json\/wp\/v2\/posts\/7148\/revisions"}],"wp:featuredmedia":[{"embeddable":true,"href":"https:\/\/culturbaine.com\/index.php\/wp-json\/wp\/v2\/media\/7151"}],"wp:attachment":[{"href":"https:\/\/culturbaine.com\/index.php\/wp-json\/wp\/v2\/media?parent=7148"}],"wp:term":[{"taxonomy":"category","embeddable":true,"href":"https:\/\/culturbaine.com\/index.php\/wp-json\/wp\/v2\/categories?post=7148"},{"taxonomy":"post_tag","embeddable":true,"href":"https:\/\/culturbaine.com\/index.php\/wp-json\/wp\/v2\/tags?post=7148"}],"curies":[{"name":"wp","href":"https:\/\/api.w.org\/{rel}","templated":true}]}}