{"id":7051,"date":"2024-06-12T19:47:05","date_gmt":"2024-06-12T19:47:05","guid":{"rendered":"https:\/\/culturbaine.com\/?p=7051"},"modified":"2024-06-12T19:47:05","modified_gmt":"2024-06-12T19:47:05","slug":"grand-corps-malade-laccident-qui-a-redefini-sa-vie-et-sa-carriere","status":"publish","type":"post","link":"https:\/\/culturbaine.com\/index.php\/2024\/06\/12\/grand-corps-malade-laccident-qui-a-redefini-sa-vie-et-sa-carriere\/","title":{"rendered":"Grand Corps Malade : L&rsquo;Accident Qui a Red\u00e9fini sa Vie et sa Carri\u00e8re"},"content":{"rendered":"<p>Dans une interview accord\u00e9e \u00e0 <strong>TF1<\/strong>, dans l&rsquo;\u00e9mission \u00ab\u00a0<strong>50 INSIDE<\/strong>\u00ab\u00a0, le c\u00e9l\u00e8bre po\u00e8te urbain <strong>Grand Corps Malade<\/strong> a \u00e9voqu\u00e9 l&rsquo;accident tragique qui a chang\u00e9 le cours de sa vie. Celui qui r\u00eavait de devenir basketteur a vu son ambition s&rsquo;effondrer avant l&rsquo;\u00e2ge de 20 ans \u00e0 cause d&rsquo;un accident survenu dans une piscine.<\/p>\n<p>\u00ab J&rsquo;ai eu un accident juste avant mes 20 ans. Un accident de plongeons dans une piscine o\u00f9 ma t\u00eate a tap\u00e9 le fond de la piscine. Une piscine pas assez remplie, un plongeon trop appique et du coup je me suis cass\u00e9 une vert\u00e8bre cervicale qui allait se loger dans la moelle \u00e9pini\u00e8re. Du coup je me suis retrouv\u00e9 totalement paralys\u00e9. Longue r\u00e9animation, r\u00e9\u00e9ducation, une ann\u00e9e compliqu\u00e9e \u00e0 suivi mais des ann\u00e9es qui m&rsquo;ont permis de me remettre debout avec des gros s\u00e9quelles. Pour moi de retrouver le plus important c&rsquo;est \u00e0 dire l&rsquo;autonomie\u2026\u00bb, a-t-il confi\u00e9.<\/p>\n<p>Cet incident dramatique a laiss\u00e9 ce slameur\u00a0 paralys\u00e9 et contraint \u00e0 une longue r\u00e9\u00e9ducation. Cependant, loin de se laisser abattre, il a r\u00e9ussi \u00e0 retrouver une certaine autonomie, bien que les s\u00e9quelles de l&rsquo;accident soient encore pr\u00e9sentes.<\/p>\n<p>L\u2019artiste, connu pour sa voix grave et ses textes poignants, a su transformer cette \u00e9preuve en force, en se tournant vers la po\u00e9sie urbaine et le slam. Sa carri\u00e8re artistique a d\u00e9coll\u00e9 en 2006 avec son premier album \u00ab\u00a0<strong>Midi 20&Prime;<\/strong>, qui a rencontr\u00e9 un immense succ\u00e8s. Depuis, il continue de toucher le public avec ses paroles sinc\u00e8res et \u00e9mouvantes.<\/p>\n<p><strong>Mohamed Cinq Sylla<\/strong><\/p>\n","protected":false},"excerpt":{"rendered":"<p>Dans une interview accord\u00e9e \u00e0 TF1, dans l&rsquo;\u00e9mission \u00ab\u00a050 INSIDE\u00ab\u00a0, le c\u00e9l\u00e8bre po\u00e8te urbain Grand Corps Malade a \u00e9voqu\u00e9 l&rsquo;accident tragique qui a chang\u00e9 le cours de sa vie. Celui qui r\u00eavait de devenir basketteur a vu son ambition s&rsquo;effondrer avant l&rsquo;\u00e2ge de 20 ans \u00e0 cause d&rsquo;un accident survenu dans une piscine. \u00ab J&rsquo;ai [&hellip;]<\/p>\n","protected":false},"author":2,"featured_media":7053,"comment_status":"closed","ping_status":"closed","sticky":false,"template":"","format":"standard","meta":{"_mi_skip_tracking":false,"_monsterinsights_sitenote_active":false,"_monsterinsights_sitenote_note":"","_monsterinsights_sitenote_category":0,"footnotes":""},"categories":[21,2386],"tags":[2551,838,2552,558],"class_list":["post-7051","post","type-post","status-publish","format-standard","has-post-thumbnail","hentry","category-actualite","category-slam","tag-accident","tag-grand-corps-malade","tag-poete-urbain","tag-slameur"],"yoast_head":"<!-- This site is optimized with the Yoast SEO Premium plugin v20.1 (Yoast SEO v24.0) - https:\/\/yoast.com\/wordpress\/plugins\/seo\/ -->\n<title>Grand Corps Malade : L&#039;Accident Qui a Red\u00e9fini sa Vie et sa Carri\u00e8re - Culturbaine<\/title>\n<meta name=\"robots\" content=\"index, follow, max-snippet:-1, max-image-preview:large, max-video-preview:-1\" \/>\n<link rel=\"canonical\" href=\"https:\/\/culturbaine.com\/index.php\/2024\/06\/12\/grand-corps-malade-laccident-qui-a-redefini-sa-vie-et-sa-carriere\/\" \/>\n<meta property=\"og:locale\" content=\"fr_FR\" \/>\n<meta property=\"og:type\" content=\"article\" \/>\n<meta property=\"og:title\" content=\"Grand Corps Malade : L&#039;Accident Qui a Red\u00e9fini sa Vie et sa Carri\u00e8re\" \/>\n<meta property=\"og:description\" content=\"Dans une interview accord\u00e9e \u00e0 TF1, dans l&rsquo;\u00e9mission \u00ab\u00a050 INSIDE\u00ab\u00a0, le c\u00e9l\u00e8bre po\u00e8te urbain Grand Corps Malade a \u00e9voqu\u00e9 l&rsquo;accident tragique qui a chang\u00e9 le cours de sa vie. Celui qui r\u00eavait de devenir basketteur a vu son ambition s&rsquo;effondrer avant l&rsquo;\u00e2ge de 20 ans \u00e0 cause d&rsquo;un accident survenu dans une piscine. \u00ab J&rsquo;ai [&hellip;]\" \/>\n<meta property=\"og:url\" content=\"https:\/\/culturbaine.com\/index.php\/2024\/06\/12\/grand-corps-malade-laccident-qui-a-redefini-sa-vie-et-sa-carriere\/\" \/>\n<meta property=\"og:site_name\" content=\"Culturbaine\" \/>\n<meta property=\"article:publisher\" content=\"https:\/\/www.facebook.com\/Culturbaines\" \/>\n<meta property=\"article:published_time\" content=\"2024-06-12T19:47:05+00:00\" \/>\n<meta property=\"og:image\" content=\"https:\/\/culturbaine.com\/wp-content\/uploads\/2024\/06\/Screenshot_20240612-135920.jpg\" \/>\n\t<meta property=\"og:image:width\" content=\"720\" \/>\n\t<meta property=\"og:image:height\" content=\"396\" \/>\n\t<meta property=\"og:image:type\" content=\"image\/jpeg\" \/>\n<meta name=\"author\" content=\"admin1\" \/>\n<meta name=\"twitter:card\" content=\"summary_large_image\" \/>\n<meta name=\"twitter:creator\" content=\"@culturbaines\" \/>\n<meta name=\"twitter:site\" content=\"@culturbaines\" \/>\n<meta name=\"twitter:label1\" content=\"\u00c9crit par\" \/>\n\t<meta name=\"twitter:data1\" content=\"admin1\" \/>\n\t<meta name=\"twitter:label2\" content=\"Dur\u00e9e de lecture estim\u00e9e\" \/>\n\t<meta name=\"twitter:data2\" content=\"2 minutes\" \/>\n<script type=\"application\/ld+json\" class=\"yoast-schema-graph\">{\"@context\":\"https:\/\/schema.org\",\"@graph\":[{\"@type\":\"Article\",\"@id\":\"https:\/\/culturbaine.com\/index.php\/2024\/06\/12\/grand-corps-malade-laccident-qui-a-redefini-sa-vie-et-sa-carriere\/#article\",\"isPartOf\":{\"@id\":\"https:\/\/culturbaine.com\/index.php\/2024\/06\/12\/grand-corps-malade-laccident-qui-a-redefini-sa-vie-et-sa-carriere\/\"},\"author\":{\"name\":\"admin1\",\"@id\":\"https:\/\/culturbaine.com\/#\/schema\/person\/42eb7485c572e0746c1ea6b8216c3814\"},\"headline\":\"Grand Corps Malade : L&rsquo;Accident Qui a Red\u00e9fini sa Vie et sa Carri\u00e8re\",\"datePublished\":\"2024-06-12T19:47:05+00:00\",\"dateModified\":\"2024-06-12T19:47:05+00:00\",\"mainEntityOfPage\":{\"@id\":\"https:\/\/culturbaine.com\/index.php\/2024\/06\/12\/grand-corps-malade-laccident-qui-a-redefini-sa-vie-et-sa-carriere\/\"},\"wordCount\":286,\"publisher\":{\"@id\":\"https:\/\/culturbaine.com\/#organization\"},\"image\":{\"@id\":\"https:\/\/culturbaine.com\/index.php\/2024\/06\/12\/grand-corps-malade-laccident-qui-a-redefini-sa-vie-et-sa-carriere\/#primaryimage\"},\"thumbnailUrl\":\"https:\/\/culturbaine.com\/wp-content\/uploads\/2024\/06\/Screenshot_20240612-135920.jpg\",\"keywords\":[\"Accident\",\"Grand Corps Malade\",\"po\u00e8te urbain\",\"Slameur\"],\"articleSection\":[\"Actualit\u00e9\",\"Slam\"],\"inLanguage\":\"fr-FR\"},{\"@type\":\"WebPage\",\"@id\":\"https:\/\/culturbaine.com\/index.php\/2024\/06\/12\/grand-corps-malade-laccident-qui-a-redefini-sa-vie-et-sa-carriere\/\",\"url\":\"https:\/\/culturbaine.com\/index.php\/2024\/06\/12\/grand-corps-malade-laccident-qui-a-redefini-sa-vie-et-sa-carriere\/\",\"name\":\"Grand Corps Malade : L'Accident Qui a Red\u00e9fini sa Vie et sa Carri\u00e8re - Culturbaine\",\"isPartOf\":{\"@id\":\"https:\/\/culturbaine.com\/#website\"},\"primaryImageOfPage\":{\"@id\":\"https:\/\/culturbaine.com\/index.php\/2024\/06\/12\/grand-corps-malade-laccident-qui-a-redefini-sa-vie-et-sa-carriere\/#primaryimage\"},\"image\":{\"@id\":\"https:\/\/culturbaine.com\/index.php\/2024\/06\/12\/grand-corps-malade-laccident-qui-a-redefini-sa-vie-et-sa-carriere\/#primaryimage\"},\"thumbnailUrl\":\"https:\/\/culturbaine.com\/wp-content\/uploads\/2024\/06\/Screenshot_20240612-135920.jpg\",\"datePublished\":\"2024-06-12T19:47:05+00:00\",\"dateModified\":\"2024-06-12T19:47:05+00:00\",\"breadcrumb\":{\"@id\":\"https:\/\/culturbaine.com\/index.php\/2024\/06\/12\/grand-corps-malade-laccident-qui-a-redefini-sa-vie-et-sa-carriere\/#breadcrumb\"},\"inLanguage\":\"fr-FR\",\"potentialAction\":[{\"@type\":\"ReadAction\",\"target\":[\"https:\/\/culturbaine.com\/index.php\/2024\/06\/12\/grand-corps-malade-laccident-qui-a-redefini-sa-vie-et-sa-carriere\/\"]}]},{\"@type\":\"ImageObject\",\"inLanguage\":\"fr-FR\",\"@id\":\"https:\/\/culturbaine.com\/index.php\/2024\/06\/12\/grand-corps-malade-laccident-qui-a-redefini-sa-vie-et-sa-carriere\/#primaryimage\",\"url\":\"https:\/\/culturbaine.com\/wp-content\/uploads\/2024\/06\/Screenshot_20240612-135920.jpg\",\"contentUrl\":\"https:\/\/culturbaine.com\/wp-content\/uploads\/2024\/06\/Screenshot_20240612-135920.jpg\",\"width\":720,\"height\":396},{\"@type\":\"BreadcrumbList\",\"@id\":\"https:\/\/culturbaine.com\/index.php\/2024\/06\/12\/grand-corps-malade-laccident-qui-a-redefini-sa-vie-et-sa-carriere\/#breadcrumb\",\"itemListElement\":[{\"@type\":\"ListItem\",\"position\":1,\"name\":\"Home\",\"item\":\"https:\/\/culturbaine.com\/\"},{\"@type\":\"ListItem\",\"position\":2,\"name\":\"Grand Corps Malade : L&rsquo;Accident Qui a Red\u00e9fini sa Vie et sa Carri\u00e8re\"}]},{\"@type\":\"WebSite\",\"@id\":\"https:\/\/culturbaine.com\/#website\",\"url\":\"https:\/\/culturbaine.com\/\",\"name\":\"Culturbaine.com\",\"description\":\"Toute l&#039;actualit\u00e9 des Cultures Urbaines, en un clic  !\",\"publisher\":{\"@id\":\"https:\/\/culturbaine.com\/#organization\"},\"potentialAction\":[{\"@type\":\"SearchAction\",\"target\":{\"@type\":\"EntryPoint\",\"urlTemplate\":\"https:\/\/culturbaine.com\/?s={search_term_string}\"},\"query-input\":{\"@type\":\"PropertyValueSpecification\",\"valueRequired\":true,\"valueName\":\"search_term_string\"}}],\"inLanguage\":\"fr-FR\"},{\"@type\":\"Organization\",\"@id\":\"https:\/\/culturbaine.com\/#organization\",\"name\":\"Culturbaine.com\",\"url\":\"https:\/\/culturbaine.com\/\",\"logo\":{\"@type\":\"ImageObject\",\"inLanguage\":\"fr-FR\",\"@id\":\"https:\/\/culturbaine.com\/#\/schema\/logo\/image\/\",\"url\":\"https:\/\/culturbaine.com\/wp-content\/uploads\/2023\/07\/WhatsApp-Image-2023-07-17-at-14.38.18.jpeg\",\"contentUrl\":\"https:\/\/culturbaine.com\/wp-content\/uploads\/2023\/07\/WhatsApp-Image-2023-07-17-at-14.38.18.jpeg\",\"width\":855,\"height\":270,\"caption\":\"Culturbaine.com\"},\"image\":{\"@id\":\"https:\/\/culturbaine.com\/#\/schema\/logo\/image\/\"},\"sameAs\":[\"https:\/\/www.facebook.com\/Culturbaines\",\"https:\/\/x.com\/culturbaines\"]},{\"@type\":\"Person\",\"@id\":\"https:\/\/culturbaine.com\/#\/schema\/person\/42eb7485c572e0746c1ea6b8216c3814\",\"name\":\"admin1\",\"image\":{\"@type\":\"ImageObject\",\"inLanguage\":\"fr-FR\",\"@id\":\"https:\/\/culturbaine.com\/#\/schema\/person\/image\/\",\"url\":\"https:\/\/secure.gravatar.com\/avatar\/c268f4d483ce0486e5a10fee87bbf756?s=96&d=mm&r=g\",\"contentUrl\":\"https:\/\/secure.gravatar.com\/avatar\/c268f4d483ce0486e5a10fee87bbf756?s=96&d=mm&r=g\",\"caption\":\"admin1\"},\"url\":\"https:\/\/culturbaine.com\/index.php\/author\/admin1\/\"}]}<\/script>\n<!-- \/ Yoast SEO Premium plugin. -->","yoast_head_json":{"title":"Grand Corps Malade : L'Accident Qui a Red\u00e9fini sa Vie et sa Carri\u00e8re - Culturbaine","robots":{"index":"index","follow":"follow","max-snippet":"max-snippet:-1","max-image-preview":"max-image-preview:large","max-video-preview":"max-video-preview:-1"},"canonical":"https:\/\/culturbaine.com\/index.php\/2024\/06\/12\/grand-corps-malade-laccident-qui-a-redefini-sa-vie-et-sa-carriere\/","og_locale":"fr_FR","og_type":"article","og_title":"Grand Corps Malade : L'Accident Qui a Red\u00e9fini sa Vie et sa Carri\u00e8re","og_description":"Dans une interview accord\u00e9e \u00e0 TF1, dans l&rsquo;\u00e9mission \u00ab\u00a050 INSIDE\u00ab\u00a0, le c\u00e9l\u00e8bre po\u00e8te urbain Grand Corps Malade a \u00e9voqu\u00e9 l&rsquo;accident tragique qui a chang\u00e9 le cours de sa vie. Celui qui r\u00eavait de devenir basketteur a vu son ambition s&rsquo;effondrer avant l&rsquo;\u00e2ge de 20 ans \u00e0 cause d&rsquo;un accident survenu dans une piscine. \u00ab J&rsquo;ai [&hellip;]","og_url":"https:\/\/culturbaine.com\/index.php\/2024\/06\/12\/grand-corps-malade-laccident-qui-a-redefini-sa-vie-et-sa-carriere\/","og_site_name":"Culturbaine","article_publisher":"https:\/\/www.facebook.com\/Culturbaines","article_published_time":"2024-06-12T19:47:05+00:00","og_image":[{"width":720,"height":396,"url":"https:\/\/culturbaine.com\/wp-content\/uploads\/2024\/06\/Screenshot_20240612-135920.jpg","type":"image\/jpeg"}],"author":"admin1","twitter_card":"summary_large_image","twitter_creator":"@culturbaines","twitter_site":"@culturbaines","twitter_misc":{"\u00c9crit par":"admin1","Dur\u00e9e de lecture estim\u00e9e":"2 minutes"},"schema":{"@context":"https:\/\/schema.org","@graph":[{"@type":"Article","@id":"https:\/\/culturbaine.com\/index.php\/2024\/06\/12\/grand-corps-malade-laccident-qui-a-redefini-sa-vie-et-sa-carriere\/#article","isPartOf":{"@id":"https:\/\/culturbaine.com\/index.php\/2024\/06\/12\/grand-corps-malade-laccident-qui-a-redefini-sa-vie-et-sa-carriere\/"},"author":{"name":"admin1","@id":"https:\/\/culturbaine.com\/#\/schema\/person\/42eb7485c572e0746c1ea6b8216c3814"},"headline":"Grand Corps Malade : L&rsquo;Accident Qui a Red\u00e9fini sa Vie et sa Carri\u00e8re","datePublished":"2024-06-12T19:47:05+00:00","dateModified":"2024-06-12T19:47:05+00:00","mainEntityOfPage":{"@id":"https:\/\/culturbaine.com\/index.php\/2024\/06\/12\/grand-corps-malade-laccident-qui-a-redefini-sa-vie-et-sa-carriere\/"},"wordCount":286,"publisher":{"@id":"https:\/\/culturbaine.com\/#organization"},"image":{"@id":"https:\/\/culturbaine.com\/index.php\/2024\/06\/12\/grand-corps-malade-laccident-qui-a-redefini-sa-vie-et-sa-carriere\/#primaryimage"},"thumbnailUrl":"https:\/\/culturbaine.com\/wp-content\/uploads\/2024\/06\/Screenshot_20240612-135920.jpg","keywords":["Accident","Grand Corps Malade","po\u00e8te urbain","Slameur"],"articleSection":["Actualit\u00e9","Slam"],"inLanguage":"fr-FR"},{"@type":"WebPage","@id":"https:\/\/culturbaine.com\/index.php\/2024\/06\/12\/grand-corps-malade-laccident-qui-a-redefini-sa-vie-et-sa-carriere\/","url":"https:\/\/culturbaine.com\/index.php\/2024\/06\/12\/grand-corps-malade-laccident-qui-a-redefini-sa-vie-et-sa-carriere\/","name":"Grand Corps Malade : L'Accident Qui a Red\u00e9fini sa Vie et sa Carri\u00e8re - Culturbaine","isPartOf":{"@id":"https:\/\/culturbaine.com\/#website"},"primaryImageOfPage":{"@id":"https:\/\/culturbaine.com\/index.php\/2024\/06\/12\/grand-corps-malade-laccident-qui-a-redefini-sa-vie-et-sa-carriere\/#primaryimage"},"image":{"@id":"https:\/\/culturbaine.com\/index.php\/2024\/06\/12\/grand-corps-malade-laccident-qui-a-redefini-sa-vie-et-sa-carriere\/#primaryimage"},"thumbnailUrl":"https:\/\/culturbaine.com\/wp-content\/uploads\/2024\/06\/Screenshot_20240612-135920.jpg","datePublished":"2024-06-12T19:47:05+00:00","dateModified":"2024-06-12T19:47:05+00:00","breadcrumb":{"@id":"https:\/\/culturbaine.com\/index.php\/2024\/06\/12\/grand-corps-malade-laccident-qui-a-redefini-sa-vie-et-sa-carriere\/#breadcrumb"},"inLanguage":"fr-FR","potentialAction":[{"@type":"ReadAction","target":["https:\/\/culturbaine.com\/index.php\/2024\/06\/12\/grand-corps-malade-laccident-qui-a-redefini-sa-vie-et-sa-carriere\/"]}]},{"@type":"ImageObject","inLanguage":"fr-FR","@id":"https:\/\/culturbaine.com\/index.php\/2024\/06\/12\/grand-corps-malade-laccident-qui-a-redefini-sa-vie-et-sa-carriere\/#primaryimage","url":"https:\/\/culturbaine.com\/wp-content\/uploads\/2024\/06\/Screenshot_20240612-135920.jpg","contentUrl":"https:\/\/culturbaine.com\/wp-content\/uploads\/2024\/06\/Screenshot_20240612-135920.jpg","width":720,"height":396},{"@type":"BreadcrumbList","@id":"https:\/\/culturbaine.com\/index.php\/2024\/06\/12\/grand-corps-malade-laccident-qui-a-redefini-sa-vie-et-sa-carriere\/#breadcrumb","itemListElement":[{"@type":"ListItem","position":1,"name":"Home","item":"https:\/\/culturbaine.com\/"},{"@type":"ListItem","position":2,"name":"Grand Corps Malade : L&rsquo;Accident Qui a Red\u00e9fini sa Vie et sa Carri\u00e8re"}]},{"@type":"WebSite","@id":"https:\/\/culturbaine.com\/#website","url":"https:\/\/culturbaine.com\/","name":"Culturbaine.com","description":"Toute l&#039;actualit\u00e9 des Cultures Urbaines, en un clic  !","publisher":{"@id":"https:\/\/culturbaine.com\/#organization"},"potentialAction":[{"@type":"SearchAction","target":{"@type":"EntryPoint","urlTemplate":"https:\/\/culturbaine.com\/?s={search_term_string}"},"query-input":{"@type":"PropertyValueSpecification","valueRequired":true,"valueName":"search_term_string"}}],"inLanguage":"fr-FR"},{"@type":"Organization","@id":"https:\/\/culturbaine.com\/#organization","name":"Culturbaine.com","url":"https:\/\/culturbaine.com\/","logo":{"@type":"ImageObject","inLanguage":"fr-FR","@id":"https:\/\/culturbaine.com\/#\/schema\/logo\/image\/","url":"https:\/\/culturbaine.com\/wp-content\/uploads\/2023\/07\/WhatsApp-Image-2023-07-17-at-14.38.18.jpeg","contentUrl":"https:\/\/culturbaine.com\/wp-content\/uploads\/2023\/07\/WhatsApp-Image-2023-07-17-at-14.38.18.jpeg","width":855,"height":270,"caption":"Culturbaine.com"},"image":{"@id":"https:\/\/culturbaine.com\/#\/schema\/logo\/image\/"},"sameAs":["https:\/\/www.facebook.com\/Culturbaines","https:\/\/x.com\/culturbaines"]},{"@type":"Person","@id":"https:\/\/culturbaine.com\/#\/schema\/person\/42eb7485c572e0746c1ea6b8216c3814","name":"admin1","image":{"@type":"ImageObject","inLanguage":"fr-FR","@id":"https:\/\/culturbaine.com\/#\/schema\/person\/image\/","url":"https:\/\/secure.gravatar.com\/avatar\/c268f4d483ce0486e5a10fee87bbf756?s=96&d=mm&r=g","contentUrl":"https:\/\/secure.gravatar.com\/avatar\/c268f4d483ce0486e5a10fee87bbf756?s=96&d=mm&r=g","caption":"admin1"},"url":"https:\/\/culturbaine.com\/index.php\/author\/admin1\/"}]}},"_links":{"self":[{"href":"https:\/\/culturbaine.com\/index.php\/wp-json\/wp\/v2\/posts\/7051"}],"collection":[{"href":"https:\/\/culturbaine.com\/index.php\/wp-json\/wp\/v2\/posts"}],"about":[{"href":"https:\/\/culturbaine.com\/index.php\/wp-json\/wp\/v2\/types\/post"}],"author":[{"embeddable":true,"href":"https:\/\/culturbaine.com\/index.php\/wp-json\/wp\/v2\/users\/2"}],"replies":[{"embeddable":true,"href":"https:\/\/culturbaine.com\/index.php\/wp-json\/wp\/v2\/comments?post=7051"}],"version-history":[{"count":0,"href":"https:\/\/culturbaine.com\/index.php\/wp-json\/wp\/v2\/posts\/7051\/revisions"}],"wp:featuredmedia":[{"embeddable":true,"href":"https:\/\/culturbaine.com\/index.php\/wp-json\/wp\/v2\/media\/7053"}],"wp:attachment":[{"href":"https:\/\/culturbaine.com\/index.php\/wp-json\/wp\/v2\/media?parent=7051"}],"wp:term":[{"taxonomy":"category","embeddable":true,"href":"https:\/\/culturbaine.com\/index.php\/wp-json\/wp\/v2\/categories?post=7051"},{"taxonomy":"post_tag","embeddable":true,"href":"https:\/\/culturbaine.com\/index.php\/wp-json\/wp\/v2\/tags?post=7051"}],"curies":[{"name":"wp","href":"https:\/\/api.w.org\/{rel}","templated":true}]}}