{"id":7046,"date":"2024-06-12T15:30:48","date_gmt":"2024-06-12T15:30:48","guid":{"rendered":"https:\/\/culturbaine.com\/?p=7046"},"modified":"2024-06-12T15:30:48","modified_gmt":"2024-06-12T15:30:48","slug":"soum-bill-rejoint-banlieuzart-sur-leur-nouvel-album","status":"publish","type":"post","link":"https:\/\/culturbaine.com\/index.php\/2024\/06\/12\/soum-bill-rejoint-banlieuzart-sur-leur-nouvel-album\/","title":{"rendered":"Soum Bill rejoint Banlieuz&rsquo;art sur leur Nouvel Album !"},"content":{"rendered":"<p><span>En terre ivoirienne depuis quelques jours pour le <\/span><b>Guin\u00e9e Music Tour<\/b><span>, le c\u00e9l\u00e8bre groupe urbain <\/span><b>Banlieuz&rsquo;art<\/b><span> multiplie les apparitions m\u00e9diatiques. Lors de leur passage \u00e0 <\/span><b>Life TV<\/b><span>, dans l&rsquo;\u00e9mission \u00ab\u00a0<\/span><b>Willy A Midi<\/b><span>\u00ab\u00a0, Marcus, l&rsquo;un des membres du duo, a fait une r\u00e9v\u00e9lation qui a enflamm\u00e9 les fans : le prochain album intitul\u00e9 \u00ab\u00a0Kounfayakoun<strong> Ph\u00e9nix<\/strong>\u00a0\u00bb comportera une collaboration avec le chanteur ivoirien <\/span><b>Soum Bill<\/b><span>.<\/span><\/p>\n<p><b><i>\u00ab Soum Bill, avec lequel on a fait une collaboration pour le nouvel album qui va sortir \u00bb,<\/i><\/b><span style=\"font-weight: 400;\"> a d\u00e9clar\u00e9 <\/span><b>Marcus<\/b><span style=\"font-weight: 400;\">, confirmant ainsi la participation de l&rsquo;ic\u00f4ne de la musique ivoirienne sur leur nouveau projet. Cette annonce a suscit\u00e9 une grande excitation parmi les adeptes du groupe, qui attendent avec impatience la sortie de cet album tant promis.<\/span><\/p>\n<p><span style=\"font-weight: 400;\">Depuis plusieurs ann\u00e9es, le peuple de Guin\u00e9e et les fans de <\/span><b>Banlieuz&rsquo;art<\/b><span style=\"font-weight: 400;\"> esp\u00e8rent la sortie de ce nouvel opus, qui semble tarder \u00e0 voir le jour. La participation de <\/span><b>Soum Bill<\/b><span style=\"font-weight: 400;\">, connu pour sa voix unique et ses textes poignants, ajoute une touche d&rsquo;anticipation suppl\u00e9mentaire \u00e0 ce projet tr\u00e8s attendu.<\/span><\/p>\n<p><span style=\"font-weight: 400;\">D&rsquo;ici-l\u00e0, nous attendons impatiemment pour savoir quand est-ce que \u00ab\u00a0<\/span><b>Kounfayakoun Ph\u00e9nix<\/b><span style=\"font-weight: 400;\">\u00a0\u00bb sera disponible.<\/span><\/p>\n<p><b>Mohamed Cinq Sylla<\/b><span style=\"font-weight: 400;\">\u00a0<\/span><\/p>\n","protected":false},"excerpt":{"rendered":"<p>En terre ivoirienne depuis quelques jours pour le Guin\u00e9e Music Tour, le c\u00e9l\u00e8bre groupe urbain Banlieuz&rsquo;art multiplie les apparitions m\u00e9diatiques. Lors de leur passage \u00e0 Life TV, dans l&rsquo;\u00e9mission \u00ab\u00a0Willy A Midi\u00ab\u00a0, Marcus, l&rsquo;un des membres du duo, a fait une r\u00e9v\u00e9lation qui a enflamm\u00e9 les fans : le prochain album intitul\u00e9 \u00ab\u00a0Kounfayakoun Ph\u00e9nix\u00a0\u00bb comportera [&hellip;]<\/p>\n","protected":false},"author":2,"featured_media":7048,"comment_status":"closed","ping_status":"closed","sticky":false,"template":"","format":"standard","meta":{"_mi_skip_tracking":false,"_monsterinsights_sitenote_active":false,"_monsterinsights_sitenote_note":"","_monsterinsights_sitenote_category":0,"footnotes":""},"categories":[21],"tags":[47,2550,2549],"class_list":["post-7046","post","type-post","status-publish","format-standard","has-post-thumbnail","hentry","category-actualite","tag-banlieuzart","tag-kounfayakoun-phenix","tag-soum-bill"],"yoast_head":"<!-- This site is optimized with the Yoast SEO Premium plugin v20.1 (Yoast SEO v24.0) - https:\/\/yoast.com\/wordpress\/plugins\/seo\/ -->\n<title>Soum Bill rejoint Banlieuz&#039;art sur leur Nouvel Album ! - Culturbaine<\/title>\n<meta name=\"robots\" content=\"index, follow, max-snippet:-1, max-image-preview:large, max-video-preview:-1\" \/>\n<link rel=\"canonical\" href=\"https:\/\/culturbaine.com\/index.php\/2024\/06\/12\/soum-bill-rejoint-banlieuzart-sur-leur-nouvel-album\/\" \/>\n<meta property=\"og:locale\" content=\"fr_FR\" \/>\n<meta property=\"og:type\" content=\"article\" \/>\n<meta property=\"og:title\" content=\"Soum Bill rejoint Banlieuz&#039;art sur leur Nouvel Album !\" \/>\n<meta property=\"og:description\" content=\"En terre ivoirienne depuis quelques jours pour le Guin\u00e9e Music Tour, le c\u00e9l\u00e8bre groupe urbain Banlieuz&rsquo;art multiplie les apparitions m\u00e9diatiques. Lors de leur passage \u00e0 Life TV, dans l&rsquo;\u00e9mission \u00ab\u00a0Willy A Midi\u00ab\u00a0, Marcus, l&rsquo;un des membres du duo, a fait une r\u00e9v\u00e9lation qui a enflamm\u00e9 les fans : le prochain album intitul\u00e9 \u00ab\u00a0Kounfayakoun Ph\u00e9nix\u00a0\u00bb comportera [&hellip;]\" \/>\n<meta property=\"og:url\" content=\"https:\/\/culturbaine.com\/index.php\/2024\/06\/12\/soum-bill-rejoint-banlieuzart-sur-leur-nouvel-album\/\" \/>\n<meta property=\"og:site_name\" content=\"Culturbaine\" \/>\n<meta property=\"article:publisher\" content=\"https:\/\/www.facebook.com\/Culturbaines\" \/>\n<meta property=\"article:published_time\" content=\"2024-06-12T15:30:48+00:00\" \/>\n<meta property=\"og:image\" content=\"https:\/\/culturbaine.com\/wp-content\/uploads\/2024\/06\/PhotoCollage_1718205736317.png\" \/>\n\t<meta property=\"og:image:width\" content=\"1920\" \/>\n\t<meta property=\"og:image:height\" content=\"1080\" \/>\n\t<meta property=\"og:image:type\" content=\"image\/png\" \/>\n<meta name=\"author\" content=\"admin1\" \/>\n<meta name=\"twitter:card\" content=\"summary_large_image\" \/>\n<meta name=\"twitter:creator\" content=\"@culturbaines\" \/>\n<meta name=\"twitter:site\" content=\"@culturbaines\" \/>\n<meta name=\"twitter:label1\" content=\"\u00c9crit par\" \/>\n\t<meta name=\"twitter:data1\" content=\"admin1\" \/>\n\t<meta name=\"twitter:label2\" content=\"Dur\u00e9e de lecture estim\u00e9e\" \/>\n\t<meta name=\"twitter:data2\" content=\"2 minutes\" \/>\n<script type=\"application\/ld+json\" class=\"yoast-schema-graph\">{\"@context\":\"https:\/\/schema.org\",\"@graph\":[{\"@type\":\"Article\",\"@id\":\"https:\/\/culturbaine.com\/index.php\/2024\/06\/12\/soum-bill-rejoint-banlieuzart-sur-leur-nouvel-album\/#article\",\"isPartOf\":{\"@id\":\"https:\/\/culturbaine.com\/index.php\/2024\/06\/12\/soum-bill-rejoint-banlieuzart-sur-leur-nouvel-album\/\"},\"author\":{\"name\":\"admin1\",\"@id\":\"https:\/\/culturbaine.com\/#\/schema\/person\/42eb7485c572e0746c1ea6b8216c3814\"},\"headline\":\"Soum Bill rejoint Banlieuz&rsquo;art sur leur Nouvel Album !\",\"datePublished\":\"2024-06-12T15:30:48+00:00\",\"dateModified\":\"2024-06-12T15:30:48+00:00\",\"mainEntityOfPage\":{\"@id\":\"https:\/\/culturbaine.com\/index.php\/2024\/06\/12\/soum-bill-rejoint-banlieuzart-sur-leur-nouvel-album\/\"},\"wordCount\":212,\"publisher\":{\"@id\":\"https:\/\/culturbaine.com\/#organization\"},\"image\":{\"@id\":\"https:\/\/culturbaine.com\/index.php\/2024\/06\/12\/soum-bill-rejoint-banlieuzart-sur-leur-nouvel-album\/#primaryimage\"},\"thumbnailUrl\":\"https:\/\/culturbaine.com\/wp-content\/uploads\/2024\/06\/PhotoCollage_1718205736317.png\",\"keywords\":[\"banlieuzart\",\"Kounfayakoun Ph\u00e9nix\",\"Soum Bill\"],\"articleSection\":[\"Actualit\u00e9\"],\"inLanguage\":\"fr-FR\"},{\"@type\":\"WebPage\",\"@id\":\"https:\/\/culturbaine.com\/index.php\/2024\/06\/12\/soum-bill-rejoint-banlieuzart-sur-leur-nouvel-album\/\",\"url\":\"https:\/\/culturbaine.com\/index.php\/2024\/06\/12\/soum-bill-rejoint-banlieuzart-sur-leur-nouvel-album\/\",\"name\":\"Soum Bill rejoint Banlieuz'art sur leur Nouvel Album ! - Culturbaine\",\"isPartOf\":{\"@id\":\"https:\/\/culturbaine.com\/#website\"},\"primaryImageOfPage\":{\"@id\":\"https:\/\/culturbaine.com\/index.php\/2024\/06\/12\/soum-bill-rejoint-banlieuzart-sur-leur-nouvel-album\/#primaryimage\"},\"image\":{\"@id\":\"https:\/\/culturbaine.com\/index.php\/2024\/06\/12\/soum-bill-rejoint-banlieuzart-sur-leur-nouvel-album\/#primaryimage\"},\"thumbnailUrl\":\"https:\/\/culturbaine.com\/wp-content\/uploads\/2024\/06\/PhotoCollage_1718205736317.png\",\"datePublished\":\"2024-06-12T15:30:48+00:00\",\"dateModified\":\"2024-06-12T15:30:48+00:00\",\"breadcrumb\":{\"@id\":\"https:\/\/culturbaine.com\/index.php\/2024\/06\/12\/soum-bill-rejoint-banlieuzart-sur-leur-nouvel-album\/#breadcrumb\"},\"inLanguage\":\"fr-FR\",\"potentialAction\":[{\"@type\":\"ReadAction\",\"target\":[\"https:\/\/culturbaine.com\/index.php\/2024\/06\/12\/soum-bill-rejoint-banlieuzart-sur-leur-nouvel-album\/\"]}]},{\"@type\":\"ImageObject\",\"inLanguage\":\"fr-FR\",\"@id\":\"https:\/\/culturbaine.com\/index.php\/2024\/06\/12\/soum-bill-rejoint-banlieuzart-sur-leur-nouvel-album\/#primaryimage\",\"url\":\"https:\/\/culturbaine.com\/wp-content\/uploads\/2024\/06\/PhotoCollage_1718205736317.png\",\"contentUrl\":\"https:\/\/culturbaine.com\/wp-content\/uploads\/2024\/06\/PhotoCollage_1718205736317.png\",\"width\":1920,\"height\":1080},{\"@type\":\"BreadcrumbList\",\"@id\":\"https:\/\/culturbaine.com\/index.php\/2024\/06\/12\/soum-bill-rejoint-banlieuzart-sur-leur-nouvel-album\/#breadcrumb\",\"itemListElement\":[{\"@type\":\"ListItem\",\"position\":1,\"name\":\"Home\",\"item\":\"https:\/\/culturbaine.com\/\"},{\"@type\":\"ListItem\",\"position\":2,\"name\":\"Soum Bill rejoint Banlieuz&rsquo;art sur leur Nouvel Album !\"}]},{\"@type\":\"WebSite\",\"@id\":\"https:\/\/culturbaine.com\/#website\",\"url\":\"https:\/\/culturbaine.com\/\",\"name\":\"Culturbaine.com\",\"description\":\"Toute l&#039;actualit\u00e9 des Cultures Urbaines, en un clic  !\",\"publisher\":{\"@id\":\"https:\/\/culturbaine.com\/#organization\"},\"potentialAction\":[{\"@type\":\"SearchAction\",\"target\":{\"@type\":\"EntryPoint\",\"urlTemplate\":\"https:\/\/culturbaine.com\/?s={search_term_string}\"},\"query-input\":{\"@type\":\"PropertyValueSpecification\",\"valueRequired\":true,\"valueName\":\"search_term_string\"}}],\"inLanguage\":\"fr-FR\"},{\"@type\":\"Organization\",\"@id\":\"https:\/\/culturbaine.com\/#organization\",\"name\":\"Culturbaine.com\",\"url\":\"https:\/\/culturbaine.com\/\",\"logo\":{\"@type\":\"ImageObject\",\"inLanguage\":\"fr-FR\",\"@id\":\"https:\/\/culturbaine.com\/#\/schema\/logo\/image\/\",\"url\":\"https:\/\/culturbaine.com\/wp-content\/uploads\/2023\/07\/WhatsApp-Image-2023-07-17-at-14.38.18.jpeg\",\"contentUrl\":\"https:\/\/culturbaine.com\/wp-content\/uploads\/2023\/07\/WhatsApp-Image-2023-07-17-at-14.38.18.jpeg\",\"width\":855,\"height\":270,\"caption\":\"Culturbaine.com\"},\"image\":{\"@id\":\"https:\/\/culturbaine.com\/#\/schema\/logo\/image\/\"},\"sameAs\":[\"https:\/\/www.facebook.com\/Culturbaines\",\"https:\/\/x.com\/culturbaines\"]},{\"@type\":\"Person\",\"@id\":\"https:\/\/culturbaine.com\/#\/schema\/person\/42eb7485c572e0746c1ea6b8216c3814\",\"name\":\"admin1\",\"image\":{\"@type\":\"ImageObject\",\"inLanguage\":\"fr-FR\",\"@id\":\"https:\/\/culturbaine.com\/#\/schema\/person\/image\/\",\"url\":\"https:\/\/secure.gravatar.com\/avatar\/c268f4d483ce0486e5a10fee87bbf756?s=96&d=mm&r=g\",\"contentUrl\":\"https:\/\/secure.gravatar.com\/avatar\/c268f4d483ce0486e5a10fee87bbf756?s=96&d=mm&r=g\",\"caption\":\"admin1\"},\"url\":\"https:\/\/culturbaine.com\/index.php\/author\/admin1\/\"}]}<\/script>\n<!-- \/ Yoast SEO Premium plugin. -->","yoast_head_json":{"title":"Soum Bill rejoint Banlieuz'art sur leur Nouvel Album ! - Culturbaine","robots":{"index":"index","follow":"follow","max-snippet":"max-snippet:-1","max-image-preview":"max-image-preview:large","max-video-preview":"max-video-preview:-1"},"canonical":"https:\/\/culturbaine.com\/index.php\/2024\/06\/12\/soum-bill-rejoint-banlieuzart-sur-leur-nouvel-album\/","og_locale":"fr_FR","og_type":"article","og_title":"Soum Bill rejoint Banlieuz'art sur leur Nouvel Album !","og_description":"En terre ivoirienne depuis quelques jours pour le Guin\u00e9e Music Tour, le c\u00e9l\u00e8bre groupe urbain Banlieuz&rsquo;art multiplie les apparitions m\u00e9diatiques. Lors de leur passage \u00e0 Life TV, dans l&rsquo;\u00e9mission \u00ab\u00a0Willy A Midi\u00ab\u00a0, Marcus, l&rsquo;un des membres du duo, a fait une r\u00e9v\u00e9lation qui a enflamm\u00e9 les fans : le prochain album intitul\u00e9 \u00ab\u00a0Kounfayakoun Ph\u00e9nix\u00a0\u00bb comportera [&hellip;]","og_url":"https:\/\/culturbaine.com\/index.php\/2024\/06\/12\/soum-bill-rejoint-banlieuzart-sur-leur-nouvel-album\/","og_site_name":"Culturbaine","article_publisher":"https:\/\/www.facebook.com\/Culturbaines","article_published_time":"2024-06-12T15:30:48+00:00","og_image":[{"width":1920,"height":1080,"url":"https:\/\/culturbaine.com\/wp-content\/uploads\/2024\/06\/PhotoCollage_1718205736317.png","type":"image\/png"}],"author":"admin1","twitter_card":"summary_large_image","twitter_creator":"@culturbaines","twitter_site":"@culturbaines","twitter_misc":{"\u00c9crit par":"admin1","Dur\u00e9e de lecture estim\u00e9e":"2 minutes"},"schema":{"@context":"https:\/\/schema.org","@graph":[{"@type":"Article","@id":"https:\/\/culturbaine.com\/index.php\/2024\/06\/12\/soum-bill-rejoint-banlieuzart-sur-leur-nouvel-album\/#article","isPartOf":{"@id":"https:\/\/culturbaine.com\/index.php\/2024\/06\/12\/soum-bill-rejoint-banlieuzart-sur-leur-nouvel-album\/"},"author":{"name":"admin1","@id":"https:\/\/culturbaine.com\/#\/schema\/person\/42eb7485c572e0746c1ea6b8216c3814"},"headline":"Soum Bill rejoint Banlieuz&rsquo;art sur leur Nouvel Album !","datePublished":"2024-06-12T15:30:48+00:00","dateModified":"2024-06-12T15:30:48+00:00","mainEntityOfPage":{"@id":"https:\/\/culturbaine.com\/index.php\/2024\/06\/12\/soum-bill-rejoint-banlieuzart-sur-leur-nouvel-album\/"},"wordCount":212,"publisher":{"@id":"https:\/\/culturbaine.com\/#organization"},"image":{"@id":"https:\/\/culturbaine.com\/index.php\/2024\/06\/12\/soum-bill-rejoint-banlieuzart-sur-leur-nouvel-album\/#primaryimage"},"thumbnailUrl":"https:\/\/culturbaine.com\/wp-content\/uploads\/2024\/06\/PhotoCollage_1718205736317.png","keywords":["banlieuzart","Kounfayakoun Ph\u00e9nix","Soum Bill"],"articleSection":["Actualit\u00e9"],"inLanguage":"fr-FR"},{"@type":"WebPage","@id":"https:\/\/culturbaine.com\/index.php\/2024\/06\/12\/soum-bill-rejoint-banlieuzart-sur-leur-nouvel-album\/","url":"https:\/\/culturbaine.com\/index.php\/2024\/06\/12\/soum-bill-rejoint-banlieuzart-sur-leur-nouvel-album\/","name":"Soum Bill rejoint Banlieuz'art sur leur Nouvel Album ! - Culturbaine","isPartOf":{"@id":"https:\/\/culturbaine.com\/#website"},"primaryImageOfPage":{"@id":"https:\/\/culturbaine.com\/index.php\/2024\/06\/12\/soum-bill-rejoint-banlieuzart-sur-leur-nouvel-album\/#primaryimage"},"image":{"@id":"https:\/\/culturbaine.com\/index.php\/2024\/06\/12\/soum-bill-rejoint-banlieuzart-sur-leur-nouvel-album\/#primaryimage"},"thumbnailUrl":"https:\/\/culturbaine.com\/wp-content\/uploads\/2024\/06\/PhotoCollage_1718205736317.png","datePublished":"2024-06-12T15:30:48+00:00","dateModified":"2024-06-12T15:30:48+00:00","breadcrumb":{"@id":"https:\/\/culturbaine.com\/index.php\/2024\/06\/12\/soum-bill-rejoint-banlieuzart-sur-leur-nouvel-album\/#breadcrumb"},"inLanguage":"fr-FR","potentialAction":[{"@type":"ReadAction","target":["https:\/\/culturbaine.com\/index.php\/2024\/06\/12\/soum-bill-rejoint-banlieuzart-sur-leur-nouvel-album\/"]}]},{"@type":"ImageObject","inLanguage":"fr-FR","@id":"https:\/\/culturbaine.com\/index.php\/2024\/06\/12\/soum-bill-rejoint-banlieuzart-sur-leur-nouvel-album\/#primaryimage","url":"https:\/\/culturbaine.com\/wp-content\/uploads\/2024\/06\/PhotoCollage_1718205736317.png","contentUrl":"https:\/\/culturbaine.com\/wp-content\/uploads\/2024\/06\/PhotoCollage_1718205736317.png","width":1920,"height":1080},{"@type":"BreadcrumbList","@id":"https:\/\/culturbaine.com\/index.php\/2024\/06\/12\/soum-bill-rejoint-banlieuzart-sur-leur-nouvel-album\/#breadcrumb","itemListElement":[{"@type":"ListItem","position":1,"name":"Home","item":"https:\/\/culturbaine.com\/"},{"@type":"ListItem","position":2,"name":"Soum Bill rejoint Banlieuz&rsquo;art sur leur Nouvel Album !"}]},{"@type":"WebSite","@id":"https:\/\/culturbaine.com\/#website","url":"https:\/\/culturbaine.com\/","name":"Culturbaine.com","description":"Toute l&#039;actualit\u00e9 des Cultures Urbaines, en un clic  !","publisher":{"@id":"https:\/\/culturbaine.com\/#organization"},"potentialAction":[{"@type":"SearchAction","target":{"@type":"EntryPoint","urlTemplate":"https:\/\/culturbaine.com\/?s={search_term_string}"},"query-input":{"@type":"PropertyValueSpecification","valueRequired":true,"valueName":"search_term_string"}}],"inLanguage":"fr-FR"},{"@type":"Organization","@id":"https:\/\/culturbaine.com\/#organization","name":"Culturbaine.com","url":"https:\/\/culturbaine.com\/","logo":{"@type":"ImageObject","inLanguage":"fr-FR","@id":"https:\/\/culturbaine.com\/#\/schema\/logo\/image\/","url":"https:\/\/culturbaine.com\/wp-content\/uploads\/2023\/07\/WhatsApp-Image-2023-07-17-at-14.38.18.jpeg","contentUrl":"https:\/\/culturbaine.com\/wp-content\/uploads\/2023\/07\/WhatsApp-Image-2023-07-17-at-14.38.18.jpeg","width":855,"height":270,"caption":"Culturbaine.com"},"image":{"@id":"https:\/\/culturbaine.com\/#\/schema\/logo\/image\/"},"sameAs":["https:\/\/www.facebook.com\/Culturbaines","https:\/\/x.com\/culturbaines"]},{"@type":"Person","@id":"https:\/\/culturbaine.com\/#\/schema\/person\/42eb7485c572e0746c1ea6b8216c3814","name":"admin1","image":{"@type":"ImageObject","inLanguage":"fr-FR","@id":"https:\/\/culturbaine.com\/#\/schema\/person\/image\/","url":"https:\/\/secure.gravatar.com\/avatar\/c268f4d483ce0486e5a10fee87bbf756?s=96&d=mm&r=g","contentUrl":"https:\/\/secure.gravatar.com\/avatar\/c268f4d483ce0486e5a10fee87bbf756?s=96&d=mm&r=g","caption":"admin1"},"url":"https:\/\/culturbaine.com\/index.php\/author\/admin1\/"}]}},"_links":{"self":[{"href":"https:\/\/culturbaine.com\/index.php\/wp-json\/wp\/v2\/posts\/7046"}],"collection":[{"href":"https:\/\/culturbaine.com\/index.php\/wp-json\/wp\/v2\/posts"}],"about":[{"href":"https:\/\/culturbaine.com\/index.php\/wp-json\/wp\/v2\/types\/post"}],"author":[{"embeddable":true,"href":"https:\/\/culturbaine.com\/index.php\/wp-json\/wp\/v2\/users\/2"}],"replies":[{"embeddable":true,"href":"https:\/\/culturbaine.com\/index.php\/wp-json\/wp\/v2\/comments?post=7046"}],"version-history":[{"count":0,"href":"https:\/\/culturbaine.com\/index.php\/wp-json\/wp\/v2\/posts\/7046\/revisions"}],"wp:featuredmedia":[{"embeddable":true,"href":"https:\/\/culturbaine.com\/index.php\/wp-json\/wp\/v2\/media\/7048"}],"wp:attachment":[{"href":"https:\/\/culturbaine.com\/index.php\/wp-json\/wp\/v2\/media?parent=7046"}],"wp:term":[{"taxonomy":"category","embeddable":true,"href":"https:\/\/culturbaine.com\/index.php\/wp-json\/wp\/v2\/categories?post=7046"},{"taxonomy":"post_tag","embeddable":true,"href":"https:\/\/culturbaine.com\/index.php\/wp-json\/wp\/v2\/tags?post=7046"}],"curies":[{"name":"wp","href":"https:\/\/api.w.org\/{rel}","templated":true}]}}