{"id":6956,"date":"2024-06-09T11:10:49","date_gmt":"2024-06-09T11:10:49","guid":{"rendered":"https:\/\/culturbaine.com\/?p=6956"},"modified":"2024-06-09T11:26:51","modified_gmt":"2024-06-09T11:26:51","slug":"22-juin-degg-j-force-3-amaza-et-banlieuzart-reunis-pour-un-concert-au-senegal","status":"publish","type":"post","link":"https:\/\/culturbaine.com\/index.php\/2024\/06\/09\/22-juin-degg-j-force-3-amaza-et-banlieuzart-reunis-pour-un-concert-au-senegal\/","title":{"rendered":"22 juin : Degg J Force 3, Amaza et Banlieuz&rsquo;art : R\u00e9unis pour un concert au S\u00e9n\u00e9gal !"},"content":{"rendered":"<p>Cela faisait longtemps que les c\u00e9l\u00e8bres groupes guin\u00e9ens <b>Degg J Force 3<\/b> et <b>Banlieuz&rsquo;art<\/b> n&rsquo;avaient pas partag\u00e9 la m\u00eame sc\u00e8ne. \u00c0 l&rsquo;occasion de la f\u00eate de la musique cette ann\u00e9e, ces deux g\u00e9ants de la musique urbaine guin\u00e9enne se produiront ensemble au S\u00e9n\u00e9gal pour un concert exceptionnel. Cet \u00e9v\u00e9nement marquera \u00e9galement la pr\u00e9sence de la nouvelle \u00e9toile montante de la musique urbaine guin\u00e9enne, <b>Amaza<\/b>.<\/p>\n<p><span style=\"font-weight: 400;\">Organis\u00e9 par le label <\/span><b>Mood Music Events<\/b><span style=\"font-weight: 400;\"> en collaboration avec le <\/span><b>Centre Culturel R\u00e9gional<\/b> <b>Blaise Senghor<\/b><span style=\"font-weight: 400;\">, cet \u00e9v\u00e9nement se d\u00e9roulera sous le th\u00e8me de <\/span><b>la fraternit\u00e9 et de l&rsquo;\u00e9change culturel entre la Guin\u00e9e et le S\u00e9n\u00e9gal<\/b><span style=\"font-weight: 400;\">. Chaque artiste invit\u00e9 a d\u00e9j\u00e0 partag\u00e9 la nouvelle sur ses r\u00e9seaux sociaux, promettant un spectacle m\u00e9morable \u00e0 leurs fans respectifs.<\/span><\/p>\n<p><b>Degg J Force 3,<\/b><span style=\"font-weight: 400;\"> l&rsquo;un des groupes les plus l\u00e9gendaires de la sc\u00e8ne musicale urbaine guin\u00e9enne, est connu pour ses contributions significatives \u00e0 ce genre musical. Apr\u00e8s une pause d\u00e9di\u00e9e \u00e0 d&rsquo;autres projets et \u00e0 la promotion de nouveaux talents, leur retour sur sc\u00e8ne est tr\u00e8s attendu. <\/span><b>Banlieuz&rsquo;art<\/b><span style=\"font-weight: 400;\">, autrefois sous l&rsquo;aile de <\/span><b>Degg J Force 3<\/b><span style=\"font-weight: 400;\"> via le label MLP, a \u00e9galement marqu\u00e9 la sc\u00e8ne musicale avec sa propre force et originalit\u00e9.<\/span><\/p>\n<p><span style=\"font-weight: 400;\">Ce concert repr\u00e9sente bien plus qu&rsquo;un simple spectacle musical. Les deux groupes, qui ont connu des diff\u00e9rends profonds \u00e0 travers leur manager <\/span><b>Abdou M&rsquo;baye<\/b><span style=\"font-weight: 400;\">, ont ici l&rsquo;opportunit\u00e9 de se rapprocher \u00e0 nouveau. Le public guin\u00e9en et s\u00e9n\u00e9galais attend avec impatience ce moment unique qui promet de raviver la flamme de l&rsquo;unit\u00e9 et de la collaboration artistique.<\/span><\/p>\n<p><img loading=\"lazy\" decoding=\"async\" class=\"alignnone size-medium wp-image-6958\" src=\"https:\/\/culturbaine.com\/wp-content\/uploads\/2024\/06\/1717796688198-212x300.jpg\" alt=\"\" width=\"212\" height=\"300\" srcset=\"https:\/\/culturbaine.com\/wp-content\/uploads\/2024\/06\/1717796688198-212x300.jpg 212w, https:\/\/culturbaine.com\/wp-content\/uploads\/2024\/06\/1717796688198.jpg 636w\" sizes=\"(max-width: 212px) 100vw, 212px\" \/><\/p>\n<p>Save the date<\/p>\n<p><b>Mohamed Cinq Sylla<\/b><span style=\"font-weight: 400;\">\u00a0<\/span><\/p>\n","protected":false},"excerpt":{"rendered":"<p>Cela faisait longtemps que les c\u00e9l\u00e8bres groupes guin\u00e9ens Degg J Force 3 et Banlieuz&rsquo;art n&rsquo;avaient pas partag\u00e9 la m\u00eame sc\u00e8ne. \u00c0 l&rsquo;occasion de la f\u00eate de la musique cette ann\u00e9e, ces deux g\u00e9ants de la musique urbaine guin\u00e9enne se produiront ensemble au S\u00e9n\u00e9gal pour un concert exceptionnel. Cet \u00e9v\u00e9nement marquera \u00e9galement la pr\u00e9sence de la [&hellip;]<\/p>\n","protected":false},"author":2,"featured_media":6959,"comment_status":"closed","ping_status":"closed","sticky":false,"template":"","format":"standard","meta":{"_mi_skip_tracking":false,"_monsterinsights_sitenote_active":false,"_monsterinsights_sitenote_note":"","_monsterinsights_sitenote_category":0,"footnotes":""},"categories":[21,33],"tags":[197,47,66,2367,109],"class_list":["post-6956","post","type-post","status-publish","format-standard","has-post-thumbnail","hentry","category-actualite","category-agenda","tag-amaza","tag-banlieuzart","tag-degg-j-force-3","tag-fete-de-la-musique","tag-senegal"],"yoast_head":"<!-- This site is optimized with the Yoast SEO Premium plugin v20.1 (Yoast SEO v24.0) - https:\/\/yoast.com\/wordpress\/plugins\/seo\/ -->\n<title>22 juin : Degg J Force 3, Amaza et Banlieuz&#039;art : R\u00e9unis pour un concert au S\u00e9n\u00e9gal ! - Culturbaine<\/title>\n<meta name=\"robots\" content=\"index, follow, max-snippet:-1, max-image-preview:large, max-video-preview:-1\" \/>\n<link rel=\"canonical\" href=\"https:\/\/culturbaine.com\/index.php\/2024\/06\/09\/22-juin-degg-j-force-3-amaza-et-banlieuzart-reunis-pour-un-concert-au-senegal\/\" \/>\n<meta property=\"og:locale\" content=\"fr_FR\" \/>\n<meta property=\"og:type\" content=\"article\" \/>\n<meta property=\"og:title\" content=\"22 juin : Degg J Force 3, Amaza et Banlieuz&#039;art : R\u00e9unis pour un concert au S\u00e9n\u00e9gal !\" \/>\n<meta property=\"og:description\" content=\"Cela faisait longtemps que les c\u00e9l\u00e8bres groupes guin\u00e9ens Degg J Force 3 et Banlieuz&rsquo;art n&rsquo;avaient pas partag\u00e9 la m\u00eame sc\u00e8ne. \u00c0 l&rsquo;occasion de la f\u00eate de la musique cette ann\u00e9e, ces deux g\u00e9ants de la musique urbaine guin\u00e9enne se produiront ensemble au S\u00e9n\u00e9gal pour un concert exceptionnel. Cet \u00e9v\u00e9nement marquera \u00e9galement la pr\u00e9sence de la [&hellip;]\" \/>\n<meta property=\"og:url\" content=\"https:\/\/culturbaine.com\/index.php\/2024\/06\/09\/22-juin-degg-j-force-3-amaza-et-banlieuzart-reunis-pour-un-concert-au-senegal\/\" \/>\n<meta property=\"og:site_name\" content=\"Culturbaine\" \/>\n<meta property=\"article:publisher\" content=\"https:\/\/www.facebook.com\/Culturbaines\" \/>\n<meta property=\"article:published_time\" content=\"2024-06-09T11:10:49+00:00\" \/>\n<meta property=\"article:modified_time\" content=\"2024-06-09T11:26:51+00:00\" \/>\n<meta property=\"og:image\" content=\"https:\/\/culturbaine.com\/wp-content\/uploads\/2024\/06\/17177966881982.jpg\" \/>\n\t<meta property=\"og:image:width\" content=\"636\" \/>\n\t<meta property=\"og:image:height\" content=\"374\" \/>\n\t<meta property=\"og:image:type\" content=\"image\/jpeg\" \/>\n<meta name=\"author\" content=\"admin1\" \/>\n<meta name=\"twitter:card\" content=\"summary_large_image\" \/>\n<meta name=\"twitter:creator\" content=\"@culturbaines\" \/>\n<meta name=\"twitter:site\" content=\"@culturbaines\" \/>\n<meta name=\"twitter:label1\" content=\"\u00c9crit par\" \/>\n\t<meta name=\"twitter:data1\" content=\"admin1\" \/>\n\t<meta name=\"twitter:label2\" content=\"Dur\u00e9e de lecture estim\u00e9e\" \/>\n\t<meta name=\"twitter:data2\" content=\"2 minutes\" \/>\n<script type=\"application\/ld+json\" class=\"yoast-schema-graph\">{\"@context\":\"https:\/\/schema.org\",\"@graph\":[{\"@type\":\"Article\",\"@id\":\"https:\/\/culturbaine.com\/index.php\/2024\/06\/09\/22-juin-degg-j-force-3-amaza-et-banlieuzart-reunis-pour-un-concert-au-senegal\/#article\",\"isPartOf\":{\"@id\":\"https:\/\/culturbaine.com\/index.php\/2024\/06\/09\/22-juin-degg-j-force-3-amaza-et-banlieuzart-reunis-pour-un-concert-au-senegal\/\"},\"author\":{\"name\":\"admin1\",\"@id\":\"https:\/\/culturbaine.com\/#\/schema\/person\/42eb7485c572e0746c1ea6b8216c3814\"},\"headline\":\"22 juin : Degg J Force 3, Amaza et Banlieuz&rsquo;art : R\u00e9unis pour un concert au S\u00e9n\u00e9gal !\",\"datePublished\":\"2024-06-09T11:10:49+00:00\",\"dateModified\":\"2024-06-09T11:26:51+00:00\",\"mainEntityOfPage\":{\"@id\":\"https:\/\/culturbaine.com\/index.php\/2024\/06\/09\/22-juin-degg-j-force-3-amaza-et-banlieuzart-reunis-pour-un-concert-au-senegal\/\"},\"wordCount\":311,\"publisher\":{\"@id\":\"https:\/\/culturbaine.com\/#organization\"},\"image\":{\"@id\":\"https:\/\/culturbaine.com\/index.php\/2024\/06\/09\/22-juin-degg-j-force-3-amaza-et-banlieuzart-reunis-pour-un-concert-au-senegal\/#primaryimage\"},\"thumbnailUrl\":\"https:\/\/culturbaine.com\/wp-content\/uploads\/2024\/06\/17177966881982.jpg\",\"keywords\":[\"Amaza\",\"banlieuzart\",\"Degg J Force 3\",\"f\u00eate de la musique\",\"S\u00e9n\u00e9gal\"],\"articleSection\":[\"Actualit\u00e9\",\"Agenda\"],\"inLanguage\":\"fr-FR\"},{\"@type\":\"WebPage\",\"@id\":\"https:\/\/culturbaine.com\/index.php\/2024\/06\/09\/22-juin-degg-j-force-3-amaza-et-banlieuzart-reunis-pour-un-concert-au-senegal\/\",\"url\":\"https:\/\/culturbaine.com\/index.php\/2024\/06\/09\/22-juin-degg-j-force-3-amaza-et-banlieuzart-reunis-pour-un-concert-au-senegal\/\",\"name\":\"22 juin : Degg J Force 3, Amaza et Banlieuz'art : R\u00e9unis pour un concert au S\u00e9n\u00e9gal ! - Culturbaine\",\"isPartOf\":{\"@id\":\"https:\/\/culturbaine.com\/#website\"},\"primaryImageOfPage\":{\"@id\":\"https:\/\/culturbaine.com\/index.php\/2024\/06\/09\/22-juin-degg-j-force-3-amaza-et-banlieuzart-reunis-pour-un-concert-au-senegal\/#primaryimage\"},\"image\":{\"@id\":\"https:\/\/culturbaine.com\/index.php\/2024\/06\/09\/22-juin-degg-j-force-3-amaza-et-banlieuzart-reunis-pour-un-concert-au-senegal\/#primaryimage\"},\"thumbnailUrl\":\"https:\/\/culturbaine.com\/wp-content\/uploads\/2024\/06\/17177966881982.jpg\",\"datePublished\":\"2024-06-09T11:10:49+00:00\",\"dateModified\":\"2024-06-09T11:26:51+00:00\",\"breadcrumb\":{\"@id\":\"https:\/\/culturbaine.com\/index.php\/2024\/06\/09\/22-juin-degg-j-force-3-amaza-et-banlieuzart-reunis-pour-un-concert-au-senegal\/#breadcrumb\"},\"inLanguage\":\"fr-FR\",\"potentialAction\":[{\"@type\":\"ReadAction\",\"target\":[\"https:\/\/culturbaine.com\/index.php\/2024\/06\/09\/22-juin-degg-j-force-3-amaza-et-banlieuzart-reunis-pour-un-concert-au-senegal\/\"]}]},{\"@type\":\"ImageObject\",\"inLanguage\":\"fr-FR\",\"@id\":\"https:\/\/culturbaine.com\/index.php\/2024\/06\/09\/22-juin-degg-j-force-3-amaza-et-banlieuzart-reunis-pour-un-concert-au-senegal\/#primaryimage\",\"url\":\"https:\/\/culturbaine.com\/wp-content\/uploads\/2024\/06\/17177966881982.jpg\",\"contentUrl\":\"https:\/\/culturbaine.com\/wp-content\/uploads\/2024\/06\/17177966881982.jpg\",\"width\":636,\"height\":374},{\"@type\":\"BreadcrumbList\",\"@id\":\"https:\/\/culturbaine.com\/index.php\/2024\/06\/09\/22-juin-degg-j-force-3-amaza-et-banlieuzart-reunis-pour-un-concert-au-senegal\/#breadcrumb\",\"itemListElement\":[{\"@type\":\"ListItem\",\"position\":1,\"name\":\"Home\",\"item\":\"https:\/\/culturbaine.com\/\"},{\"@type\":\"ListItem\",\"position\":2,\"name\":\"22 juin : Degg J Force 3, Amaza et Banlieuz&rsquo;art : R\u00e9unis pour un concert au S\u00e9n\u00e9gal !\"}]},{\"@type\":\"WebSite\",\"@id\":\"https:\/\/culturbaine.com\/#website\",\"url\":\"https:\/\/culturbaine.com\/\",\"name\":\"Culturbaine.com\",\"description\":\"Toute l&#039;actualit\u00e9 des Cultures Urbaines, en un clic  !\",\"publisher\":{\"@id\":\"https:\/\/culturbaine.com\/#organization\"},\"potentialAction\":[{\"@type\":\"SearchAction\",\"target\":{\"@type\":\"EntryPoint\",\"urlTemplate\":\"https:\/\/culturbaine.com\/?s={search_term_string}\"},\"query-input\":{\"@type\":\"PropertyValueSpecification\",\"valueRequired\":true,\"valueName\":\"search_term_string\"}}],\"inLanguage\":\"fr-FR\"},{\"@type\":\"Organization\",\"@id\":\"https:\/\/culturbaine.com\/#organization\",\"name\":\"Culturbaine.com\",\"url\":\"https:\/\/culturbaine.com\/\",\"logo\":{\"@type\":\"ImageObject\",\"inLanguage\":\"fr-FR\",\"@id\":\"https:\/\/culturbaine.com\/#\/schema\/logo\/image\/\",\"url\":\"https:\/\/culturbaine.com\/wp-content\/uploads\/2023\/07\/WhatsApp-Image-2023-07-17-at-14.38.18.jpeg\",\"contentUrl\":\"https:\/\/culturbaine.com\/wp-content\/uploads\/2023\/07\/WhatsApp-Image-2023-07-17-at-14.38.18.jpeg\",\"width\":855,\"height\":270,\"caption\":\"Culturbaine.com\"},\"image\":{\"@id\":\"https:\/\/culturbaine.com\/#\/schema\/logo\/image\/\"},\"sameAs\":[\"https:\/\/www.facebook.com\/Culturbaines\",\"https:\/\/x.com\/culturbaines\"]},{\"@type\":\"Person\",\"@id\":\"https:\/\/culturbaine.com\/#\/schema\/person\/42eb7485c572e0746c1ea6b8216c3814\",\"name\":\"admin1\",\"image\":{\"@type\":\"ImageObject\",\"inLanguage\":\"fr-FR\",\"@id\":\"https:\/\/culturbaine.com\/#\/schema\/person\/image\/\",\"url\":\"https:\/\/secure.gravatar.com\/avatar\/c268f4d483ce0486e5a10fee87bbf756?s=96&d=mm&r=g\",\"contentUrl\":\"https:\/\/secure.gravatar.com\/avatar\/c268f4d483ce0486e5a10fee87bbf756?s=96&d=mm&r=g\",\"caption\":\"admin1\"},\"url\":\"https:\/\/culturbaine.com\/index.php\/author\/admin1\/\"}]}<\/script>\n<!-- \/ Yoast SEO Premium plugin. -->","yoast_head_json":{"title":"22 juin : Degg J Force 3, Amaza et Banlieuz'art : R\u00e9unis pour un concert au S\u00e9n\u00e9gal ! - Culturbaine","robots":{"index":"index","follow":"follow","max-snippet":"max-snippet:-1","max-image-preview":"max-image-preview:large","max-video-preview":"max-video-preview:-1"},"canonical":"https:\/\/culturbaine.com\/index.php\/2024\/06\/09\/22-juin-degg-j-force-3-amaza-et-banlieuzart-reunis-pour-un-concert-au-senegal\/","og_locale":"fr_FR","og_type":"article","og_title":"22 juin : Degg J Force 3, Amaza et Banlieuz'art : R\u00e9unis pour un concert au S\u00e9n\u00e9gal !","og_description":"Cela faisait longtemps que les c\u00e9l\u00e8bres groupes guin\u00e9ens Degg J Force 3 et Banlieuz&rsquo;art n&rsquo;avaient pas partag\u00e9 la m\u00eame sc\u00e8ne. \u00c0 l&rsquo;occasion de la f\u00eate de la musique cette ann\u00e9e, ces deux g\u00e9ants de la musique urbaine guin\u00e9enne se produiront ensemble au S\u00e9n\u00e9gal pour un concert exceptionnel. Cet \u00e9v\u00e9nement marquera \u00e9galement la pr\u00e9sence de la [&hellip;]","og_url":"https:\/\/culturbaine.com\/index.php\/2024\/06\/09\/22-juin-degg-j-force-3-amaza-et-banlieuzart-reunis-pour-un-concert-au-senegal\/","og_site_name":"Culturbaine","article_publisher":"https:\/\/www.facebook.com\/Culturbaines","article_published_time":"2024-06-09T11:10:49+00:00","article_modified_time":"2024-06-09T11:26:51+00:00","og_image":[{"width":636,"height":374,"url":"https:\/\/culturbaine.com\/wp-content\/uploads\/2024\/06\/17177966881982.jpg","type":"image\/jpeg"}],"author":"admin1","twitter_card":"summary_large_image","twitter_creator":"@culturbaines","twitter_site":"@culturbaines","twitter_misc":{"\u00c9crit par":"admin1","Dur\u00e9e de lecture estim\u00e9e":"2 minutes"},"schema":{"@context":"https:\/\/schema.org","@graph":[{"@type":"Article","@id":"https:\/\/culturbaine.com\/index.php\/2024\/06\/09\/22-juin-degg-j-force-3-amaza-et-banlieuzart-reunis-pour-un-concert-au-senegal\/#article","isPartOf":{"@id":"https:\/\/culturbaine.com\/index.php\/2024\/06\/09\/22-juin-degg-j-force-3-amaza-et-banlieuzart-reunis-pour-un-concert-au-senegal\/"},"author":{"name":"admin1","@id":"https:\/\/culturbaine.com\/#\/schema\/person\/42eb7485c572e0746c1ea6b8216c3814"},"headline":"22 juin : Degg J Force 3, Amaza et Banlieuz&rsquo;art : R\u00e9unis pour un concert au S\u00e9n\u00e9gal !","datePublished":"2024-06-09T11:10:49+00:00","dateModified":"2024-06-09T11:26:51+00:00","mainEntityOfPage":{"@id":"https:\/\/culturbaine.com\/index.php\/2024\/06\/09\/22-juin-degg-j-force-3-amaza-et-banlieuzart-reunis-pour-un-concert-au-senegal\/"},"wordCount":311,"publisher":{"@id":"https:\/\/culturbaine.com\/#organization"},"image":{"@id":"https:\/\/culturbaine.com\/index.php\/2024\/06\/09\/22-juin-degg-j-force-3-amaza-et-banlieuzart-reunis-pour-un-concert-au-senegal\/#primaryimage"},"thumbnailUrl":"https:\/\/culturbaine.com\/wp-content\/uploads\/2024\/06\/17177966881982.jpg","keywords":["Amaza","banlieuzart","Degg J Force 3","f\u00eate de la musique","S\u00e9n\u00e9gal"],"articleSection":["Actualit\u00e9","Agenda"],"inLanguage":"fr-FR"},{"@type":"WebPage","@id":"https:\/\/culturbaine.com\/index.php\/2024\/06\/09\/22-juin-degg-j-force-3-amaza-et-banlieuzart-reunis-pour-un-concert-au-senegal\/","url":"https:\/\/culturbaine.com\/index.php\/2024\/06\/09\/22-juin-degg-j-force-3-amaza-et-banlieuzart-reunis-pour-un-concert-au-senegal\/","name":"22 juin : Degg J Force 3, Amaza et Banlieuz'art : R\u00e9unis pour un concert au S\u00e9n\u00e9gal ! - Culturbaine","isPartOf":{"@id":"https:\/\/culturbaine.com\/#website"},"primaryImageOfPage":{"@id":"https:\/\/culturbaine.com\/index.php\/2024\/06\/09\/22-juin-degg-j-force-3-amaza-et-banlieuzart-reunis-pour-un-concert-au-senegal\/#primaryimage"},"image":{"@id":"https:\/\/culturbaine.com\/index.php\/2024\/06\/09\/22-juin-degg-j-force-3-amaza-et-banlieuzart-reunis-pour-un-concert-au-senegal\/#primaryimage"},"thumbnailUrl":"https:\/\/culturbaine.com\/wp-content\/uploads\/2024\/06\/17177966881982.jpg","datePublished":"2024-06-09T11:10:49+00:00","dateModified":"2024-06-09T11:26:51+00:00","breadcrumb":{"@id":"https:\/\/culturbaine.com\/index.php\/2024\/06\/09\/22-juin-degg-j-force-3-amaza-et-banlieuzart-reunis-pour-un-concert-au-senegal\/#breadcrumb"},"inLanguage":"fr-FR","potentialAction":[{"@type":"ReadAction","target":["https:\/\/culturbaine.com\/index.php\/2024\/06\/09\/22-juin-degg-j-force-3-amaza-et-banlieuzart-reunis-pour-un-concert-au-senegal\/"]}]},{"@type":"ImageObject","inLanguage":"fr-FR","@id":"https:\/\/culturbaine.com\/index.php\/2024\/06\/09\/22-juin-degg-j-force-3-amaza-et-banlieuzart-reunis-pour-un-concert-au-senegal\/#primaryimage","url":"https:\/\/culturbaine.com\/wp-content\/uploads\/2024\/06\/17177966881982.jpg","contentUrl":"https:\/\/culturbaine.com\/wp-content\/uploads\/2024\/06\/17177966881982.jpg","width":636,"height":374},{"@type":"BreadcrumbList","@id":"https:\/\/culturbaine.com\/index.php\/2024\/06\/09\/22-juin-degg-j-force-3-amaza-et-banlieuzart-reunis-pour-un-concert-au-senegal\/#breadcrumb","itemListElement":[{"@type":"ListItem","position":1,"name":"Home","item":"https:\/\/culturbaine.com\/"},{"@type":"ListItem","position":2,"name":"22 juin : Degg J Force 3, Amaza et Banlieuz&rsquo;art : R\u00e9unis pour un concert au S\u00e9n\u00e9gal !"}]},{"@type":"WebSite","@id":"https:\/\/culturbaine.com\/#website","url":"https:\/\/culturbaine.com\/","name":"Culturbaine.com","description":"Toute l&#039;actualit\u00e9 des Cultures Urbaines, en un clic  !","publisher":{"@id":"https:\/\/culturbaine.com\/#organization"},"potentialAction":[{"@type":"SearchAction","target":{"@type":"EntryPoint","urlTemplate":"https:\/\/culturbaine.com\/?s={search_term_string}"},"query-input":{"@type":"PropertyValueSpecification","valueRequired":true,"valueName":"search_term_string"}}],"inLanguage":"fr-FR"},{"@type":"Organization","@id":"https:\/\/culturbaine.com\/#organization","name":"Culturbaine.com","url":"https:\/\/culturbaine.com\/","logo":{"@type":"ImageObject","inLanguage":"fr-FR","@id":"https:\/\/culturbaine.com\/#\/schema\/logo\/image\/","url":"https:\/\/culturbaine.com\/wp-content\/uploads\/2023\/07\/WhatsApp-Image-2023-07-17-at-14.38.18.jpeg","contentUrl":"https:\/\/culturbaine.com\/wp-content\/uploads\/2023\/07\/WhatsApp-Image-2023-07-17-at-14.38.18.jpeg","width":855,"height":270,"caption":"Culturbaine.com"},"image":{"@id":"https:\/\/culturbaine.com\/#\/schema\/logo\/image\/"},"sameAs":["https:\/\/www.facebook.com\/Culturbaines","https:\/\/x.com\/culturbaines"]},{"@type":"Person","@id":"https:\/\/culturbaine.com\/#\/schema\/person\/42eb7485c572e0746c1ea6b8216c3814","name":"admin1","image":{"@type":"ImageObject","inLanguage":"fr-FR","@id":"https:\/\/culturbaine.com\/#\/schema\/person\/image\/","url":"https:\/\/secure.gravatar.com\/avatar\/c268f4d483ce0486e5a10fee87bbf756?s=96&d=mm&r=g","contentUrl":"https:\/\/secure.gravatar.com\/avatar\/c268f4d483ce0486e5a10fee87bbf756?s=96&d=mm&r=g","caption":"admin1"},"url":"https:\/\/culturbaine.com\/index.php\/author\/admin1\/"}]}},"_links":{"self":[{"href":"https:\/\/culturbaine.com\/index.php\/wp-json\/wp\/v2\/posts\/6956"}],"collection":[{"href":"https:\/\/culturbaine.com\/index.php\/wp-json\/wp\/v2\/posts"}],"about":[{"href":"https:\/\/culturbaine.com\/index.php\/wp-json\/wp\/v2\/types\/post"}],"author":[{"embeddable":true,"href":"https:\/\/culturbaine.com\/index.php\/wp-json\/wp\/v2\/users\/2"}],"replies":[{"embeddable":true,"href":"https:\/\/culturbaine.com\/index.php\/wp-json\/wp\/v2\/comments?post=6956"}],"version-history":[{"count":0,"href":"https:\/\/culturbaine.com\/index.php\/wp-json\/wp\/v2\/posts\/6956\/revisions"}],"wp:featuredmedia":[{"embeddable":true,"href":"https:\/\/culturbaine.com\/index.php\/wp-json\/wp\/v2\/media\/6959"}],"wp:attachment":[{"href":"https:\/\/culturbaine.com\/index.php\/wp-json\/wp\/v2\/media?parent=6956"}],"wp:term":[{"taxonomy":"category","embeddable":true,"href":"https:\/\/culturbaine.com\/index.php\/wp-json\/wp\/v2\/categories?post=6956"},{"taxonomy":"post_tag","embeddable":true,"href":"https:\/\/culturbaine.com\/index.php\/wp-json\/wp\/v2\/tags?post=6956"}],"curies":[{"name":"wp","href":"https:\/\/api.w.org\/{rel}","templated":true}]}}