{"id":6566,"date":"2024-05-28T21:29:10","date_gmt":"2024-05-28T21:29:10","guid":{"rendered":"https:\/\/culturbaine.com\/?p=6566"},"modified":"2024-05-28T21:29:10","modified_gmt":"2024-05-28T21:29:10","slug":"miss-kala-kala-la-gestion-manageriale-en-question-derriere-son-retrait-temporaire-de-la-musique","status":"publish","type":"post","link":"https:\/\/culturbaine.com\/index.php\/2024\/05\/28\/miss-kala-kala-la-gestion-manageriale-en-question-derriere-son-retrait-temporaire-de-la-musique\/","title":{"rendered":"Miss Kala Kala : La Gestion Manag\u00e9riale en Question Derri\u00e8re son Retrait temporaire de la musique"},"content":{"rendered":"<p><span>Apr\u00e8s avoir annonc\u00e9 la fin de sa carri\u00e8re musicale en mars dernier, la rappeuse guin\u00e9enne <\/span><b>Miss Kala Kala<\/b><span> est revenue sur sa d\u00e9cision. Elle a r\u00e9cemment sorti un nouveau single intitul\u00e9 Interlude. Cet apr\u00e8s-midi, l\u2019artiste \u00e9tait invit\u00e9e dans l&rsquo;\u00e9mission<\/span><b> D\u00e9ballage<\/b><span> de <\/span><b>Happy M\u00e9dia<\/b><span>, o\u00f9 elle a expliqu\u00e9 l\u2019une des raisons principales cach\u00e9es derri\u00e8re son retrait de la musique.<\/span><\/p>\n<p><b>Miss Kala Kala<\/b><span style=\"font-weight: 400;\">, connue pour son tube \u00ab\u00a0<\/span><b>Yaka<\/b><span style=\"font-weight: 400;\">\u00a0\u00bb ou encore <\/span><b>Ph\u00e9nix<\/b><span style=\"font-weight: 400;\">, a r\u00e9v\u00e9l\u00e9 qu\u2019elle n\u2019avait jamais \u00e9t\u00e9 pr\u00eate \u00e0 faire carri\u00e8re dans la musique et qu\u2019elle ne disposait d\u2019aucun contrat formel avec son \u00e9quipe manag\u00e9riale. Lorsqu\u2019on lui a demand\u00e9 si le travail de son \u00e9quipe \u00e9tait satisfaisant, elle a r\u00e9pondu : \u00ab <\/span><b><i>Ce n&rsquo;est pas \u00e0 moi de juger. Sinc\u00e8rement, si les retours \u00e9taient suffisants, je n&rsquo;allais pas arr\u00eater. C&rsquo;est clair<\/i><\/b><span style=\"font-weight: 400;\">. \u00bb<\/span><\/p>\n<p><b>Miss<\/b> <b>Kala Kala<\/b><span style=\"font-weight: 400;\"> est un exemple de r\u00e9silience et de d\u00e9termination. Sa capacit\u00e9 \u00e0 surmonter les obstacles et \u00e0 revenir sur la sc\u00e8ne montre sa passion ind\u00e9fectible pour la musique. Son exp\u00e9rience met en lumi\u00e8re l&rsquo;importance d&rsquo;une gestion manag\u00e9riale efficace pour les artistes, surtout dans des march\u00e9s \u00e9mergents comme celui de la Guin\u00e9e.<\/span><\/p>\n<p><b>Mohamed Cinq Sylla<\/b><\/p>\n","protected":false},"excerpt":{"rendered":"<p>Apr\u00e8s avoir annonc\u00e9 la fin de sa carri\u00e8re musicale en mars dernier, la rappeuse guin\u00e9enne Miss Kala Kala est revenue sur sa d\u00e9cision. Elle a r\u00e9cemment sorti un nouveau single intitul\u00e9 Interlude. Cet apr\u00e8s-midi, l\u2019artiste \u00e9tait invit\u00e9e dans l&rsquo;\u00e9mission D\u00e9ballage de Happy M\u00e9dia, o\u00f9 elle a expliqu\u00e9 l\u2019une des raisons principales cach\u00e9es derri\u00e8re son retrait [&hellip;]<\/p>\n","protected":false},"author":2,"featured_media":6568,"comment_status":"closed","ping_status":"closed","sticky":false,"template":"","format":"standard","meta":{"_mi_skip_tracking":false,"_monsterinsights_sitenote_active":false,"_monsterinsights_sitenote_note":"","_monsterinsights_sitenote_category":0,"footnotes":""},"categories":[21,512],"tags":[2435,2434,435,457],"class_list":["post-6566","post","type-post","status-publish","format-standard","has-post-thumbnail","hentry","category-actualite","category-rap","tag-gestion-manageriale","tag-les-raisons-de-son-retrait-de-la-musique","tag-miss-kala-kala","tag-rappeuse-guineenne"],"yoast_head":"<!-- This site is optimized with the Yoast SEO Premium plugin v20.1 (Yoast SEO v24.0) - https:\/\/yoast.com\/wordpress\/plugins\/seo\/ -->\n<title>Miss Kala Kala : La Gestion Manag\u00e9riale en Question Derri\u00e8re son Retrait temporaire de la musique - Culturbaine<\/title>\n<meta name=\"robots\" content=\"index, follow, max-snippet:-1, max-image-preview:large, max-video-preview:-1\" \/>\n<link rel=\"canonical\" href=\"https:\/\/culturbaine.com\/index.php\/2024\/05\/28\/miss-kala-kala-la-gestion-manageriale-en-question-derriere-son-retrait-temporaire-de-la-musique\/\" \/>\n<meta property=\"og:locale\" content=\"fr_FR\" \/>\n<meta property=\"og:type\" content=\"article\" \/>\n<meta property=\"og:title\" content=\"Miss Kala Kala : La Gestion Manag\u00e9riale en Question Derri\u00e8re son Retrait temporaire de la musique\" \/>\n<meta property=\"og:description\" content=\"Apr\u00e8s avoir annonc\u00e9 la fin de sa carri\u00e8re musicale en mars dernier, la rappeuse guin\u00e9enne Miss Kala Kala est revenue sur sa d\u00e9cision. Elle a r\u00e9cemment sorti un nouveau single intitul\u00e9 Interlude. Cet apr\u00e8s-midi, l\u2019artiste \u00e9tait invit\u00e9e dans l&rsquo;\u00e9mission D\u00e9ballage de Happy M\u00e9dia, o\u00f9 elle a expliqu\u00e9 l\u2019une des raisons principales cach\u00e9es derri\u00e8re son retrait [&hellip;]\" \/>\n<meta property=\"og:url\" content=\"https:\/\/culturbaine.com\/index.php\/2024\/05\/28\/miss-kala-kala-la-gestion-manageriale-en-question-derriere-son-retrait-temporaire-de-la-musique\/\" \/>\n<meta property=\"og:site_name\" content=\"Culturbaine\" \/>\n<meta property=\"article:publisher\" content=\"https:\/\/www.facebook.com\/Culturbaines\" \/>\n<meta property=\"article:published_time\" content=\"2024-05-28T21:29:10+00:00\" \/>\n<meta property=\"og:image\" content=\"https:\/\/culturbaine.com\/wp-content\/uploads\/2024\/05\/Screenshot_20240528-183837.jpg\" \/>\n\t<meta property=\"og:image:width\" content=\"710\" \/>\n\t<meta property=\"og:image:height\" content=\"378\" \/>\n\t<meta property=\"og:image:type\" content=\"image\/jpeg\" \/>\n<meta name=\"author\" content=\"admin1\" \/>\n<meta name=\"twitter:card\" content=\"summary_large_image\" \/>\n<meta name=\"twitter:creator\" content=\"@culturbaines\" \/>\n<meta name=\"twitter:site\" content=\"@culturbaines\" \/>\n<meta name=\"twitter:label1\" content=\"\u00c9crit par\" \/>\n\t<meta name=\"twitter:data1\" content=\"admin1\" \/>\n\t<meta name=\"twitter:label2\" content=\"Dur\u00e9e de lecture estim\u00e9e\" \/>\n\t<meta name=\"twitter:data2\" content=\"2 minutes\" \/>\n<script type=\"application\/ld+json\" class=\"yoast-schema-graph\">{\"@context\":\"https:\/\/schema.org\",\"@graph\":[{\"@type\":\"Article\",\"@id\":\"https:\/\/culturbaine.com\/index.php\/2024\/05\/28\/miss-kala-kala-la-gestion-manageriale-en-question-derriere-son-retrait-temporaire-de-la-musique\/#article\",\"isPartOf\":{\"@id\":\"https:\/\/culturbaine.com\/index.php\/2024\/05\/28\/miss-kala-kala-la-gestion-manageriale-en-question-derriere-son-retrait-temporaire-de-la-musique\/\"},\"author\":{\"name\":\"admin1\",\"@id\":\"https:\/\/culturbaine.com\/#\/schema\/person\/42eb7485c572e0746c1ea6b8216c3814\"},\"headline\":\"Miss Kala Kala : La Gestion Manag\u00e9riale en Question Derri\u00e8re son Retrait temporaire de la musique\",\"datePublished\":\"2024-05-28T21:29:10+00:00\",\"dateModified\":\"2024-05-28T21:29:10+00:00\",\"mainEntityOfPage\":{\"@id\":\"https:\/\/culturbaine.com\/index.php\/2024\/05\/28\/miss-kala-kala-la-gestion-manageriale-en-question-derriere-son-retrait-temporaire-de-la-musique\/\"},\"wordCount\":238,\"publisher\":{\"@id\":\"https:\/\/culturbaine.com\/#organization\"},\"image\":{\"@id\":\"https:\/\/culturbaine.com\/index.php\/2024\/05\/28\/miss-kala-kala-la-gestion-manageriale-en-question-derriere-son-retrait-temporaire-de-la-musique\/#primaryimage\"},\"thumbnailUrl\":\"https:\/\/culturbaine.com\/wp-content\/uploads\/2024\/05\/Screenshot_20240528-183837.jpg\",\"keywords\":[\"Gestion manag\u00e9riale\",\"Les raisons de son retrait de la musique\",\"Miss Kala Kala\",\"Rappeuse guin\u00e9enne\"],\"articleSection\":[\"Actualit\u00e9\",\"Rap\"],\"inLanguage\":\"fr-FR\"},{\"@type\":\"WebPage\",\"@id\":\"https:\/\/culturbaine.com\/index.php\/2024\/05\/28\/miss-kala-kala-la-gestion-manageriale-en-question-derriere-son-retrait-temporaire-de-la-musique\/\",\"url\":\"https:\/\/culturbaine.com\/index.php\/2024\/05\/28\/miss-kala-kala-la-gestion-manageriale-en-question-derriere-son-retrait-temporaire-de-la-musique\/\",\"name\":\"Miss Kala Kala : La Gestion Manag\u00e9riale en Question Derri\u00e8re son Retrait temporaire de la musique - Culturbaine\",\"isPartOf\":{\"@id\":\"https:\/\/culturbaine.com\/#website\"},\"primaryImageOfPage\":{\"@id\":\"https:\/\/culturbaine.com\/index.php\/2024\/05\/28\/miss-kala-kala-la-gestion-manageriale-en-question-derriere-son-retrait-temporaire-de-la-musique\/#primaryimage\"},\"image\":{\"@id\":\"https:\/\/culturbaine.com\/index.php\/2024\/05\/28\/miss-kala-kala-la-gestion-manageriale-en-question-derriere-son-retrait-temporaire-de-la-musique\/#primaryimage\"},\"thumbnailUrl\":\"https:\/\/culturbaine.com\/wp-content\/uploads\/2024\/05\/Screenshot_20240528-183837.jpg\",\"datePublished\":\"2024-05-28T21:29:10+00:00\",\"dateModified\":\"2024-05-28T21:29:10+00:00\",\"breadcrumb\":{\"@id\":\"https:\/\/culturbaine.com\/index.php\/2024\/05\/28\/miss-kala-kala-la-gestion-manageriale-en-question-derriere-son-retrait-temporaire-de-la-musique\/#breadcrumb\"},\"inLanguage\":\"fr-FR\",\"potentialAction\":[{\"@type\":\"ReadAction\",\"target\":[\"https:\/\/culturbaine.com\/index.php\/2024\/05\/28\/miss-kala-kala-la-gestion-manageriale-en-question-derriere-son-retrait-temporaire-de-la-musique\/\"]}]},{\"@type\":\"ImageObject\",\"inLanguage\":\"fr-FR\",\"@id\":\"https:\/\/culturbaine.com\/index.php\/2024\/05\/28\/miss-kala-kala-la-gestion-manageriale-en-question-derriere-son-retrait-temporaire-de-la-musique\/#primaryimage\",\"url\":\"https:\/\/culturbaine.com\/wp-content\/uploads\/2024\/05\/Screenshot_20240528-183837.jpg\",\"contentUrl\":\"https:\/\/culturbaine.com\/wp-content\/uploads\/2024\/05\/Screenshot_20240528-183837.jpg\",\"width\":710,\"height\":378},{\"@type\":\"BreadcrumbList\",\"@id\":\"https:\/\/culturbaine.com\/index.php\/2024\/05\/28\/miss-kala-kala-la-gestion-manageriale-en-question-derriere-son-retrait-temporaire-de-la-musique\/#breadcrumb\",\"itemListElement\":[{\"@type\":\"ListItem\",\"position\":1,\"name\":\"Home\",\"item\":\"https:\/\/culturbaine.com\/\"},{\"@type\":\"ListItem\",\"position\":2,\"name\":\"Miss Kala Kala : La Gestion Manag\u00e9riale en Question Derri\u00e8re son Retrait temporaire de la musique\"}]},{\"@type\":\"WebSite\",\"@id\":\"https:\/\/culturbaine.com\/#website\",\"url\":\"https:\/\/culturbaine.com\/\",\"name\":\"Culturbaine.com\",\"description\":\"Toute l&#039;actualit\u00e9 des Cultures Urbaines, en un clic  !\",\"publisher\":{\"@id\":\"https:\/\/culturbaine.com\/#organization\"},\"potentialAction\":[{\"@type\":\"SearchAction\",\"target\":{\"@type\":\"EntryPoint\",\"urlTemplate\":\"https:\/\/culturbaine.com\/?s={search_term_string}\"},\"query-input\":{\"@type\":\"PropertyValueSpecification\",\"valueRequired\":true,\"valueName\":\"search_term_string\"}}],\"inLanguage\":\"fr-FR\"},{\"@type\":\"Organization\",\"@id\":\"https:\/\/culturbaine.com\/#organization\",\"name\":\"Culturbaine.com\",\"url\":\"https:\/\/culturbaine.com\/\",\"logo\":{\"@type\":\"ImageObject\",\"inLanguage\":\"fr-FR\",\"@id\":\"https:\/\/culturbaine.com\/#\/schema\/logo\/image\/\",\"url\":\"https:\/\/culturbaine.com\/wp-content\/uploads\/2023\/07\/WhatsApp-Image-2023-07-17-at-14.38.18.jpeg\",\"contentUrl\":\"https:\/\/culturbaine.com\/wp-content\/uploads\/2023\/07\/WhatsApp-Image-2023-07-17-at-14.38.18.jpeg\",\"width\":855,\"height\":270,\"caption\":\"Culturbaine.com\"},\"image\":{\"@id\":\"https:\/\/culturbaine.com\/#\/schema\/logo\/image\/\"},\"sameAs\":[\"https:\/\/www.facebook.com\/Culturbaines\",\"https:\/\/x.com\/culturbaines\"]},{\"@type\":\"Person\",\"@id\":\"https:\/\/culturbaine.com\/#\/schema\/person\/42eb7485c572e0746c1ea6b8216c3814\",\"name\":\"admin1\",\"image\":{\"@type\":\"ImageObject\",\"inLanguage\":\"fr-FR\",\"@id\":\"https:\/\/culturbaine.com\/#\/schema\/person\/image\/\",\"url\":\"https:\/\/secure.gravatar.com\/avatar\/c268f4d483ce0486e5a10fee87bbf756?s=96&d=mm&r=g\",\"contentUrl\":\"https:\/\/secure.gravatar.com\/avatar\/c268f4d483ce0486e5a10fee87bbf756?s=96&d=mm&r=g\",\"caption\":\"admin1\"},\"url\":\"https:\/\/culturbaine.com\/index.php\/author\/admin1\/\"}]}<\/script>\n<!-- \/ Yoast SEO Premium plugin. -->","yoast_head_json":{"title":"Miss Kala Kala : La Gestion Manag\u00e9riale en Question Derri\u00e8re son Retrait temporaire de la musique - Culturbaine","robots":{"index":"index","follow":"follow","max-snippet":"max-snippet:-1","max-image-preview":"max-image-preview:large","max-video-preview":"max-video-preview:-1"},"canonical":"https:\/\/culturbaine.com\/index.php\/2024\/05\/28\/miss-kala-kala-la-gestion-manageriale-en-question-derriere-son-retrait-temporaire-de-la-musique\/","og_locale":"fr_FR","og_type":"article","og_title":"Miss Kala Kala : La Gestion Manag\u00e9riale en Question Derri\u00e8re son Retrait temporaire de la musique","og_description":"Apr\u00e8s avoir annonc\u00e9 la fin de sa carri\u00e8re musicale en mars dernier, la rappeuse guin\u00e9enne Miss Kala Kala est revenue sur sa d\u00e9cision. Elle a r\u00e9cemment sorti un nouveau single intitul\u00e9 Interlude. Cet apr\u00e8s-midi, l\u2019artiste \u00e9tait invit\u00e9e dans l&rsquo;\u00e9mission D\u00e9ballage de Happy M\u00e9dia, o\u00f9 elle a expliqu\u00e9 l\u2019une des raisons principales cach\u00e9es derri\u00e8re son retrait [&hellip;]","og_url":"https:\/\/culturbaine.com\/index.php\/2024\/05\/28\/miss-kala-kala-la-gestion-manageriale-en-question-derriere-son-retrait-temporaire-de-la-musique\/","og_site_name":"Culturbaine","article_publisher":"https:\/\/www.facebook.com\/Culturbaines","article_published_time":"2024-05-28T21:29:10+00:00","og_image":[{"width":710,"height":378,"url":"https:\/\/culturbaine.com\/wp-content\/uploads\/2024\/05\/Screenshot_20240528-183837.jpg","type":"image\/jpeg"}],"author":"admin1","twitter_card":"summary_large_image","twitter_creator":"@culturbaines","twitter_site":"@culturbaines","twitter_misc":{"\u00c9crit par":"admin1","Dur\u00e9e de lecture estim\u00e9e":"2 minutes"},"schema":{"@context":"https:\/\/schema.org","@graph":[{"@type":"Article","@id":"https:\/\/culturbaine.com\/index.php\/2024\/05\/28\/miss-kala-kala-la-gestion-manageriale-en-question-derriere-son-retrait-temporaire-de-la-musique\/#article","isPartOf":{"@id":"https:\/\/culturbaine.com\/index.php\/2024\/05\/28\/miss-kala-kala-la-gestion-manageriale-en-question-derriere-son-retrait-temporaire-de-la-musique\/"},"author":{"name":"admin1","@id":"https:\/\/culturbaine.com\/#\/schema\/person\/42eb7485c572e0746c1ea6b8216c3814"},"headline":"Miss Kala Kala : La Gestion Manag\u00e9riale en Question Derri\u00e8re son Retrait temporaire de la musique","datePublished":"2024-05-28T21:29:10+00:00","dateModified":"2024-05-28T21:29:10+00:00","mainEntityOfPage":{"@id":"https:\/\/culturbaine.com\/index.php\/2024\/05\/28\/miss-kala-kala-la-gestion-manageriale-en-question-derriere-son-retrait-temporaire-de-la-musique\/"},"wordCount":238,"publisher":{"@id":"https:\/\/culturbaine.com\/#organization"},"image":{"@id":"https:\/\/culturbaine.com\/index.php\/2024\/05\/28\/miss-kala-kala-la-gestion-manageriale-en-question-derriere-son-retrait-temporaire-de-la-musique\/#primaryimage"},"thumbnailUrl":"https:\/\/culturbaine.com\/wp-content\/uploads\/2024\/05\/Screenshot_20240528-183837.jpg","keywords":["Gestion manag\u00e9riale","Les raisons de son retrait de la musique","Miss Kala Kala","Rappeuse guin\u00e9enne"],"articleSection":["Actualit\u00e9","Rap"],"inLanguage":"fr-FR"},{"@type":"WebPage","@id":"https:\/\/culturbaine.com\/index.php\/2024\/05\/28\/miss-kala-kala-la-gestion-manageriale-en-question-derriere-son-retrait-temporaire-de-la-musique\/","url":"https:\/\/culturbaine.com\/index.php\/2024\/05\/28\/miss-kala-kala-la-gestion-manageriale-en-question-derriere-son-retrait-temporaire-de-la-musique\/","name":"Miss Kala Kala : La Gestion Manag\u00e9riale en Question Derri\u00e8re son Retrait temporaire de la musique - Culturbaine","isPartOf":{"@id":"https:\/\/culturbaine.com\/#website"},"primaryImageOfPage":{"@id":"https:\/\/culturbaine.com\/index.php\/2024\/05\/28\/miss-kala-kala-la-gestion-manageriale-en-question-derriere-son-retrait-temporaire-de-la-musique\/#primaryimage"},"image":{"@id":"https:\/\/culturbaine.com\/index.php\/2024\/05\/28\/miss-kala-kala-la-gestion-manageriale-en-question-derriere-son-retrait-temporaire-de-la-musique\/#primaryimage"},"thumbnailUrl":"https:\/\/culturbaine.com\/wp-content\/uploads\/2024\/05\/Screenshot_20240528-183837.jpg","datePublished":"2024-05-28T21:29:10+00:00","dateModified":"2024-05-28T21:29:10+00:00","breadcrumb":{"@id":"https:\/\/culturbaine.com\/index.php\/2024\/05\/28\/miss-kala-kala-la-gestion-manageriale-en-question-derriere-son-retrait-temporaire-de-la-musique\/#breadcrumb"},"inLanguage":"fr-FR","potentialAction":[{"@type":"ReadAction","target":["https:\/\/culturbaine.com\/index.php\/2024\/05\/28\/miss-kala-kala-la-gestion-manageriale-en-question-derriere-son-retrait-temporaire-de-la-musique\/"]}]},{"@type":"ImageObject","inLanguage":"fr-FR","@id":"https:\/\/culturbaine.com\/index.php\/2024\/05\/28\/miss-kala-kala-la-gestion-manageriale-en-question-derriere-son-retrait-temporaire-de-la-musique\/#primaryimage","url":"https:\/\/culturbaine.com\/wp-content\/uploads\/2024\/05\/Screenshot_20240528-183837.jpg","contentUrl":"https:\/\/culturbaine.com\/wp-content\/uploads\/2024\/05\/Screenshot_20240528-183837.jpg","width":710,"height":378},{"@type":"BreadcrumbList","@id":"https:\/\/culturbaine.com\/index.php\/2024\/05\/28\/miss-kala-kala-la-gestion-manageriale-en-question-derriere-son-retrait-temporaire-de-la-musique\/#breadcrumb","itemListElement":[{"@type":"ListItem","position":1,"name":"Home","item":"https:\/\/culturbaine.com\/"},{"@type":"ListItem","position":2,"name":"Miss Kala Kala : La Gestion Manag\u00e9riale en Question Derri\u00e8re son Retrait temporaire de la musique"}]},{"@type":"WebSite","@id":"https:\/\/culturbaine.com\/#website","url":"https:\/\/culturbaine.com\/","name":"Culturbaine.com","description":"Toute l&#039;actualit\u00e9 des Cultures Urbaines, en un clic  !","publisher":{"@id":"https:\/\/culturbaine.com\/#organization"},"potentialAction":[{"@type":"SearchAction","target":{"@type":"EntryPoint","urlTemplate":"https:\/\/culturbaine.com\/?s={search_term_string}"},"query-input":{"@type":"PropertyValueSpecification","valueRequired":true,"valueName":"search_term_string"}}],"inLanguage":"fr-FR"},{"@type":"Organization","@id":"https:\/\/culturbaine.com\/#organization","name":"Culturbaine.com","url":"https:\/\/culturbaine.com\/","logo":{"@type":"ImageObject","inLanguage":"fr-FR","@id":"https:\/\/culturbaine.com\/#\/schema\/logo\/image\/","url":"https:\/\/culturbaine.com\/wp-content\/uploads\/2023\/07\/WhatsApp-Image-2023-07-17-at-14.38.18.jpeg","contentUrl":"https:\/\/culturbaine.com\/wp-content\/uploads\/2023\/07\/WhatsApp-Image-2023-07-17-at-14.38.18.jpeg","width":855,"height":270,"caption":"Culturbaine.com"},"image":{"@id":"https:\/\/culturbaine.com\/#\/schema\/logo\/image\/"},"sameAs":["https:\/\/www.facebook.com\/Culturbaines","https:\/\/x.com\/culturbaines"]},{"@type":"Person","@id":"https:\/\/culturbaine.com\/#\/schema\/person\/42eb7485c572e0746c1ea6b8216c3814","name":"admin1","image":{"@type":"ImageObject","inLanguage":"fr-FR","@id":"https:\/\/culturbaine.com\/#\/schema\/person\/image\/","url":"https:\/\/secure.gravatar.com\/avatar\/c268f4d483ce0486e5a10fee87bbf756?s=96&d=mm&r=g","contentUrl":"https:\/\/secure.gravatar.com\/avatar\/c268f4d483ce0486e5a10fee87bbf756?s=96&d=mm&r=g","caption":"admin1"},"url":"https:\/\/culturbaine.com\/index.php\/author\/admin1\/"}]}},"_links":{"self":[{"href":"https:\/\/culturbaine.com\/index.php\/wp-json\/wp\/v2\/posts\/6566"}],"collection":[{"href":"https:\/\/culturbaine.com\/index.php\/wp-json\/wp\/v2\/posts"}],"about":[{"href":"https:\/\/culturbaine.com\/index.php\/wp-json\/wp\/v2\/types\/post"}],"author":[{"embeddable":true,"href":"https:\/\/culturbaine.com\/index.php\/wp-json\/wp\/v2\/users\/2"}],"replies":[{"embeddable":true,"href":"https:\/\/culturbaine.com\/index.php\/wp-json\/wp\/v2\/comments?post=6566"}],"version-history":[{"count":0,"href":"https:\/\/culturbaine.com\/index.php\/wp-json\/wp\/v2\/posts\/6566\/revisions"}],"wp:featuredmedia":[{"embeddable":true,"href":"https:\/\/culturbaine.com\/index.php\/wp-json\/wp\/v2\/media\/6568"}],"wp:attachment":[{"href":"https:\/\/culturbaine.com\/index.php\/wp-json\/wp\/v2\/media?parent=6566"}],"wp:term":[{"taxonomy":"category","embeddable":true,"href":"https:\/\/culturbaine.com\/index.php\/wp-json\/wp\/v2\/categories?post=6566"},{"taxonomy":"post_tag","embeddable":true,"href":"https:\/\/culturbaine.com\/index.php\/wp-json\/wp\/v2\/tags?post=6566"}],"curies":[{"name":"wp","href":"https:\/\/api.w.org\/{rel}","templated":true}]}}