{"id":6560,"date":"2024-05-28T17:34:29","date_gmt":"2024-05-28T17:34:29","guid":{"rendered":"https:\/\/culturbaine.com\/?p=6560"},"modified":"2024-05-28T17:34:29","modified_gmt":"2024-05-28T17:34:29","slug":"france-queen-rima-dans-le-line-up-final-du-8eme-festival-international-des-arts-et-de-la-gastronomie","status":"publish","type":"post","link":"https:\/\/culturbaine.com\/index.php\/2024\/05\/28\/france-queen-rima-dans-le-line-up-final-du-8eme-festival-international-des-arts-et-de-la-gastronomie\/","title":{"rendered":"France : Queen Rima dans le Line-Up final du 8\u00e8me Festival International des Arts et de la Gastronomie"},"content":{"rendered":"<p><b>Queen Rima<\/b><span>, la c\u00e9l\u00e8bre chanteuse de dancehall guin\u00e9enne, voit son emploi du temps se remplir de mani\u00e8re impressionnante cette ann\u00e9e. En effet, apr\u00e8s avoir \u00e9t\u00e9 annonc\u00e9e pour <\/span><b>l&rsquo;Urban Made Ouest<\/b><span> \u00e0 Laval, en France, en septembre, elle participera \u00e9galement \u00e0 la 8\u00e8me \u00e9dition du <\/span><b>Festival International des Arts, du Spectacle et de la Gastronomie<\/b> <b>(FIGAS)<\/b><span>, qui se d\u00e9roulera du 19 au 21 juillet 2024 \u00e0 Blois, France.<\/span><\/p>\n<p><span style=\"font-weight: 400;\">L&rsquo;annonce a \u00e9t\u00e9 faite cet apr\u00e8s-midi via la page Facebook officielle du festival, confirmant la pr\u00e9sence de <\/span><b>Queen Rima<\/b><span style=\"font-weight: 400;\"> parmi les 17 artistes retenus pour cet \u00e9v\u00e9nement prestigieux. Cette ann\u00e9e, plus de 600 groupes provenant de 29 pays diff\u00e9rents avaient soumis leur candidature pour participer au FIGAS. Le processus de s\u00e9lection a \u00e9t\u00e9 rigoureux, soulignant ainsi l&rsquo;importance et la qualit\u00e9 de ce festival international.<\/span><\/p>\n<p><span style=\"font-weight: 400;\">Le<\/span><b> FIGAS<\/b><span style=\"font-weight: 400;\"> est un rendez-vous incontournable qui c\u00e9l\u00e8bre non seulement les arts et le spectacle, mais aussi la gastronomie, attirant un public vari\u00e9 et passionn\u00e9 par ces domaines. En amont du festival principal, les \u00ab\u00a0instants FIGAS\u00a0\u00bb auront lieu du 16 au 18 juillet, offrant des moments d&rsquo;\u00e9change et de d\u00e9couverte suppl\u00e9mentaires aux participants et visiteurs.<\/span><\/p>\n<p><img loading=\"lazy\" decoding=\"async\" class=\"alignnone size-medium wp-image-6562\" src=\"https:\/\/culturbaine.com\/wp-content\/uploads\/2024\/05\/1716915490859-300x200.jpg\" alt=\"\" width=\"300\" height=\"200\" srcset=\"https:\/\/culturbaine.com\/wp-content\/uploads\/2024\/05\/1716915490859-300x200.jpg 300w, https:\/\/culturbaine.com\/wp-content\/uploads\/2024\/05\/1716915490859.jpg 720w\" sizes=\"(max-width: 300px) 100vw, 300px\" \/><\/p>\n<p><span style=\"font-weight: 400;\">La participation de <\/span><b>Queen Rima<\/b><span style=\"font-weight: 400;\"> \u00e0 cet \u00e9v\u00e9nement souligne son ascension continue sur la sc\u00e8ne musicale internationale et son r\u00f4le d&rsquo;ambassadrice de la culture guin\u00e9enne.<\/span><\/p>\n<p><span style=\"font-weight: 400;\">Save the date<\/span><\/p>\n<p><b>Mohamed Cinq Sylla<\/b><span style=\"font-weight: 400;\">\u00a0<\/span><\/p>\n","protected":false},"excerpt":{"rendered":"<p>Queen Rima, la c\u00e9l\u00e8bre chanteuse de dancehall guin\u00e9enne, voit son emploi du temps se remplir de mani\u00e8re impressionnante cette ann\u00e9e. En effet, apr\u00e8s avoir \u00e9t\u00e9 annonc\u00e9e pour l&rsquo;Urban Made Ouest \u00e0 Laval, en France, en septembre, elle participera \u00e9galement \u00e0 la 8\u00e8me \u00e9dition du Festival International des Arts, du Spectacle et de la Gastronomie (FIGAS), [&hellip;]<\/p>\n","protected":false},"author":2,"featured_media":6563,"comment_status":"closed","ping_status":"closed","sticky":false,"template":"","format":"standard","meta":{"_mi_skip_tracking":false,"_monsterinsights_sitenote_active":false,"_monsterinsights_sitenote_note":"","_monsterinsights_sitenote_category":0,"footnotes":""},"categories":[21,33],"tags":[226,184,2433,182,1136],"class_list":["post-6560","post","type-post","status-publish","format-standard","has-post-thumbnail","hentry","category-actualite","category-agenda","tag-artiste-dancehall","tag-artiste-guineenne","tag-figas","tag-france","tag-queen-rima"],"yoast_head":"<!-- This site is optimized with the Yoast SEO Premium plugin v20.1 (Yoast SEO v24.0) - https:\/\/yoast.com\/wordpress\/plugins\/seo\/ -->\n<title>France : Queen Rima dans le Line-Up final du 8\u00e8me Festival International des Arts et de la Gastronomie - Culturbaine<\/title>\n<meta name=\"robots\" content=\"index, follow, max-snippet:-1, max-image-preview:large, max-video-preview:-1\" \/>\n<link rel=\"canonical\" href=\"https:\/\/culturbaine.com\/index.php\/2024\/05\/28\/france-queen-rima-dans-le-line-up-final-du-8eme-festival-international-des-arts-et-de-la-gastronomie\/\" \/>\n<meta property=\"og:locale\" content=\"fr_FR\" \/>\n<meta property=\"og:type\" content=\"article\" \/>\n<meta property=\"og:title\" content=\"France : Queen Rima dans le Line-Up final du 8\u00e8me Festival International des Arts et de la Gastronomie\" \/>\n<meta property=\"og:description\" content=\"Queen Rima, la c\u00e9l\u00e8bre chanteuse de dancehall guin\u00e9enne, voit son emploi du temps se remplir de mani\u00e8re impressionnante cette ann\u00e9e. En effet, apr\u00e8s avoir \u00e9t\u00e9 annonc\u00e9e pour l&rsquo;Urban Made Ouest \u00e0 Laval, en France, en septembre, elle participera \u00e9galement \u00e0 la 8\u00e8me \u00e9dition du Festival International des Arts, du Spectacle et de la Gastronomie (FIGAS), [&hellip;]\" \/>\n<meta property=\"og:url\" content=\"https:\/\/culturbaine.com\/index.php\/2024\/05\/28\/france-queen-rima-dans-le-line-up-final-du-8eme-festival-international-des-arts-et-de-la-gastronomie\/\" \/>\n<meta property=\"og:site_name\" content=\"Culturbaine\" \/>\n<meta property=\"article:publisher\" content=\"https:\/\/www.facebook.com\/Culturbaines\" \/>\n<meta property=\"article:published_time\" content=\"2024-05-28T17:34:29+00:00\" \/>\n<meta property=\"og:image\" content=\"https:\/\/culturbaine.com\/wp-content\/uploads\/2024\/05\/17169172171572.jpg\" \/>\n\t<meta property=\"og:image:width\" content=\"688\" \/>\n\t<meta property=\"og:image:height\" content=\"404\" \/>\n\t<meta property=\"og:image:type\" content=\"image\/jpeg\" \/>\n<meta name=\"author\" content=\"admin1\" \/>\n<meta name=\"twitter:card\" content=\"summary_large_image\" \/>\n<meta name=\"twitter:creator\" content=\"@culturbaines\" \/>\n<meta name=\"twitter:site\" content=\"@culturbaines\" \/>\n<meta name=\"twitter:label1\" content=\"\u00c9crit par\" \/>\n\t<meta name=\"twitter:data1\" content=\"admin1\" \/>\n\t<meta name=\"twitter:label2\" content=\"Dur\u00e9e de lecture estim\u00e9e\" \/>\n\t<meta name=\"twitter:data2\" content=\"2 minutes\" \/>\n<script type=\"application\/ld+json\" class=\"yoast-schema-graph\">{\"@context\":\"https:\/\/schema.org\",\"@graph\":[{\"@type\":\"Article\",\"@id\":\"https:\/\/culturbaine.com\/index.php\/2024\/05\/28\/france-queen-rima-dans-le-line-up-final-du-8eme-festival-international-des-arts-et-de-la-gastronomie\/#article\",\"isPartOf\":{\"@id\":\"https:\/\/culturbaine.com\/index.php\/2024\/05\/28\/france-queen-rima-dans-le-line-up-final-du-8eme-festival-international-des-arts-et-de-la-gastronomie\/\"},\"author\":{\"name\":\"admin1\",\"@id\":\"https:\/\/culturbaine.com\/#\/schema\/person\/42eb7485c572e0746c1ea6b8216c3814\"},\"headline\":\"France : Queen Rima dans le Line-Up final du 8\u00e8me Festival International des Arts et de la Gastronomie\",\"datePublished\":\"2024-05-28T17:34:29+00:00\",\"dateModified\":\"2024-05-28T17:34:29+00:00\",\"mainEntityOfPage\":{\"@id\":\"https:\/\/culturbaine.com\/index.php\/2024\/05\/28\/france-queen-rima-dans-le-line-up-final-du-8eme-festival-international-des-arts-et-de-la-gastronomie\/\"},\"wordCount\":249,\"publisher\":{\"@id\":\"https:\/\/culturbaine.com\/#organization\"},\"image\":{\"@id\":\"https:\/\/culturbaine.com\/index.php\/2024\/05\/28\/france-queen-rima-dans-le-line-up-final-du-8eme-festival-international-des-arts-et-de-la-gastronomie\/#primaryimage\"},\"thumbnailUrl\":\"https:\/\/culturbaine.com\/wp-content\/uploads\/2024\/05\/17169172171572.jpg\",\"keywords\":[\"artiste dancehall\",\"artiste guin\u00e9enne\",\"FIGAS\",\"France !\",\"Queen Rima\"],\"articleSection\":[\"Actualit\u00e9\",\"Agenda\"],\"inLanguage\":\"fr-FR\"},{\"@type\":\"WebPage\",\"@id\":\"https:\/\/culturbaine.com\/index.php\/2024\/05\/28\/france-queen-rima-dans-le-line-up-final-du-8eme-festival-international-des-arts-et-de-la-gastronomie\/\",\"url\":\"https:\/\/culturbaine.com\/index.php\/2024\/05\/28\/france-queen-rima-dans-le-line-up-final-du-8eme-festival-international-des-arts-et-de-la-gastronomie\/\",\"name\":\"France : Queen Rima dans le Line-Up final du 8\u00e8me Festival International des Arts et de la Gastronomie - Culturbaine\",\"isPartOf\":{\"@id\":\"https:\/\/culturbaine.com\/#website\"},\"primaryImageOfPage\":{\"@id\":\"https:\/\/culturbaine.com\/index.php\/2024\/05\/28\/france-queen-rima-dans-le-line-up-final-du-8eme-festival-international-des-arts-et-de-la-gastronomie\/#primaryimage\"},\"image\":{\"@id\":\"https:\/\/culturbaine.com\/index.php\/2024\/05\/28\/france-queen-rima-dans-le-line-up-final-du-8eme-festival-international-des-arts-et-de-la-gastronomie\/#primaryimage\"},\"thumbnailUrl\":\"https:\/\/culturbaine.com\/wp-content\/uploads\/2024\/05\/17169172171572.jpg\",\"datePublished\":\"2024-05-28T17:34:29+00:00\",\"dateModified\":\"2024-05-28T17:34:29+00:00\",\"breadcrumb\":{\"@id\":\"https:\/\/culturbaine.com\/index.php\/2024\/05\/28\/france-queen-rima-dans-le-line-up-final-du-8eme-festival-international-des-arts-et-de-la-gastronomie\/#breadcrumb\"},\"inLanguage\":\"fr-FR\",\"potentialAction\":[{\"@type\":\"ReadAction\",\"target\":[\"https:\/\/culturbaine.com\/index.php\/2024\/05\/28\/france-queen-rima-dans-le-line-up-final-du-8eme-festival-international-des-arts-et-de-la-gastronomie\/\"]}]},{\"@type\":\"ImageObject\",\"inLanguage\":\"fr-FR\",\"@id\":\"https:\/\/culturbaine.com\/index.php\/2024\/05\/28\/france-queen-rima-dans-le-line-up-final-du-8eme-festival-international-des-arts-et-de-la-gastronomie\/#primaryimage\",\"url\":\"https:\/\/culturbaine.com\/wp-content\/uploads\/2024\/05\/17169172171572.jpg\",\"contentUrl\":\"https:\/\/culturbaine.com\/wp-content\/uploads\/2024\/05\/17169172171572.jpg\",\"width\":688,\"height\":404},{\"@type\":\"BreadcrumbList\",\"@id\":\"https:\/\/culturbaine.com\/index.php\/2024\/05\/28\/france-queen-rima-dans-le-line-up-final-du-8eme-festival-international-des-arts-et-de-la-gastronomie\/#breadcrumb\",\"itemListElement\":[{\"@type\":\"ListItem\",\"position\":1,\"name\":\"Home\",\"item\":\"https:\/\/culturbaine.com\/\"},{\"@type\":\"ListItem\",\"position\":2,\"name\":\"France : Queen Rima dans le Line-Up final du 8\u00e8me Festival International des Arts et de la Gastronomie\"}]},{\"@type\":\"WebSite\",\"@id\":\"https:\/\/culturbaine.com\/#website\",\"url\":\"https:\/\/culturbaine.com\/\",\"name\":\"Culturbaine.com\",\"description\":\"Toute l&#039;actualit\u00e9 des Cultures Urbaines, en un clic  !\",\"publisher\":{\"@id\":\"https:\/\/culturbaine.com\/#organization\"},\"potentialAction\":[{\"@type\":\"SearchAction\",\"target\":{\"@type\":\"EntryPoint\",\"urlTemplate\":\"https:\/\/culturbaine.com\/?s={search_term_string}\"},\"query-input\":{\"@type\":\"PropertyValueSpecification\",\"valueRequired\":true,\"valueName\":\"search_term_string\"}}],\"inLanguage\":\"fr-FR\"},{\"@type\":\"Organization\",\"@id\":\"https:\/\/culturbaine.com\/#organization\",\"name\":\"Culturbaine.com\",\"url\":\"https:\/\/culturbaine.com\/\",\"logo\":{\"@type\":\"ImageObject\",\"inLanguage\":\"fr-FR\",\"@id\":\"https:\/\/culturbaine.com\/#\/schema\/logo\/image\/\",\"url\":\"https:\/\/culturbaine.com\/wp-content\/uploads\/2023\/07\/WhatsApp-Image-2023-07-17-at-14.38.18.jpeg\",\"contentUrl\":\"https:\/\/culturbaine.com\/wp-content\/uploads\/2023\/07\/WhatsApp-Image-2023-07-17-at-14.38.18.jpeg\",\"width\":855,\"height\":270,\"caption\":\"Culturbaine.com\"},\"image\":{\"@id\":\"https:\/\/culturbaine.com\/#\/schema\/logo\/image\/\"},\"sameAs\":[\"https:\/\/www.facebook.com\/Culturbaines\",\"https:\/\/x.com\/culturbaines\"]},{\"@type\":\"Person\",\"@id\":\"https:\/\/culturbaine.com\/#\/schema\/person\/42eb7485c572e0746c1ea6b8216c3814\",\"name\":\"admin1\",\"image\":{\"@type\":\"ImageObject\",\"inLanguage\":\"fr-FR\",\"@id\":\"https:\/\/culturbaine.com\/#\/schema\/person\/image\/\",\"url\":\"https:\/\/secure.gravatar.com\/avatar\/c268f4d483ce0486e5a10fee87bbf756?s=96&d=mm&r=g\",\"contentUrl\":\"https:\/\/secure.gravatar.com\/avatar\/c268f4d483ce0486e5a10fee87bbf756?s=96&d=mm&r=g\",\"caption\":\"admin1\"},\"url\":\"https:\/\/culturbaine.com\/index.php\/author\/admin1\/\"}]}<\/script>\n<!-- \/ Yoast SEO Premium plugin. -->","yoast_head_json":{"title":"France : Queen Rima dans le Line-Up final du 8\u00e8me Festival International des Arts et de la Gastronomie - Culturbaine","robots":{"index":"index","follow":"follow","max-snippet":"max-snippet:-1","max-image-preview":"max-image-preview:large","max-video-preview":"max-video-preview:-1"},"canonical":"https:\/\/culturbaine.com\/index.php\/2024\/05\/28\/france-queen-rima-dans-le-line-up-final-du-8eme-festival-international-des-arts-et-de-la-gastronomie\/","og_locale":"fr_FR","og_type":"article","og_title":"France : Queen Rima dans le Line-Up final du 8\u00e8me Festival International des Arts et de la Gastronomie","og_description":"Queen Rima, la c\u00e9l\u00e8bre chanteuse de dancehall guin\u00e9enne, voit son emploi du temps se remplir de mani\u00e8re impressionnante cette ann\u00e9e. En effet, apr\u00e8s avoir \u00e9t\u00e9 annonc\u00e9e pour l&rsquo;Urban Made Ouest \u00e0 Laval, en France, en septembre, elle participera \u00e9galement \u00e0 la 8\u00e8me \u00e9dition du Festival International des Arts, du Spectacle et de la Gastronomie (FIGAS), [&hellip;]","og_url":"https:\/\/culturbaine.com\/index.php\/2024\/05\/28\/france-queen-rima-dans-le-line-up-final-du-8eme-festival-international-des-arts-et-de-la-gastronomie\/","og_site_name":"Culturbaine","article_publisher":"https:\/\/www.facebook.com\/Culturbaines","article_published_time":"2024-05-28T17:34:29+00:00","og_image":[{"width":688,"height":404,"url":"https:\/\/culturbaine.com\/wp-content\/uploads\/2024\/05\/17169172171572.jpg","type":"image\/jpeg"}],"author":"admin1","twitter_card":"summary_large_image","twitter_creator":"@culturbaines","twitter_site":"@culturbaines","twitter_misc":{"\u00c9crit par":"admin1","Dur\u00e9e de lecture estim\u00e9e":"2 minutes"},"schema":{"@context":"https:\/\/schema.org","@graph":[{"@type":"Article","@id":"https:\/\/culturbaine.com\/index.php\/2024\/05\/28\/france-queen-rima-dans-le-line-up-final-du-8eme-festival-international-des-arts-et-de-la-gastronomie\/#article","isPartOf":{"@id":"https:\/\/culturbaine.com\/index.php\/2024\/05\/28\/france-queen-rima-dans-le-line-up-final-du-8eme-festival-international-des-arts-et-de-la-gastronomie\/"},"author":{"name":"admin1","@id":"https:\/\/culturbaine.com\/#\/schema\/person\/42eb7485c572e0746c1ea6b8216c3814"},"headline":"France : Queen Rima dans le Line-Up final du 8\u00e8me Festival International des Arts et de la Gastronomie","datePublished":"2024-05-28T17:34:29+00:00","dateModified":"2024-05-28T17:34:29+00:00","mainEntityOfPage":{"@id":"https:\/\/culturbaine.com\/index.php\/2024\/05\/28\/france-queen-rima-dans-le-line-up-final-du-8eme-festival-international-des-arts-et-de-la-gastronomie\/"},"wordCount":249,"publisher":{"@id":"https:\/\/culturbaine.com\/#organization"},"image":{"@id":"https:\/\/culturbaine.com\/index.php\/2024\/05\/28\/france-queen-rima-dans-le-line-up-final-du-8eme-festival-international-des-arts-et-de-la-gastronomie\/#primaryimage"},"thumbnailUrl":"https:\/\/culturbaine.com\/wp-content\/uploads\/2024\/05\/17169172171572.jpg","keywords":["artiste dancehall","artiste guin\u00e9enne","FIGAS","France !","Queen Rima"],"articleSection":["Actualit\u00e9","Agenda"],"inLanguage":"fr-FR"},{"@type":"WebPage","@id":"https:\/\/culturbaine.com\/index.php\/2024\/05\/28\/france-queen-rima-dans-le-line-up-final-du-8eme-festival-international-des-arts-et-de-la-gastronomie\/","url":"https:\/\/culturbaine.com\/index.php\/2024\/05\/28\/france-queen-rima-dans-le-line-up-final-du-8eme-festival-international-des-arts-et-de-la-gastronomie\/","name":"France : Queen Rima dans le Line-Up final du 8\u00e8me Festival International des Arts et de la Gastronomie - Culturbaine","isPartOf":{"@id":"https:\/\/culturbaine.com\/#website"},"primaryImageOfPage":{"@id":"https:\/\/culturbaine.com\/index.php\/2024\/05\/28\/france-queen-rima-dans-le-line-up-final-du-8eme-festival-international-des-arts-et-de-la-gastronomie\/#primaryimage"},"image":{"@id":"https:\/\/culturbaine.com\/index.php\/2024\/05\/28\/france-queen-rima-dans-le-line-up-final-du-8eme-festival-international-des-arts-et-de-la-gastronomie\/#primaryimage"},"thumbnailUrl":"https:\/\/culturbaine.com\/wp-content\/uploads\/2024\/05\/17169172171572.jpg","datePublished":"2024-05-28T17:34:29+00:00","dateModified":"2024-05-28T17:34:29+00:00","breadcrumb":{"@id":"https:\/\/culturbaine.com\/index.php\/2024\/05\/28\/france-queen-rima-dans-le-line-up-final-du-8eme-festival-international-des-arts-et-de-la-gastronomie\/#breadcrumb"},"inLanguage":"fr-FR","potentialAction":[{"@type":"ReadAction","target":["https:\/\/culturbaine.com\/index.php\/2024\/05\/28\/france-queen-rima-dans-le-line-up-final-du-8eme-festival-international-des-arts-et-de-la-gastronomie\/"]}]},{"@type":"ImageObject","inLanguage":"fr-FR","@id":"https:\/\/culturbaine.com\/index.php\/2024\/05\/28\/france-queen-rima-dans-le-line-up-final-du-8eme-festival-international-des-arts-et-de-la-gastronomie\/#primaryimage","url":"https:\/\/culturbaine.com\/wp-content\/uploads\/2024\/05\/17169172171572.jpg","contentUrl":"https:\/\/culturbaine.com\/wp-content\/uploads\/2024\/05\/17169172171572.jpg","width":688,"height":404},{"@type":"BreadcrumbList","@id":"https:\/\/culturbaine.com\/index.php\/2024\/05\/28\/france-queen-rima-dans-le-line-up-final-du-8eme-festival-international-des-arts-et-de-la-gastronomie\/#breadcrumb","itemListElement":[{"@type":"ListItem","position":1,"name":"Home","item":"https:\/\/culturbaine.com\/"},{"@type":"ListItem","position":2,"name":"France : Queen Rima dans le Line-Up final du 8\u00e8me Festival International des Arts et de la Gastronomie"}]},{"@type":"WebSite","@id":"https:\/\/culturbaine.com\/#website","url":"https:\/\/culturbaine.com\/","name":"Culturbaine.com","description":"Toute l&#039;actualit\u00e9 des Cultures Urbaines, en un clic  !","publisher":{"@id":"https:\/\/culturbaine.com\/#organization"},"potentialAction":[{"@type":"SearchAction","target":{"@type":"EntryPoint","urlTemplate":"https:\/\/culturbaine.com\/?s={search_term_string}"},"query-input":{"@type":"PropertyValueSpecification","valueRequired":true,"valueName":"search_term_string"}}],"inLanguage":"fr-FR"},{"@type":"Organization","@id":"https:\/\/culturbaine.com\/#organization","name":"Culturbaine.com","url":"https:\/\/culturbaine.com\/","logo":{"@type":"ImageObject","inLanguage":"fr-FR","@id":"https:\/\/culturbaine.com\/#\/schema\/logo\/image\/","url":"https:\/\/culturbaine.com\/wp-content\/uploads\/2023\/07\/WhatsApp-Image-2023-07-17-at-14.38.18.jpeg","contentUrl":"https:\/\/culturbaine.com\/wp-content\/uploads\/2023\/07\/WhatsApp-Image-2023-07-17-at-14.38.18.jpeg","width":855,"height":270,"caption":"Culturbaine.com"},"image":{"@id":"https:\/\/culturbaine.com\/#\/schema\/logo\/image\/"},"sameAs":["https:\/\/www.facebook.com\/Culturbaines","https:\/\/x.com\/culturbaines"]},{"@type":"Person","@id":"https:\/\/culturbaine.com\/#\/schema\/person\/42eb7485c572e0746c1ea6b8216c3814","name":"admin1","image":{"@type":"ImageObject","inLanguage":"fr-FR","@id":"https:\/\/culturbaine.com\/#\/schema\/person\/image\/","url":"https:\/\/secure.gravatar.com\/avatar\/c268f4d483ce0486e5a10fee87bbf756?s=96&d=mm&r=g","contentUrl":"https:\/\/secure.gravatar.com\/avatar\/c268f4d483ce0486e5a10fee87bbf756?s=96&d=mm&r=g","caption":"admin1"},"url":"https:\/\/culturbaine.com\/index.php\/author\/admin1\/"}]}},"_links":{"self":[{"href":"https:\/\/culturbaine.com\/index.php\/wp-json\/wp\/v2\/posts\/6560"}],"collection":[{"href":"https:\/\/culturbaine.com\/index.php\/wp-json\/wp\/v2\/posts"}],"about":[{"href":"https:\/\/culturbaine.com\/index.php\/wp-json\/wp\/v2\/types\/post"}],"author":[{"embeddable":true,"href":"https:\/\/culturbaine.com\/index.php\/wp-json\/wp\/v2\/users\/2"}],"replies":[{"embeddable":true,"href":"https:\/\/culturbaine.com\/index.php\/wp-json\/wp\/v2\/comments?post=6560"}],"version-history":[{"count":0,"href":"https:\/\/culturbaine.com\/index.php\/wp-json\/wp\/v2\/posts\/6560\/revisions"}],"wp:featuredmedia":[{"embeddable":true,"href":"https:\/\/culturbaine.com\/index.php\/wp-json\/wp\/v2\/media\/6563"}],"wp:attachment":[{"href":"https:\/\/culturbaine.com\/index.php\/wp-json\/wp\/v2\/media?parent=6560"}],"wp:term":[{"taxonomy":"category","embeddable":true,"href":"https:\/\/culturbaine.com\/index.php\/wp-json\/wp\/v2\/categories?post=6560"},{"taxonomy":"post_tag","embeddable":true,"href":"https:\/\/culturbaine.com\/index.php\/wp-json\/wp\/v2\/tags?post=6560"}],"curies":[{"name":"wp","href":"https:\/\/api.w.org\/{rel}","templated":true}]}}