{"id":6470,"date":"2024-05-25T14:13:02","date_gmt":"2024-05-25T14:13:02","guid":{"rendered":"https:\/\/culturbaine.com\/?p=6470"},"modified":"2024-05-25T14:13:02","modified_gmt":"2024-05-25T14:13:02","slug":"smarty-evoque-sa-plus-grande-fierte-dans-sa-carriere-musicale","status":"publish","type":"post","link":"https:\/\/culturbaine.com\/index.php\/2024\/05\/25\/smarty-evoque-sa-plus-grande-fierte-dans-sa-carriere-musicale\/","title":{"rendered":"Smarty \u00e9voque sa plus grande fiert\u00e9 dans sa carri\u00e8re musicale !"},"content":{"rendered":"<p><span>Lors de son r\u00e9cent passage en France pour un concert, le rappeur burkinab\u00e8 <\/span><b>Smarty<\/b><span> a profit\u00e9 de son invitation \u00e0 l&rsquo;\u00e9mission <\/span><b>Couleurs Tropicales<\/b><span> de <\/span><b>RFI<\/b><span> pour revenir sur des moments marquants de sa carri\u00e8re musicale. Interrog\u00e9 sur sa plus grande fiert\u00e9, l&rsquo;artiste n&rsquo;a pas h\u00e9sit\u00e9 \u00e0 \u00e9voquer un \u00e9v\u00e9nement historique pour la musique burkinab\u00e8.<\/span><\/p>\n<p><span style=\"font-weight: 400;\">\u00ab <\/span><b><i>Ma plus grande fiert\u00e9 dans ma carri\u00e8re musicale, c&rsquo;est le premier concert que j&rsquo;ai fait avec Yeleen, pour la premi\u00e8re fois dans l&rsquo;histoire de la musique burkinab\u00e8 au stade municipal. On avait mis 17.000 personnes dans un stade, c&rsquo;\u00e9tait la premi\u00e8re fois que \u00e7a arrive dans l&rsquo;histoire de notre musique. Et \u00e7a reste quand m\u00eame une fiert\u00e9 pour moi. Le 08 octobre 2004 \u00bb,<\/i><\/b><span style=\"font-weight: 400;\"> a d\u00e9clar\u00e9 <\/span><b>Smarty<\/b><span style=\"font-weight: 400;\"> avec \u00e9motion.<\/span><\/p>\n<p><span style=\"font-weight: 400;\">Pour remettre ce moment en contexte, <\/span><b>Smarty<\/b><span style=\"font-weight: 400;\"> et <\/span><b>Mandow\u00e9<\/b><span style=\"font-weight: 400;\"> formaient \u00e0 l&rsquo;\u00e9poque le duo <\/span><b>Yeleen<\/b><span style=\"font-weight: 400;\">, un groupe de rap influent des ann\u00e9es 2000. Ensemble, ils ont marqu\u00e9 la sc\u00e8ne musicale burkinab\u00e8 avec leurs performances et leurs messages percutants. Le concert du 8 octobre 2004 au stade municipal reste un jalon important, car il a r\u00e9uni un nombre record de spectateurs, \u00e9tablissant ainsi une nouvelle norme pour les \u00e9v\u00e9nements musicaux dans le pays.<\/span><\/p>\n<p><span style=\"font-weight: 400;\">En 2011, <\/span><b>Smarty<\/b><span style=\"font-weight: 400;\"> et <\/span><b>Mandow\u00e9<\/b><span style=\"font-weight: 400;\"> ont d\u00e9cid\u00e9 de poursuivre des carri\u00e8res solo. Depuis, <\/span><b>Smarty<\/b><span style=\"font-weight: 400;\"> a continu\u00e9 \u00e0 enrichir la sc\u00e8ne musicale avec son style unique et ses textes engag\u00e9s.<\/span><\/p>\n<p><span style=\"font-weight: 400;\">Ce retour sur son parcours et la mention de cet \u00e9v\u00e9nement marquant rappelle l&rsquo;impact durable de <\/span><b>Yeleen<\/b><span style=\"font-weight: 400;\"> sur la musique burkinab\u00e8 et souligne la capacit\u00e9 de la musique \u00e0 rassembler les foules et \u00e0 cr\u00e9er des moments historiques. <\/span><b>Smarty<\/b><span style=\"font-weight: 400;\"> demeure une figure embl\u00e9matique de cette \u00e9poque, et son souvenir de ce concert historique en 2004 reste grav\u00e9 dans les m\u00e9moires des fans et dans l\u2019histoire culturelle du Burkina Faso.<\/span><\/p>\n<p><b>Mohamed Cinq Sylla<\/b><\/p>\n","protected":false},"excerpt":{"rendered":"<p>Lors de son r\u00e9cent passage en France pour un concert, le rappeur burkinab\u00e8 Smarty a profit\u00e9 de son invitation \u00e0 l&rsquo;\u00e9mission Couleurs Tropicales de RFI pour revenir sur des moments marquants de sa carri\u00e8re musicale. Interrog\u00e9 sur sa plus grande fiert\u00e9, l&rsquo;artiste n&rsquo;a pas h\u00e9sit\u00e9 \u00e0 \u00e9voquer un \u00e9v\u00e9nement historique pour la musique burkinab\u00e8. \u00ab [&hellip;]<\/p>\n","protected":false},"author":2,"featured_media":6472,"comment_status":"closed","ping_status":"closed","sticky":false,"template":"","format":"standard","meta":{"_mi_skip_tracking":false,"_monsterinsights_sitenote_active":false,"_monsterinsights_sitenote_note":"","_monsterinsights_sitenote_category":0,"footnotes":""},"categories":[21,512],"tags":[2401,462,2284,730],"class_list":["post-6470","post","type-post","status-publish","format-standard","has-post-thumbnail","hentry","category-actualite","category-rap","tag-fierte","tag-rap-africain","tag-rap-burkinabe","tag-smarty"],"yoast_head":"<!-- This site is optimized with the Yoast SEO Premium plugin v20.1 (Yoast SEO v24.0) - https:\/\/yoast.com\/wordpress\/plugins\/seo\/ -->\n<title>Smarty \u00e9voque sa plus grande fiert\u00e9 dans sa carri\u00e8re musicale ! - Culturbaine<\/title>\n<meta name=\"robots\" content=\"index, follow, max-snippet:-1, max-image-preview:large, max-video-preview:-1\" \/>\n<link rel=\"canonical\" href=\"https:\/\/culturbaine.com\/index.php\/2024\/05\/25\/smarty-evoque-sa-plus-grande-fierte-dans-sa-carriere-musicale\/\" \/>\n<meta property=\"og:locale\" content=\"fr_FR\" \/>\n<meta property=\"og:type\" content=\"article\" \/>\n<meta property=\"og:title\" content=\"Smarty \u00e9voque sa plus grande fiert\u00e9 dans sa carri\u00e8re musicale !\" \/>\n<meta property=\"og:description\" content=\"Lors de son r\u00e9cent passage en France pour un concert, le rappeur burkinab\u00e8 Smarty a profit\u00e9 de son invitation \u00e0 l&rsquo;\u00e9mission Couleurs Tropicales de RFI pour revenir sur des moments marquants de sa carri\u00e8re musicale. Interrog\u00e9 sur sa plus grande fiert\u00e9, l&rsquo;artiste n&rsquo;a pas h\u00e9sit\u00e9 \u00e0 \u00e9voquer un \u00e9v\u00e9nement historique pour la musique burkinab\u00e8. \u00ab [&hellip;]\" \/>\n<meta property=\"og:url\" content=\"https:\/\/culturbaine.com\/index.php\/2024\/05\/25\/smarty-evoque-sa-plus-grande-fierte-dans-sa-carriere-musicale\/\" \/>\n<meta property=\"og:site_name\" content=\"Culturbaine\" \/>\n<meta property=\"article:publisher\" content=\"https:\/\/www.facebook.com\/Culturbaines\" \/>\n<meta property=\"article:published_time\" content=\"2024-05-25T14:13:02+00:00\" \/>\n<meta property=\"og:image\" content=\"https:\/\/culturbaine.com\/wp-content\/uploads\/2024\/05\/Screenshot_20240524-111642.jpg\" \/>\n\t<meta property=\"og:image:width\" content=\"661\" \/>\n\t<meta property=\"og:image:height\" content=\"384\" \/>\n\t<meta property=\"og:image:type\" content=\"image\/jpeg\" \/>\n<meta name=\"author\" content=\"admin1\" \/>\n<meta name=\"twitter:card\" content=\"summary_large_image\" \/>\n<meta name=\"twitter:creator\" content=\"@culturbaines\" \/>\n<meta name=\"twitter:site\" content=\"@culturbaines\" \/>\n<meta name=\"twitter:label1\" content=\"\u00c9crit par\" \/>\n\t<meta name=\"twitter:data1\" content=\"admin1\" \/>\n\t<meta name=\"twitter:label2\" content=\"Dur\u00e9e de lecture estim\u00e9e\" \/>\n\t<meta name=\"twitter:data2\" content=\"2 minutes\" \/>\n<script type=\"application\/ld+json\" class=\"yoast-schema-graph\">{\"@context\":\"https:\/\/schema.org\",\"@graph\":[{\"@type\":\"Article\",\"@id\":\"https:\/\/culturbaine.com\/index.php\/2024\/05\/25\/smarty-evoque-sa-plus-grande-fierte-dans-sa-carriere-musicale\/#article\",\"isPartOf\":{\"@id\":\"https:\/\/culturbaine.com\/index.php\/2024\/05\/25\/smarty-evoque-sa-plus-grande-fierte-dans-sa-carriere-musicale\/\"},\"author\":{\"name\":\"admin1\",\"@id\":\"https:\/\/culturbaine.com\/#\/schema\/person\/42eb7485c572e0746c1ea6b8216c3814\"},\"headline\":\"Smarty \u00e9voque sa plus grande fiert\u00e9 dans sa carri\u00e8re musicale !\",\"datePublished\":\"2024-05-25T14:13:02+00:00\",\"dateModified\":\"2024-05-25T14:13:02+00:00\",\"mainEntityOfPage\":{\"@id\":\"https:\/\/culturbaine.com\/index.php\/2024\/05\/25\/smarty-evoque-sa-plus-grande-fierte-dans-sa-carriere-musicale\/\"},\"wordCount\":324,\"publisher\":{\"@id\":\"https:\/\/culturbaine.com\/#organization\"},\"image\":{\"@id\":\"https:\/\/culturbaine.com\/index.php\/2024\/05\/25\/smarty-evoque-sa-plus-grande-fierte-dans-sa-carriere-musicale\/#primaryimage\"},\"thumbnailUrl\":\"https:\/\/culturbaine.com\/wp-content\/uploads\/2024\/05\/Screenshot_20240524-111642.jpg\",\"keywords\":[\"fiert\u00e9\",\"Rap africain\",\"Rap burkinab\u00e8\",\"Smarty\"],\"articleSection\":[\"Actualit\u00e9\",\"Rap\"],\"inLanguage\":\"fr-FR\"},{\"@type\":\"WebPage\",\"@id\":\"https:\/\/culturbaine.com\/index.php\/2024\/05\/25\/smarty-evoque-sa-plus-grande-fierte-dans-sa-carriere-musicale\/\",\"url\":\"https:\/\/culturbaine.com\/index.php\/2024\/05\/25\/smarty-evoque-sa-plus-grande-fierte-dans-sa-carriere-musicale\/\",\"name\":\"Smarty \u00e9voque sa plus grande fiert\u00e9 dans sa carri\u00e8re musicale ! - Culturbaine\",\"isPartOf\":{\"@id\":\"https:\/\/culturbaine.com\/#website\"},\"primaryImageOfPage\":{\"@id\":\"https:\/\/culturbaine.com\/index.php\/2024\/05\/25\/smarty-evoque-sa-plus-grande-fierte-dans-sa-carriere-musicale\/#primaryimage\"},\"image\":{\"@id\":\"https:\/\/culturbaine.com\/index.php\/2024\/05\/25\/smarty-evoque-sa-plus-grande-fierte-dans-sa-carriere-musicale\/#primaryimage\"},\"thumbnailUrl\":\"https:\/\/culturbaine.com\/wp-content\/uploads\/2024\/05\/Screenshot_20240524-111642.jpg\",\"datePublished\":\"2024-05-25T14:13:02+00:00\",\"dateModified\":\"2024-05-25T14:13:02+00:00\",\"breadcrumb\":{\"@id\":\"https:\/\/culturbaine.com\/index.php\/2024\/05\/25\/smarty-evoque-sa-plus-grande-fierte-dans-sa-carriere-musicale\/#breadcrumb\"},\"inLanguage\":\"fr-FR\",\"potentialAction\":[{\"@type\":\"ReadAction\",\"target\":[\"https:\/\/culturbaine.com\/index.php\/2024\/05\/25\/smarty-evoque-sa-plus-grande-fierte-dans-sa-carriere-musicale\/\"]}]},{\"@type\":\"ImageObject\",\"inLanguage\":\"fr-FR\",\"@id\":\"https:\/\/culturbaine.com\/index.php\/2024\/05\/25\/smarty-evoque-sa-plus-grande-fierte-dans-sa-carriere-musicale\/#primaryimage\",\"url\":\"https:\/\/culturbaine.com\/wp-content\/uploads\/2024\/05\/Screenshot_20240524-111642.jpg\",\"contentUrl\":\"https:\/\/culturbaine.com\/wp-content\/uploads\/2024\/05\/Screenshot_20240524-111642.jpg\",\"width\":661,\"height\":384},{\"@type\":\"BreadcrumbList\",\"@id\":\"https:\/\/culturbaine.com\/index.php\/2024\/05\/25\/smarty-evoque-sa-plus-grande-fierte-dans-sa-carriere-musicale\/#breadcrumb\",\"itemListElement\":[{\"@type\":\"ListItem\",\"position\":1,\"name\":\"Home\",\"item\":\"https:\/\/culturbaine.com\/\"},{\"@type\":\"ListItem\",\"position\":2,\"name\":\"Smarty \u00e9voque sa plus grande fiert\u00e9 dans sa carri\u00e8re musicale !\"}]},{\"@type\":\"WebSite\",\"@id\":\"https:\/\/culturbaine.com\/#website\",\"url\":\"https:\/\/culturbaine.com\/\",\"name\":\"Culturbaine.com\",\"description\":\"Toute l&#039;actualit\u00e9 des Cultures Urbaines, en un clic  !\",\"publisher\":{\"@id\":\"https:\/\/culturbaine.com\/#organization\"},\"potentialAction\":[{\"@type\":\"SearchAction\",\"target\":{\"@type\":\"EntryPoint\",\"urlTemplate\":\"https:\/\/culturbaine.com\/?s={search_term_string}\"},\"query-input\":{\"@type\":\"PropertyValueSpecification\",\"valueRequired\":true,\"valueName\":\"search_term_string\"}}],\"inLanguage\":\"fr-FR\"},{\"@type\":\"Organization\",\"@id\":\"https:\/\/culturbaine.com\/#organization\",\"name\":\"Culturbaine.com\",\"url\":\"https:\/\/culturbaine.com\/\",\"logo\":{\"@type\":\"ImageObject\",\"inLanguage\":\"fr-FR\",\"@id\":\"https:\/\/culturbaine.com\/#\/schema\/logo\/image\/\",\"url\":\"https:\/\/culturbaine.com\/wp-content\/uploads\/2023\/07\/WhatsApp-Image-2023-07-17-at-14.38.18.jpeg\",\"contentUrl\":\"https:\/\/culturbaine.com\/wp-content\/uploads\/2023\/07\/WhatsApp-Image-2023-07-17-at-14.38.18.jpeg\",\"width\":855,\"height\":270,\"caption\":\"Culturbaine.com\"},\"image\":{\"@id\":\"https:\/\/culturbaine.com\/#\/schema\/logo\/image\/\"},\"sameAs\":[\"https:\/\/www.facebook.com\/Culturbaines\",\"https:\/\/x.com\/culturbaines\"]},{\"@type\":\"Person\",\"@id\":\"https:\/\/culturbaine.com\/#\/schema\/person\/42eb7485c572e0746c1ea6b8216c3814\",\"name\":\"admin1\",\"image\":{\"@type\":\"ImageObject\",\"inLanguage\":\"fr-FR\",\"@id\":\"https:\/\/culturbaine.com\/#\/schema\/person\/image\/\",\"url\":\"https:\/\/secure.gravatar.com\/avatar\/c268f4d483ce0486e5a10fee87bbf756?s=96&d=mm&r=g\",\"contentUrl\":\"https:\/\/secure.gravatar.com\/avatar\/c268f4d483ce0486e5a10fee87bbf756?s=96&d=mm&r=g\",\"caption\":\"admin1\"},\"url\":\"https:\/\/culturbaine.com\/index.php\/author\/admin1\/\"}]}<\/script>\n<!-- \/ Yoast SEO Premium plugin. -->","yoast_head_json":{"title":"Smarty \u00e9voque sa plus grande fiert\u00e9 dans sa carri\u00e8re musicale ! - Culturbaine","robots":{"index":"index","follow":"follow","max-snippet":"max-snippet:-1","max-image-preview":"max-image-preview:large","max-video-preview":"max-video-preview:-1"},"canonical":"https:\/\/culturbaine.com\/index.php\/2024\/05\/25\/smarty-evoque-sa-plus-grande-fierte-dans-sa-carriere-musicale\/","og_locale":"fr_FR","og_type":"article","og_title":"Smarty \u00e9voque sa plus grande fiert\u00e9 dans sa carri\u00e8re musicale !","og_description":"Lors de son r\u00e9cent passage en France pour un concert, le rappeur burkinab\u00e8 Smarty a profit\u00e9 de son invitation \u00e0 l&rsquo;\u00e9mission Couleurs Tropicales de RFI pour revenir sur des moments marquants de sa carri\u00e8re musicale. Interrog\u00e9 sur sa plus grande fiert\u00e9, l&rsquo;artiste n&rsquo;a pas h\u00e9sit\u00e9 \u00e0 \u00e9voquer un \u00e9v\u00e9nement historique pour la musique burkinab\u00e8. \u00ab [&hellip;]","og_url":"https:\/\/culturbaine.com\/index.php\/2024\/05\/25\/smarty-evoque-sa-plus-grande-fierte-dans-sa-carriere-musicale\/","og_site_name":"Culturbaine","article_publisher":"https:\/\/www.facebook.com\/Culturbaines","article_published_time":"2024-05-25T14:13:02+00:00","og_image":[{"width":661,"height":384,"url":"https:\/\/culturbaine.com\/wp-content\/uploads\/2024\/05\/Screenshot_20240524-111642.jpg","type":"image\/jpeg"}],"author":"admin1","twitter_card":"summary_large_image","twitter_creator":"@culturbaines","twitter_site":"@culturbaines","twitter_misc":{"\u00c9crit par":"admin1","Dur\u00e9e de lecture estim\u00e9e":"2 minutes"},"schema":{"@context":"https:\/\/schema.org","@graph":[{"@type":"Article","@id":"https:\/\/culturbaine.com\/index.php\/2024\/05\/25\/smarty-evoque-sa-plus-grande-fierte-dans-sa-carriere-musicale\/#article","isPartOf":{"@id":"https:\/\/culturbaine.com\/index.php\/2024\/05\/25\/smarty-evoque-sa-plus-grande-fierte-dans-sa-carriere-musicale\/"},"author":{"name":"admin1","@id":"https:\/\/culturbaine.com\/#\/schema\/person\/42eb7485c572e0746c1ea6b8216c3814"},"headline":"Smarty \u00e9voque sa plus grande fiert\u00e9 dans sa carri\u00e8re musicale !","datePublished":"2024-05-25T14:13:02+00:00","dateModified":"2024-05-25T14:13:02+00:00","mainEntityOfPage":{"@id":"https:\/\/culturbaine.com\/index.php\/2024\/05\/25\/smarty-evoque-sa-plus-grande-fierte-dans-sa-carriere-musicale\/"},"wordCount":324,"publisher":{"@id":"https:\/\/culturbaine.com\/#organization"},"image":{"@id":"https:\/\/culturbaine.com\/index.php\/2024\/05\/25\/smarty-evoque-sa-plus-grande-fierte-dans-sa-carriere-musicale\/#primaryimage"},"thumbnailUrl":"https:\/\/culturbaine.com\/wp-content\/uploads\/2024\/05\/Screenshot_20240524-111642.jpg","keywords":["fiert\u00e9","Rap africain","Rap burkinab\u00e8","Smarty"],"articleSection":["Actualit\u00e9","Rap"],"inLanguage":"fr-FR"},{"@type":"WebPage","@id":"https:\/\/culturbaine.com\/index.php\/2024\/05\/25\/smarty-evoque-sa-plus-grande-fierte-dans-sa-carriere-musicale\/","url":"https:\/\/culturbaine.com\/index.php\/2024\/05\/25\/smarty-evoque-sa-plus-grande-fierte-dans-sa-carriere-musicale\/","name":"Smarty \u00e9voque sa plus grande fiert\u00e9 dans sa carri\u00e8re musicale ! - Culturbaine","isPartOf":{"@id":"https:\/\/culturbaine.com\/#website"},"primaryImageOfPage":{"@id":"https:\/\/culturbaine.com\/index.php\/2024\/05\/25\/smarty-evoque-sa-plus-grande-fierte-dans-sa-carriere-musicale\/#primaryimage"},"image":{"@id":"https:\/\/culturbaine.com\/index.php\/2024\/05\/25\/smarty-evoque-sa-plus-grande-fierte-dans-sa-carriere-musicale\/#primaryimage"},"thumbnailUrl":"https:\/\/culturbaine.com\/wp-content\/uploads\/2024\/05\/Screenshot_20240524-111642.jpg","datePublished":"2024-05-25T14:13:02+00:00","dateModified":"2024-05-25T14:13:02+00:00","breadcrumb":{"@id":"https:\/\/culturbaine.com\/index.php\/2024\/05\/25\/smarty-evoque-sa-plus-grande-fierte-dans-sa-carriere-musicale\/#breadcrumb"},"inLanguage":"fr-FR","potentialAction":[{"@type":"ReadAction","target":["https:\/\/culturbaine.com\/index.php\/2024\/05\/25\/smarty-evoque-sa-plus-grande-fierte-dans-sa-carriere-musicale\/"]}]},{"@type":"ImageObject","inLanguage":"fr-FR","@id":"https:\/\/culturbaine.com\/index.php\/2024\/05\/25\/smarty-evoque-sa-plus-grande-fierte-dans-sa-carriere-musicale\/#primaryimage","url":"https:\/\/culturbaine.com\/wp-content\/uploads\/2024\/05\/Screenshot_20240524-111642.jpg","contentUrl":"https:\/\/culturbaine.com\/wp-content\/uploads\/2024\/05\/Screenshot_20240524-111642.jpg","width":661,"height":384},{"@type":"BreadcrumbList","@id":"https:\/\/culturbaine.com\/index.php\/2024\/05\/25\/smarty-evoque-sa-plus-grande-fierte-dans-sa-carriere-musicale\/#breadcrumb","itemListElement":[{"@type":"ListItem","position":1,"name":"Home","item":"https:\/\/culturbaine.com\/"},{"@type":"ListItem","position":2,"name":"Smarty \u00e9voque sa plus grande fiert\u00e9 dans sa carri\u00e8re musicale !"}]},{"@type":"WebSite","@id":"https:\/\/culturbaine.com\/#website","url":"https:\/\/culturbaine.com\/","name":"Culturbaine.com","description":"Toute l&#039;actualit\u00e9 des Cultures Urbaines, en un clic  !","publisher":{"@id":"https:\/\/culturbaine.com\/#organization"},"potentialAction":[{"@type":"SearchAction","target":{"@type":"EntryPoint","urlTemplate":"https:\/\/culturbaine.com\/?s={search_term_string}"},"query-input":{"@type":"PropertyValueSpecification","valueRequired":true,"valueName":"search_term_string"}}],"inLanguage":"fr-FR"},{"@type":"Organization","@id":"https:\/\/culturbaine.com\/#organization","name":"Culturbaine.com","url":"https:\/\/culturbaine.com\/","logo":{"@type":"ImageObject","inLanguage":"fr-FR","@id":"https:\/\/culturbaine.com\/#\/schema\/logo\/image\/","url":"https:\/\/culturbaine.com\/wp-content\/uploads\/2023\/07\/WhatsApp-Image-2023-07-17-at-14.38.18.jpeg","contentUrl":"https:\/\/culturbaine.com\/wp-content\/uploads\/2023\/07\/WhatsApp-Image-2023-07-17-at-14.38.18.jpeg","width":855,"height":270,"caption":"Culturbaine.com"},"image":{"@id":"https:\/\/culturbaine.com\/#\/schema\/logo\/image\/"},"sameAs":["https:\/\/www.facebook.com\/Culturbaines","https:\/\/x.com\/culturbaines"]},{"@type":"Person","@id":"https:\/\/culturbaine.com\/#\/schema\/person\/42eb7485c572e0746c1ea6b8216c3814","name":"admin1","image":{"@type":"ImageObject","inLanguage":"fr-FR","@id":"https:\/\/culturbaine.com\/#\/schema\/person\/image\/","url":"https:\/\/secure.gravatar.com\/avatar\/c268f4d483ce0486e5a10fee87bbf756?s=96&d=mm&r=g","contentUrl":"https:\/\/secure.gravatar.com\/avatar\/c268f4d483ce0486e5a10fee87bbf756?s=96&d=mm&r=g","caption":"admin1"},"url":"https:\/\/culturbaine.com\/index.php\/author\/admin1\/"}]}},"_links":{"self":[{"href":"https:\/\/culturbaine.com\/index.php\/wp-json\/wp\/v2\/posts\/6470"}],"collection":[{"href":"https:\/\/culturbaine.com\/index.php\/wp-json\/wp\/v2\/posts"}],"about":[{"href":"https:\/\/culturbaine.com\/index.php\/wp-json\/wp\/v2\/types\/post"}],"author":[{"embeddable":true,"href":"https:\/\/culturbaine.com\/index.php\/wp-json\/wp\/v2\/users\/2"}],"replies":[{"embeddable":true,"href":"https:\/\/culturbaine.com\/index.php\/wp-json\/wp\/v2\/comments?post=6470"}],"version-history":[{"count":0,"href":"https:\/\/culturbaine.com\/index.php\/wp-json\/wp\/v2\/posts\/6470\/revisions"}],"wp:featuredmedia":[{"embeddable":true,"href":"https:\/\/culturbaine.com\/index.php\/wp-json\/wp\/v2\/media\/6472"}],"wp:attachment":[{"href":"https:\/\/culturbaine.com\/index.php\/wp-json\/wp\/v2\/media?parent=6470"}],"wp:term":[{"taxonomy":"category","embeddable":true,"href":"https:\/\/culturbaine.com\/index.php\/wp-json\/wp\/v2\/categories?post=6470"},{"taxonomy":"post_tag","embeddable":true,"href":"https:\/\/culturbaine.com\/index.php\/wp-json\/wp\/v2\/tags?post=6470"}],"curies":[{"name":"wp","href":"https:\/\/api.w.org\/{rel}","templated":true}]}}