{"id":6380,"date":"2024-05-22T11:39:53","date_gmt":"2024-05-22T11:39:53","guid":{"rendered":"https:\/\/culturbaine.com\/?p=6380"},"modified":"2024-05-22T11:39:53","modified_gmt":"2024-05-22T11:39:53","slug":"festival-des-arts-et-du-rire-de-labe-straiker-et-araphan-dj-a-laffiche-pour-une-7e-edition-explosive","status":"publish","type":"post","link":"https:\/\/culturbaine.com\/index.php\/2024\/05\/22\/festival-des-arts-et-du-rire-de-labe-straiker-et-araphan-dj-a-laffiche-pour-une-7e-edition-explosive\/","title":{"rendered":"Festival des Arts et du Rire de Lab\u00e9 : Straiker et Araphan DJ \u00e0 l&rsquo;affiche pour une 7e \u00e9dition explosive"},"content":{"rendered":"<p><b>Le Festival des Arts et du Rire<\/b><span> de Lab\u00e9, une c\u00e9l\u00e9bration annuelle tant attendue, a lanc\u00e9 sa septi\u00e8me \u00e9dition \u00e0 La Werdhe, \u00e0 Lab\u00e9. D\u00e9but\u00e9 hier, l&rsquo;\u00e9v\u00e9nement se poursuivra jusqu&rsquo;au 26 mai 2024, promettant une fusion envo\u00fbtante de rires et de musiques.<\/span><\/p>\n<p><span style=\"font-weight: 400;\">Cette ann\u00e9e, le festival s&rsquo;est dot\u00e9 d&rsquo;une programmation exceptionnelle, int\u00e9grant deux grandes figures de la sc\u00e8ne artistique guin\u00e9enne : <\/span><b>Straiker <\/b><span style=\"font-weight: 400;\">et<\/span><b> Araphan <\/b><b>DJ<\/b><span style=\"font-weight: 400;\">. Leur participation, d\u00e9j\u00e0 largement relay\u00e9e sur les r\u00e9seaux sociaux, suscite une vive excitation parmi les festivaliers et les amateurs de musique.<\/span><\/p>\n<p><b>Straiker,<\/b><span style=\"font-weight: 400;\"> connu pour ses performances \u00e9nerg\u00e9tiques et ses tubes qui font vibrer les foules, et <\/span><b>Arphan DJ,<\/b><span style=\"font-weight: 400;\"> ma\u00eetre des platines et cr\u00e9ateur d&rsquo;ambiances uniques, sont pr\u00eats \u00e0 enflammer la sc\u00e8ne de Lab\u00e9. Leur pr\u00e9sence apporte une touche contemporaine et dynamique \u00e0 un festival d\u00e9j\u00e0 r\u00e9put\u00e9 pour son ambiance chaleureuse et festive.<\/span><\/p>\n<p style=\"padding-left: 80px;\"><img loading=\"lazy\" decoding=\"async\" class=\"alignnone size-medium wp-image-6384\" src=\"https:\/\/culturbaine.com\/wp-content\/uploads\/2024\/05\/1716374082618-212x300.jpg\" alt=\"\" width=\"212\" height=\"300\" srcset=\"https:\/\/culturbaine.com\/wp-content\/uploads\/2024\/05\/1716374082618-212x300.jpg 212w, https:\/\/culturbaine.com\/wp-content\/uploads\/2024\/05\/1716374082618.jpg 636w\" sizes=\"(max-width: 212px) 100vw, 212px\" \/><\/p>\n<p><span style=\"font-weight: 400;\">Le festival ne se limite pas aux simples performances sc\u00e9niques. Il propose \u00e9galement des ateliers, des d\u00e9bats et des rencontres avec les artistes, permettant au public de s&rsquo;immerger pleinement dans l&rsquo;univers artistique et culturel de la r\u00e9gion. Cette interaction enrichit l&rsquo;exp\u00e9rience des festivaliers, cr\u00e9ant des souvenirs durables et des liens profonds entre les artistes et leur public.<\/span><\/p>\n<p><img loading=\"lazy\" decoding=\"async\" class=\"alignnone size-medium wp-image-6385\" src=\"https:\/\/culturbaine.com\/wp-content\/uploads\/2024\/05\/1716376831878-212x300.jpg\" alt=\"\" width=\"212\" height=\"300\" srcset=\"https:\/\/culturbaine.com\/wp-content\/uploads\/2024\/05\/1716376831878-212x300.jpg 212w, https:\/\/culturbaine.com\/wp-content\/uploads\/2024\/05\/1716376831878.jpg 636w\" sizes=\"(max-width: 212px) 100vw, 212px\" \/><\/p>\n<p><b>Mohamed Cinq Sylla\u00a0<\/b><\/p>\n","protected":false},"excerpt":{"rendered":"<p>Le Festival des Arts et du Rire de Lab\u00e9, une c\u00e9l\u00e9bration annuelle tant attendue, a lanc\u00e9 sa septi\u00e8me \u00e9dition \u00e0 La Werdhe, \u00e0 Lab\u00e9. D\u00e9but\u00e9 hier, l&rsquo;\u00e9v\u00e9nement se poursuivra jusqu&rsquo;au 26 mai 2024, promettant une fusion envo\u00fbtante de rires et de musiques. Cette ann\u00e9e, le festival s&rsquo;est dot\u00e9 d&rsquo;une programmation exceptionnelle, int\u00e9grant deux grandes figures [&hellip;]<\/p>\n","protected":false},"author":2,"featured_media":6383,"comment_status":"closed","ping_status":"closed","sticky":false,"template":"","format":"standard","meta":{"_mi_skip_tracking":false,"_monsterinsights_sitenote_active":false,"_monsterinsights_sitenote_note":"","_monsterinsights_sitenote_category":0,"footnotes":""},"categories":[21,33],"tags":[2358,2360,2359,2361,115],"class_list":["post-6380","post","type-post","status-publish","format-standard","has-post-thumbnail","hentry","category-actualite","category-agenda","tag-araphan-dj","tag-far","tag-festival-des-arts-et-du-rire","tag-labe","tag-straiker"],"yoast_head":"<!-- This site is optimized with the Yoast SEO Premium plugin v20.1 (Yoast SEO v24.0) - https:\/\/yoast.com\/wordpress\/plugins\/seo\/ -->\n<title>Festival des Arts et du Rire de Lab\u00e9 : Straiker et Araphan DJ \u00e0 l&#039;affiche pour une 7e \u00e9dition explosive - Culturbaine<\/title>\n<meta name=\"robots\" content=\"index, follow, max-snippet:-1, max-image-preview:large, max-video-preview:-1\" \/>\n<link rel=\"canonical\" href=\"https:\/\/culturbaine.com\/index.php\/2024\/05\/22\/festival-des-arts-et-du-rire-de-labe-straiker-et-araphan-dj-a-laffiche-pour-une-7e-edition-explosive\/\" \/>\n<meta property=\"og:locale\" content=\"fr_FR\" \/>\n<meta property=\"og:type\" content=\"article\" \/>\n<meta property=\"og:title\" content=\"Festival des Arts et du Rire de Lab\u00e9 : Straiker et Araphan DJ \u00e0 l&#039;affiche pour une 7e \u00e9dition explosive\" \/>\n<meta property=\"og:description\" content=\"Le Festival des Arts et du Rire de Lab\u00e9, une c\u00e9l\u00e9bration annuelle tant attendue, a lanc\u00e9 sa septi\u00e8me \u00e9dition \u00e0 La Werdhe, \u00e0 Lab\u00e9. D\u00e9but\u00e9 hier, l&rsquo;\u00e9v\u00e9nement se poursuivra jusqu&rsquo;au 26 mai 2024, promettant une fusion envo\u00fbtante de rires et de musiques. Cette ann\u00e9e, le festival s&rsquo;est dot\u00e9 d&rsquo;une programmation exceptionnelle, int\u00e9grant deux grandes figures [&hellip;]\" \/>\n<meta property=\"og:url\" content=\"https:\/\/culturbaine.com\/index.php\/2024\/05\/22\/festival-des-arts-et-du-rire-de-labe-straiker-et-araphan-dj-a-laffiche-pour-une-7e-edition-explosive\/\" \/>\n<meta property=\"og:site_name\" content=\"Culturbaine\" \/>\n<meta property=\"article:publisher\" content=\"https:\/\/www.facebook.com\/Culturbaines\" \/>\n<meta property=\"article:published_time\" content=\"2024-05-22T11:39:53+00:00\" \/>\n<meta property=\"og:image\" content=\"https:\/\/culturbaine.com\/wp-content\/uploads\/2024\/05\/PhotoCollage_1716377544298.png\" \/>\n\t<meta property=\"og:image:width\" content=\"1920\" \/>\n\t<meta property=\"og:image:height\" content=\"1080\" \/>\n\t<meta property=\"og:image:type\" content=\"image\/png\" \/>\n<meta name=\"author\" content=\"admin1\" \/>\n<meta name=\"twitter:card\" content=\"summary_large_image\" \/>\n<meta name=\"twitter:creator\" content=\"@culturbaines\" \/>\n<meta name=\"twitter:site\" content=\"@culturbaines\" \/>\n<meta name=\"twitter:label1\" content=\"\u00c9crit par\" \/>\n\t<meta name=\"twitter:data1\" content=\"admin1\" \/>\n\t<meta name=\"twitter:label2\" content=\"Dur\u00e9e de lecture estim\u00e9e\" \/>\n\t<meta name=\"twitter:data2\" content=\"2 minutes\" \/>\n<script type=\"application\/ld+json\" class=\"yoast-schema-graph\">{\"@context\":\"https:\/\/schema.org\",\"@graph\":[{\"@type\":\"Article\",\"@id\":\"https:\/\/culturbaine.com\/index.php\/2024\/05\/22\/festival-des-arts-et-du-rire-de-labe-straiker-et-araphan-dj-a-laffiche-pour-une-7e-edition-explosive\/#article\",\"isPartOf\":{\"@id\":\"https:\/\/culturbaine.com\/index.php\/2024\/05\/22\/festival-des-arts-et-du-rire-de-labe-straiker-et-araphan-dj-a-laffiche-pour-une-7e-edition-explosive\/\"},\"author\":{\"name\":\"admin1\",\"@id\":\"https:\/\/culturbaine.com\/#\/schema\/person\/42eb7485c572e0746c1ea6b8216c3814\"},\"headline\":\"Festival des Arts et du Rire de Lab\u00e9 : Straiker et Araphan DJ \u00e0 l&rsquo;affiche pour une 7e \u00e9dition explosive\",\"datePublished\":\"2024-05-22T11:39:53+00:00\",\"dateModified\":\"2024-05-22T11:39:53+00:00\",\"mainEntityOfPage\":{\"@id\":\"https:\/\/culturbaine.com\/index.php\/2024\/05\/22\/festival-des-arts-et-du-rire-de-labe-straiker-et-araphan-dj-a-laffiche-pour-une-7e-edition-explosive\/\"},\"wordCount\":243,\"publisher\":{\"@id\":\"https:\/\/culturbaine.com\/#organization\"},\"image\":{\"@id\":\"https:\/\/culturbaine.com\/index.php\/2024\/05\/22\/festival-des-arts-et-du-rire-de-labe-straiker-et-araphan-dj-a-laffiche-pour-une-7e-edition-explosive\/#primaryimage\"},\"thumbnailUrl\":\"https:\/\/culturbaine.com\/wp-content\/uploads\/2024\/05\/PhotoCollage_1716377544298.png\",\"keywords\":[\"Araphan DJ\",\"Far\",\"Festival Des Arts et du rire\",\"Lab\u00e9\",\"Straiker\"],\"articleSection\":[\"Actualit\u00e9\",\"Agenda\"],\"inLanguage\":\"fr-FR\"},{\"@type\":\"WebPage\",\"@id\":\"https:\/\/culturbaine.com\/index.php\/2024\/05\/22\/festival-des-arts-et-du-rire-de-labe-straiker-et-araphan-dj-a-laffiche-pour-une-7e-edition-explosive\/\",\"url\":\"https:\/\/culturbaine.com\/index.php\/2024\/05\/22\/festival-des-arts-et-du-rire-de-labe-straiker-et-araphan-dj-a-laffiche-pour-une-7e-edition-explosive\/\",\"name\":\"Festival des Arts et du Rire de Lab\u00e9 : Straiker et Araphan DJ \u00e0 l'affiche pour une 7e \u00e9dition explosive - Culturbaine\",\"isPartOf\":{\"@id\":\"https:\/\/culturbaine.com\/#website\"},\"primaryImageOfPage\":{\"@id\":\"https:\/\/culturbaine.com\/index.php\/2024\/05\/22\/festival-des-arts-et-du-rire-de-labe-straiker-et-araphan-dj-a-laffiche-pour-une-7e-edition-explosive\/#primaryimage\"},\"image\":{\"@id\":\"https:\/\/culturbaine.com\/index.php\/2024\/05\/22\/festival-des-arts-et-du-rire-de-labe-straiker-et-araphan-dj-a-laffiche-pour-une-7e-edition-explosive\/#primaryimage\"},\"thumbnailUrl\":\"https:\/\/culturbaine.com\/wp-content\/uploads\/2024\/05\/PhotoCollage_1716377544298.png\",\"datePublished\":\"2024-05-22T11:39:53+00:00\",\"dateModified\":\"2024-05-22T11:39:53+00:00\",\"breadcrumb\":{\"@id\":\"https:\/\/culturbaine.com\/index.php\/2024\/05\/22\/festival-des-arts-et-du-rire-de-labe-straiker-et-araphan-dj-a-laffiche-pour-une-7e-edition-explosive\/#breadcrumb\"},\"inLanguage\":\"fr-FR\",\"potentialAction\":[{\"@type\":\"ReadAction\",\"target\":[\"https:\/\/culturbaine.com\/index.php\/2024\/05\/22\/festival-des-arts-et-du-rire-de-labe-straiker-et-araphan-dj-a-laffiche-pour-une-7e-edition-explosive\/\"]}]},{\"@type\":\"ImageObject\",\"inLanguage\":\"fr-FR\",\"@id\":\"https:\/\/culturbaine.com\/index.php\/2024\/05\/22\/festival-des-arts-et-du-rire-de-labe-straiker-et-araphan-dj-a-laffiche-pour-une-7e-edition-explosive\/#primaryimage\",\"url\":\"https:\/\/culturbaine.com\/wp-content\/uploads\/2024\/05\/PhotoCollage_1716377544298.png\",\"contentUrl\":\"https:\/\/culturbaine.com\/wp-content\/uploads\/2024\/05\/PhotoCollage_1716377544298.png\",\"width\":1920,\"height\":1080},{\"@type\":\"BreadcrumbList\",\"@id\":\"https:\/\/culturbaine.com\/index.php\/2024\/05\/22\/festival-des-arts-et-du-rire-de-labe-straiker-et-araphan-dj-a-laffiche-pour-une-7e-edition-explosive\/#breadcrumb\",\"itemListElement\":[{\"@type\":\"ListItem\",\"position\":1,\"name\":\"Home\",\"item\":\"https:\/\/culturbaine.com\/\"},{\"@type\":\"ListItem\",\"position\":2,\"name\":\"Festival des Arts et du Rire de Lab\u00e9 : Straiker et Araphan DJ \u00e0 l&rsquo;affiche pour une 7e \u00e9dition explosive\"}]},{\"@type\":\"WebSite\",\"@id\":\"https:\/\/culturbaine.com\/#website\",\"url\":\"https:\/\/culturbaine.com\/\",\"name\":\"Culturbaine.com\",\"description\":\"Toute l&#039;actualit\u00e9 des Cultures Urbaines, en un clic  !\",\"publisher\":{\"@id\":\"https:\/\/culturbaine.com\/#organization\"},\"potentialAction\":[{\"@type\":\"SearchAction\",\"target\":{\"@type\":\"EntryPoint\",\"urlTemplate\":\"https:\/\/culturbaine.com\/?s={search_term_string}\"},\"query-input\":{\"@type\":\"PropertyValueSpecification\",\"valueRequired\":true,\"valueName\":\"search_term_string\"}}],\"inLanguage\":\"fr-FR\"},{\"@type\":\"Organization\",\"@id\":\"https:\/\/culturbaine.com\/#organization\",\"name\":\"Culturbaine.com\",\"url\":\"https:\/\/culturbaine.com\/\",\"logo\":{\"@type\":\"ImageObject\",\"inLanguage\":\"fr-FR\",\"@id\":\"https:\/\/culturbaine.com\/#\/schema\/logo\/image\/\",\"url\":\"https:\/\/culturbaine.com\/wp-content\/uploads\/2023\/07\/WhatsApp-Image-2023-07-17-at-14.38.18.jpeg\",\"contentUrl\":\"https:\/\/culturbaine.com\/wp-content\/uploads\/2023\/07\/WhatsApp-Image-2023-07-17-at-14.38.18.jpeg\",\"width\":855,\"height\":270,\"caption\":\"Culturbaine.com\"},\"image\":{\"@id\":\"https:\/\/culturbaine.com\/#\/schema\/logo\/image\/\"},\"sameAs\":[\"https:\/\/www.facebook.com\/Culturbaines\",\"https:\/\/x.com\/culturbaines\"]},{\"@type\":\"Person\",\"@id\":\"https:\/\/culturbaine.com\/#\/schema\/person\/42eb7485c572e0746c1ea6b8216c3814\",\"name\":\"admin1\",\"image\":{\"@type\":\"ImageObject\",\"inLanguage\":\"fr-FR\",\"@id\":\"https:\/\/culturbaine.com\/#\/schema\/person\/image\/\",\"url\":\"https:\/\/secure.gravatar.com\/avatar\/c268f4d483ce0486e5a10fee87bbf756?s=96&d=mm&r=g\",\"contentUrl\":\"https:\/\/secure.gravatar.com\/avatar\/c268f4d483ce0486e5a10fee87bbf756?s=96&d=mm&r=g\",\"caption\":\"admin1\"},\"url\":\"https:\/\/culturbaine.com\/index.php\/author\/admin1\/\"}]}<\/script>\n<!-- \/ Yoast SEO Premium plugin. -->","yoast_head_json":{"title":"Festival des Arts et du Rire de Lab\u00e9 : Straiker et Araphan DJ \u00e0 l'affiche pour une 7e \u00e9dition explosive - Culturbaine","robots":{"index":"index","follow":"follow","max-snippet":"max-snippet:-1","max-image-preview":"max-image-preview:large","max-video-preview":"max-video-preview:-1"},"canonical":"https:\/\/culturbaine.com\/index.php\/2024\/05\/22\/festival-des-arts-et-du-rire-de-labe-straiker-et-araphan-dj-a-laffiche-pour-une-7e-edition-explosive\/","og_locale":"fr_FR","og_type":"article","og_title":"Festival des Arts et du Rire de Lab\u00e9 : Straiker et Araphan DJ \u00e0 l'affiche pour une 7e \u00e9dition explosive","og_description":"Le Festival des Arts et du Rire de Lab\u00e9, une c\u00e9l\u00e9bration annuelle tant attendue, a lanc\u00e9 sa septi\u00e8me \u00e9dition \u00e0 La Werdhe, \u00e0 Lab\u00e9. D\u00e9but\u00e9 hier, l&rsquo;\u00e9v\u00e9nement se poursuivra jusqu&rsquo;au 26 mai 2024, promettant une fusion envo\u00fbtante de rires et de musiques. Cette ann\u00e9e, le festival s&rsquo;est dot\u00e9 d&rsquo;une programmation exceptionnelle, int\u00e9grant deux grandes figures [&hellip;]","og_url":"https:\/\/culturbaine.com\/index.php\/2024\/05\/22\/festival-des-arts-et-du-rire-de-labe-straiker-et-araphan-dj-a-laffiche-pour-une-7e-edition-explosive\/","og_site_name":"Culturbaine","article_publisher":"https:\/\/www.facebook.com\/Culturbaines","article_published_time":"2024-05-22T11:39:53+00:00","og_image":[{"width":1920,"height":1080,"url":"https:\/\/culturbaine.com\/wp-content\/uploads\/2024\/05\/PhotoCollage_1716377544298.png","type":"image\/png"}],"author":"admin1","twitter_card":"summary_large_image","twitter_creator":"@culturbaines","twitter_site":"@culturbaines","twitter_misc":{"\u00c9crit par":"admin1","Dur\u00e9e de lecture estim\u00e9e":"2 minutes"},"schema":{"@context":"https:\/\/schema.org","@graph":[{"@type":"Article","@id":"https:\/\/culturbaine.com\/index.php\/2024\/05\/22\/festival-des-arts-et-du-rire-de-labe-straiker-et-araphan-dj-a-laffiche-pour-une-7e-edition-explosive\/#article","isPartOf":{"@id":"https:\/\/culturbaine.com\/index.php\/2024\/05\/22\/festival-des-arts-et-du-rire-de-labe-straiker-et-araphan-dj-a-laffiche-pour-une-7e-edition-explosive\/"},"author":{"name":"admin1","@id":"https:\/\/culturbaine.com\/#\/schema\/person\/42eb7485c572e0746c1ea6b8216c3814"},"headline":"Festival des Arts et du Rire de Lab\u00e9 : Straiker et Araphan DJ \u00e0 l&rsquo;affiche pour une 7e \u00e9dition explosive","datePublished":"2024-05-22T11:39:53+00:00","dateModified":"2024-05-22T11:39:53+00:00","mainEntityOfPage":{"@id":"https:\/\/culturbaine.com\/index.php\/2024\/05\/22\/festival-des-arts-et-du-rire-de-labe-straiker-et-araphan-dj-a-laffiche-pour-une-7e-edition-explosive\/"},"wordCount":243,"publisher":{"@id":"https:\/\/culturbaine.com\/#organization"},"image":{"@id":"https:\/\/culturbaine.com\/index.php\/2024\/05\/22\/festival-des-arts-et-du-rire-de-labe-straiker-et-araphan-dj-a-laffiche-pour-une-7e-edition-explosive\/#primaryimage"},"thumbnailUrl":"https:\/\/culturbaine.com\/wp-content\/uploads\/2024\/05\/PhotoCollage_1716377544298.png","keywords":["Araphan DJ","Far","Festival Des Arts et du rire","Lab\u00e9","Straiker"],"articleSection":["Actualit\u00e9","Agenda"],"inLanguage":"fr-FR"},{"@type":"WebPage","@id":"https:\/\/culturbaine.com\/index.php\/2024\/05\/22\/festival-des-arts-et-du-rire-de-labe-straiker-et-araphan-dj-a-laffiche-pour-une-7e-edition-explosive\/","url":"https:\/\/culturbaine.com\/index.php\/2024\/05\/22\/festival-des-arts-et-du-rire-de-labe-straiker-et-araphan-dj-a-laffiche-pour-une-7e-edition-explosive\/","name":"Festival des Arts et du Rire de Lab\u00e9 : Straiker et Araphan DJ \u00e0 l'affiche pour une 7e \u00e9dition explosive - Culturbaine","isPartOf":{"@id":"https:\/\/culturbaine.com\/#website"},"primaryImageOfPage":{"@id":"https:\/\/culturbaine.com\/index.php\/2024\/05\/22\/festival-des-arts-et-du-rire-de-labe-straiker-et-araphan-dj-a-laffiche-pour-une-7e-edition-explosive\/#primaryimage"},"image":{"@id":"https:\/\/culturbaine.com\/index.php\/2024\/05\/22\/festival-des-arts-et-du-rire-de-labe-straiker-et-araphan-dj-a-laffiche-pour-une-7e-edition-explosive\/#primaryimage"},"thumbnailUrl":"https:\/\/culturbaine.com\/wp-content\/uploads\/2024\/05\/PhotoCollage_1716377544298.png","datePublished":"2024-05-22T11:39:53+00:00","dateModified":"2024-05-22T11:39:53+00:00","breadcrumb":{"@id":"https:\/\/culturbaine.com\/index.php\/2024\/05\/22\/festival-des-arts-et-du-rire-de-labe-straiker-et-araphan-dj-a-laffiche-pour-une-7e-edition-explosive\/#breadcrumb"},"inLanguage":"fr-FR","potentialAction":[{"@type":"ReadAction","target":["https:\/\/culturbaine.com\/index.php\/2024\/05\/22\/festival-des-arts-et-du-rire-de-labe-straiker-et-araphan-dj-a-laffiche-pour-une-7e-edition-explosive\/"]}]},{"@type":"ImageObject","inLanguage":"fr-FR","@id":"https:\/\/culturbaine.com\/index.php\/2024\/05\/22\/festival-des-arts-et-du-rire-de-labe-straiker-et-araphan-dj-a-laffiche-pour-une-7e-edition-explosive\/#primaryimage","url":"https:\/\/culturbaine.com\/wp-content\/uploads\/2024\/05\/PhotoCollage_1716377544298.png","contentUrl":"https:\/\/culturbaine.com\/wp-content\/uploads\/2024\/05\/PhotoCollage_1716377544298.png","width":1920,"height":1080},{"@type":"BreadcrumbList","@id":"https:\/\/culturbaine.com\/index.php\/2024\/05\/22\/festival-des-arts-et-du-rire-de-labe-straiker-et-araphan-dj-a-laffiche-pour-une-7e-edition-explosive\/#breadcrumb","itemListElement":[{"@type":"ListItem","position":1,"name":"Home","item":"https:\/\/culturbaine.com\/"},{"@type":"ListItem","position":2,"name":"Festival des Arts et du Rire de Lab\u00e9 : Straiker et Araphan DJ \u00e0 l&rsquo;affiche pour une 7e \u00e9dition explosive"}]},{"@type":"WebSite","@id":"https:\/\/culturbaine.com\/#website","url":"https:\/\/culturbaine.com\/","name":"Culturbaine.com","description":"Toute l&#039;actualit\u00e9 des Cultures Urbaines, en un clic  !","publisher":{"@id":"https:\/\/culturbaine.com\/#organization"},"potentialAction":[{"@type":"SearchAction","target":{"@type":"EntryPoint","urlTemplate":"https:\/\/culturbaine.com\/?s={search_term_string}"},"query-input":{"@type":"PropertyValueSpecification","valueRequired":true,"valueName":"search_term_string"}}],"inLanguage":"fr-FR"},{"@type":"Organization","@id":"https:\/\/culturbaine.com\/#organization","name":"Culturbaine.com","url":"https:\/\/culturbaine.com\/","logo":{"@type":"ImageObject","inLanguage":"fr-FR","@id":"https:\/\/culturbaine.com\/#\/schema\/logo\/image\/","url":"https:\/\/culturbaine.com\/wp-content\/uploads\/2023\/07\/WhatsApp-Image-2023-07-17-at-14.38.18.jpeg","contentUrl":"https:\/\/culturbaine.com\/wp-content\/uploads\/2023\/07\/WhatsApp-Image-2023-07-17-at-14.38.18.jpeg","width":855,"height":270,"caption":"Culturbaine.com"},"image":{"@id":"https:\/\/culturbaine.com\/#\/schema\/logo\/image\/"},"sameAs":["https:\/\/www.facebook.com\/Culturbaines","https:\/\/x.com\/culturbaines"]},{"@type":"Person","@id":"https:\/\/culturbaine.com\/#\/schema\/person\/42eb7485c572e0746c1ea6b8216c3814","name":"admin1","image":{"@type":"ImageObject","inLanguage":"fr-FR","@id":"https:\/\/culturbaine.com\/#\/schema\/person\/image\/","url":"https:\/\/secure.gravatar.com\/avatar\/c268f4d483ce0486e5a10fee87bbf756?s=96&d=mm&r=g","contentUrl":"https:\/\/secure.gravatar.com\/avatar\/c268f4d483ce0486e5a10fee87bbf756?s=96&d=mm&r=g","caption":"admin1"},"url":"https:\/\/culturbaine.com\/index.php\/author\/admin1\/"}]}},"_links":{"self":[{"href":"https:\/\/culturbaine.com\/index.php\/wp-json\/wp\/v2\/posts\/6380"}],"collection":[{"href":"https:\/\/culturbaine.com\/index.php\/wp-json\/wp\/v2\/posts"}],"about":[{"href":"https:\/\/culturbaine.com\/index.php\/wp-json\/wp\/v2\/types\/post"}],"author":[{"embeddable":true,"href":"https:\/\/culturbaine.com\/index.php\/wp-json\/wp\/v2\/users\/2"}],"replies":[{"embeddable":true,"href":"https:\/\/culturbaine.com\/index.php\/wp-json\/wp\/v2\/comments?post=6380"}],"version-history":[{"count":0,"href":"https:\/\/culturbaine.com\/index.php\/wp-json\/wp\/v2\/posts\/6380\/revisions"}],"wp:featuredmedia":[{"embeddable":true,"href":"https:\/\/culturbaine.com\/index.php\/wp-json\/wp\/v2\/media\/6383"}],"wp:attachment":[{"href":"https:\/\/culturbaine.com\/index.php\/wp-json\/wp\/v2\/media?parent=6380"}],"wp:term":[{"taxonomy":"category","embeddable":true,"href":"https:\/\/culturbaine.com\/index.php\/wp-json\/wp\/v2\/categories?post=6380"},{"taxonomy":"post_tag","embeddable":true,"href":"https:\/\/culturbaine.com\/index.php\/wp-json\/wp\/v2\/tags?post=6380"}],"curies":[{"name":"wp","href":"https:\/\/api.w.org\/{rel}","templated":true}]}}