{"id":6268,"date":"2024-05-18T11:14:49","date_gmt":"2024-05-18T11:14:49","guid":{"rendered":"https:\/\/culturbaine.com\/?p=6268"},"modified":"2024-05-18T11:14:49","modified_gmt":"2024-05-18T11:14:49","slug":"le-beatbox-francais-en-deuil-nayax-nest-plus","status":"publish","type":"post","link":"https:\/\/culturbaine.com\/index.php\/2024\/05\/18\/le-beatbox-francais-en-deuil-nayax-nest-plus\/","title":{"rendered":"Le beatbox fran\u00e7ais en deuil : Nayax n&rsquo;est plus !"},"content":{"rendered":"<p><span>C&rsquo;est sans doute l&rsquo;une des tr\u00e8s mauvaises nouvelles qui vient frapper \u00e0 la porte de la communaut\u00e9 beatbox mondiale, en particulier celle fran\u00e7aise. Le beatboxer <\/span><b>Nayax<\/b><span> n&rsquo;est plus. D\u00e9c\u00e8s survenu ce vendredi 17 mai 2024 \u00e0 l&rsquo;\u00e2ge de 25 ans.<\/span><\/p>\n<p><span style=\"font-weight: 400;\">Surnomm\u00e9 <\/span><b>Grizou<\/b><span style=\"font-weight: 400;\"> lors des qualifications au championnat de France en 2017, il \u00e9tait un jeune talentueux, promis \u00e0 une carri\u00e8re tr\u00e8s prometteuse. D&rsquo;ailleurs, tout le monde le r\u00e9clamait dans son \u00e9quipe lors des matchs de foot du <\/span><b>World Beatbox Camp 2018.<\/b><span style=\"font-weight: 400;\"> Un an plus tard, il a \u00e9t\u00e9 class\u00e9 14e au<\/span><b> 7to Smoke<\/b><span style=\"font-weight: 400;\"> au <\/span><b>GBB<\/b><span style=\"font-weight: 400;\">. Il<\/span> part aujourd&rsquo;hui et laisse derri\u00e8re lui un grand vide dans le beatbox fran\u00e7ais.<\/p>\n<p><span style=\"font-weight: 400;\">\u00c0 cette douloureuse circonstance, toute l&rsquo;\u00e9quipe de <\/span><b>Culturbaine<\/b><span style=\"font-weight: 400;\"> pr\u00e9sente ses condol\u00e9ances les plus attrist\u00e9es \u00e0 sa famille \u00e9plor\u00e9e et \u00e0 ses amis \u00e9galement.<\/span><\/p>\n<p><iframe loading=\"lazy\" title=\"NAYAX - Qualification Solo Homme - 2017 French Beatbox Championships\" width=\"1170\" height=\"658\" src=\"https:\/\/www.youtube.com\/embed\/c1k7j8nb524?wmode=transparent&amp;rel=0&amp;feature=oembed\" frameborder=\"0\" allow=\"accelerometer; autoplay; clipboard-write; encrypted-media; gyroscope; picture-in-picture; web-share\" referrerpolicy=\"strict-origin-when-cross-origin\" allowfullscreen><\/iframe><\/p>\n<p><b>Mohamed Cinq Sylla<\/b><\/p>\n","protected":false},"excerpt":{"rendered":"<p>C&rsquo;est sans doute l&rsquo;une des tr\u00e8s mauvaises nouvelles qui vient frapper \u00e0 la porte de la communaut\u00e9 beatbox mondiale, en particulier celle fran\u00e7aise. Le beatboxer Nayax n&rsquo;est plus. D\u00e9c\u00e8s survenu ce vendredi 17 mai 2024 \u00e0 l&rsquo;\u00e2ge de 25 ans. Surnomm\u00e9 Grizou lors des qualifications au championnat de France en 2017, il \u00e9tait un jeune [&hellip;]<\/p>\n","protected":false},"author":2,"featured_media":6270,"comment_status":"closed","ping_status":"closed","sticky":false,"template":"","format":"standard","meta":{"_mi_skip_tracking":false,"_monsterinsights_sitenote_active":false,"_monsterinsights_sitenote_note":"","_monsterinsights_sitenote_category":0,"footnotes":""},"categories":[21],"tags":[236,2334,2335],"class_list":["post-6268","post","type-post","status-publish","format-standard","has-post-thumbnail","hentry","category-actualite","tag-beatbox","tag-beatbox-francais","tag-nayax-nest-plus"],"yoast_head":"<!-- This site is optimized with the Yoast SEO Premium plugin v20.1 (Yoast SEO v24.0) - https:\/\/yoast.com\/wordpress\/plugins\/seo\/ -->\n<title>Le beatbox fran\u00e7ais en deuil : Nayax n&#039;est plus ! - Culturbaine<\/title>\n<meta name=\"robots\" content=\"index, follow, max-snippet:-1, max-image-preview:large, max-video-preview:-1\" \/>\n<link rel=\"canonical\" href=\"https:\/\/culturbaine.com\/index.php\/2024\/05\/18\/le-beatbox-francais-en-deuil-nayax-nest-plus\/\" \/>\n<meta property=\"og:locale\" content=\"fr_FR\" \/>\n<meta property=\"og:type\" content=\"article\" \/>\n<meta property=\"og:title\" content=\"Le beatbox fran\u00e7ais en deuil : Nayax n&#039;est plus !\" \/>\n<meta property=\"og:description\" content=\"C&rsquo;est sans doute l&rsquo;une des tr\u00e8s mauvaises nouvelles qui vient frapper \u00e0 la porte de la communaut\u00e9 beatbox mondiale, en particulier celle fran\u00e7aise. Le beatboxer Nayax n&rsquo;est plus. D\u00e9c\u00e8s survenu ce vendredi 17 mai 2024 \u00e0 l&rsquo;\u00e2ge de 25 ans. Surnomm\u00e9 Grizou lors des qualifications au championnat de France en 2017, il \u00e9tait un jeune [&hellip;]\" \/>\n<meta property=\"og:url\" content=\"https:\/\/culturbaine.com\/index.php\/2024\/05\/18\/le-beatbox-francais-en-deuil-nayax-nest-plus\/\" \/>\n<meta property=\"og:site_name\" content=\"Culturbaine\" \/>\n<meta property=\"article:publisher\" content=\"https:\/\/www.facebook.com\/Culturbaines\" \/>\n<meta property=\"article:published_time\" content=\"2024-05-18T11:14:49+00:00\" \/>\n<meta property=\"og:image\" content=\"https:\/\/culturbaine.com\/wp-content\/uploads\/2024\/05\/17160292328362.jpg\" \/>\n\t<meta property=\"og:image:width\" content=\"718\" \/>\n\t<meta property=\"og:image:height\" content=\"428\" \/>\n\t<meta property=\"og:image:type\" content=\"image\/jpeg\" \/>\n<meta name=\"author\" content=\"admin1\" \/>\n<meta name=\"twitter:card\" content=\"summary_large_image\" \/>\n<meta name=\"twitter:creator\" content=\"@culturbaines\" \/>\n<meta name=\"twitter:site\" content=\"@culturbaines\" \/>\n<meta name=\"twitter:label1\" content=\"\u00c9crit par\" \/>\n\t<meta name=\"twitter:data1\" content=\"admin1\" \/>\n\t<meta name=\"twitter:label2\" content=\"Dur\u00e9e de lecture estim\u00e9e\" \/>\n\t<meta name=\"twitter:data2\" content=\"1 minute\" \/>\n<script type=\"application\/ld+json\" class=\"yoast-schema-graph\">{\"@context\":\"https:\/\/schema.org\",\"@graph\":[{\"@type\":\"Article\",\"@id\":\"https:\/\/culturbaine.com\/index.php\/2024\/05\/18\/le-beatbox-francais-en-deuil-nayax-nest-plus\/#article\",\"isPartOf\":{\"@id\":\"https:\/\/culturbaine.com\/index.php\/2024\/05\/18\/le-beatbox-francais-en-deuil-nayax-nest-plus\/\"},\"author\":{\"name\":\"admin1\",\"@id\":\"https:\/\/culturbaine.com\/#\/schema\/person\/42eb7485c572e0746c1ea6b8216c3814\"},\"headline\":\"Le beatbox fran\u00e7ais en deuil : Nayax n&rsquo;est plus !\",\"datePublished\":\"2024-05-18T11:14:49+00:00\",\"dateModified\":\"2024-05-18T11:14:49+00:00\",\"mainEntityOfPage\":{\"@id\":\"https:\/\/culturbaine.com\/index.php\/2024\/05\/18\/le-beatbox-francais-en-deuil-nayax-nest-plus\/\"},\"wordCount\":166,\"publisher\":{\"@id\":\"https:\/\/culturbaine.com\/#organization\"},\"image\":{\"@id\":\"https:\/\/culturbaine.com\/index.php\/2024\/05\/18\/le-beatbox-francais-en-deuil-nayax-nest-plus\/#primaryimage\"},\"thumbnailUrl\":\"https:\/\/culturbaine.com\/wp-content\/uploads\/2024\/05\/17160292328362.jpg\",\"keywords\":[\"BeatBox\",\"beatbox fran\u00e7ais\",\"Nayax n'est plus\"],\"articleSection\":[\"Actualit\u00e9\"],\"inLanguage\":\"fr-FR\"},{\"@type\":\"WebPage\",\"@id\":\"https:\/\/culturbaine.com\/index.php\/2024\/05\/18\/le-beatbox-francais-en-deuil-nayax-nest-plus\/\",\"url\":\"https:\/\/culturbaine.com\/index.php\/2024\/05\/18\/le-beatbox-francais-en-deuil-nayax-nest-plus\/\",\"name\":\"Le beatbox fran\u00e7ais en deuil : Nayax n'est plus ! - Culturbaine\",\"isPartOf\":{\"@id\":\"https:\/\/culturbaine.com\/#website\"},\"primaryImageOfPage\":{\"@id\":\"https:\/\/culturbaine.com\/index.php\/2024\/05\/18\/le-beatbox-francais-en-deuil-nayax-nest-plus\/#primaryimage\"},\"image\":{\"@id\":\"https:\/\/culturbaine.com\/index.php\/2024\/05\/18\/le-beatbox-francais-en-deuil-nayax-nest-plus\/#primaryimage\"},\"thumbnailUrl\":\"https:\/\/culturbaine.com\/wp-content\/uploads\/2024\/05\/17160292328362.jpg\",\"datePublished\":\"2024-05-18T11:14:49+00:00\",\"dateModified\":\"2024-05-18T11:14:49+00:00\",\"breadcrumb\":{\"@id\":\"https:\/\/culturbaine.com\/index.php\/2024\/05\/18\/le-beatbox-francais-en-deuil-nayax-nest-plus\/#breadcrumb\"},\"inLanguage\":\"fr-FR\",\"potentialAction\":[{\"@type\":\"ReadAction\",\"target\":[\"https:\/\/culturbaine.com\/index.php\/2024\/05\/18\/le-beatbox-francais-en-deuil-nayax-nest-plus\/\"]}]},{\"@type\":\"ImageObject\",\"inLanguage\":\"fr-FR\",\"@id\":\"https:\/\/culturbaine.com\/index.php\/2024\/05\/18\/le-beatbox-francais-en-deuil-nayax-nest-plus\/#primaryimage\",\"url\":\"https:\/\/culturbaine.com\/wp-content\/uploads\/2024\/05\/17160292328362.jpg\",\"contentUrl\":\"https:\/\/culturbaine.com\/wp-content\/uploads\/2024\/05\/17160292328362.jpg\",\"width\":718,\"height\":428},{\"@type\":\"BreadcrumbList\",\"@id\":\"https:\/\/culturbaine.com\/index.php\/2024\/05\/18\/le-beatbox-francais-en-deuil-nayax-nest-plus\/#breadcrumb\",\"itemListElement\":[{\"@type\":\"ListItem\",\"position\":1,\"name\":\"Home\",\"item\":\"https:\/\/culturbaine.com\/\"},{\"@type\":\"ListItem\",\"position\":2,\"name\":\"Le beatbox fran\u00e7ais en deuil : Nayax n&rsquo;est plus !\"}]},{\"@type\":\"WebSite\",\"@id\":\"https:\/\/culturbaine.com\/#website\",\"url\":\"https:\/\/culturbaine.com\/\",\"name\":\"Culturbaine.com\",\"description\":\"Toute l&#039;actualit\u00e9 des Cultures Urbaines, en un clic  !\",\"publisher\":{\"@id\":\"https:\/\/culturbaine.com\/#organization\"},\"potentialAction\":[{\"@type\":\"SearchAction\",\"target\":{\"@type\":\"EntryPoint\",\"urlTemplate\":\"https:\/\/culturbaine.com\/?s={search_term_string}\"},\"query-input\":{\"@type\":\"PropertyValueSpecification\",\"valueRequired\":true,\"valueName\":\"search_term_string\"}}],\"inLanguage\":\"fr-FR\"},{\"@type\":\"Organization\",\"@id\":\"https:\/\/culturbaine.com\/#organization\",\"name\":\"Culturbaine.com\",\"url\":\"https:\/\/culturbaine.com\/\",\"logo\":{\"@type\":\"ImageObject\",\"inLanguage\":\"fr-FR\",\"@id\":\"https:\/\/culturbaine.com\/#\/schema\/logo\/image\/\",\"url\":\"https:\/\/culturbaine.com\/wp-content\/uploads\/2023\/07\/WhatsApp-Image-2023-07-17-at-14.38.18.jpeg\",\"contentUrl\":\"https:\/\/culturbaine.com\/wp-content\/uploads\/2023\/07\/WhatsApp-Image-2023-07-17-at-14.38.18.jpeg\",\"width\":855,\"height\":270,\"caption\":\"Culturbaine.com\"},\"image\":{\"@id\":\"https:\/\/culturbaine.com\/#\/schema\/logo\/image\/\"},\"sameAs\":[\"https:\/\/www.facebook.com\/Culturbaines\",\"https:\/\/x.com\/culturbaines\"]},{\"@type\":\"Person\",\"@id\":\"https:\/\/culturbaine.com\/#\/schema\/person\/42eb7485c572e0746c1ea6b8216c3814\",\"name\":\"admin1\",\"image\":{\"@type\":\"ImageObject\",\"inLanguage\":\"fr-FR\",\"@id\":\"https:\/\/culturbaine.com\/#\/schema\/person\/image\/\",\"url\":\"https:\/\/secure.gravatar.com\/avatar\/c268f4d483ce0486e5a10fee87bbf756?s=96&d=mm&r=g\",\"contentUrl\":\"https:\/\/secure.gravatar.com\/avatar\/c268f4d483ce0486e5a10fee87bbf756?s=96&d=mm&r=g\",\"caption\":\"admin1\"},\"url\":\"https:\/\/culturbaine.com\/index.php\/author\/admin1\/\"}]}<\/script>\n<!-- \/ Yoast SEO Premium plugin. -->","yoast_head_json":{"title":"Le beatbox fran\u00e7ais en deuil : Nayax n'est plus ! - Culturbaine","robots":{"index":"index","follow":"follow","max-snippet":"max-snippet:-1","max-image-preview":"max-image-preview:large","max-video-preview":"max-video-preview:-1"},"canonical":"https:\/\/culturbaine.com\/index.php\/2024\/05\/18\/le-beatbox-francais-en-deuil-nayax-nest-plus\/","og_locale":"fr_FR","og_type":"article","og_title":"Le beatbox fran\u00e7ais en deuil : Nayax n'est plus !","og_description":"C&rsquo;est sans doute l&rsquo;une des tr\u00e8s mauvaises nouvelles qui vient frapper \u00e0 la porte de la communaut\u00e9 beatbox mondiale, en particulier celle fran\u00e7aise. Le beatboxer Nayax n&rsquo;est plus. D\u00e9c\u00e8s survenu ce vendredi 17 mai 2024 \u00e0 l&rsquo;\u00e2ge de 25 ans. Surnomm\u00e9 Grizou lors des qualifications au championnat de France en 2017, il \u00e9tait un jeune [&hellip;]","og_url":"https:\/\/culturbaine.com\/index.php\/2024\/05\/18\/le-beatbox-francais-en-deuil-nayax-nest-plus\/","og_site_name":"Culturbaine","article_publisher":"https:\/\/www.facebook.com\/Culturbaines","article_published_time":"2024-05-18T11:14:49+00:00","og_image":[{"width":718,"height":428,"url":"https:\/\/culturbaine.com\/wp-content\/uploads\/2024\/05\/17160292328362.jpg","type":"image\/jpeg"}],"author":"admin1","twitter_card":"summary_large_image","twitter_creator":"@culturbaines","twitter_site":"@culturbaines","twitter_misc":{"\u00c9crit par":"admin1","Dur\u00e9e de lecture estim\u00e9e":"1 minute"},"schema":{"@context":"https:\/\/schema.org","@graph":[{"@type":"Article","@id":"https:\/\/culturbaine.com\/index.php\/2024\/05\/18\/le-beatbox-francais-en-deuil-nayax-nest-plus\/#article","isPartOf":{"@id":"https:\/\/culturbaine.com\/index.php\/2024\/05\/18\/le-beatbox-francais-en-deuil-nayax-nest-plus\/"},"author":{"name":"admin1","@id":"https:\/\/culturbaine.com\/#\/schema\/person\/42eb7485c572e0746c1ea6b8216c3814"},"headline":"Le beatbox fran\u00e7ais en deuil : Nayax n&rsquo;est plus !","datePublished":"2024-05-18T11:14:49+00:00","dateModified":"2024-05-18T11:14:49+00:00","mainEntityOfPage":{"@id":"https:\/\/culturbaine.com\/index.php\/2024\/05\/18\/le-beatbox-francais-en-deuil-nayax-nest-plus\/"},"wordCount":166,"publisher":{"@id":"https:\/\/culturbaine.com\/#organization"},"image":{"@id":"https:\/\/culturbaine.com\/index.php\/2024\/05\/18\/le-beatbox-francais-en-deuil-nayax-nest-plus\/#primaryimage"},"thumbnailUrl":"https:\/\/culturbaine.com\/wp-content\/uploads\/2024\/05\/17160292328362.jpg","keywords":["BeatBox","beatbox fran\u00e7ais","Nayax n'est plus"],"articleSection":["Actualit\u00e9"],"inLanguage":"fr-FR"},{"@type":"WebPage","@id":"https:\/\/culturbaine.com\/index.php\/2024\/05\/18\/le-beatbox-francais-en-deuil-nayax-nest-plus\/","url":"https:\/\/culturbaine.com\/index.php\/2024\/05\/18\/le-beatbox-francais-en-deuil-nayax-nest-plus\/","name":"Le beatbox fran\u00e7ais en deuil : Nayax n'est plus ! - Culturbaine","isPartOf":{"@id":"https:\/\/culturbaine.com\/#website"},"primaryImageOfPage":{"@id":"https:\/\/culturbaine.com\/index.php\/2024\/05\/18\/le-beatbox-francais-en-deuil-nayax-nest-plus\/#primaryimage"},"image":{"@id":"https:\/\/culturbaine.com\/index.php\/2024\/05\/18\/le-beatbox-francais-en-deuil-nayax-nest-plus\/#primaryimage"},"thumbnailUrl":"https:\/\/culturbaine.com\/wp-content\/uploads\/2024\/05\/17160292328362.jpg","datePublished":"2024-05-18T11:14:49+00:00","dateModified":"2024-05-18T11:14:49+00:00","breadcrumb":{"@id":"https:\/\/culturbaine.com\/index.php\/2024\/05\/18\/le-beatbox-francais-en-deuil-nayax-nest-plus\/#breadcrumb"},"inLanguage":"fr-FR","potentialAction":[{"@type":"ReadAction","target":["https:\/\/culturbaine.com\/index.php\/2024\/05\/18\/le-beatbox-francais-en-deuil-nayax-nest-plus\/"]}]},{"@type":"ImageObject","inLanguage":"fr-FR","@id":"https:\/\/culturbaine.com\/index.php\/2024\/05\/18\/le-beatbox-francais-en-deuil-nayax-nest-plus\/#primaryimage","url":"https:\/\/culturbaine.com\/wp-content\/uploads\/2024\/05\/17160292328362.jpg","contentUrl":"https:\/\/culturbaine.com\/wp-content\/uploads\/2024\/05\/17160292328362.jpg","width":718,"height":428},{"@type":"BreadcrumbList","@id":"https:\/\/culturbaine.com\/index.php\/2024\/05\/18\/le-beatbox-francais-en-deuil-nayax-nest-plus\/#breadcrumb","itemListElement":[{"@type":"ListItem","position":1,"name":"Home","item":"https:\/\/culturbaine.com\/"},{"@type":"ListItem","position":2,"name":"Le beatbox fran\u00e7ais en deuil : Nayax n&rsquo;est plus !"}]},{"@type":"WebSite","@id":"https:\/\/culturbaine.com\/#website","url":"https:\/\/culturbaine.com\/","name":"Culturbaine.com","description":"Toute l&#039;actualit\u00e9 des Cultures Urbaines, en un clic  !","publisher":{"@id":"https:\/\/culturbaine.com\/#organization"},"potentialAction":[{"@type":"SearchAction","target":{"@type":"EntryPoint","urlTemplate":"https:\/\/culturbaine.com\/?s={search_term_string}"},"query-input":{"@type":"PropertyValueSpecification","valueRequired":true,"valueName":"search_term_string"}}],"inLanguage":"fr-FR"},{"@type":"Organization","@id":"https:\/\/culturbaine.com\/#organization","name":"Culturbaine.com","url":"https:\/\/culturbaine.com\/","logo":{"@type":"ImageObject","inLanguage":"fr-FR","@id":"https:\/\/culturbaine.com\/#\/schema\/logo\/image\/","url":"https:\/\/culturbaine.com\/wp-content\/uploads\/2023\/07\/WhatsApp-Image-2023-07-17-at-14.38.18.jpeg","contentUrl":"https:\/\/culturbaine.com\/wp-content\/uploads\/2023\/07\/WhatsApp-Image-2023-07-17-at-14.38.18.jpeg","width":855,"height":270,"caption":"Culturbaine.com"},"image":{"@id":"https:\/\/culturbaine.com\/#\/schema\/logo\/image\/"},"sameAs":["https:\/\/www.facebook.com\/Culturbaines","https:\/\/x.com\/culturbaines"]},{"@type":"Person","@id":"https:\/\/culturbaine.com\/#\/schema\/person\/42eb7485c572e0746c1ea6b8216c3814","name":"admin1","image":{"@type":"ImageObject","inLanguage":"fr-FR","@id":"https:\/\/culturbaine.com\/#\/schema\/person\/image\/","url":"https:\/\/secure.gravatar.com\/avatar\/c268f4d483ce0486e5a10fee87bbf756?s=96&d=mm&r=g","contentUrl":"https:\/\/secure.gravatar.com\/avatar\/c268f4d483ce0486e5a10fee87bbf756?s=96&d=mm&r=g","caption":"admin1"},"url":"https:\/\/culturbaine.com\/index.php\/author\/admin1\/"}]}},"_links":{"self":[{"href":"https:\/\/culturbaine.com\/index.php\/wp-json\/wp\/v2\/posts\/6268"}],"collection":[{"href":"https:\/\/culturbaine.com\/index.php\/wp-json\/wp\/v2\/posts"}],"about":[{"href":"https:\/\/culturbaine.com\/index.php\/wp-json\/wp\/v2\/types\/post"}],"author":[{"embeddable":true,"href":"https:\/\/culturbaine.com\/index.php\/wp-json\/wp\/v2\/users\/2"}],"replies":[{"embeddable":true,"href":"https:\/\/culturbaine.com\/index.php\/wp-json\/wp\/v2\/comments?post=6268"}],"version-history":[{"count":0,"href":"https:\/\/culturbaine.com\/index.php\/wp-json\/wp\/v2\/posts\/6268\/revisions"}],"wp:featuredmedia":[{"embeddable":true,"href":"https:\/\/culturbaine.com\/index.php\/wp-json\/wp\/v2\/media\/6270"}],"wp:attachment":[{"href":"https:\/\/culturbaine.com\/index.php\/wp-json\/wp\/v2\/media?parent=6268"}],"wp:term":[{"taxonomy":"category","embeddable":true,"href":"https:\/\/culturbaine.com\/index.php\/wp-json\/wp\/v2\/categories?post=6268"},{"taxonomy":"post_tag","embeddable":true,"href":"https:\/\/culturbaine.com\/index.php\/wp-json\/wp\/v2\/tags?post=6268"}],"curies":[{"name":"wp","href":"https:\/\/api.w.org\/{rel}","templated":true}]}}