{"id":6234,"date":"2024-05-16T16:13:13","date_gmt":"2024-05-16T16:13:13","guid":{"rendered":"https:\/\/culturbaine.com\/?p=6234"},"modified":"2024-05-16T16:13:13","modified_gmt":"2024-05-16T16:13:13","slug":"street-art-fest-grenoble-alpes-annonce-sa-10e-edition","status":"publish","type":"post","link":"https:\/\/culturbaine.com\/index.php\/2024\/05\/16\/street-art-fest-grenoble-alpes-annonce-sa-10e-edition\/","title":{"rendered":"Street Art Fest Grenoble-Alpes annonce sa 10e \u00e9dition !"},"content":{"rendered":"<p><span>Le <\/span><b>Street Art Fest Grenoble Alpes<\/b><span> est une exp\u00e9rience immersive qui c\u00e9l\u00e8bre la diversit\u00e9 culturelle, l\u2019expression des id\u00e9es et la beaut\u00e9 de l\u2019art urbain. C\u2019est \u00e9galement un vecteur de cr\u00e9ation artistique. Ce projet se base sur deux objectifs forts : l\u2019accessibilit\u00e9 pour toutes et tous \u00e0 la r\u00e9alisation d\u2019\u0153uvres artistiques et la sensibilisation des diff\u00e9rents publics \u00e0 cette discipline en pleine expansion.<\/span><\/p>\n<p><span style=\"font-weight: 400;\">\u00c0 l&rsquo;occasion de cette 10e \u00e9dition qui s&rsquo;annonce en grande pompe et qui aura lieu du 24 mai au 30 juin 2024, un programme in\u00e9dit, riche en cr\u00e9ativit\u00e9, a \u00e9t\u00e9 propos\u00e9 par les organisateurs. Des concerts, expositions, visites guid\u00e9es, ateliers, street art runs\u2026 divers \u00e9v\u00e9nements culturels sont au rendez-vous pour inspirer et \u00e9duquer les plus jeunes comme les plus grands.<\/span><\/p>\n<p><img loading=\"lazy\" decoding=\"async\" class=\"alignnone size-medium wp-image-6236\" src=\"https:\/\/culturbaine.com\/wp-content\/uploads\/2024\/05\/1715871089840-240x300.jpg\" alt=\"\" width=\"240\" height=\"300\" srcset=\"https:\/\/culturbaine.com\/wp-content\/uploads\/2024\/05\/1715871089840-240x300.jpg 240w, https:\/\/culturbaine.com\/wp-content\/uploads\/2024\/05\/1715871089840.jpg 720w\" sizes=\"(max-width: 240px) 100vw, 240px\" \/><\/p>\n<p><span style=\"font-weight: 400;\">Contrairement aux ann\u00e9es pr\u00e9c\u00e9dentes, une trentaine de r\u00e9alisations sont attendues dans les 9 villes participantes. Et des artistes locaux et internationaux (re)viennent pour toujours plus de couleurs vives, de formes audacieuses et de messages inspirants.<\/span><\/p>\n<p><span style=\"font-weight: 400;\">Save the date<\/span><\/p>\n<p><b>Mohamed Cinq Sylla<\/b><\/p>\n","protected":false},"excerpt":{"rendered":"<p>Le Street Art Fest Grenoble Alpes est une exp\u00e9rience immersive qui c\u00e9l\u00e8bre la diversit\u00e9 culturelle, l\u2019expression des id\u00e9es et la beaut\u00e9 de l\u2019art urbain. C\u2019est \u00e9galement un vecteur de cr\u00e9ation artistique. Ce projet se base sur deux objectifs forts : l\u2019accessibilit\u00e9 pour toutes et tous \u00e0 la r\u00e9alisation d\u2019\u0153uvres artistiques et la sensibilisation des diff\u00e9rents [&hellip;]<\/p>\n","protected":false},"author":2,"featured_media":6237,"comment_status":"closed","ping_status":"closed","sticky":false,"template":"","format":"standard","meta":{"_mi_skip_tracking":false,"_monsterinsights_sitenote_active":false,"_monsterinsights_sitenote_note":"","_monsterinsights_sitenote_category":0,"footnotes":""},"categories":[21,33],"tags":[2309,182,2325],"class_list":["post-6234","post","type-post","status-publish","format-standard","has-post-thumbnail","hentry","category-actualite","category-agenda","tag-acte-10","tag-france","tag-street-art-fest-grenoble-alpes"],"yoast_head":"<!-- This site is optimized with the Yoast SEO Premium plugin v20.1 (Yoast SEO v24.0) - https:\/\/yoast.com\/wordpress\/plugins\/seo\/ -->\n<title>Street Art Fest Grenoble-Alpes annonce sa 10e \u00e9dition ! - Culturbaine<\/title>\n<meta name=\"robots\" content=\"index, follow, max-snippet:-1, max-image-preview:large, max-video-preview:-1\" \/>\n<link rel=\"canonical\" href=\"https:\/\/culturbaine.com\/index.php\/2024\/05\/16\/street-art-fest-grenoble-alpes-annonce-sa-10e-edition\/\" \/>\n<meta property=\"og:locale\" content=\"fr_FR\" \/>\n<meta property=\"og:type\" content=\"article\" \/>\n<meta property=\"og:title\" content=\"Street Art Fest Grenoble-Alpes annonce sa 10e \u00e9dition !\" \/>\n<meta property=\"og:description\" content=\"Le Street Art Fest Grenoble Alpes est une exp\u00e9rience immersive qui c\u00e9l\u00e8bre la diversit\u00e9 culturelle, l\u2019expression des id\u00e9es et la beaut\u00e9 de l\u2019art urbain. C\u2019est \u00e9galement un vecteur de cr\u00e9ation artistique. Ce projet se base sur deux objectifs forts : l\u2019accessibilit\u00e9 pour toutes et tous \u00e0 la r\u00e9alisation d\u2019\u0153uvres artistiques et la sensibilisation des diff\u00e9rents [&hellip;]\" \/>\n<meta property=\"og:url\" content=\"https:\/\/culturbaine.com\/index.php\/2024\/05\/16\/street-art-fest-grenoble-alpes-annonce-sa-10e-edition\/\" \/>\n<meta property=\"og:site_name\" content=\"Culturbaine\" \/>\n<meta property=\"article:publisher\" content=\"https:\/\/www.facebook.com\/Culturbaines\" \/>\n<meta property=\"article:published_time\" content=\"2024-05-16T16:13:13+00:00\" \/>\n<meta property=\"og:image\" content=\"https:\/\/culturbaine.com\/wp-content\/uploads\/2024\/05\/design-sans-titre-10-960x640-1.jpg\" \/>\n\t<meta property=\"og:image:width\" content=\"960\" \/>\n\t<meta property=\"og:image:height\" content=\"586\" \/>\n\t<meta property=\"og:image:type\" content=\"image\/jpeg\" \/>\n<meta name=\"author\" content=\"admin1\" \/>\n<meta name=\"twitter:card\" content=\"summary_large_image\" \/>\n<meta name=\"twitter:creator\" content=\"@culturbaines\" \/>\n<meta name=\"twitter:site\" content=\"@culturbaines\" \/>\n<meta name=\"twitter:label1\" content=\"\u00c9crit par\" \/>\n\t<meta name=\"twitter:data1\" content=\"admin1\" \/>\n\t<meta name=\"twitter:label2\" content=\"Dur\u00e9e de lecture estim\u00e9e\" \/>\n\t<meta name=\"twitter:data2\" content=\"2 minutes\" \/>\n<script type=\"application\/ld+json\" class=\"yoast-schema-graph\">{\"@context\":\"https:\/\/schema.org\",\"@graph\":[{\"@type\":\"Article\",\"@id\":\"https:\/\/culturbaine.com\/index.php\/2024\/05\/16\/street-art-fest-grenoble-alpes-annonce-sa-10e-edition\/#article\",\"isPartOf\":{\"@id\":\"https:\/\/culturbaine.com\/index.php\/2024\/05\/16\/street-art-fest-grenoble-alpes-annonce-sa-10e-edition\/\"},\"author\":{\"name\":\"admin1\",\"@id\":\"https:\/\/culturbaine.com\/#\/schema\/person\/42eb7485c572e0746c1ea6b8216c3814\"},\"headline\":\"Street Art Fest Grenoble-Alpes annonce sa 10e \u00e9dition !\",\"datePublished\":\"2024-05-16T16:13:13+00:00\",\"dateModified\":\"2024-05-16T16:13:13+00:00\",\"mainEntityOfPage\":{\"@id\":\"https:\/\/culturbaine.com\/index.php\/2024\/05\/16\/street-art-fest-grenoble-alpes-annonce-sa-10e-edition\/\"},\"wordCount\":186,\"publisher\":{\"@id\":\"https:\/\/culturbaine.com\/#organization\"},\"image\":{\"@id\":\"https:\/\/culturbaine.com\/index.php\/2024\/05\/16\/street-art-fest-grenoble-alpes-annonce-sa-10e-edition\/#primaryimage\"},\"thumbnailUrl\":\"https:\/\/culturbaine.com\/wp-content\/uploads\/2024\/05\/design-sans-titre-10-960x640-1.jpg\",\"keywords\":[\"Acte 10\",\"France !\",\"Street Art Fest Grenoble-Alpes\"],\"articleSection\":[\"Actualit\u00e9\",\"Agenda\"],\"inLanguage\":\"fr-FR\"},{\"@type\":\"WebPage\",\"@id\":\"https:\/\/culturbaine.com\/index.php\/2024\/05\/16\/street-art-fest-grenoble-alpes-annonce-sa-10e-edition\/\",\"url\":\"https:\/\/culturbaine.com\/index.php\/2024\/05\/16\/street-art-fest-grenoble-alpes-annonce-sa-10e-edition\/\",\"name\":\"Street Art Fest Grenoble-Alpes annonce sa 10e \u00e9dition ! - Culturbaine\",\"isPartOf\":{\"@id\":\"https:\/\/culturbaine.com\/#website\"},\"primaryImageOfPage\":{\"@id\":\"https:\/\/culturbaine.com\/index.php\/2024\/05\/16\/street-art-fest-grenoble-alpes-annonce-sa-10e-edition\/#primaryimage\"},\"image\":{\"@id\":\"https:\/\/culturbaine.com\/index.php\/2024\/05\/16\/street-art-fest-grenoble-alpes-annonce-sa-10e-edition\/#primaryimage\"},\"thumbnailUrl\":\"https:\/\/culturbaine.com\/wp-content\/uploads\/2024\/05\/design-sans-titre-10-960x640-1.jpg\",\"datePublished\":\"2024-05-16T16:13:13+00:00\",\"dateModified\":\"2024-05-16T16:13:13+00:00\",\"breadcrumb\":{\"@id\":\"https:\/\/culturbaine.com\/index.php\/2024\/05\/16\/street-art-fest-grenoble-alpes-annonce-sa-10e-edition\/#breadcrumb\"},\"inLanguage\":\"fr-FR\",\"potentialAction\":[{\"@type\":\"ReadAction\",\"target\":[\"https:\/\/culturbaine.com\/index.php\/2024\/05\/16\/street-art-fest-grenoble-alpes-annonce-sa-10e-edition\/\"]}]},{\"@type\":\"ImageObject\",\"inLanguage\":\"fr-FR\",\"@id\":\"https:\/\/culturbaine.com\/index.php\/2024\/05\/16\/street-art-fest-grenoble-alpes-annonce-sa-10e-edition\/#primaryimage\",\"url\":\"https:\/\/culturbaine.com\/wp-content\/uploads\/2024\/05\/design-sans-titre-10-960x640-1.jpg\",\"contentUrl\":\"https:\/\/culturbaine.com\/wp-content\/uploads\/2024\/05\/design-sans-titre-10-960x640-1.jpg\",\"width\":960,\"height\":586},{\"@type\":\"BreadcrumbList\",\"@id\":\"https:\/\/culturbaine.com\/index.php\/2024\/05\/16\/street-art-fest-grenoble-alpes-annonce-sa-10e-edition\/#breadcrumb\",\"itemListElement\":[{\"@type\":\"ListItem\",\"position\":1,\"name\":\"Home\",\"item\":\"https:\/\/culturbaine.com\/\"},{\"@type\":\"ListItem\",\"position\":2,\"name\":\"Street Art Fest Grenoble-Alpes annonce sa 10e \u00e9dition !\"}]},{\"@type\":\"WebSite\",\"@id\":\"https:\/\/culturbaine.com\/#website\",\"url\":\"https:\/\/culturbaine.com\/\",\"name\":\"Culturbaine.com\",\"description\":\"Toute l&#039;actualit\u00e9 des Cultures Urbaines, en un clic  !\",\"publisher\":{\"@id\":\"https:\/\/culturbaine.com\/#organization\"},\"potentialAction\":[{\"@type\":\"SearchAction\",\"target\":{\"@type\":\"EntryPoint\",\"urlTemplate\":\"https:\/\/culturbaine.com\/?s={search_term_string}\"},\"query-input\":{\"@type\":\"PropertyValueSpecification\",\"valueRequired\":true,\"valueName\":\"search_term_string\"}}],\"inLanguage\":\"fr-FR\"},{\"@type\":\"Organization\",\"@id\":\"https:\/\/culturbaine.com\/#organization\",\"name\":\"Culturbaine.com\",\"url\":\"https:\/\/culturbaine.com\/\",\"logo\":{\"@type\":\"ImageObject\",\"inLanguage\":\"fr-FR\",\"@id\":\"https:\/\/culturbaine.com\/#\/schema\/logo\/image\/\",\"url\":\"https:\/\/culturbaine.com\/wp-content\/uploads\/2023\/07\/WhatsApp-Image-2023-07-17-at-14.38.18.jpeg\",\"contentUrl\":\"https:\/\/culturbaine.com\/wp-content\/uploads\/2023\/07\/WhatsApp-Image-2023-07-17-at-14.38.18.jpeg\",\"width\":855,\"height\":270,\"caption\":\"Culturbaine.com\"},\"image\":{\"@id\":\"https:\/\/culturbaine.com\/#\/schema\/logo\/image\/\"},\"sameAs\":[\"https:\/\/www.facebook.com\/Culturbaines\",\"https:\/\/x.com\/culturbaines\"]},{\"@type\":\"Person\",\"@id\":\"https:\/\/culturbaine.com\/#\/schema\/person\/42eb7485c572e0746c1ea6b8216c3814\",\"name\":\"admin1\",\"image\":{\"@type\":\"ImageObject\",\"inLanguage\":\"fr-FR\",\"@id\":\"https:\/\/culturbaine.com\/#\/schema\/person\/image\/\",\"url\":\"https:\/\/secure.gravatar.com\/avatar\/c268f4d483ce0486e5a10fee87bbf756?s=96&d=mm&r=g\",\"contentUrl\":\"https:\/\/secure.gravatar.com\/avatar\/c268f4d483ce0486e5a10fee87bbf756?s=96&d=mm&r=g\",\"caption\":\"admin1\"},\"url\":\"https:\/\/culturbaine.com\/index.php\/author\/admin1\/\"}]}<\/script>\n<!-- \/ Yoast SEO Premium plugin. -->","yoast_head_json":{"title":"Street Art Fest Grenoble-Alpes annonce sa 10e \u00e9dition ! - Culturbaine","robots":{"index":"index","follow":"follow","max-snippet":"max-snippet:-1","max-image-preview":"max-image-preview:large","max-video-preview":"max-video-preview:-1"},"canonical":"https:\/\/culturbaine.com\/index.php\/2024\/05\/16\/street-art-fest-grenoble-alpes-annonce-sa-10e-edition\/","og_locale":"fr_FR","og_type":"article","og_title":"Street Art Fest Grenoble-Alpes annonce sa 10e \u00e9dition !","og_description":"Le Street Art Fest Grenoble Alpes est une exp\u00e9rience immersive qui c\u00e9l\u00e8bre la diversit\u00e9 culturelle, l\u2019expression des id\u00e9es et la beaut\u00e9 de l\u2019art urbain. C\u2019est \u00e9galement un vecteur de cr\u00e9ation artistique. Ce projet se base sur deux objectifs forts : l\u2019accessibilit\u00e9 pour toutes et tous \u00e0 la r\u00e9alisation d\u2019\u0153uvres artistiques et la sensibilisation des diff\u00e9rents [&hellip;]","og_url":"https:\/\/culturbaine.com\/index.php\/2024\/05\/16\/street-art-fest-grenoble-alpes-annonce-sa-10e-edition\/","og_site_name":"Culturbaine","article_publisher":"https:\/\/www.facebook.com\/Culturbaines","article_published_time":"2024-05-16T16:13:13+00:00","og_image":[{"width":960,"height":586,"url":"https:\/\/culturbaine.com\/wp-content\/uploads\/2024\/05\/design-sans-titre-10-960x640-1.jpg","type":"image\/jpeg"}],"author":"admin1","twitter_card":"summary_large_image","twitter_creator":"@culturbaines","twitter_site":"@culturbaines","twitter_misc":{"\u00c9crit par":"admin1","Dur\u00e9e de lecture estim\u00e9e":"2 minutes"},"schema":{"@context":"https:\/\/schema.org","@graph":[{"@type":"Article","@id":"https:\/\/culturbaine.com\/index.php\/2024\/05\/16\/street-art-fest-grenoble-alpes-annonce-sa-10e-edition\/#article","isPartOf":{"@id":"https:\/\/culturbaine.com\/index.php\/2024\/05\/16\/street-art-fest-grenoble-alpes-annonce-sa-10e-edition\/"},"author":{"name":"admin1","@id":"https:\/\/culturbaine.com\/#\/schema\/person\/42eb7485c572e0746c1ea6b8216c3814"},"headline":"Street Art Fest Grenoble-Alpes annonce sa 10e \u00e9dition !","datePublished":"2024-05-16T16:13:13+00:00","dateModified":"2024-05-16T16:13:13+00:00","mainEntityOfPage":{"@id":"https:\/\/culturbaine.com\/index.php\/2024\/05\/16\/street-art-fest-grenoble-alpes-annonce-sa-10e-edition\/"},"wordCount":186,"publisher":{"@id":"https:\/\/culturbaine.com\/#organization"},"image":{"@id":"https:\/\/culturbaine.com\/index.php\/2024\/05\/16\/street-art-fest-grenoble-alpes-annonce-sa-10e-edition\/#primaryimage"},"thumbnailUrl":"https:\/\/culturbaine.com\/wp-content\/uploads\/2024\/05\/design-sans-titre-10-960x640-1.jpg","keywords":["Acte 10","France !","Street Art Fest Grenoble-Alpes"],"articleSection":["Actualit\u00e9","Agenda"],"inLanguage":"fr-FR"},{"@type":"WebPage","@id":"https:\/\/culturbaine.com\/index.php\/2024\/05\/16\/street-art-fest-grenoble-alpes-annonce-sa-10e-edition\/","url":"https:\/\/culturbaine.com\/index.php\/2024\/05\/16\/street-art-fest-grenoble-alpes-annonce-sa-10e-edition\/","name":"Street Art Fest Grenoble-Alpes annonce sa 10e \u00e9dition ! - Culturbaine","isPartOf":{"@id":"https:\/\/culturbaine.com\/#website"},"primaryImageOfPage":{"@id":"https:\/\/culturbaine.com\/index.php\/2024\/05\/16\/street-art-fest-grenoble-alpes-annonce-sa-10e-edition\/#primaryimage"},"image":{"@id":"https:\/\/culturbaine.com\/index.php\/2024\/05\/16\/street-art-fest-grenoble-alpes-annonce-sa-10e-edition\/#primaryimage"},"thumbnailUrl":"https:\/\/culturbaine.com\/wp-content\/uploads\/2024\/05\/design-sans-titre-10-960x640-1.jpg","datePublished":"2024-05-16T16:13:13+00:00","dateModified":"2024-05-16T16:13:13+00:00","breadcrumb":{"@id":"https:\/\/culturbaine.com\/index.php\/2024\/05\/16\/street-art-fest-grenoble-alpes-annonce-sa-10e-edition\/#breadcrumb"},"inLanguage":"fr-FR","potentialAction":[{"@type":"ReadAction","target":["https:\/\/culturbaine.com\/index.php\/2024\/05\/16\/street-art-fest-grenoble-alpes-annonce-sa-10e-edition\/"]}]},{"@type":"ImageObject","inLanguage":"fr-FR","@id":"https:\/\/culturbaine.com\/index.php\/2024\/05\/16\/street-art-fest-grenoble-alpes-annonce-sa-10e-edition\/#primaryimage","url":"https:\/\/culturbaine.com\/wp-content\/uploads\/2024\/05\/design-sans-titre-10-960x640-1.jpg","contentUrl":"https:\/\/culturbaine.com\/wp-content\/uploads\/2024\/05\/design-sans-titre-10-960x640-1.jpg","width":960,"height":586},{"@type":"BreadcrumbList","@id":"https:\/\/culturbaine.com\/index.php\/2024\/05\/16\/street-art-fest-grenoble-alpes-annonce-sa-10e-edition\/#breadcrumb","itemListElement":[{"@type":"ListItem","position":1,"name":"Home","item":"https:\/\/culturbaine.com\/"},{"@type":"ListItem","position":2,"name":"Street Art Fest Grenoble-Alpes annonce sa 10e \u00e9dition !"}]},{"@type":"WebSite","@id":"https:\/\/culturbaine.com\/#website","url":"https:\/\/culturbaine.com\/","name":"Culturbaine.com","description":"Toute l&#039;actualit\u00e9 des Cultures Urbaines, en un clic  !","publisher":{"@id":"https:\/\/culturbaine.com\/#organization"},"potentialAction":[{"@type":"SearchAction","target":{"@type":"EntryPoint","urlTemplate":"https:\/\/culturbaine.com\/?s={search_term_string}"},"query-input":{"@type":"PropertyValueSpecification","valueRequired":true,"valueName":"search_term_string"}}],"inLanguage":"fr-FR"},{"@type":"Organization","@id":"https:\/\/culturbaine.com\/#organization","name":"Culturbaine.com","url":"https:\/\/culturbaine.com\/","logo":{"@type":"ImageObject","inLanguage":"fr-FR","@id":"https:\/\/culturbaine.com\/#\/schema\/logo\/image\/","url":"https:\/\/culturbaine.com\/wp-content\/uploads\/2023\/07\/WhatsApp-Image-2023-07-17-at-14.38.18.jpeg","contentUrl":"https:\/\/culturbaine.com\/wp-content\/uploads\/2023\/07\/WhatsApp-Image-2023-07-17-at-14.38.18.jpeg","width":855,"height":270,"caption":"Culturbaine.com"},"image":{"@id":"https:\/\/culturbaine.com\/#\/schema\/logo\/image\/"},"sameAs":["https:\/\/www.facebook.com\/Culturbaines","https:\/\/x.com\/culturbaines"]},{"@type":"Person","@id":"https:\/\/culturbaine.com\/#\/schema\/person\/42eb7485c572e0746c1ea6b8216c3814","name":"admin1","image":{"@type":"ImageObject","inLanguage":"fr-FR","@id":"https:\/\/culturbaine.com\/#\/schema\/person\/image\/","url":"https:\/\/secure.gravatar.com\/avatar\/c268f4d483ce0486e5a10fee87bbf756?s=96&d=mm&r=g","contentUrl":"https:\/\/secure.gravatar.com\/avatar\/c268f4d483ce0486e5a10fee87bbf756?s=96&d=mm&r=g","caption":"admin1"},"url":"https:\/\/culturbaine.com\/index.php\/author\/admin1\/"}]}},"_links":{"self":[{"href":"https:\/\/culturbaine.com\/index.php\/wp-json\/wp\/v2\/posts\/6234"}],"collection":[{"href":"https:\/\/culturbaine.com\/index.php\/wp-json\/wp\/v2\/posts"}],"about":[{"href":"https:\/\/culturbaine.com\/index.php\/wp-json\/wp\/v2\/types\/post"}],"author":[{"embeddable":true,"href":"https:\/\/culturbaine.com\/index.php\/wp-json\/wp\/v2\/users\/2"}],"replies":[{"embeddable":true,"href":"https:\/\/culturbaine.com\/index.php\/wp-json\/wp\/v2\/comments?post=6234"}],"version-history":[{"count":0,"href":"https:\/\/culturbaine.com\/index.php\/wp-json\/wp\/v2\/posts\/6234\/revisions"}],"wp:featuredmedia":[{"embeddable":true,"href":"https:\/\/culturbaine.com\/index.php\/wp-json\/wp\/v2\/media\/6237"}],"wp:attachment":[{"href":"https:\/\/culturbaine.com\/index.php\/wp-json\/wp\/v2\/media?parent=6234"}],"wp:term":[{"taxonomy":"category","embeddable":true,"href":"https:\/\/culturbaine.com\/index.php\/wp-json\/wp\/v2\/categories?post=6234"},{"taxonomy":"post_tag","embeddable":true,"href":"https:\/\/culturbaine.com\/index.php\/wp-json\/wp\/v2\/tags?post=6234"}],"curies":[{"name":"wp","href":"https:\/\/api.w.org\/{rel}","templated":true}]}}