{"id":6179,"date":"2024-05-14T15:52:04","date_gmt":"2024-05-14T15:52:04","guid":{"rendered":"https:\/\/culturbaine.com\/?p=6179"},"modified":"2024-05-14T15:52:04","modified_gmt":"2024-05-14T15:52:04","slug":"3e-edition-du-festival-des-slameurs-de-lombre-4-questions-a-bademba-barry","status":"publish","type":"post","link":"https:\/\/culturbaine.com\/index.php\/2024\/05\/14\/3e-edition-du-festival-des-slameurs-de-lombre-4-questions-a-bademba-barry\/","title":{"rendered":"3e \u00c9dition du festival des slameurs de l&rsquo;ombre : 4 questions \u00e0 Bademba Barry !"},"content":{"rendered":"<p><span>Du 21 au 24 mai prochain, Conakry va abriter l&rsquo;un des gros festivals du slam et de la po\u00e9sie africaine qui est en sa 3e \u00e9dition, d\u00e9nomm\u00e9<\/span><b> Le Festival Des Slameurs de L&rsquo;ombre<\/b><span>. Dans une interview accord\u00e9e \u00e0 nos confr\u00e8res du m\u00e9dia d&rsquo;informations <\/span><b>Generations224.info<\/b><span>, l\u2019initiateur dudit festival, <\/span><b>Bademba Barry<\/b><span>, \u00ab\u00a0<\/span><b>Bad<\/b><span>\u00ab\u00a0, est revenu sur les dessous de cette grandiose \u00e9v\u00e9nement qui se pointe \u00e0 l&rsquo;horizon.<\/span><\/p>\n<p><b>Dans quelques jours, Conakry sera emport\u00e9e par la magie des mots avec la 3\u00e8me \u00e9dition du Festival des Slameurs de l\u2019ombre. Dites-nous o\u00f9 en sont les pr\u00e9paratifs.<\/b><\/p>\n<p><b>Bad<\/b><span style=\"font-weight: 400;\"> : Effectivement, dans quelques jours, nous aurons droit \u00e0 la 3\u00e8me \u00e9dition du Festival des Slameurs de l\u2019ombre. Cette ann\u00e9e, la th\u00e9matique est la suivante : \u00ab\u00a0Choisir d\u2019\u00eatre un bon citoyen est le premier acte de citoyennet\u00e9 \u00e0 poser\u00a0\u00bb. Le festival, qui se fait habituellement sur 3 jours, s\u2019\u00e9talera cette fois-ci sur 5 jours. Malgr\u00e9 la contrainte habituelle du manque de sponsors, nous y sommes presque et nous le ferons avec la mani\u00e8re insha Allah.<\/span><\/p>\n<p><b>Le th\u00e8me de cette ann\u00e9e aborde la citoyennet\u00e9. Voulez-vous rappeler aux slameurs leur position d\u2019artistes engag\u00e9s ou est-ce un appel \u00e0 l\u2019\u00e9veil des consciences ?<\/b><\/p>\n<p><b>Bad<\/b><span style=\"font-weight: 400;\"> : Tout d\u2019abord, rappeler aux slameurs leur position d\u2019artistes engag\u00e9s, mais aussi le rappeler \u00e0 tous les autres artistes. C\u2019est aussi un appel et un \u00e9veil des consciences pour les populations. Nous essayons de dire que quelles que soient les infrastructures, les campagnes de sensibilisation ou quoi que ce soit, nous ne serons pas de bons citoyens si nous ne conditionnons pas au pr\u00e9alable nos esprits \u00e0 l\u2019\u00eatre. Tout va de l\u2019acceptation de chacun d\u2019entre nous. C\u2019est psychologique\u2026 Si ce travail de synchronisation interne n\u2019est pas fait de fa\u00e7on personnelle et individuelle, nous ne pourrons jamais rem\u00e9dier aux probl\u00e8mes de civisme et de citoyennet\u00e9 dans ce pays. Voil\u00e0 le message que nous voulons faire passer cette ann\u00e9e. D\u2019ailleurs, une conf\u00e9rence sur cette th\u00e9matique sera tenue le jour de la grande c\u00e9r\u00e9monie d\u2019ouverture du festival, par M. Khalifa Gassama Diaby, ex-ministre des droits de l\u2019Homme et des libert\u00e9s publiques.<\/span><\/p>\n<p><b>Le line-up n\u2019a pas encore \u00e9t\u00e9 d\u00e9voil\u00e9. Allons-nous assister \u00e0 l\u2019arriv\u00e9e de slameurs venus d\u2019autres pays ? Si oui, lesquels ?<\/b><\/p>\n<p><b>Bad<\/b><span style=\"font-weight: 400;\"> : D\u00e9j\u00e0, il faut retenir que malgr\u00e9 toutes les difficult\u00e9s financi\u00e8res et le manque de sponsors, la troisi\u00e8me \u00e9dition du Festival des Slameurs de l\u2019ombre a tenu sa promesse d\u2019\u00eatre gratuite (sur carte d\u2019invitation). C\u2019\u00e9tait important pour nous de relever ce d\u00e9fi pour vraiment prouver que nous sommes une activit\u00e9 \u00e0 but non lucratif. Nous le faisons par amour pour la po\u00e9sie, la litt\u00e9rature, l\u2019art en g\u00e9n\u00e9ral, mais aussi par amour pour la patrie et les changements positifs que nous apportons. Une seule artiste du nom de Mariusca la slameuse, qui nous vient tout droit de Brazzaville au Congo, sera notre invit\u00e9e cette ann\u00e9e. Elle est aujourd\u2019hui l\u2019un des plus grands visages du slam sur le continent. Vous verrez sa prestation le 24 mai au CCFG. Je n\u2019en dirai pas plus\u2026<\/span><\/p>\n<p><b>Le Festival Les Slameurs de l\u2019ombre a grandi. Partagez avec nous une anecdote qui vous pousse \u00e0 l\u2019organiser chaque ann\u00e9e<\/b><span style=\"font-weight: 400;\">.<\/span><\/p>\n<p><b>Bad<\/b><span style=\"font-weight: 400;\"> : Le festival a grandi, oui. Nous en sommes ravis et satisfaits, mes \u00e9quipes et moi. Chaque ann\u00e9e, il y a une anecdote (rire). Je me rappelle, lors de la premi\u00e8re \u00e9dition, Lamine Guirassy avait commenc\u00e9 \u00e0 diffuser un spot \u00ab\u00a0Bient\u00f4t\u00a0\u00bb quelques jours apr\u00e8s notre conversation sur mes ambitions de monter sur sc\u00e8ne. Rien n&rsquo;\u00e9tait pr\u00eat, absolument rien. Cela m\u2019avait caus\u00e9 une boule au ventre mais en m\u00eame temps, c\u2019\u00e9tait une source de motivation. Lors de la seconde \u00e9dition aussi, quand nous avons annonc\u00e9 le stade, nombreux sont ceux qui ont dit qu\u2019on avait pris la grosse t\u00eate et que jamais nous ne pourrions le faire. Mais une fois de plus, nous avons r\u00e9uni pr\u00e8s de 5000 personnes dans un stade autour du slam. Les doutes et les manquements qui adviennent sont souvent transform\u00e9s en challenge et sources de motivation pour ma team et moi. Donc, on fonce !<\/span><\/p>\n","protected":false},"excerpt":{"rendered":"<p>Du 21 au 24 mai prochain, Conakry va abriter l&rsquo;un des gros festivals du slam et de la po\u00e9sie africaine qui est en sa 3e \u00e9dition, d\u00e9nomm\u00e9 Le Festival Des Slameurs de L&rsquo;ombre. Dans une interview accord\u00e9e \u00e0 nos confr\u00e8res du m\u00e9dia d&rsquo;informations Generations224.info, l\u2019initiateur dudit festival, Bademba Barry, \u00ab\u00a0Bad\u00ab\u00a0, est revenu sur les dessous [&hellip;]<\/p>\n","protected":false},"author":2,"featured_media":6181,"comment_status":"closed","ping_status":"closed","sticky":false,"template":"","format":"standard","meta":{"_mi_skip_tracking":false,"_monsterinsights_sitenote_active":false,"_monsterinsights_sitenote_note":"","_monsterinsights_sitenote_category":0,"footnotes":""},"categories":[21,34],"tags":[402,1782,2193],"class_list":["post-6179","post","type-post","status-publish","format-standard","has-post-thumbnail","hentry","category-actualite","category-interviews","tag-bad","tag-bademba-barry","tag-festival-des-slameurs-de-lombre"],"yoast_head":"<!-- This site is optimized with the Yoast SEO Premium plugin v20.1 (Yoast SEO v24.0) - https:\/\/yoast.com\/wordpress\/plugins\/seo\/ -->\n<title>3e \u00c9dition du festival des slameurs de l&#039;ombre : 4 questions \u00e0 Bademba Barry ! - Culturbaine<\/title>\n<meta name=\"robots\" content=\"index, follow, max-snippet:-1, max-image-preview:large, max-video-preview:-1\" \/>\n<link rel=\"canonical\" href=\"https:\/\/culturbaine.com\/index.php\/2024\/05\/14\/3e-edition-du-festival-des-slameurs-de-lombre-4-questions-a-bademba-barry\/\" \/>\n<meta property=\"og:locale\" content=\"fr_FR\" \/>\n<meta property=\"og:type\" content=\"article\" \/>\n<meta property=\"og:title\" content=\"3e \u00c9dition du festival des slameurs de l&#039;ombre : 4 questions \u00e0 Bademba Barry !\" \/>\n<meta property=\"og:description\" content=\"Du 21 au 24 mai prochain, Conakry va abriter l&rsquo;un des gros festivals du slam et de la po\u00e9sie africaine qui est en sa 3e \u00e9dition, d\u00e9nomm\u00e9 Le Festival Des Slameurs de L&rsquo;ombre. Dans une interview accord\u00e9e \u00e0 nos confr\u00e8res du m\u00e9dia d&rsquo;informations Generations224.info, l\u2019initiateur dudit festival, Bademba Barry, \u00ab\u00a0Bad\u00ab\u00a0, est revenu sur les dessous [&hellip;]\" \/>\n<meta property=\"og:url\" content=\"https:\/\/culturbaine.com\/index.php\/2024\/05\/14\/3e-edition-du-festival-des-slameurs-de-lombre-4-questions-a-bademba-barry\/\" \/>\n<meta property=\"og:site_name\" content=\"Culturbaine\" \/>\n<meta property=\"article:publisher\" content=\"https:\/\/www.facebook.com\/Culturbaines\" \/>\n<meta property=\"article:published_time\" content=\"2024-05-14T15:52:04+00:00\" \/>\n<meta property=\"og:image\" content=\"https:\/\/culturbaine.com\/wp-content\/uploads\/2024\/05\/17157015370452.jpg\" \/>\n\t<meta property=\"og:image:width\" content=\"715\" \/>\n\t<meta property=\"og:image:height\" content=\"468\" \/>\n\t<meta property=\"og:image:type\" content=\"image\/jpeg\" \/>\n<meta name=\"author\" content=\"admin1\" \/>\n<meta name=\"twitter:card\" content=\"summary_large_image\" \/>\n<meta name=\"twitter:creator\" content=\"@culturbaines\" \/>\n<meta name=\"twitter:site\" content=\"@culturbaines\" \/>\n<meta name=\"twitter:label1\" content=\"\u00c9crit par\" \/>\n\t<meta name=\"twitter:data1\" content=\"admin1\" \/>\n\t<meta name=\"twitter:label2\" content=\"Dur\u00e9e de lecture estim\u00e9e\" \/>\n\t<meta name=\"twitter:data2\" content=\"4 minutes\" \/>\n<script type=\"application\/ld+json\" class=\"yoast-schema-graph\">{\"@context\":\"https:\/\/schema.org\",\"@graph\":[{\"@type\":\"Article\",\"@id\":\"https:\/\/culturbaine.com\/index.php\/2024\/05\/14\/3e-edition-du-festival-des-slameurs-de-lombre-4-questions-a-bademba-barry\/#article\",\"isPartOf\":{\"@id\":\"https:\/\/culturbaine.com\/index.php\/2024\/05\/14\/3e-edition-du-festival-des-slameurs-de-lombre-4-questions-a-bademba-barry\/\"},\"author\":{\"name\":\"admin1\",\"@id\":\"https:\/\/culturbaine.com\/#\/schema\/person\/42eb7485c572e0746c1ea6b8216c3814\"},\"headline\":\"3e \u00c9dition du festival des slameurs de l&rsquo;ombre : 4 questions \u00e0 Bademba Barry !\",\"datePublished\":\"2024-05-14T15:52:04+00:00\",\"dateModified\":\"2024-05-14T15:52:04+00:00\",\"mainEntityOfPage\":{\"@id\":\"https:\/\/culturbaine.com\/index.php\/2024\/05\/14\/3e-edition-du-festival-des-slameurs-de-lombre-4-questions-a-bademba-barry\/\"},\"wordCount\":740,\"publisher\":{\"@id\":\"https:\/\/culturbaine.com\/#organization\"},\"image\":{\"@id\":\"https:\/\/culturbaine.com\/index.php\/2024\/05\/14\/3e-edition-du-festival-des-slameurs-de-lombre-4-questions-a-bademba-barry\/#primaryimage\"},\"thumbnailUrl\":\"https:\/\/culturbaine.com\/wp-content\/uploads\/2024\/05\/17157015370452.jpg\",\"keywords\":[\"Bad\",\"Bademba Barry\",\"Festival des Slameurs de l'ombre\"],\"articleSection\":[\"Actualit\u00e9\",\"Interviews\"],\"inLanguage\":\"fr-FR\"},{\"@type\":\"WebPage\",\"@id\":\"https:\/\/culturbaine.com\/index.php\/2024\/05\/14\/3e-edition-du-festival-des-slameurs-de-lombre-4-questions-a-bademba-barry\/\",\"url\":\"https:\/\/culturbaine.com\/index.php\/2024\/05\/14\/3e-edition-du-festival-des-slameurs-de-lombre-4-questions-a-bademba-barry\/\",\"name\":\"3e \u00c9dition du festival des slameurs de l'ombre : 4 questions \u00e0 Bademba Barry ! - Culturbaine\",\"isPartOf\":{\"@id\":\"https:\/\/culturbaine.com\/#website\"},\"primaryImageOfPage\":{\"@id\":\"https:\/\/culturbaine.com\/index.php\/2024\/05\/14\/3e-edition-du-festival-des-slameurs-de-lombre-4-questions-a-bademba-barry\/#primaryimage\"},\"image\":{\"@id\":\"https:\/\/culturbaine.com\/index.php\/2024\/05\/14\/3e-edition-du-festival-des-slameurs-de-lombre-4-questions-a-bademba-barry\/#primaryimage\"},\"thumbnailUrl\":\"https:\/\/culturbaine.com\/wp-content\/uploads\/2024\/05\/17157015370452.jpg\",\"datePublished\":\"2024-05-14T15:52:04+00:00\",\"dateModified\":\"2024-05-14T15:52:04+00:00\",\"breadcrumb\":{\"@id\":\"https:\/\/culturbaine.com\/index.php\/2024\/05\/14\/3e-edition-du-festival-des-slameurs-de-lombre-4-questions-a-bademba-barry\/#breadcrumb\"},\"inLanguage\":\"fr-FR\",\"potentialAction\":[{\"@type\":\"ReadAction\",\"target\":[\"https:\/\/culturbaine.com\/index.php\/2024\/05\/14\/3e-edition-du-festival-des-slameurs-de-lombre-4-questions-a-bademba-barry\/\"]}]},{\"@type\":\"ImageObject\",\"inLanguage\":\"fr-FR\",\"@id\":\"https:\/\/culturbaine.com\/index.php\/2024\/05\/14\/3e-edition-du-festival-des-slameurs-de-lombre-4-questions-a-bademba-barry\/#primaryimage\",\"url\":\"https:\/\/culturbaine.com\/wp-content\/uploads\/2024\/05\/17157015370452.jpg\",\"contentUrl\":\"https:\/\/culturbaine.com\/wp-content\/uploads\/2024\/05\/17157015370452.jpg\",\"width\":715,\"height\":468},{\"@type\":\"BreadcrumbList\",\"@id\":\"https:\/\/culturbaine.com\/index.php\/2024\/05\/14\/3e-edition-du-festival-des-slameurs-de-lombre-4-questions-a-bademba-barry\/#breadcrumb\",\"itemListElement\":[{\"@type\":\"ListItem\",\"position\":1,\"name\":\"Home\",\"item\":\"https:\/\/culturbaine.com\/\"},{\"@type\":\"ListItem\",\"position\":2,\"name\":\"3e \u00c9dition du festival des slameurs de l&rsquo;ombre : 4 questions \u00e0 Bademba Barry !\"}]},{\"@type\":\"WebSite\",\"@id\":\"https:\/\/culturbaine.com\/#website\",\"url\":\"https:\/\/culturbaine.com\/\",\"name\":\"Culturbaine.com\",\"description\":\"Toute l&#039;actualit\u00e9 des Cultures Urbaines, en un clic  !\",\"publisher\":{\"@id\":\"https:\/\/culturbaine.com\/#organization\"},\"potentialAction\":[{\"@type\":\"SearchAction\",\"target\":{\"@type\":\"EntryPoint\",\"urlTemplate\":\"https:\/\/culturbaine.com\/?s={search_term_string}\"},\"query-input\":{\"@type\":\"PropertyValueSpecification\",\"valueRequired\":true,\"valueName\":\"search_term_string\"}}],\"inLanguage\":\"fr-FR\"},{\"@type\":\"Organization\",\"@id\":\"https:\/\/culturbaine.com\/#organization\",\"name\":\"Culturbaine.com\",\"url\":\"https:\/\/culturbaine.com\/\",\"logo\":{\"@type\":\"ImageObject\",\"inLanguage\":\"fr-FR\",\"@id\":\"https:\/\/culturbaine.com\/#\/schema\/logo\/image\/\",\"url\":\"https:\/\/culturbaine.com\/wp-content\/uploads\/2023\/07\/WhatsApp-Image-2023-07-17-at-14.38.18.jpeg\",\"contentUrl\":\"https:\/\/culturbaine.com\/wp-content\/uploads\/2023\/07\/WhatsApp-Image-2023-07-17-at-14.38.18.jpeg\",\"width\":855,\"height\":270,\"caption\":\"Culturbaine.com\"},\"image\":{\"@id\":\"https:\/\/culturbaine.com\/#\/schema\/logo\/image\/\"},\"sameAs\":[\"https:\/\/www.facebook.com\/Culturbaines\",\"https:\/\/x.com\/culturbaines\"]},{\"@type\":\"Person\",\"@id\":\"https:\/\/culturbaine.com\/#\/schema\/person\/42eb7485c572e0746c1ea6b8216c3814\",\"name\":\"admin1\",\"image\":{\"@type\":\"ImageObject\",\"inLanguage\":\"fr-FR\",\"@id\":\"https:\/\/culturbaine.com\/#\/schema\/person\/image\/\",\"url\":\"https:\/\/secure.gravatar.com\/avatar\/c268f4d483ce0486e5a10fee87bbf756?s=96&d=mm&r=g\",\"contentUrl\":\"https:\/\/secure.gravatar.com\/avatar\/c268f4d483ce0486e5a10fee87bbf756?s=96&d=mm&r=g\",\"caption\":\"admin1\"},\"url\":\"https:\/\/culturbaine.com\/index.php\/author\/admin1\/\"}]}<\/script>\n<!-- \/ Yoast SEO Premium plugin. -->","yoast_head_json":{"title":"3e \u00c9dition du festival des slameurs de l'ombre : 4 questions \u00e0 Bademba Barry ! - Culturbaine","robots":{"index":"index","follow":"follow","max-snippet":"max-snippet:-1","max-image-preview":"max-image-preview:large","max-video-preview":"max-video-preview:-1"},"canonical":"https:\/\/culturbaine.com\/index.php\/2024\/05\/14\/3e-edition-du-festival-des-slameurs-de-lombre-4-questions-a-bademba-barry\/","og_locale":"fr_FR","og_type":"article","og_title":"3e \u00c9dition du festival des slameurs de l'ombre : 4 questions \u00e0 Bademba Barry !","og_description":"Du 21 au 24 mai prochain, Conakry va abriter l&rsquo;un des gros festivals du slam et de la po\u00e9sie africaine qui est en sa 3e \u00e9dition, d\u00e9nomm\u00e9 Le Festival Des Slameurs de L&rsquo;ombre. Dans une interview accord\u00e9e \u00e0 nos confr\u00e8res du m\u00e9dia d&rsquo;informations Generations224.info, l\u2019initiateur dudit festival, Bademba Barry, \u00ab\u00a0Bad\u00ab\u00a0, est revenu sur les dessous [&hellip;]","og_url":"https:\/\/culturbaine.com\/index.php\/2024\/05\/14\/3e-edition-du-festival-des-slameurs-de-lombre-4-questions-a-bademba-barry\/","og_site_name":"Culturbaine","article_publisher":"https:\/\/www.facebook.com\/Culturbaines","article_published_time":"2024-05-14T15:52:04+00:00","og_image":[{"width":715,"height":468,"url":"https:\/\/culturbaine.com\/wp-content\/uploads\/2024\/05\/17157015370452.jpg","type":"image\/jpeg"}],"author":"admin1","twitter_card":"summary_large_image","twitter_creator":"@culturbaines","twitter_site":"@culturbaines","twitter_misc":{"\u00c9crit par":"admin1","Dur\u00e9e de lecture estim\u00e9e":"4 minutes"},"schema":{"@context":"https:\/\/schema.org","@graph":[{"@type":"Article","@id":"https:\/\/culturbaine.com\/index.php\/2024\/05\/14\/3e-edition-du-festival-des-slameurs-de-lombre-4-questions-a-bademba-barry\/#article","isPartOf":{"@id":"https:\/\/culturbaine.com\/index.php\/2024\/05\/14\/3e-edition-du-festival-des-slameurs-de-lombre-4-questions-a-bademba-barry\/"},"author":{"name":"admin1","@id":"https:\/\/culturbaine.com\/#\/schema\/person\/42eb7485c572e0746c1ea6b8216c3814"},"headline":"3e \u00c9dition du festival des slameurs de l&rsquo;ombre : 4 questions \u00e0 Bademba Barry !","datePublished":"2024-05-14T15:52:04+00:00","dateModified":"2024-05-14T15:52:04+00:00","mainEntityOfPage":{"@id":"https:\/\/culturbaine.com\/index.php\/2024\/05\/14\/3e-edition-du-festival-des-slameurs-de-lombre-4-questions-a-bademba-barry\/"},"wordCount":740,"publisher":{"@id":"https:\/\/culturbaine.com\/#organization"},"image":{"@id":"https:\/\/culturbaine.com\/index.php\/2024\/05\/14\/3e-edition-du-festival-des-slameurs-de-lombre-4-questions-a-bademba-barry\/#primaryimage"},"thumbnailUrl":"https:\/\/culturbaine.com\/wp-content\/uploads\/2024\/05\/17157015370452.jpg","keywords":["Bad","Bademba Barry","Festival des Slameurs de l'ombre"],"articleSection":["Actualit\u00e9","Interviews"],"inLanguage":"fr-FR"},{"@type":"WebPage","@id":"https:\/\/culturbaine.com\/index.php\/2024\/05\/14\/3e-edition-du-festival-des-slameurs-de-lombre-4-questions-a-bademba-barry\/","url":"https:\/\/culturbaine.com\/index.php\/2024\/05\/14\/3e-edition-du-festival-des-slameurs-de-lombre-4-questions-a-bademba-barry\/","name":"3e \u00c9dition du festival des slameurs de l'ombre : 4 questions \u00e0 Bademba Barry ! - Culturbaine","isPartOf":{"@id":"https:\/\/culturbaine.com\/#website"},"primaryImageOfPage":{"@id":"https:\/\/culturbaine.com\/index.php\/2024\/05\/14\/3e-edition-du-festival-des-slameurs-de-lombre-4-questions-a-bademba-barry\/#primaryimage"},"image":{"@id":"https:\/\/culturbaine.com\/index.php\/2024\/05\/14\/3e-edition-du-festival-des-slameurs-de-lombre-4-questions-a-bademba-barry\/#primaryimage"},"thumbnailUrl":"https:\/\/culturbaine.com\/wp-content\/uploads\/2024\/05\/17157015370452.jpg","datePublished":"2024-05-14T15:52:04+00:00","dateModified":"2024-05-14T15:52:04+00:00","breadcrumb":{"@id":"https:\/\/culturbaine.com\/index.php\/2024\/05\/14\/3e-edition-du-festival-des-slameurs-de-lombre-4-questions-a-bademba-barry\/#breadcrumb"},"inLanguage":"fr-FR","potentialAction":[{"@type":"ReadAction","target":["https:\/\/culturbaine.com\/index.php\/2024\/05\/14\/3e-edition-du-festival-des-slameurs-de-lombre-4-questions-a-bademba-barry\/"]}]},{"@type":"ImageObject","inLanguage":"fr-FR","@id":"https:\/\/culturbaine.com\/index.php\/2024\/05\/14\/3e-edition-du-festival-des-slameurs-de-lombre-4-questions-a-bademba-barry\/#primaryimage","url":"https:\/\/culturbaine.com\/wp-content\/uploads\/2024\/05\/17157015370452.jpg","contentUrl":"https:\/\/culturbaine.com\/wp-content\/uploads\/2024\/05\/17157015370452.jpg","width":715,"height":468},{"@type":"BreadcrumbList","@id":"https:\/\/culturbaine.com\/index.php\/2024\/05\/14\/3e-edition-du-festival-des-slameurs-de-lombre-4-questions-a-bademba-barry\/#breadcrumb","itemListElement":[{"@type":"ListItem","position":1,"name":"Home","item":"https:\/\/culturbaine.com\/"},{"@type":"ListItem","position":2,"name":"3e \u00c9dition du festival des slameurs de l&rsquo;ombre : 4 questions \u00e0 Bademba Barry !"}]},{"@type":"WebSite","@id":"https:\/\/culturbaine.com\/#website","url":"https:\/\/culturbaine.com\/","name":"Culturbaine.com","description":"Toute l&#039;actualit\u00e9 des Cultures Urbaines, en un clic  !","publisher":{"@id":"https:\/\/culturbaine.com\/#organization"},"potentialAction":[{"@type":"SearchAction","target":{"@type":"EntryPoint","urlTemplate":"https:\/\/culturbaine.com\/?s={search_term_string}"},"query-input":{"@type":"PropertyValueSpecification","valueRequired":true,"valueName":"search_term_string"}}],"inLanguage":"fr-FR"},{"@type":"Organization","@id":"https:\/\/culturbaine.com\/#organization","name":"Culturbaine.com","url":"https:\/\/culturbaine.com\/","logo":{"@type":"ImageObject","inLanguage":"fr-FR","@id":"https:\/\/culturbaine.com\/#\/schema\/logo\/image\/","url":"https:\/\/culturbaine.com\/wp-content\/uploads\/2023\/07\/WhatsApp-Image-2023-07-17-at-14.38.18.jpeg","contentUrl":"https:\/\/culturbaine.com\/wp-content\/uploads\/2023\/07\/WhatsApp-Image-2023-07-17-at-14.38.18.jpeg","width":855,"height":270,"caption":"Culturbaine.com"},"image":{"@id":"https:\/\/culturbaine.com\/#\/schema\/logo\/image\/"},"sameAs":["https:\/\/www.facebook.com\/Culturbaines","https:\/\/x.com\/culturbaines"]},{"@type":"Person","@id":"https:\/\/culturbaine.com\/#\/schema\/person\/42eb7485c572e0746c1ea6b8216c3814","name":"admin1","image":{"@type":"ImageObject","inLanguage":"fr-FR","@id":"https:\/\/culturbaine.com\/#\/schema\/person\/image\/","url":"https:\/\/secure.gravatar.com\/avatar\/c268f4d483ce0486e5a10fee87bbf756?s=96&d=mm&r=g","contentUrl":"https:\/\/secure.gravatar.com\/avatar\/c268f4d483ce0486e5a10fee87bbf756?s=96&d=mm&r=g","caption":"admin1"},"url":"https:\/\/culturbaine.com\/index.php\/author\/admin1\/"}]}},"_links":{"self":[{"href":"https:\/\/culturbaine.com\/index.php\/wp-json\/wp\/v2\/posts\/6179"}],"collection":[{"href":"https:\/\/culturbaine.com\/index.php\/wp-json\/wp\/v2\/posts"}],"about":[{"href":"https:\/\/culturbaine.com\/index.php\/wp-json\/wp\/v2\/types\/post"}],"author":[{"embeddable":true,"href":"https:\/\/culturbaine.com\/index.php\/wp-json\/wp\/v2\/users\/2"}],"replies":[{"embeddable":true,"href":"https:\/\/culturbaine.com\/index.php\/wp-json\/wp\/v2\/comments?post=6179"}],"version-history":[{"count":0,"href":"https:\/\/culturbaine.com\/index.php\/wp-json\/wp\/v2\/posts\/6179\/revisions"}],"wp:featuredmedia":[{"embeddable":true,"href":"https:\/\/culturbaine.com\/index.php\/wp-json\/wp\/v2\/media\/6181"}],"wp:attachment":[{"href":"https:\/\/culturbaine.com\/index.php\/wp-json\/wp\/v2\/media?parent=6179"}],"wp:term":[{"taxonomy":"category","embeddable":true,"href":"https:\/\/culturbaine.com\/index.php\/wp-json\/wp\/v2\/categories?post=6179"},{"taxonomy":"post_tag","embeddable":true,"href":"https:\/\/culturbaine.com\/index.php\/wp-json\/wp\/v2\/tags?post=6179"}],"curies":[{"name":"wp","href":"https:\/\/api.w.org\/{rel}","templated":true}]}}