{"id":6035,"date":"2024-05-09T21:56:44","date_gmt":"2024-05-09T21:56:44","guid":{"rendered":"https:\/\/culturbaine.com\/?p=6035"},"modified":"2024-05-09T22:41:45","modified_gmt":"2024-05-09T22:41:45","slug":"la-6e-edition-du-festival-international-mousso-music-fimm-souvre-a-conakry","status":"publish","type":"post","link":"https:\/\/culturbaine.com\/index.php\/2024\/05\/09\/la-6e-edition-du-festival-international-mousso-music-fimm-souvre-a-conakry\/","title":{"rendered":"La 6e \u00e9dition du Festival International Mousso Music (FIMM) s&rsquo;ouvre \u00e0 Conakry"},"content":{"rendered":"<p>Le rideau se l\u00e8ve sur la 6e \u00e9dition du <b>Festival International Mousso Music (FIMM)<\/b> \u00e0 Conakry, un \u00e9v\u00e9nement embl\u00e9matique d\u00e9di\u00e9 \u00e0 la promotion des artistes f\u00e9minines. L&rsquo;\u00e9dition de cette ann\u00e9e, qui se d\u00e9roulera du 9 au 11 mai 2024, a \u00e9t\u00e9 inaugur\u00e9e avec \u00e9clat \u00e0 travers une conf\u00e9rence de presse \u00e0 l&rsquo;espace <b>Guin\u00e9e Cr\u00e9ative<\/b> en pr\u00e9sence d&rsquo;un public enthousiaste et de nombreux artistes f\u00e9minins \u00e9minents de la sc\u00e8ne urbaine et populaire guin\u00e9enne.<\/p>\n<p><b>Maimouna Bah<\/b> <b>(Orbilove)<\/b><span style=\"font-weight: 400;\">, commissaire du festival, a soulign\u00e9 l&rsquo;importance de l&rsquo;aspect \u00e9ducatif de cette \u00e9dition. Elle a mis en lumi\u00e8re la n\u00e9cessit\u00e9 d&rsquo;offrir des opportunit\u00e9s de formation aux artistes f\u00e9minines, afin de les doter des comp\u00e9tences n\u00e9cessaires pour r\u00e9ussir dans l&rsquo;industrie musicale mais aussi l&rsquo;acc\u00e8s aux services sociaux comme l&rsquo;assurance maladie. : <\/span><b>\u00ab <\/b><i><span style=\"font-weight: 400;\">Cette ann\u00e9e on s&rsquo;est dit qu&rsquo;il fallait faire la formation. On a compris que l&rsquo;ann\u00e9e derni\u00e8re, on avait 2 ou 3 jours de formation et des femmes qui pouvaient venir aujourd&rsquo;hui et demain se disaient non je n&rsquo;ai pas le transport je ne peux pas venir, je me suis pas r\u00e9veill\u00e9e t\u00f4t, j&rsquo;ai travaill\u00e9 toute la nuit. Donc c&rsquo;\u00e9tait tr\u00e8s difficile pourquoi ne pas penser \u00e0 une journ\u00e9e de formation pour permettre \u00e0 ces femmes au moins d&rsquo;\u00eatre nanties, d&rsquo;avoir quelque chose \u00e0 c\u00f4t\u00e9 pour au moins se dire oui je suis artiste professionnelle. Donc on a pens\u00e9 au plan de carri\u00e8re, chose que beaucoup ignore. Quand on essaie d&rsquo;aller vers ses artistes il y en a qui n&rsquo;en n&rsquo;ont pas, beaucoup d&rsquo;ailleurs. (&#8230;) aussi aujourd&rsquo;hui il y a des personnes qui ne savent pas que l&rsquo;assurance maladie, il y a l&rsquo;\u00c9tat qui paie les 50% et l&rsquo;artiste paie les 50 autres par an. On a trop de SOS dehors, beaucoup ne le savent pas. Donc on s&rsquo;est bas\u00e9 sur les deux pour qu&rsquo;on puisse permettre \u00e0 ses femmes<\/span><\/i><b><i>\u00bb<\/i><\/b><i><span style=\"font-weight: 400;\">.<\/span><\/i><\/p>\n<p><span style=\"font-weight: 400;\">L&rsquo;artiste chanteur guin\u00e9en de renom, <\/span><b>One Time<\/b><span style=\"font-weight: 400;\">, a exprim\u00e9 son soutien en tant qu&rsquo;ambassadeur du festival, soulignant le r\u00f4le crucial des femmes dans la soci\u00e9t\u00e9 et leur besoin de soutien pour atteindre leurs objectifs. : <\/span><b>\u00ab<\/b> <i><span style=\"font-weight: 400;\">Nous le savons tous, l&rsquo;importance de la femme dans sa soci\u00e9t\u00e9. Et m\u00eame si aujourd&rsquo;hui cette femme elle est marginalis\u00e9e dans tous les domaines d&rsquo;ailleurs, principalement aujourd&rsquo;hui on parle de la culture. et s&rsquo; il y a un festival qui est mis en place pour apporter le soutien \u00e0 ses femmes pour qu&rsquo;elles puissent atteindre leurs objectifs<\/span><\/i><b><i>\u00bb<\/i><\/b><span style=\"font-weight: 400;\"> a-t-il conclu. Sa pr\u00e9sence t\u00e9moigne de l&rsquo;engagement de la communaut\u00e9 artistique masculine envers l&rsquo;autonomisation des femmes dans le domaine culturel.<\/span><\/p>\n<p>Le programme de l&rsquo;\u00e9v\u00e9nement comprend une s\u00e9rie d&rsquo;activit\u00e9s passionnantes, dont une Masterclass anim\u00e9e par <strong>Moussa M&rsquo;bay<\/strong>e sur le <strong>plan de carri\u00e8re artistique<\/strong>, une autre en Assurances<strong> Maladie<\/strong> avec M. <strong>Soriba Sylla<\/strong> en service au <strong>BGDA<\/strong> le 10 Mai 2024 \u00e0 Espace Guin\u00e9e Cr\u00e9ative de l&rsquo;h\u00f4tel Mariador Palace. Ainsi qu&rsquo;un Mini Concert rassemblant un ensemble \u00e9clectique d&rsquo;artistes chanteuses guin\u00e9ennes \u00e0 la Brasserie du CCFG.<\/p>\n<p><img loading=\"lazy\" decoding=\"async\" class=\"alignnone size-medium wp-image-6037\" src=\"https:\/\/culturbaine.com\/wp-content\/uploads\/2024\/05\/1715288378530-258x300.jpg\" alt=\"\" width=\"258\" height=\"300\" srcset=\"https:\/\/culturbaine.com\/wp-content\/uploads\/2024\/05\/1715288378530-258x300.jpg 258w, https:\/\/culturbaine.com\/wp-content\/uploads\/2024\/05\/1715288378530.jpg 720w\" sizes=\"(max-width: 258px) 100vw, 258px\" \/><\/p>\n<p><span style=\"font-weight: 400;\">Le <\/span><b>Festival International Mousso Music<\/b><span style=\"font-weight: 400;\"> continue de se positionner comme un catalyseur de l&rsquo;autonomisation et de la c\u00e9l\u00e9bration du talent f\u00e9minin dans le paysage musical guin\u00e9en. Cette \u00e9dition promet d&rsquo;\u00eatre un moment inoubliable de cr\u00e9ativit\u00e9, d&rsquo;apprentissage et de c\u00e9l\u00e9bration de la diversit\u00e9 artistique f\u00e9minine.<\/span><\/p>\n<p><img loading=\"lazy\" decoding=\"async\" class=\"alignnone size-medium wp-image-6038\" src=\"https:\/\/culturbaine.com\/wp-content\/uploads\/2024\/05\/1715274854580-234x300.jpg\" alt=\"\" width=\"234\" height=\"300\" srcset=\"https:\/\/culturbaine.com\/wp-content\/uploads\/2024\/05\/1715274854580-234x300.jpg 234w, https:\/\/culturbaine.com\/wp-content\/uploads\/2024\/05\/1715274854580.jpg 703w\" sizes=\"(max-width: 234px) 100vw, 234px\" \/><\/p>\n<p><b>Mohamed Cinq Sylla\u00a0<\/b><\/p>\n","protected":false},"excerpt":{"rendered":"<p>Le rideau se l\u00e8ve sur la 6e \u00e9dition du Festival International Mousso Music (FIMM) \u00e0 Conakry, un \u00e9v\u00e9nement embl\u00e9matique d\u00e9di\u00e9 \u00e0 la promotion des artistes f\u00e9minines. L&rsquo;\u00e9dition de cette ann\u00e9e, qui se d\u00e9roulera du 9 au 11 mai 2024, a \u00e9t\u00e9 inaugur\u00e9e avec \u00e9clat \u00e0 travers une conf\u00e9rence de presse \u00e0 l&rsquo;espace Guin\u00e9e Cr\u00e9ative en [&hellip;]<\/p>\n","protected":false},"author":2,"featured_media":6039,"comment_status":"closed","ping_status":"closed","sticky":false,"template":"","format":"standard","meta":{"_mi_skip_tracking":false,"_monsterinsights_sitenote_active":false,"_monsterinsights_sitenote_note":"","_monsterinsights_sitenote_category":0,"footnotes":""},"categories":[21],"tags":[2257,2258],"class_list":["post-6035","post","type-post","status-publish","format-standard","has-post-thumbnail","hentry","category-actualite","tag-festival-international-mousso-music","tag-fimm"],"yoast_head":"<!-- This site is optimized with the Yoast SEO Premium plugin v20.1 (Yoast SEO v24.0) - https:\/\/yoast.com\/wordpress\/plugins\/seo\/ -->\n<title>La 6e \u00e9dition du Festival International Mousso Music (FIMM) s&#039;ouvre \u00e0 Conakry - Culturbaine<\/title>\n<meta name=\"robots\" content=\"index, follow, max-snippet:-1, max-image-preview:large, max-video-preview:-1\" \/>\n<link rel=\"canonical\" href=\"https:\/\/culturbaine.com\/index.php\/2024\/05\/09\/la-6e-edition-du-festival-international-mousso-music-fimm-souvre-a-conakry\/\" \/>\n<meta property=\"og:locale\" content=\"fr_FR\" \/>\n<meta property=\"og:type\" content=\"article\" \/>\n<meta property=\"og:title\" content=\"La 6e \u00e9dition du Festival International Mousso Music (FIMM) s&#039;ouvre \u00e0 Conakry\" \/>\n<meta property=\"og:description\" content=\"Le rideau se l\u00e8ve sur la 6e \u00e9dition du Festival International Mousso Music (FIMM) \u00e0 Conakry, un \u00e9v\u00e9nement embl\u00e9matique d\u00e9di\u00e9 \u00e0 la promotion des artistes f\u00e9minines. L&rsquo;\u00e9dition de cette ann\u00e9e, qui se d\u00e9roulera du 9 au 11 mai 2024, a \u00e9t\u00e9 inaugur\u00e9e avec \u00e9clat \u00e0 travers une conf\u00e9rence de presse \u00e0 l&rsquo;espace Guin\u00e9e Cr\u00e9ative en [&hellip;]\" \/>\n<meta property=\"og:url\" content=\"https:\/\/culturbaine.com\/index.php\/2024\/05\/09\/la-6e-edition-du-festival-international-mousso-music-fimm-souvre-a-conakry\/\" \/>\n<meta property=\"og:site_name\" content=\"Culturbaine\" \/>\n<meta property=\"article:publisher\" content=\"https:\/\/www.facebook.com\/Culturbaines\" \/>\n<meta property=\"article:published_time\" content=\"2024-05-09T21:56:44+00:00\" \/>\n<meta property=\"article:modified_time\" content=\"2024-05-09T22:41:45+00:00\" \/>\n<meta property=\"og:image\" content=\"https:\/\/culturbaine.com\/wp-content\/uploads\/2024\/05\/IMG_20240509_213542-scaled.jpg\" \/>\n\t<meta property=\"og:image:width\" content=\"2560\" \/>\n\t<meta property=\"og:image:height\" content=\"1420\" \/>\n\t<meta property=\"og:image:type\" content=\"image\/jpeg\" \/>\n<meta name=\"author\" content=\"admin1\" \/>\n<meta name=\"twitter:card\" content=\"summary_large_image\" \/>\n<meta name=\"twitter:creator\" content=\"@culturbaines\" \/>\n<meta name=\"twitter:site\" content=\"@culturbaines\" \/>\n<meta name=\"twitter:label1\" content=\"\u00c9crit par\" \/>\n\t<meta name=\"twitter:data1\" content=\"admin1\" \/>\n\t<meta name=\"twitter:label2\" content=\"Dur\u00e9e de lecture estim\u00e9e\" \/>\n\t<meta name=\"twitter:data2\" content=\"4 minutes\" \/>\n<script type=\"application\/ld+json\" class=\"yoast-schema-graph\">{\"@context\":\"https:\/\/schema.org\",\"@graph\":[{\"@type\":\"Article\",\"@id\":\"https:\/\/culturbaine.com\/index.php\/2024\/05\/09\/la-6e-edition-du-festival-international-mousso-music-fimm-souvre-a-conakry\/#article\",\"isPartOf\":{\"@id\":\"https:\/\/culturbaine.com\/index.php\/2024\/05\/09\/la-6e-edition-du-festival-international-mousso-music-fimm-souvre-a-conakry\/\"},\"author\":{\"name\":\"admin1\",\"@id\":\"https:\/\/culturbaine.com\/#\/schema\/person\/42eb7485c572e0746c1ea6b8216c3814\"},\"headline\":\"La 6e \u00e9dition du Festival International Mousso Music (FIMM) s&rsquo;ouvre \u00e0 Conakry\",\"datePublished\":\"2024-05-09T21:56:44+00:00\",\"dateModified\":\"2024-05-09T22:41:45+00:00\",\"mainEntityOfPage\":{\"@id\":\"https:\/\/culturbaine.com\/index.php\/2024\/05\/09\/la-6e-edition-du-festival-international-mousso-music-fimm-souvre-a-conakry\/\"},\"wordCount\":618,\"publisher\":{\"@id\":\"https:\/\/culturbaine.com\/#organization\"},\"image\":{\"@id\":\"https:\/\/culturbaine.com\/index.php\/2024\/05\/09\/la-6e-edition-du-festival-international-mousso-music-fimm-souvre-a-conakry\/#primaryimage\"},\"thumbnailUrl\":\"https:\/\/culturbaine.com\/wp-content\/uploads\/2024\/05\/IMG_20240509_213542-scaled.jpg\",\"keywords\":[\"Festival international Mousso Music\",\"FIMM\"],\"articleSection\":[\"Actualit\u00e9\"],\"inLanguage\":\"fr-FR\"},{\"@type\":\"WebPage\",\"@id\":\"https:\/\/culturbaine.com\/index.php\/2024\/05\/09\/la-6e-edition-du-festival-international-mousso-music-fimm-souvre-a-conakry\/\",\"url\":\"https:\/\/culturbaine.com\/index.php\/2024\/05\/09\/la-6e-edition-du-festival-international-mousso-music-fimm-souvre-a-conakry\/\",\"name\":\"La 6e \u00e9dition du Festival International Mousso Music (FIMM) s'ouvre \u00e0 Conakry - Culturbaine\",\"isPartOf\":{\"@id\":\"https:\/\/culturbaine.com\/#website\"},\"primaryImageOfPage\":{\"@id\":\"https:\/\/culturbaine.com\/index.php\/2024\/05\/09\/la-6e-edition-du-festival-international-mousso-music-fimm-souvre-a-conakry\/#primaryimage\"},\"image\":{\"@id\":\"https:\/\/culturbaine.com\/index.php\/2024\/05\/09\/la-6e-edition-du-festival-international-mousso-music-fimm-souvre-a-conakry\/#primaryimage\"},\"thumbnailUrl\":\"https:\/\/culturbaine.com\/wp-content\/uploads\/2024\/05\/IMG_20240509_213542-scaled.jpg\",\"datePublished\":\"2024-05-09T21:56:44+00:00\",\"dateModified\":\"2024-05-09T22:41:45+00:00\",\"breadcrumb\":{\"@id\":\"https:\/\/culturbaine.com\/index.php\/2024\/05\/09\/la-6e-edition-du-festival-international-mousso-music-fimm-souvre-a-conakry\/#breadcrumb\"},\"inLanguage\":\"fr-FR\",\"potentialAction\":[{\"@type\":\"ReadAction\",\"target\":[\"https:\/\/culturbaine.com\/index.php\/2024\/05\/09\/la-6e-edition-du-festival-international-mousso-music-fimm-souvre-a-conakry\/\"]}]},{\"@type\":\"ImageObject\",\"inLanguage\":\"fr-FR\",\"@id\":\"https:\/\/culturbaine.com\/index.php\/2024\/05\/09\/la-6e-edition-du-festival-international-mousso-music-fimm-souvre-a-conakry\/#primaryimage\",\"url\":\"https:\/\/culturbaine.com\/wp-content\/uploads\/2024\/05\/IMG_20240509_213542-scaled.jpg\",\"contentUrl\":\"https:\/\/culturbaine.com\/wp-content\/uploads\/2024\/05\/IMG_20240509_213542-scaled.jpg\",\"width\":2560,\"height\":1420},{\"@type\":\"BreadcrumbList\",\"@id\":\"https:\/\/culturbaine.com\/index.php\/2024\/05\/09\/la-6e-edition-du-festival-international-mousso-music-fimm-souvre-a-conakry\/#breadcrumb\",\"itemListElement\":[{\"@type\":\"ListItem\",\"position\":1,\"name\":\"Home\",\"item\":\"https:\/\/culturbaine.com\/\"},{\"@type\":\"ListItem\",\"position\":2,\"name\":\"La 6e \u00e9dition du Festival International Mousso Music (FIMM) s&rsquo;ouvre \u00e0 Conakry\"}]},{\"@type\":\"WebSite\",\"@id\":\"https:\/\/culturbaine.com\/#website\",\"url\":\"https:\/\/culturbaine.com\/\",\"name\":\"Culturbaine.com\",\"description\":\"Toute l&#039;actualit\u00e9 des Cultures Urbaines, en un clic  !\",\"publisher\":{\"@id\":\"https:\/\/culturbaine.com\/#organization\"},\"potentialAction\":[{\"@type\":\"SearchAction\",\"target\":{\"@type\":\"EntryPoint\",\"urlTemplate\":\"https:\/\/culturbaine.com\/?s={search_term_string}\"},\"query-input\":{\"@type\":\"PropertyValueSpecification\",\"valueRequired\":true,\"valueName\":\"search_term_string\"}}],\"inLanguage\":\"fr-FR\"},{\"@type\":\"Organization\",\"@id\":\"https:\/\/culturbaine.com\/#organization\",\"name\":\"Culturbaine.com\",\"url\":\"https:\/\/culturbaine.com\/\",\"logo\":{\"@type\":\"ImageObject\",\"inLanguage\":\"fr-FR\",\"@id\":\"https:\/\/culturbaine.com\/#\/schema\/logo\/image\/\",\"url\":\"https:\/\/culturbaine.com\/wp-content\/uploads\/2023\/07\/WhatsApp-Image-2023-07-17-at-14.38.18.jpeg\",\"contentUrl\":\"https:\/\/culturbaine.com\/wp-content\/uploads\/2023\/07\/WhatsApp-Image-2023-07-17-at-14.38.18.jpeg\",\"width\":855,\"height\":270,\"caption\":\"Culturbaine.com\"},\"image\":{\"@id\":\"https:\/\/culturbaine.com\/#\/schema\/logo\/image\/\"},\"sameAs\":[\"https:\/\/www.facebook.com\/Culturbaines\",\"https:\/\/x.com\/culturbaines\"]},{\"@type\":\"Person\",\"@id\":\"https:\/\/culturbaine.com\/#\/schema\/person\/42eb7485c572e0746c1ea6b8216c3814\",\"name\":\"admin1\",\"image\":{\"@type\":\"ImageObject\",\"inLanguage\":\"fr-FR\",\"@id\":\"https:\/\/culturbaine.com\/#\/schema\/person\/image\/\",\"url\":\"https:\/\/secure.gravatar.com\/avatar\/c268f4d483ce0486e5a10fee87bbf756?s=96&d=mm&r=g\",\"contentUrl\":\"https:\/\/secure.gravatar.com\/avatar\/c268f4d483ce0486e5a10fee87bbf756?s=96&d=mm&r=g\",\"caption\":\"admin1\"},\"url\":\"https:\/\/culturbaine.com\/index.php\/author\/admin1\/\"}]}<\/script>\n<!-- \/ Yoast SEO Premium plugin. -->","yoast_head_json":{"title":"La 6e \u00e9dition du Festival International Mousso Music (FIMM) s'ouvre \u00e0 Conakry - Culturbaine","robots":{"index":"index","follow":"follow","max-snippet":"max-snippet:-1","max-image-preview":"max-image-preview:large","max-video-preview":"max-video-preview:-1"},"canonical":"https:\/\/culturbaine.com\/index.php\/2024\/05\/09\/la-6e-edition-du-festival-international-mousso-music-fimm-souvre-a-conakry\/","og_locale":"fr_FR","og_type":"article","og_title":"La 6e \u00e9dition du Festival International Mousso Music (FIMM) s'ouvre \u00e0 Conakry","og_description":"Le rideau se l\u00e8ve sur la 6e \u00e9dition du Festival International Mousso Music (FIMM) \u00e0 Conakry, un \u00e9v\u00e9nement embl\u00e9matique d\u00e9di\u00e9 \u00e0 la promotion des artistes f\u00e9minines. L&rsquo;\u00e9dition de cette ann\u00e9e, qui se d\u00e9roulera du 9 au 11 mai 2024, a \u00e9t\u00e9 inaugur\u00e9e avec \u00e9clat \u00e0 travers une conf\u00e9rence de presse \u00e0 l&rsquo;espace Guin\u00e9e Cr\u00e9ative en [&hellip;]","og_url":"https:\/\/culturbaine.com\/index.php\/2024\/05\/09\/la-6e-edition-du-festival-international-mousso-music-fimm-souvre-a-conakry\/","og_site_name":"Culturbaine","article_publisher":"https:\/\/www.facebook.com\/Culturbaines","article_published_time":"2024-05-09T21:56:44+00:00","article_modified_time":"2024-05-09T22:41:45+00:00","og_image":[{"width":2560,"height":1420,"url":"https:\/\/culturbaine.com\/wp-content\/uploads\/2024\/05\/IMG_20240509_213542-scaled.jpg","type":"image\/jpeg"}],"author":"admin1","twitter_card":"summary_large_image","twitter_creator":"@culturbaines","twitter_site":"@culturbaines","twitter_misc":{"\u00c9crit par":"admin1","Dur\u00e9e de lecture estim\u00e9e":"4 minutes"},"schema":{"@context":"https:\/\/schema.org","@graph":[{"@type":"Article","@id":"https:\/\/culturbaine.com\/index.php\/2024\/05\/09\/la-6e-edition-du-festival-international-mousso-music-fimm-souvre-a-conakry\/#article","isPartOf":{"@id":"https:\/\/culturbaine.com\/index.php\/2024\/05\/09\/la-6e-edition-du-festival-international-mousso-music-fimm-souvre-a-conakry\/"},"author":{"name":"admin1","@id":"https:\/\/culturbaine.com\/#\/schema\/person\/42eb7485c572e0746c1ea6b8216c3814"},"headline":"La 6e \u00e9dition du Festival International Mousso Music (FIMM) s&rsquo;ouvre \u00e0 Conakry","datePublished":"2024-05-09T21:56:44+00:00","dateModified":"2024-05-09T22:41:45+00:00","mainEntityOfPage":{"@id":"https:\/\/culturbaine.com\/index.php\/2024\/05\/09\/la-6e-edition-du-festival-international-mousso-music-fimm-souvre-a-conakry\/"},"wordCount":618,"publisher":{"@id":"https:\/\/culturbaine.com\/#organization"},"image":{"@id":"https:\/\/culturbaine.com\/index.php\/2024\/05\/09\/la-6e-edition-du-festival-international-mousso-music-fimm-souvre-a-conakry\/#primaryimage"},"thumbnailUrl":"https:\/\/culturbaine.com\/wp-content\/uploads\/2024\/05\/IMG_20240509_213542-scaled.jpg","keywords":["Festival international Mousso Music","FIMM"],"articleSection":["Actualit\u00e9"],"inLanguage":"fr-FR"},{"@type":"WebPage","@id":"https:\/\/culturbaine.com\/index.php\/2024\/05\/09\/la-6e-edition-du-festival-international-mousso-music-fimm-souvre-a-conakry\/","url":"https:\/\/culturbaine.com\/index.php\/2024\/05\/09\/la-6e-edition-du-festival-international-mousso-music-fimm-souvre-a-conakry\/","name":"La 6e \u00e9dition du Festival International Mousso Music (FIMM) s'ouvre \u00e0 Conakry - Culturbaine","isPartOf":{"@id":"https:\/\/culturbaine.com\/#website"},"primaryImageOfPage":{"@id":"https:\/\/culturbaine.com\/index.php\/2024\/05\/09\/la-6e-edition-du-festival-international-mousso-music-fimm-souvre-a-conakry\/#primaryimage"},"image":{"@id":"https:\/\/culturbaine.com\/index.php\/2024\/05\/09\/la-6e-edition-du-festival-international-mousso-music-fimm-souvre-a-conakry\/#primaryimage"},"thumbnailUrl":"https:\/\/culturbaine.com\/wp-content\/uploads\/2024\/05\/IMG_20240509_213542-scaled.jpg","datePublished":"2024-05-09T21:56:44+00:00","dateModified":"2024-05-09T22:41:45+00:00","breadcrumb":{"@id":"https:\/\/culturbaine.com\/index.php\/2024\/05\/09\/la-6e-edition-du-festival-international-mousso-music-fimm-souvre-a-conakry\/#breadcrumb"},"inLanguage":"fr-FR","potentialAction":[{"@type":"ReadAction","target":["https:\/\/culturbaine.com\/index.php\/2024\/05\/09\/la-6e-edition-du-festival-international-mousso-music-fimm-souvre-a-conakry\/"]}]},{"@type":"ImageObject","inLanguage":"fr-FR","@id":"https:\/\/culturbaine.com\/index.php\/2024\/05\/09\/la-6e-edition-du-festival-international-mousso-music-fimm-souvre-a-conakry\/#primaryimage","url":"https:\/\/culturbaine.com\/wp-content\/uploads\/2024\/05\/IMG_20240509_213542-scaled.jpg","contentUrl":"https:\/\/culturbaine.com\/wp-content\/uploads\/2024\/05\/IMG_20240509_213542-scaled.jpg","width":2560,"height":1420},{"@type":"BreadcrumbList","@id":"https:\/\/culturbaine.com\/index.php\/2024\/05\/09\/la-6e-edition-du-festival-international-mousso-music-fimm-souvre-a-conakry\/#breadcrumb","itemListElement":[{"@type":"ListItem","position":1,"name":"Home","item":"https:\/\/culturbaine.com\/"},{"@type":"ListItem","position":2,"name":"La 6e \u00e9dition du Festival International Mousso Music (FIMM) s&rsquo;ouvre \u00e0 Conakry"}]},{"@type":"WebSite","@id":"https:\/\/culturbaine.com\/#website","url":"https:\/\/culturbaine.com\/","name":"Culturbaine.com","description":"Toute l&#039;actualit\u00e9 des Cultures Urbaines, en un clic  !","publisher":{"@id":"https:\/\/culturbaine.com\/#organization"},"potentialAction":[{"@type":"SearchAction","target":{"@type":"EntryPoint","urlTemplate":"https:\/\/culturbaine.com\/?s={search_term_string}"},"query-input":{"@type":"PropertyValueSpecification","valueRequired":true,"valueName":"search_term_string"}}],"inLanguage":"fr-FR"},{"@type":"Organization","@id":"https:\/\/culturbaine.com\/#organization","name":"Culturbaine.com","url":"https:\/\/culturbaine.com\/","logo":{"@type":"ImageObject","inLanguage":"fr-FR","@id":"https:\/\/culturbaine.com\/#\/schema\/logo\/image\/","url":"https:\/\/culturbaine.com\/wp-content\/uploads\/2023\/07\/WhatsApp-Image-2023-07-17-at-14.38.18.jpeg","contentUrl":"https:\/\/culturbaine.com\/wp-content\/uploads\/2023\/07\/WhatsApp-Image-2023-07-17-at-14.38.18.jpeg","width":855,"height":270,"caption":"Culturbaine.com"},"image":{"@id":"https:\/\/culturbaine.com\/#\/schema\/logo\/image\/"},"sameAs":["https:\/\/www.facebook.com\/Culturbaines","https:\/\/x.com\/culturbaines"]},{"@type":"Person","@id":"https:\/\/culturbaine.com\/#\/schema\/person\/42eb7485c572e0746c1ea6b8216c3814","name":"admin1","image":{"@type":"ImageObject","inLanguage":"fr-FR","@id":"https:\/\/culturbaine.com\/#\/schema\/person\/image\/","url":"https:\/\/secure.gravatar.com\/avatar\/c268f4d483ce0486e5a10fee87bbf756?s=96&d=mm&r=g","contentUrl":"https:\/\/secure.gravatar.com\/avatar\/c268f4d483ce0486e5a10fee87bbf756?s=96&d=mm&r=g","caption":"admin1"},"url":"https:\/\/culturbaine.com\/index.php\/author\/admin1\/"}]}},"_links":{"self":[{"href":"https:\/\/culturbaine.com\/index.php\/wp-json\/wp\/v2\/posts\/6035"}],"collection":[{"href":"https:\/\/culturbaine.com\/index.php\/wp-json\/wp\/v2\/posts"}],"about":[{"href":"https:\/\/culturbaine.com\/index.php\/wp-json\/wp\/v2\/types\/post"}],"author":[{"embeddable":true,"href":"https:\/\/culturbaine.com\/index.php\/wp-json\/wp\/v2\/users\/2"}],"replies":[{"embeddable":true,"href":"https:\/\/culturbaine.com\/index.php\/wp-json\/wp\/v2\/comments?post=6035"}],"version-history":[{"count":0,"href":"https:\/\/culturbaine.com\/index.php\/wp-json\/wp\/v2\/posts\/6035\/revisions"}],"wp:featuredmedia":[{"embeddable":true,"href":"https:\/\/culturbaine.com\/index.php\/wp-json\/wp\/v2\/media\/6039"}],"wp:attachment":[{"href":"https:\/\/culturbaine.com\/index.php\/wp-json\/wp\/v2\/media?parent=6035"}],"wp:term":[{"taxonomy":"category","embeddable":true,"href":"https:\/\/culturbaine.com\/index.php\/wp-json\/wp\/v2\/categories?post=6035"},{"taxonomy":"post_tag","embeddable":true,"href":"https:\/\/culturbaine.com\/index.php\/wp-json\/wp\/v2\/tags?post=6035"}],"curies":[{"name":"wp","href":"https:\/\/api.w.org\/{rel}","templated":true}]}}