{"id":5993,"date":"2024-05-07T21:19:05","date_gmt":"2024-05-07T21:19:05","guid":{"rendered":"https:\/\/culturbaine.com\/?p=5993"},"modified":"2024-05-07T21:19:05","modified_gmt":"2024-05-07T21:19:05","slug":"festival-des-arts-de-la-foret-acte-4-les-organisateurs-etaient-devant-la-presse-cet-apres-midi","status":"publish","type":"post","link":"https:\/\/culturbaine.com\/index.php\/2024\/05\/07\/festival-des-arts-de-la-foret-acte-4-les-organisateurs-etaient-devant-la-presse-cet-apres-midi\/","title":{"rendered":"Festival des Arts de la For\u00eat \/Acte 4 : Les Organisateurs \u00c9taient Devant La Presse Cet Apr\u00e8s-midi !"},"content":{"rendered":"<p>Dans le cadre pittoresque de N&rsquo;z\u00e9r\u00e9kor\u00e9, le <b>Festival des Arts de la For\u00eat (FAF)<\/b> s&rsquo;appr\u00eate \u00e0 d\u00e9voiler sa 4e \u00e9dition, plac\u00e9e sous le th\u00e8me \u00e9vocateur : \u00ab\u00a0<b>L&rsquo;agriculture, moteur du d\u00e9veloppement \u00e9conomique<\/b>\u00ab\u00a0. Lors d&rsquo;une conf\u00e9rence de presse anim\u00e9e aujourd&rsquo;hui \u00e0 l&rsquo;espace <b>Guin\u00e9e Cr\u00e9ative<\/b>, les organisateurs, accompagn\u00e9s de leurs partenaires, ont lev\u00e9 le voile sur les festivit\u00e9s \u00e0 venir, qui se tiendront du 9 au 15 mai.<\/p>\n<p><span style=\"font-weight: 400;\">Dirig\u00e9 par <\/span><b>Alice Dor\u00e9<\/b><span style=\"font-weight: 400;\">, Directeur du <\/span><b>Centre d\u2019expo de r\u00e9seautage et de coaching (CERC),<\/b><span style=\"font-weight: 400;\"> le festival promet une semaine riche en activit\u00e9s vari\u00e9es. De l&rsquo;exposition \u00e0 la gastronomie, en passant par les panels, les formations, les conf\u00e9rences et le tourisme, chaque jour offrira une immersion captivante dans la culture et les traditions foresti\u00e8res de la r\u00e9gion.<\/span><\/p>\n<p><span style=\"font-weight: 400;\">C\u00f4t\u00e9 artistique, un \u00e9ventail d&rsquo;artistes renomm\u00e9s, tels que <\/span><b>Koury Simple, Tamsir, Sama Lolo, <\/b><span style=\"font-weight: 400;\">et<\/span><b> Serge Wiz<\/b><span style=\"font-weight: 400;\">, enflammeront la sc\u00e8ne du <\/span><b>FAF<\/b><span style=\"font-weight: 400;\">. En outre, un plateau de d\u00e9couverte mettra en lumi\u00e8re les talents \u00e9mergents, offrant ainsi une tribune aux artistes en herbe d\u00e9sireux de partager leur cr\u00e9ativit\u00e9.<\/span><\/p>\n<p><span style=\"font-weight: 400;\">L&rsquo;engagement social du festival se manifeste \u00e0 travers son projet de construction de six salles de classe, initi\u00e9 lors de l&rsquo;\u00e9dition pr\u00e9c\u00e9dente et qui sera achev\u00e9 cette ann\u00e9e. Cette initiative, ancr\u00e9e dans le tissu communautaire, t\u00e9moigne de la volont\u00e9 du FAF de contribuer au d\u00e9veloppement durable de la r\u00e9gion.<\/span><\/p>\n<p><span style=\"font-weight: 400;\">Le <\/span><b>Festival des Arts de la For\u00eat<\/b><span style=\"font-weight: 400;\"> s&rsquo;annonce donc comme un \u00e9v\u00e9nement incontournable, alliant divertissement, culture et engagement soci\u00e9tal, dans un \u00e9crin naturel d&rsquo;une beaut\u00e9 saisissante.<\/span><\/p>\n<p><b>Mohamed Cinq Sylla<\/b><\/p>\n","protected":false},"excerpt":{"rendered":"<p>Dans le cadre pittoresque de N&rsquo;z\u00e9r\u00e9kor\u00e9, le Festival des Arts de la For\u00eat (FAF) s&rsquo;appr\u00eate \u00e0 d\u00e9voiler sa 4e \u00e9dition, plac\u00e9e sous le th\u00e8me \u00e9vocateur : \u00ab\u00a0L&rsquo;agriculture, moteur du d\u00e9veloppement \u00e9conomique\u00ab\u00a0. Lors d&rsquo;une conf\u00e9rence de presse anim\u00e9e aujourd&rsquo;hui \u00e0 l&rsquo;espace Guin\u00e9e Cr\u00e9ative, les organisateurs, accompagn\u00e9s de leurs partenaires, ont lev\u00e9 le voile sur les festivit\u00e9s [&hellip;]<\/p>\n","protected":false},"author":2,"featured_media":5995,"comment_status":"closed","ping_status":"closed","sticky":false,"template":"","format":"standard","meta":{"_mi_skip_tracking":false,"_monsterinsights_sitenote_active":false,"_monsterinsights_sitenote_note":"","_monsterinsights_sitenote_category":0,"footnotes":""},"categories":[21],"tags":[2265,2264],"class_list":["post-5993","post","type-post","status-publish","format-standard","has-post-thumbnail","hentry","category-actualite","tag-acte-4","tag-festival-des-arts-et-de-la-foret"],"yoast_head":"<!-- This site is optimized with the Yoast SEO Premium plugin v20.1 (Yoast SEO v24.0) - https:\/\/yoast.com\/wordpress\/plugins\/seo\/ -->\n<title>Festival des Arts de la For\u00eat \/Acte 4 : Les Organisateurs \u00c9taient Devant La Presse Cet Apr\u00e8s-midi ! - Culturbaine<\/title>\n<meta name=\"robots\" content=\"index, follow, max-snippet:-1, max-image-preview:large, max-video-preview:-1\" \/>\n<link rel=\"canonical\" href=\"https:\/\/culturbaine.com\/index.php\/2024\/05\/07\/festival-des-arts-de-la-foret-acte-4-les-organisateurs-etaient-devant-la-presse-cet-apres-midi\/\" \/>\n<meta property=\"og:locale\" content=\"fr_FR\" \/>\n<meta property=\"og:type\" content=\"article\" \/>\n<meta property=\"og:title\" content=\"Festival des Arts de la For\u00eat \/Acte 4 : Les Organisateurs \u00c9taient Devant La Presse Cet Apr\u00e8s-midi !\" \/>\n<meta property=\"og:description\" content=\"Dans le cadre pittoresque de N&rsquo;z\u00e9r\u00e9kor\u00e9, le Festival des Arts de la For\u00eat (FAF) s&rsquo;appr\u00eate \u00e0 d\u00e9voiler sa 4e \u00e9dition, plac\u00e9e sous le th\u00e8me \u00e9vocateur : \u00ab\u00a0L&rsquo;agriculture, moteur du d\u00e9veloppement \u00e9conomique\u00ab\u00a0. Lors d&rsquo;une conf\u00e9rence de presse anim\u00e9e aujourd&rsquo;hui \u00e0 l&rsquo;espace Guin\u00e9e Cr\u00e9ative, les organisateurs, accompagn\u00e9s de leurs partenaires, ont lev\u00e9 le voile sur les festivit\u00e9s [&hellip;]\" \/>\n<meta property=\"og:url\" content=\"https:\/\/culturbaine.com\/index.php\/2024\/05\/07\/festival-des-arts-de-la-foret-acte-4-les-organisateurs-etaient-devant-la-presse-cet-apres-midi\/\" \/>\n<meta property=\"og:site_name\" content=\"Culturbaine\" \/>\n<meta property=\"article:publisher\" content=\"https:\/\/www.facebook.com\/Culturbaines\" \/>\n<meta property=\"article:published_time\" content=\"2024-05-07T21:19:05+00:00\" \/>\n<meta property=\"og:image\" content=\"https:\/\/culturbaine.com\/wp-content\/uploads\/2024\/05\/IMG_20240507_210941.jpg\" \/>\n\t<meta property=\"og:image:width\" content=\"713\" \/>\n\t<meta property=\"og:image:height\" content=\"378\" \/>\n\t<meta property=\"og:image:type\" content=\"image\/jpeg\" \/>\n<meta name=\"author\" content=\"admin1\" \/>\n<meta name=\"twitter:card\" content=\"summary_large_image\" \/>\n<meta name=\"twitter:creator\" content=\"@culturbaines\" \/>\n<meta name=\"twitter:site\" content=\"@culturbaines\" \/>\n<meta name=\"twitter:label1\" content=\"\u00c9crit par\" \/>\n\t<meta name=\"twitter:data1\" content=\"admin1\" \/>\n\t<meta name=\"twitter:label2\" content=\"Dur\u00e9e de lecture estim\u00e9e\" \/>\n\t<meta name=\"twitter:data2\" content=\"2 minutes\" \/>\n<script type=\"application\/ld+json\" class=\"yoast-schema-graph\">{\"@context\":\"https:\/\/schema.org\",\"@graph\":[{\"@type\":\"Article\",\"@id\":\"https:\/\/culturbaine.com\/index.php\/2024\/05\/07\/festival-des-arts-de-la-foret-acte-4-les-organisateurs-etaient-devant-la-presse-cet-apres-midi\/#article\",\"isPartOf\":{\"@id\":\"https:\/\/culturbaine.com\/index.php\/2024\/05\/07\/festival-des-arts-de-la-foret-acte-4-les-organisateurs-etaient-devant-la-presse-cet-apres-midi\/\"},\"author\":{\"name\":\"admin1\",\"@id\":\"https:\/\/culturbaine.com\/#\/schema\/person\/42eb7485c572e0746c1ea6b8216c3814\"},\"headline\":\"Festival des Arts de la For\u00eat \/Acte 4 : Les Organisateurs \u00c9taient Devant La Presse Cet Apr\u00e8s-midi !\",\"datePublished\":\"2024-05-07T21:19:05+00:00\",\"dateModified\":\"2024-05-07T21:19:05+00:00\",\"mainEntityOfPage\":{\"@id\":\"https:\/\/culturbaine.com\/index.php\/2024\/05\/07\/festival-des-arts-de-la-foret-acte-4-les-organisateurs-etaient-devant-la-presse-cet-apres-midi\/\"},\"wordCount\":304,\"publisher\":{\"@id\":\"https:\/\/culturbaine.com\/#organization\"},\"image\":{\"@id\":\"https:\/\/culturbaine.com\/index.php\/2024\/05\/07\/festival-des-arts-de-la-foret-acte-4-les-organisateurs-etaient-devant-la-presse-cet-apres-midi\/#primaryimage\"},\"thumbnailUrl\":\"https:\/\/culturbaine.com\/wp-content\/uploads\/2024\/05\/IMG_20240507_210941.jpg\",\"keywords\":[\"Acte 4\",\"Festival des arts et de la for\u00eat\"],\"articleSection\":[\"Actualit\u00e9\"],\"inLanguage\":\"fr-FR\"},{\"@type\":\"WebPage\",\"@id\":\"https:\/\/culturbaine.com\/index.php\/2024\/05\/07\/festival-des-arts-de-la-foret-acte-4-les-organisateurs-etaient-devant-la-presse-cet-apres-midi\/\",\"url\":\"https:\/\/culturbaine.com\/index.php\/2024\/05\/07\/festival-des-arts-de-la-foret-acte-4-les-organisateurs-etaient-devant-la-presse-cet-apres-midi\/\",\"name\":\"Festival des Arts de la For\u00eat \/Acte 4 : Les Organisateurs \u00c9taient Devant La Presse Cet Apr\u00e8s-midi ! - Culturbaine\",\"isPartOf\":{\"@id\":\"https:\/\/culturbaine.com\/#website\"},\"primaryImageOfPage\":{\"@id\":\"https:\/\/culturbaine.com\/index.php\/2024\/05\/07\/festival-des-arts-de-la-foret-acte-4-les-organisateurs-etaient-devant-la-presse-cet-apres-midi\/#primaryimage\"},\"image\":{\"@id\":\"https:\/\/culturbaine.com\/index.php\/2024\/05\/07\/festival-des-arts-de-la-foret-acte-4-les-organisateurs-etaient-devant-la-presse-cet-apres-midi\/#primaryimage\"},\"thumbnailUrl\":\"https:\/\/culturbaine.com\/wp-content\/uploads\/2024\/05\/IMG_20240507_210941.jpg\",\"datePublished\":\"2024-05-07T21:19:05+00:00\",\"dateModified\":\"2024-05-07T21:19:05+00:00\",\"breadcrumb\":{\"@id\":\"https:\/\/culturbaine.com\/index.php\/2024\/05\/07\/festival-des-arts-de-la-foret-acte-4-les-organisateurs-etaient-devant-la-presse-cet-apres-midi\/#breadcrumb\"},\"inLanguage\":\"fr-FR\",\"potentialAction\":[{\"@type\":\"ReadAction\",\"target\":[\"https:\/\/culturbaine.com\/index.php\/2024\/05\/07\/festival-des-arts-de-la-foret-acte-4-les-organisateurs-etaient-devant-la-presse-cet-apres-midi\/\"]}]},{\"@type\":\"ImageObject\",\"inLanguage\":\"fr-FR\",\"@id\":\"https:\/\/culturbaine.com\/index.php\/2024\/05\/07\/festival-des-arts-de-la-foret-acte-4-les-organisateurs-etaient-devant-la-presse-cet-apres-midi\/#primaryimage\",\"url\":\"https:\/\/culturbaine.com\/wp-content\/uploads\/2024\/05\/IMG_20240507_210941.jpg\",\"contentUrl\":\"https:\/\/culturbaine.com\/wp-content\/uploads\/2024\/05\/IMG_20240507_210941.jpg\",\"width\":713,\"height\":378},{\"@type\":\"BreadcrumbList\",\"@id\":\"https:\/\/culturbaine.com\/index.php\/2024\/05\/07\/festival-des-arts-de-la-foret-acte-4-les-organisateurs-etaient-devant-la-presse-cet-apres-midi\/#breadcrumb\",\"itemListElement\":[{\"@type\":\"ListItem\",\"position\":1,\"name\":\"Home\",\"item\":\"https:\/\/culturbaine.com\/\"},{\"@type\":\"ListItem\",\"position\":2,\"name\":\"Festival des Arts de la For\u00eat \/Acte 4 : Les Organisateurs \u00c9taient Devant La Presse Cet Apr\u00e8s-midi !\"}]},{\"@type\":\"WebSite\",\"@id\":\"https:\/\/culturbaine.com\/#website\",\"url\":\"https:\/\/culturbaine.com\/\",\"name\":\"Culturbaine.com\",\"description\":\"Toute l&#039;actualit\u00e9 des Cultures Urbaines, en un clic  !\",\"publisher\":{\"@id\":\"https:\/\/culturbaine.com\/#organization\"},\"potentialAction\":[{\"@type\":\"SearchAction\",\"target\":{\"@type\":\"EntryPoint\",\"urlTemplate\":\"https:\/\/culturbaine.com\/?s={search_term_string}\"},\"query-input\":{\"@type\":\"PropertyValueSpecification\",\"valueRequired\":true,\"valueName\":\"search_term_string\"}}],\"inLanguage\":\"fr-FR\"},{\"@type\":\"Organization\",\"@id\":\"https:\/\/culturbaine.com\/#organization\",\"name\":\"Culturbaine.com\",\"url\":\"https:\/\/culturbaine.com\/\",\"logo\":{\"@type\":\"ImageObject\",\"inLanguage\":\"fr-FR\",\"@id\":\"https:\/\/culturbaine.com\/#\/schema\/logo\/image\/\",\"url\":\"https:\/\/culturbaine.com\/wp-content\/uploads\/2023\/07\/WhatsApp-Image-2023-07-17-at-14.38.18.jpeg\",\"contentUrl\":\"https:\/\/culturbaine.com\/wp-content\/uploads\/2023\/07\/WhatsApp-Image-2023-07-17-at-14.38.18.jpeg\",\"width\":855,\"height\":270,\"caption\":\"Culturbaine.com\"},\"image\":{\"@id\":\"https:\/\/culturbaine.com\/#\/schema\/logo\/image\/\"},\"sameAs\":[\"https:\/\/www.facebook.com\/Culturbaines\",\"https:\/\/x.com\/culturbaines\"]},{\"@type\":\"Person\",\"@id\":\"https:\/\/culturbaine.com\/#\/schema\/person\/42eb7485c572e0746c1ea6b8216c3814\",\"name\":\"admin1\",\"image\":{\"@type\":\"ImageObject\",\"inLanguage\":\"fr-FR\",\"@id\":\"https:\/\/culturbaine.com\/#\/schema\/person\/image\/\",\"url\":\"https:\/\/secure.gravatar.com\/avatar\/c268f4d483ce0486e5a10fee87bbf756?s=96&d=mm&r=g\",\"contentUrl\":\"https:\/\/secure.gravatar.com\/avatar\/c268f4d483ce0486e5a10fee87bbf756?s=96&d=mm&r=g\",\"caption\":\"admin1\"},\"url\":\"https:\/\/culturbaine.com\/index.php\/author\/admin1\/\"}]}<\/script>\n<!-- \/ Yoast SEO Premium plugin. -->","yoast_head_json":{"title":"Festival des Arts de la For\u00eat \/Acte 4 : Les Organisateurs \u00c9taient Devant La Presse Cet Apr\u00e8s-midi ! - Culturbaine","robots":{"index":"index","follow":"follow","max-snippet":"max-snippet:-1","max-image-preview":"max-image-preview:large","max-video-preview":"max-video-preview:-1"},"canonical":"https:\/\/culturbaine.com\/index.php\/2024\/05\/07\/festival-des-arts-de-la-foret-acte-4-les-organisateurs-etaient-devant-la-presse-cet-apres-midi\/","og_locale":"fr_FR","og_type":"article","og_title":"Festival des Arts de la For\u00eat \/Acte 4 : Les Organisateurs \u00c9taient Devant La Presse Cet Apr\u00e8s-midi !","og_description":"Dans le cadre pittoresque de N&rsquo;z\u00e9r\u00e9kor\u00e9, le Festival des Arts de la For\u00eat (FAF) s&rsquo;appr\u00eate \u00e0 d\u00e9voiler sa 4e \u00e9dition, plac\u00e9e sous le th\u00e8me \u00e9vocateur : \u00ab\u00a0L&rsquo;agriculture, moteur du d\u00e9veloppement \u00e9conomique\u00ab\u00a0. Lors d&rsquo;une conf\u00e9rence de presse anim\u00e9e aujourd&rsquo;hui \u00e0 l&rsquo;espace Guin\u00e9e Cr\u00e9ative, les organisateurs, accompagn\u00e9s de leurs partenaires, ont lev\u00e9 le voile sur les festivit\u00e9s [&hellip;]","og_url":"https:\/\/culturbaine.com\/index.php\/2024\/05\/07\/festival-des-arts-de-la-foret-acte-4-les-organisateurs-etaient-devant-la-presse-cet-apres-midi\/","og_site_name":"Culturbaine","article_publisher":"https:\/\/www.facebook.com\/Culturbaines","article_published_time":"2024-05-07T21:19:05+00:00","og_image":[{"width":713,"height":378,"url":"https:\/\/culturbaine.com\/wp-content\/uploads\/2024\/05\/IMG_20240507_210941.jpg","type":"image\/jpeg"}],"author":"admin1","twitter_card":"summary_large_image","twitter_creator":"@culturbaines","twitter_site":"@culturbaines","twitter_misc":{"\u00c9crit par":"admin1","Dur\u00e9e de lecture estim\u00e9e":"2 minutes"},"schema":{"@context":"https:\/\/schema.org","@graph":[{"@type":"Article","@id":"https:\/\/culturbaine.com\/index.php\/2024\/05\/07\/festival-des-arts-de-la-foret-acte-4-les-organisateurs-etaient-devant-la-presse-cet-apres-midi\/#article","isPartOf":{"@id":"https:\/\/culturbaine.com\/index.php\/2024\/05\/07\/festival-des-arts-de-la-foret-acte-4-les-organisateurs-etaient-devant-la-presse-cet-apres-midi\/"},"author":{"name":"admin1","@id":"https:\/\/culturbaine.com\/#\/schema\/person\/42eb7485c572e0746c1ea6b8216c3814"},"headline":"Festival des Arts de la For\u00eat \/Acte 4 : Les Organisateurs \u00c9taient Devant La Presse Cet Apr\u00e8s-midi !","datePublished":"2024-05-07T21:19:05+00:00","dateModified":"2024-05-07T21:19:05+00:00","mainEntityOfPage":{"@id":"https:\/\/culturbaine.com\/index.php\/2024\/05\/07\/festival-des-arts-de-la-foret-acte-4-les-organisateurs-etaient-devant-la-presse-cet-apres-midi\/"},"wordCount":304,"publisher":{"@id":"https:\/\/culturbaine.com\/#organization"},"image":{"@id":"https:\/\/culturbaine.com\/index.php\/2024\/05\/07\/festival-des-arts-de-la-foret-acte-4-les-organisateurs-etaient-devant-la-presse-cet-apres-midi\/#primaryimage"},"thumbnailUrl":"https:\/\/culturbaine.com\/wp-content\/uploads\/2024\/05\/IMG_20240507_210941.jpg","keywords":["Acte 4","Festival des arts et de la for\u00eat"],"articleSection":["Actualit\u00e9"],"inLanguage":"fr-FR"},{"@type":"WebPage","@id":"https:\/\/culturbaine.com\/index.php\/2024\/05\/07\/festival-des-arts-de-la-foret-acte-4-les-organisateurs-etaient-devant-la-presse-cet-apres-midi\/","url":"https:\/\/culturbaine.com\/index.php\/2024\/05\/07\/festival-des-arts-de-la-foret-acte-4-les-organisateurs-etaient-devant-la-presse-cet-apres-midi\/","name":"Festival des Arts de la For\u00eat \/Acte 4 : Les Organisateurs \u00c9taient Devant La Presse Cet Apr\u00e8s-midi ! - Culturbaine","isPartOf":{"@id":"https:\/\/culturbaine.com\/#website"},"primaryImageOfPage":{"@id":"https:\/\/culturbaine.com\/index.php\/2024\/05\/07\/festival-des-arts-de-la-foret-acte-4-les-organisateurs-etaient-devant-la-presse-cet-apres-midi\/#primaryimage"},"image":{"@id":"https:\/\/culturbaine.com\/index.php\/2024\/05\/07\/festival-des-arts-de-la-foret-acte-4-les-organisateurs-etaient-devant-la-presse-cet-apres-midi\/#primaryimage"},"thumbnailUrl":"https:\/\/culturbaine.com\/wp-content\/uploads\/2024\/05\/IMG_20240507_210941.jpg","datePublished":"2024-05-07T21:19:05+00:00","dateModified":"2024-05-07T21:19:05+00:00","breadcrumb":{"@id":"https:\/\/culturbaine.com\/index.php\/2024\/05\/07\/festival-des-arts-de-la-foret-acte-4-les-organisateurs-etaient-devant-la-presse-cet-apres-midi\/#breadcrumb"},"inLanguage":"fr-FR","potentialAction":[{"@type":"ReadAction","target":["https:\/\/culturbaine.com\/index.php\/2024\/05\/07\/festival-des-arts-de-la-foret-acte-4-les-organisateurs-etaient-devant-la-presse-cet-apres-midi\/"]}]},{"@type":"ImageObject","inLanguage":"fr-FR","@id":"https:\/\/culturbaine.com\/index.php\/2024\/05\/07\/festival-des-arts-de-la-foret-acte-4-les-organisateurs-etaient-devant-la-presse-cet-apres-midi\/#primaryimage","url":"https:\/\/culturbaine.com\/wp-content\/uploads\/2024\/05\/IMG_20240507_210941.jpg","contentUrl":"https:\/\/culturbaine.com\/wp-content\/uploads\/2024\/05\/IMG_20240507_210941.jpg","width":713,"height":378},{"@type":"BreadcrumbList","@id":"https:\/\/culturbaine.com\/index.php\/2024\/05\/07\/festival-des-arts-de-la-foret-acte-4-les-organisateurs-etaient-devant-la-presse-cet-apres-midi\/#breadcrumb","itemListElement":[{"@type":"ListItem","position":1,"name":"Home","item":"https:\/\/culturbaine.com\/"},{"@type":"ListItem","position":2,"name":"Festival des Arts de la For\u00eat \/Acte 4 : Les Organisateurs \u00c9taient Devant La Presse Cet Apr\u00e8s-midi !"}]},{"@type":"WebSite","@id":"https:\/\/culturbaine.com\/#website","url":"https:\/\/culturbaine.com\/","name":"Culturbaine.com","description":"Toute l&#039;actualit\u00e9 des Cultures Urbaines, en un clic  !","publisher":{"@id":"https:\/\/culturbaine.com\/#organization"},"potentialAction":[{"@type":"SearchAction","target":{"@type":"EntryPoint","urlTemplate":"https:\/\/culturbaine.com\/?s={search_term_string}"},"query-input":{"@type":"PropertyValueSpecification","valueRequired":true,"valueName":"search_term_string"}}],"inLanguage":"fr-FR"},{"@type":"Organization","@id":"https:\/\/culturbaine.com\/#organization","name":"Culturbaine.com","url":"https:\/\/culturbaine.com\/","logo":{"@type":"ImageObject","inLanguage":"fr-FR","@id":"https:\/\/culturbaine.com\/#\/schema\/logo\/image\/","url":"https:\/\/culturbaine.com\/wp-content\/uploads\/2023\/07\/WhatsApp-Image-2023-07-17-at-14.38.18.jpeg","contentUrl":"https:\/\/culturbaine.com\/wp-content\/uploads\/2023\/07\/WhatsApp-Image-2023-07-17-at-14.38.18.jpeg","width":855,"height":270,"caption":"Culturbaine.com"},"image":{"@id":"https:\/\/culturbaine.com\/#\/schema\/logo\/image\/"},"sameAs":["https:\/\/www.facebook.com\/Culturbaines","https:\/\/x.com\/culturbaines"]},{"@type":"Person","@id":"https:\/\/culturbaine.com\/#\/schema\/person\/42eb7485c572e0746c1ea6b8216c3814","name":"admin1","image":{"@type":"ImageObject","inLanguage":"fr-FR","@id":"https:\/\/culturbaine.com\/#\/schema\/person\/image\/","url":"https:\/\/secure.gravatar.com\/avatar\/c268f4d483ce0486e5a10fee87bbf756?s=96&d=mm&r=g","contentUrl":"https:\/\/secure.gravatar.com\/avatar\/c268f4d483ce0486e5a10fee87bbf756?s=96&d=mm&r=g","caption":"admin1"},"url":"https:\/\/culturbaine.com\/index.php\/author\/admin1\/"}]}},"_links":{"self":[{"href":"https:\/\/culturbaine.com\/index.php\/wp-json\/wp\/v2\/posts\/5993"}],"collection":[{"href":"https:\/\/culturbaine.com\/index.php\/wp-json\/wp\/v2\/posts"}],"about":[{"href":"https:\/\/culturbaine.com\/index.php\/wp-json\/wp\/v2\/types\/post"}],"author":[{"embeddable":true,"href":"https:\/\/culturbaine.com\/index.php\/wp-json\/wp\/v2\/users\/2"}],"replies":[{"embeddable":true,"href":"https:\/\/culturbaine.com\/index.php\/wp-json\/wp\/v2\/comments?post=5993"}],"version-history":[{"count":0,"href":"https:\/\/culturbaine.com\/index.php\/wp-json\/wp\/v2\/posts\/5993\/revisions"}],"wp:featuredmedia":[{"embeddable":true,"href":"https:\/\/culturbaine.com\/index.php\/wp-json\/wp\/v2\/media\/5995"}],"wp:attachment":[{"href":"https:\/\/culturbaine.com\/index.php\/wp-json\/wp\/v2\/media?parent=5993"}],"wp:term":[{"taxonomy":"category","embeddable":true,"href":"https:\/\/culturbaine.com\/index.php\/wp-json\/wp\/v2\/categories?post=5993"},{"taxonomy":"post_tag","embeddable":true,"href":"https:\/\/culturbaine.com\/index.php\/wp-json\/wp\/v2\/tags?post=5993"}],"curies":[{"name":"wp","href":"https:\/\/api.w.org\/{rel}","templated":true}]}}