{"id":5976,"date":"2024-05-07T09:18:31","date_gmt":"2024-05-07T09:18:31","guid":{"rendered":"https:\/\/culturbaine.com\/?p=5976"},"modified":"2024-05-07T09:18:31","modified_gmt":"2024-05-07T09:18:31","slug":"urban-made-ouest-tient-sa-premiere-tete-daffiche-pour-son-acte-3","status":"publish","type":"post","link":"https:\/\/culturbaine.com\/index.php\/2024\/05\/07\/urban-made-ouest-tient-sa-premiere-tete-daffiche-pour-son-acte-3\/","title":{"rendered":"Urban Made Ouest tient sa premi\u00e8re t\u00eate d&rsquo;affiche pour son acte 3 !"},"content":{"rendered":"<p><span>Apr\u00e8s deux \u00e9ditions r\u00e9ussies, les organisateurs d\u2019<\/span><b>Urban Made Ouest<\/b><span> remettent le couvert pour cette troisi\u00e8me \u00e9dition, qui aura lieu le 28 septembre prochain, dans la salle Polyvalente de Laval (France). \u00c0 cette occasion, la premi\u00e8re t\u00eate d&rsquo;affiche vient de tomber , il s&rsquo;agit bien \u00e9videmment du chanteur fran\u00e7ais d&rsquo;origine congolaise, <\/span><b>Hiro<\/b><span>.<\/span><\/p>\n<p><span style=\"font-weight: 400;\">Cette grosse annonce a \u00e9t\u00e9 faite par <\/span><b>Minoss Camara<\/b><span style=\"font-weight: 400;\">, commissaire g\u00e9n\u00e9ral d\u2019Urban Made Ouest, via son outil de communication traditionnel Facebook.<\/span><\/p>\n<p><span style=\"font-weight: 400;\">L&rsquo;auteur du tube <\/span><b>Aveugl\u00e9<\/b><span style=\"font-weight: 400;\"> ne sera pas le seul artiste programm\u00e9 \u00e0 cet \u00e9v\u00e9nement, il se fera accompagner avec plusieurs autres artistes guin\u00e9ens et d&rsquo;autres, dont les noms sont pour le moment secrets.<\/span><\/p>\n<p><img loading=\"lazy\" decoding=\"async\" class=\"alignnone size-medium wp-image-5978\" src=\"https:\/\/culturbaine.com\/wp-content\/uploads\/2024\/05\/1715070718039-212x300.jpg\" alt=\"\" width=\"212\" height=\"300\" srcset=\"https:\/\/culturbaine.com\/wp-content\/uploads\/2024\/05\/1715070718039-212x300.jpg 212w, https:\/\/culturbaine.com\/wp-content\/uploads\/2024\/05\/1715070718039.jpg 720w\" sizes=\"(max-width: 212px) 100vw, 212px\" \/><\/p>\n<p><span style=\"font-weight: 400;\">En attendant, la billetterie est d\u00e9j\u00e0 ouverte sur la plateforme <\/span><a href=\"http:\/\/www.urbanmadeouest.com\"><span style=\"font-weight: 400;\">www.urbanmadeouest.com<\/span><\/a><\/p>\n<p><b>Mohamed Cinq Sylla<\/b><span style=\"font-weight: 400;\">\u00a0<\/span><\/p>\n","protected":false},"excerpt":{"rendered":"<p>Apr\u00e8s deux \u00e9ditions r\u00e9ussies, les organisateurs d\u2019Urban Made Ouest remettent le couvert pour cette troisi\u00e8me \u00e9dition, qui aura lieu le 28 septembre prochain, dans la salle Polyvalente de Laval (France). \u00c0 cette occasion, la premi\u00e8re t\u00eate d&rsquo;affiche vient de tomber , il s&rsquo;agit bien \u00e9videmment du chanteur fran\u00e7ais d&rsquo;origine congolaise, Hiro. Cette grosse annonce a [&hellip;]<\/p>\n","protected":false},"author":2,"featured_media":5979,"comment_status":"closed","ping_status":"closed","sticky":false,"template":"","format":"standard","meta":{"_mi_skip_tracking":false,"_monsterinsights_sitenote_active":false,"_monsterinsights_sitenote_note":"","_monsterinsights_sitenote_category":0,"footnotes":""},"categories":[21,33],"tags":[1161,264,195,196,631],"class_list":["post-5976","post","type-post","status-publish","format-standard","has-post-thumbnail","hentry","category-actualite","category-agenda","tag-acte-3","tag-hiro","tag-laval","tag-minoss","tag-urban-made-ouest"],"yoast_head":"<!-- This site is optimized with the Yoast SEO Premium plugin v20.1 (Yoast SEO v24.0) - https:\/\/yoast.com\/wordpress\/plugins\/seo\/ -->\n<title>Urban Made Ouest tient sa premi\u00e8re t\u00eate d&#039;affiche pour son acte 3 ! - Culturbaine<\/title>\n<meta name=\"robots\" content=\"index, follow, max-snippet:-1, max-image-preview:large, max-video-preview:-1\" \/>\n<link rel=\"canonical\" href=\"https:\/\/culturbaine.com\/index.php\/2024\/05\/07\/urban-made-ouest-tient-sa-premiere-tete-daffiche-pour-son-acte-3\/\" \/>\n<meta property=\"og:locale\" content=\"fr_FR\" \/>\n<meta property=\"og:type\" content=\"article\" \/>\n<meta property=\"og:title\" content=\"Urban Made Ouest tient sa premi\u00e8re t\u00eate d&#039;affiche pour son acte 3 !\" \/>\n<meta property=\"og:description\" content=\"Apr\u00e8s deux \u00e9ditions r\u00e9ussies, les organisateurs d\u2019Urban Made Ouest remettent le couvert pour cette troisi\u00e8me \u00e9dition, qui aura lieu le 28 septembre prochain, dans la salle Polyvalente de Laval (France). \u00c0 cette occasion, la premi\u00e8re t\u00eate d&rsquo;affiche vient de tomber , il s&rsquo;agit bien \u00e9videmment du chanteur fran\u00e7ais d&rsquo;origine congolaise, Hiro. Cette grosse annonce a [&hellip;]\" \/>\n<meta property=\"og:url\" content=\"https:\/\/culturbaine.com\/index.php\/2024\/05\/07\/urban-made-ouest-tient-sa-premiere-tete-daffiche-pour-son-acte-3\/\" \/>\n<meta property=\"og:site_name\" content=\"Culturbaine\" \/>\n<meta property=\"article:publisher\" content=\"https:\/\/www.facebook.com\/Culturbaines\" \/>\n<meta property=\"article:published_time\" content=\"2024-05-07T09:18:31+00:00\" \/>\n<meta property=\"og:image\" content=\"https:\/\/culturbaine.com\/wp-content\/uploads\/2024\/05\/17150732066552.jpg\" \/>\n\t<meta property=\"og:image:width\" content=\"713\" \/>\n\t<meta property=\"og:image:height\" content=\"411\" \/>\n\t<meta property=\"og:image:type\" content=\"image\/jpeg\" \/>\n<meta name=\"author\" content=\"admin1\" \/>\n<meta name=\"twitter:card\" content=\"summary_large_image\" \/>\n<meta name=\"twitter:creator\" content=\"@culturbaines\" \/>\n<meta name=\"twitter:site\" content=\"@culturbaines\" \/>\n<meta name=\"twitter:label1\" content=\"\u00c9crit par\" \/>\n\t<meta name=\"twitter:data1\" content=\"admin1\" \/>\n\t<meta name=\"twitter:label2\" content=\"Dur\u00e9e de lecture estim\u00e9e\" \/>\n\t<meta name=\"twitter:data2\" content=\"2 minutes\" \/>\n<script type=\"application\/ld+json\" class=\"yoast-schema-graph\">{\"@context\":\"https:\/\/schema.org\",\"@graph\":[{\"@type\":\"Article\",\"@id\":\"https:\/\/culturbaine.com\/index.php\/2024\/05\/07\/urban-made-ouest-tient-sa-premiere-tete-daffiche-pour-son-acte-3\/#article\",\"isPartOf\":{\"@id\":\"https:\/\/culturbaine.com\/index.php\/2024\/05\/07\/urban-made-ouest-tient-sa-premiere-tete-daffiche-pour-son-acte-3\/\"},\"author\":{\"name\":\"admin1\",\"@id\":\"https:\/\/culturbaine.com\/#\/schema\/person\/42eb7485c572e0746c1ea6b8216c3814\"},\"headline\":\"Urban Made Ouest tient sa premi\u00e8re t\u00eate d&rsquo;affiche pour son acte 3 !\",\"datePublished\":\"2024-05-07T09:18:31+00:00\",\"dateModified\":\"2024-05-07T09:18:31+00:00\",\"mainEntityOfPage\":{\"@id\":\"https:\/\/culturbaine.com\/index.php\/2024\/05\/07\/urban-made-ouest-tient-sa-premiere-tete-daffiche-pour-son-acte-3\/\"},\"wordCount\":149,\"publisher\":{\"@id\":\"https:\/\/culturbaine.com\/#organization\"},\"image\":{\"@id\":\"https:\/\/culturbaine.com\/index.php\/2024\/05\/07\/urban-made-ouest-tient-sa-premiere-tete-daffiche-pour-son-acte-3\/#primaryimage\"},\"thumbnailUrl\":\"https:\/\/culturbaine.com\/wp-content\/uploads\/2024\/05\/17150732066552.jpg\",\"keywords\":[\"Acte 3\",\"Hiro\",\"Laval\",\"minoss\",\"Urban Made Ouest\"],\"articleSection\":[\"Actualit\u00e9\",\"Agenda\"],\"inLanguage\":\"fr-FR\"},{\"@type\":\"WebPage\",\"@id\":\"https:\/\/culturbaine.com\/index.php\/2024\/05\/07\/urban-made-ouest-tient-sa-premiere-tete-daffiche-pour-son-acte-3\/\",\"url\":\"https:\/\/culturbaine.com\/index.php\/2024\/05\/07\/urban-made-ouest-tient-sa-premiere-tete-daffiche-pour-son-acte-3\/\",\"name\":\"Urban Made Ouest tient sa premi\u00e8re t\u00eate d'affiche pour son acte 3 ! - Culturbaine\",\"isPartOf\":{\"@id\":\"https:\/\/culturbaine.com\/#website\"},\"primaryImageOfPage\":{\"@id\":\"https:\/\/culturbaine.com\/index.php\/2024\/05\/07\/urban-made-ouest-tient-sa-premiere-tete-daffiche-pour-son-acte-3\/#primaryimage\"},\"image\":{\"@id\":\"https:\/\/culturbaine.com\/index.php\/2024\/05\/07\/urban-made-ouest-tient-sa-premiere-tete-daffiche-pour-son-acte-3\/#primaryimage\"},\"thumbnailUrl\":\"https:\/\/culturbaine.com\/wp-content\/uploads\/2024\/05\/17150732066552.jpg\",\"datePublished\":\"2024-05-07T09:18:31+00:00\",\"dateModified\":\"2024-05-07T09:18:31+00:00\",\"breadcrumb\":{\"@id\":\"https:\/\/culturbaine.com\/index.php\/2024\/05\/07\/urban-made-ouest-tient-sa-premiere-tete-daffiche-pour-son-acte-3\/#breadcrumb\"},\"inLanguage\":\"fr-FR\",\"potentialAction\":[{\"@type\":\"ReadAction\",\"target\":[\"https:\/\/culturbaine.com\/index.php\/2024\/05\/07\/urban-made-ouest-tient-sa-premiere-tete-daffiche-pour-son-acte-3\/\"]}]},{\"@type\":\"ImageObject\",\"inLanguage\":\"fr-FR\",\"@id\":\"https:\/\/culturbaine.com\/index.php\/2024\/05\/07\/urban-made-ouest-tient-sa-premiere-tete-daffiche-pour-son-acte-3\/#primaryimage\",\"url\":\"https:\/\/culturbaine.com\/wp-content\/uploads\/2024\/05\/17150732066552.jpg\",\"contentUrl\":\"https:\/\/culturbaine.com\/wp-content\/uploads\/2024\/05\/17150732066552.jpg\",\"width\":713,\"height\":411},{\"@type\":\"BreadcrumbList\",\"@id\":\"https:\/\/culturbaine.com\/index.php\/2024\/05\/07\/urban-made-ouest-tient-sa-premiere-tete-daffiche-pour-son-acte-3\/#breadcrumb\",\"itemListElement\":[{\"@type\":\"ListItem\",\"position\":1,\"name\":\"Home\",\"item\":\"https:\/\/culturbaine.com\/\"},{\"@type\":\"ListItem\",\"position\":2,\"name\":\"Urban Made Ouest tient sa premi\u00e8re t\u00eate d&rsquo;affiche pour son acte 3 !\"}]},{\"@type\":\"WebSite\",\"@id\":\"https:\/\/culturbaine.com\/#website\",\"url\":\"https:\/\/culturbaine.com\/\",\"name\":\"Culturbaine.com\",\"description\":\"Toute l&#039;actualit\u00e9 des Cultures Urbaines, en un clic  !\",\"publisher\":{\"@id\":\"https:\/\/culturbaine.com\/#organization\"},\"potentialAction\":[{\"@type\":\"SearchAction\",\"target\":{\"@type\":\"EntryPoint\",\"urlTemplate\":\"https:\/\/culturbaine.com\/?s={search_term_string}\"},\"query-input\":{\"@type\":\"PropertyValueSpecification\",\"valueRequired\":true,\"valueName\":\"search_term_string\"}}],\"inLanguage\":\"fr-FR\"},{\"@type\":\"Organization\",\"@id\":\"https:\/\/culturbaine.com\/#organization\",\"name\":\"Culturbaine.com\",\"url\":\"https:\/\/culturbaine.com\/\",\"logo\":{\"@type\":\"ImageObject\",\"inLanguage\":\"fr-FR\",\"@id\":\"https:\/\/culturbaine.com\/#\/schema\/logo\/image\/\",\"url\":\"https:\/\/culturbaine.com\/wp-content\/uploads\/2023\/07\/WhatsApp-Image-2023-07-17-at-14.38.18.jpeg\",\"contentUrl\":\"https:\/\/culturbaine.com\/wp-content\/uploads\/2023\/07\/WhatsApp-Image-2023-07-17-at-14.38.18.jpeg\",\"width\":855,\"height\":270,\"caption\":\"Culturbaine.com\"},\"image\":{\"@id\":\"https:\/\/culturbaine.com\/#\/schema\/logo\/image\/\"},\"sameAs\":[\"https:\/\/www.facebook.com\/Culturbaines\",\"https:\/\/x.com\/culturbaines\"]},{\"@type\":\"Person\",\"@id\":\"https:\/\/culturbaine.com\/#\/schema\/person\/42eb7485c572e0746c1ea6b8216c3814\",\"name\":\"admin1\",\"image\":{\"@type\":\"ImageObject\",\"inLanguage\":\"fr-FR\",\"@id\":\"https:\/\/culturbaine.com\/#\/schema\/person\/image\/\",\"url\":\"https:\/\/secure.gravatar.com\/avatar\/c268f4d483ce0486e5a10fee87bbf756?s=96&d=mm&r=g\",\"contentUrl\":\"https:\/\/secure.gravatar.com\/avatar\/c268f4d483ce0486e5a10fee87bbf756?s=96&d=mm&r=g\",\"caption\":\"admin1\"},\"url\":\"https:\/\/culturbaine.com\/index.php\/author\/admin1\/\"}]}<\/script>\n<!-- \/ Yoast SEO Premium plugin. -->","yoast_head_json":{"title":"Urban Made Ouest tient sa premi\u00e8re t\u00eate d'affiche pour son acte 3 ! - Culturbaine","robots":{"index":"index","follow":"follow","max-snippet":"max-snippet:-1","max-image-preview":"max-image-preview:large","max-video-preview":"max-video-preview:-1"},"canonical":"https:\/\/culturbaine.com\/index.php\/2024\/05\/07\/urban-made-ouest-tient-sa-premiere-tete-daffiche-pour-son-acte-3\/","og_locale":"fr_FR","og_type":"article","og_title":"Urban Made Ouest tient sa premi\u00e8re t\u00eate d'affiche pour son acte 3 !","og_description":"Apr\u00e8s deux \u00e9ditions r\u00e9ussies, les organisateurs d\u2019Urban Made Ouest remettent le couvert pour cette troisi\u00e8me \u00e9dition, qui aura lieu le 28 septembre prochain, dans la salle Polyvalente de Laval (France). \u00c0 cette occasion, la premi\u00e8re t\u00eate d&rsquo;affiche vient de tomber , il s&rsquo;agit bien \u00e9videmment du chanteur fran\u00e7ais d&rsquo;origine congolaise, Hiro. Cette grosse annonce a [&hellip;]","og_url":"https:\/\/culturbaine.com\/index.php\/2024\/05\/07\/urban-made-ouest-tient-sa-premiere-tete-daffiche-pour-son-acte-3\/","og_site_name":"Culturbaine","article_publisher":"https:\/\/www.facebook.com\/Culturbaines","article_published_time":"2024-05-07T09:18:31+00:00","og_image":[{"width":713,"height":411,"url":"https:\/\/culturbaine.com\/wp-content\/uploads\/2024\/05\/17150732066552.jpg","type":"image\/jpeg"}],"author":"admin1","twitter_card":"summary_large_image","twitter_creator":"@culturbaines","twitter_site":"@culturbaines","twitter_misc":{"\u00c9crit par":"admin1","Dur\u00e9e de lecture estim\u00e9e":"2 minutes"},"schema":{"@context":"https:\/\/schema.org","@graph":[{"@type":"Article","@id":"https:\/\/culturbaine.com\/index.php\/2024\/05\/07\/urban-made-ouest-tient-sa-premiere-tete-daffiche-pour-son-acte-3\/#article","isPartOf":{"@id":"https:\/\/culturbaine.com\/index.php\/2024\/05\/07\/urban-made-ouest-tient-sa-premiere-tete-daffiche-pour-son-acte-3\/"},"author":{"name":"admin1","@id":"https:\/\/culturbaine.com\/#\/schema\/person\/42eb7485c572e0746c1ea6b8216c3814"},"headline":"Urban Made Ouest tient sa premi\u00e8re t\u00eate d&rsquo;affiche pour son acte 3 !","datePublished":"2024-05-07T09:18:31+00:00","dateModified":"2024-05-07T09:18:31+00:00","mainEntityOfPage":{"@id":"https:\/\/culturbaine.com\/index.php\/2024\/05\/07\/urban-made-ouest-tient-sa-premiere-tete-daffiche-pour-son-acte-3\/"},"wordCount":149,"publisher":{"@id":"https:\/\/culturbaine.com\/#organization"},"image":{"@id":"https:\/\/culturbaine.com\/index.php\/2024\/05\/07\/urban-made-ouest-tient-sa-premiere-tete-daffiche-pour-son-acte-3\/#primaryimage"},"thumbnailUrl":"https:\/\/culturbaine.com\/wp-content\/uploads\/2024\/05\/17150732066552.jpg","keywords":["Acte 3","Hiro","Laval","minoss","Urban Made Ouest"],"articleSection":["Actualit\u00e9","Agenda"],"inLanguage":"fr-FR"},{"@type":"WebPage","@id":"https:\/\/culturbaine.com\/index.php\/2024\/05\/07\/urban-made-ouest-tient-sa-premiere-tete-daffiche-pour-son-acte-3\/","url":"https:\/\/culturbaine.com\/index.php\/2024\/05\/07\/urban-made-ouest-tient-sa-premiere-tete-daffiche-pour-son-acte-3\/","name":"Urban Made Ouest tient sa premi\u00e8re t\u00eate d'affiche pour son acte 3 ! - Culturbaine","isPartOf":{"@id":"https:\/\/culturbaine.com\/#website"},"primaryImageOfPage":{"@id":"https:\/\/culturbaine.com\/index.php\/2024\/05\/07\/urban-made-ouest-tient-sa-premiere-tete-daffiche-pour-son-acte-3\/#primaryimage"},"image":{"@id":"https:\/\/culturbaine.com\/index.php\/2024\/05\/07\/urban-made-ouest-tient-sa-premiere-tete-daffiche-pour-son-acte-3\/#primaryimage"},"thumbnailUrl":"https:\/\/culturbaine.com\/wp-content\/uploads\/2024\/05\/17150732066552.jpg","datePublished":"2024-05-07T09:18:31+00:00","dateModified":"2024-05-07T09:18:31+00:00","breadcrumb":{"@id":"https:\/\/culturbaine.com\/index.php\/2024\/05\/07\/urban-made-ouest-tient-sa-premiere-tete-daffiche-pour-son-acte-3\/#breadcrumb"},"inLanguage":"fr-FR","potentialAction":[{"@type":"ReadAction","target":["https:\/\/culturbaine.com\/index.php\/2024\/05\/07\/urban-made-ouest-tient-sa-premiere-tete-daffiche-pour-son-acte-3\/"]}]},{"@type":"ImageObject","inLanguage":"fr-FR","@id":"https:\/\/culturbaine.com\/index.php\/2024\/05\/07\/urban-made-ouest-tient-sa-premiere-tete-daffiche-pour-son-acte-3\/#primaryimage","url":"https:\/\/culturbaine.com\/wp-content\/uploads\/2024\/05\/17150732066552.jpg","contentUrl":"https:\/\/culturbaine.com\/wp-content\/uploads\/2024\/05\/17150732066552.jpg","width":713,"height":411},{"@type":"BreadcrumbList","@id":"https:\/\/culturbaine.com\/index.php\/2024\/05\/07\/urban-made-ouest-tient-sa-premiere-tete-daffiche-pour-son-acte-3\/#breadcrumb","itemListElement":[{"@type":"ListItem","position":1,"name":"Home","item":"https:\/\/culturbaine.com\/"},{"@type":"ListItem","position":2,"name":"Urban Made Ouest tient sa premi\u00e8re t\u00eate d&rsquo;affiche pour son acte 3 !"}]},{"@type":"WebSite","@id":"https:\/\/culturbaine.com\/#website","url":"https:\/\/culturbaine.com\/","name":"Culturbaine.com","description":"Toute l&#039;actualit\u00e9 des Cultures Urbaines, en un clic  !","publisher":{"@id":"https:\/\/culturbaine.com\/#organization"},"potentialAction":[{"@type":"SearchAction","target":{"@type":"EntryPoint","urlTemplate":"https:\/\/culturbaine.com\/?s={search_term_string}"},"query-input":{"@type":"PropertyValueSpecification","valueRequired":true,"valueName":"search_term_string"}}],"inLanguage":"fr-FR"},{"@type":"Organization","@id":"https:\/\/culturbaine.com\/#organization","name":"Culturbaine.com","url":"https:\/\/culturbaine.com\/","logo":{"@type":"ImageObject","inLanguage":"fr-FR","@id":"https:\/\/culturbaine.com\/#\/schema\/logo\/image\/","url":"https:\/\/culturbaine.com\/wp-content\/uploads\/2023\/07\/WhatsApp-Image-2023-07-17-at-14.38.18.jpeg","contentUrl":"https:\/\/culturbaine.com\/wp-content\/uploads\/2023\/07\/WhatsApp-Image-2023-07-17-at-14.38.18.jpeg","width":855,"height":270,"caption":"Culturbaine.com"},"image":{"@id":"https:\/\/culturbaine.com\/#\/schema\/logo\/image\/"},"sameAs":["https:\/\/www.facebook.com\/Culturbaines","https:\/\/x.com\/culturbaines"]},{"@type":"Person","@id":"https:\/\/culturbaine.com\/#\/schema\/person\/42eb7485c572e0746c1ea6b8216c3814","name":"admin1","image":{"@type":"ImageObject","inLanguage":"fr-FR","@id":"https:\/\/culturbaine.com\/#\/schema\/person\/image\/","url":"https:\/\/secure.gravatar.com\/avatar\/c268f4d483ce0486e5a10fee87bbf756?s=96&d=mm&r=g","contentUrl":"https:\/\/secure.gravatar.com\/avatar\/c268f4d483ce0486e5a10fee87bbf756?s=96&d=mm&r=g","caption":"admin1"},"url":"https:\/\/culturbaine.com\/index.php\/author\/admin1\/"}]}},"_links":{"self":[{"href":"https:\/\/culturbaine.com\/index.php\/wp-json\/wp\/v2\/posts\/5976"}],"collection":[{"href":"https:\/\/culturbaine.com\/index.php\/wp-json\/wp\/v2\/posts"}],"about":[{"href":"https:\/\/culturbaine.com\/index.php\/wp-json\/wp\/v2\/types\/post"}],"author":[{"embeddable":true,"href":"https:\/\/culturbaine.com\/index.php\/wp-json\/wp\/v2\/users\/2"}],"replies":[{"embeddable":true,"href":"https:\/\/culturbaine.com\/index.php\/wp-json\/wp\/v2\/comments?post=5976"}],"version-history":[{"count":0,"href":"https:\/\/culturbaine.com\/index.php\/wp-json\/wp\/v2\/posts\/5976\/revisions"}],"wp:featuredmedia":[{"embeddable":true,"href":"https:\/\/culturbaine.com\/index.php\/wp-json\/wp\/v2\/media\/5979"}],"wp:attachment":[{"href":"https:\/\/culturbaine.com\/index.php\/wp-json\/wp\/v2\/media?parent=5976"}],"wp:term":[{"taxonomy":"category","embeddable":true,"href":"https:\/\/culturbaine.com\/index.php\/wp-json\/wp\/v2\/categories?post=5976"},{"taxonomy":"post_tag","embeddable":true,"href":"https:\/\/culturbaine.com\/index.php\/wp-json\/wp\/v2\/tags?post=5976"}],"curies":[{"name":"wp","href":"https:\/\/api.w.org\/{rel}","templated":true}]}}