{"id":5645,"date":"2024-04-24T21:27:03","date_gmt":"2024-04-24T21:27:03","guid":{"rendered":"https:\/\/culturbaine.com\/?p=5645"},"modified":"2024-04-24T21:27:03","modified_gmt":"2024-04-24T21:27:03","slug":"benin-des-jeunes-sensibilises-a-travers-le-projet-graffiti-a-lecole","status":"publish","type":"post","link":"https:\/\/culturbaine.com\/index.php\/2024\/04\/24\/benin-des-jeunes-sensibilises-a-travers-le-projet-graffiti-a-lecole\/","title":{"rendered":"B\u00e9nin : Des jeunes Sensibilis\u00e9s \u00c0 Travers Le Projet \u00ab Graffiti \u00c0 L\u2019\u00c9cole \u00bb"},"content":{"rendered":"<p>Dans le cadre d&rsquo;une initiative innovante visant \u00e0 promouvoir le bien-\u00eatre et le d\u00e9veloppement chez les jeunes, le projet \u00ab\u00a0<strong>Graffiti \u00e0 l&rsquo;\u00c9cole<\/strong>\u00a0\u00bb a r\u00e9cemment vu le jour, men\u00e9 par l&rsquo;\u00e9quipe dynamique de <strong>Street Hum&rsquo;Art<\/strong> en collaboration avec divers partenaires, notamment le LIONS<strong> CLUB Natitingou TATA de Natitingou <\/strong>et<strong> l&rsquo;ONG Emergency-Africa<\/strong>. Cette initiative vise \u00e0 sensibiliser les \u00e9l\u00e8ves sur les probl\u00e9matiques contemporaines tout en encourageant leur cr\u00e9ativit\u00e9 et leur expression artistique.<\/p>\n<p>L&rsquo;\u00e9tape initiale de ce projet a \u00e9t\u00e9 marqu\u00e9e par une journ\u00e9e de sensibilisation et d&rsquo;initiation, au cours de laquelle les jeunes ont \u00e9t\u00e9 immerg\u00e9s dans trois th\u00e8mes cl\u00e9s li\u00e9s au bien-\u00eatre et au d\u00e9veloppement. Gr\u00e2ce \u00e0 une \u00e9troite collaboration avec les \u00e9quipes de <strong>Street<\/strong> <strong>Hum&rsquo;Art<\/strong> et de ses partenaires, les \u00e9l\u00e8ves ont eu l&rsquo;opportunit\u00e9 d&rsquo;apprendre diff\u00e9rentes techniques de dessin, renfor\u00e7ant ainsi leurs comp\u00e9tences cr\u00e9atives.<\/p>\n<p><img loading=\"lazy\" decoding=\"async\" class=\"alignnone size-medium wp-image-5647\" src=\"https:\/\/culturbaine.com\/wp-content\/uploads\/2024\/04\/1713993153701-300x225.jpg\" alt=\"\" width=\"300\" height=\"225\" srcset=\"https:\/\/culturbaine.com\/wp-content\/uploads\/2024\/04\/1713993153701-300x225.jpg 300w, https:\/\/culturbaine.com\/wp-content\/uploads\/2024\/04\/1713993153701-86x64.jpg 86w, https:\/\/culturbaine.com\/wp-content\/uploads\/2024\/04\/1713993153701.jpg 720w\" sizes=\"(max-width: 300px) 100vw, 300px\" \/><\/p>\n<p>La r\u00e9flexion artistique a constitu\u00e9 une \u00e9tape essentielle, o\u00f9 les jeunes \u00e9l\u00e8ves, organis\u00e9s en petits groupes, ont \u00e9t\u00e9 guid\u00e9s par les artistes de <strong>Street Hum&rsquo;Art<\/strong> pour explorer diverses repr\u00e9sentations artistiques des th\u00e8mes abord\u00e9s. Apr\u00e8s une mise en commun des id\u00e9es, les maquettes des trois th\u00e8mes ont \u00e9t\u00e9 valid\u00e9es collectivement, refl\u00e9tant la diversit\u00e9 des perspectives des jeunes participants.<\/p>\n<p><img loading=\"lazy\" decoding=\"async\" class=\"alignnone size-medium wp-image-5648\" src=\"https:\/\/culturbaine.com\/wp-content\/uploads\/2024\/04\/1713993141581-225x300.jpg\" alt=\"\" width=\"225\" height=\"300\" srcset=\"https:\/\/culturbaine.com\/wp-content\/uploads\/2024\/04\/1713993141581-225x300.jpg 225w, https:\/\/culturbaine.com\/wp-content\/uploads\/2024\/04\/1713993141581.jpg 720w\" sizes=\"(max-width: 225px) 100vw, 225px\" \/><\/p>\n<p>Avant de donner vie \u00e0 la fresque murale, une pr\u00e9paration minutieuse du mur a \u00e9t\u00e9 effectu\u00e9e, garantissant une surface propre et une adh\u00e9rence optimale de la peinture. Les contours de la fresque ont ensuite \u00e9t\u00e9 trac\u00e9s, offrant aux artistes une vision claire de l&#8217;emplacement des diff\u00e9rents \u00e9l\u00e9ments.<\/p>\n<p>La peinture des zones principales a \u00e9t\u00e9 r\u00e9alis\u00e9e avec soin, utilisant des couleurs vives et des motifs symboliques pour illustrer les messages choisis. Les artistes ont ensuite ajout\u00e9 des d\u00e9tails, des ombres et des textures pour donner vie \u00e0 l&rsquo;\u0153uvre et renforcer son impact visuel.<\/p>\n<p>Apr\u00e8s ach\u00e8vement de la peinture, l&rsquo;\u00e9quipe a proc\u00e9d\u00e9 \u00e0 une \u00e9valuation approfondie de la fresque dans son ensemble, effectuant d&rsquo;\u00e9ventuelles retouches pour perfectionner chaque d\u00e9tail.<\/p>\n<p>Cette fresque murale, fruit de l&rsquo;engagement et de la passion des jeunes apprenants, illustre parfaitement le pouvoir de l&rsquo;art urbain comme outil de communication dans le milieu \u00e9ducatif et communautaire. Elle incarne l&rsquo;importance de donner aux jeunes une voix cr\u00e9ative pour sensibiliser et inspirer un changement positif dans leur communaut\u00e9.<\/p>\n<p><strong>Mohamed Cinq Sylla<\/strong><\/p>\n","protected":false},"excerpt":{"rendered":"<p>Dans le cadre d&rsquo;une initiative innovante visant \u00e0 promouvoir le bien-\u00eatre et le d\u00e9veloppement chez les jeunes, le projet \u00ab\u00a0Graffiti \u00e0 l&rsquo;\u00c9cole\u00a0\u00bb a r\u00e9cemment vu le jour, men\u00e9 par l&rsquo;\u00e9quipe dynamique de Street Hum&rsquo;Art en collaboration avec divers partenaires, notamment le LIONS CLUB Natitingou TATA de Natitingou et l&rsquo;ONG Emergency-Africa. Cette initiative vise \u00e0 sensibiliser [&hellip;]<\/p>\n","protected":false},"author":2,"featured_media":5649,"comment_status":"closed","ping_status":"closed","sticky":false,"template":"","format":"standard","meta":{"_mi_skip_tracking":false,"_monsterinsights_sitenote_active":false,"_monsterinsights_sitenote_note":"","_monsterinsights_sitenote_category":0,"footnotes":""},"categories":[21],"tags":[1146,1591],"class_list":["post-5645","post","type-post","status-publish","format-standard","has-post-thumbnail","hentry","category-actualite","tag-graffiti","tag-street-art"],"yoast_head":"<!-- This site is optimized with the Yoast SEO Premium plugin v20.1 (Yoast SEO v24.0) - https:\/\/yoast.com\/wordpress\/plugins\/seo\/ -->\n<title>B\u00e9nin : Des jeunes Sensibilis\u00e9s \u00c0 Travers Le Projet \u00ab Graffiti \u00c0 L\u2019\u00c9cole \u00bb - Culturbaine<\/title>\n<meta name=\"robots\" content=\"index, follow, max-snippet:-1, max-image-preview:large, max-video-preview:-1\" \/>\n<link rel=\"canonical\" href=\"https:\/\/culturbaine.com\/index.php\/2024\/04\/24\/benin-des-jeunes-sensibilises-a-travers-le-projet-graffiti-a-lecole\/\" \/>\n<meta property=\"og:locale\" content=\"fr_FR\" \/>\n<meta property=\"og:type\" content=\"article\" \/>\n<meta property=\"og:title\" content=\"B\u00e9nin : Des jeunes Sensibilis\u00e9s \u00c0 Travers Le Projet \u00ab Graffiti \u00c0 L\u2019\u00c9cole \u00bb\" \/>\n<meta property=\"og:description\" content=\"Dans le cadre d&rsquo;une initiative innovante visant \u00e0 promouvoir le bien-\u00eatre et le d\u00e9veloppement chez les jeunes, le projet \u00ab\u00a0Graffiti \u00e0 l&rsquo;\u00c9cole\u00a0\u00bb a r\u00e9cemment vu le jour, men\u00e9 par l&rsquo;\u00e9quipe dynamique de Street Hum&rsquo;Art en collaboration avec divers partenaires, notamment le LIONS CLUB Natitingou TATA de Natitingou et l&rsquo;ONG Emergency-Africa. Cette initiative vise \u00e0 sensibiliser [&hellip;]\" \/>\n<meta property=\"og:url\" content=\"https:\/\/culturbaine.com\/index.php\/2024\/04\/24\/benin-des-jeunes-sensibilises-a-travers-le-projet-graffiti-a-lecole\/\" \/>\n<meta property=\"og:site_name\" content=\"Culturbaine\" \/>\n<meta property=\"article:publisher\" content=\"https:\/\/www.facebook.com\/Culturbaines\" \/>\n<meta property=\"article:published_time\" content=\"2024-04-24T21:27:03+00:00\" \/>\n<meta property=\"og:image\" content=\"https:\/\/culturbaine.com\/wp-content\/uploads\/2024\/04\/17139931239332.jpg\" \/>\n\t<meta property=\"og:image:width\" content=\"720\" \/>\n\t<meta property=\"og:image:height\" content=\"435\" \/>\n\t<meta property=\"og:image:type\" content=\"image\/jpeg\" \/>\n<meta name=\"author\" content=\"admin1\" \/>\n<meta name=\"twitter:card\" content=\"summary_large_image\" \/>\n<meta name=\"twitter:creator\" content=\"@culturbaines\" \/>\n<meta name=\"twitter:site\" content=\"@culturbaines\" \/>\n<meta name=\"twitter:label1\" content=\"\u00c9crit par\" \/>\n\t<meta name=\"twitter:data1\" content=\"admin1\" \/>\n\t<meta name=\"twitter:label2\" content=\"Dur\u00e9e de lecture estim\u00e9e\" \/>\n\t<meta name=\"twitter:data2\" content=\"3 minutes\" \/>\n<script type=\"application\/ld+json\" class=\"yoast-schema-graph\">{\"@context\":\"https:\/\/schema.org\",\"@graph\":[{\"@type\":\"Article\",\"@id\":\"https:\/\/culturbaine.com\/index.php\/2024\/04\/24\/benin-des-jeunes-sensibilises-a-travers-le-projet-graffiti-a-lecole\/#article\",\"isPartOf\":{\"@id\":\"https:\/\/culturbaine.com\/index.php\/2024\/04\/24\/benin-des-jeunes-sensibilises-a-travers-le-projet-graffiti-a-lecole\/\"},\"author\":{\"name\":\"admin1\",\"@id\":\"https:\/\/culturbaine.com\/#\/schema\/person\/42eb7485c572e0746c1ea6b8216c3814\"},\"headline\":\"B\u00e9nin : Des jeunes Sensibilis\u00e9s \u00c0 Travers Le Projet \u00ab Graffiti \u00c0 L\u2019\u00c9cole \u00bb\",\"datePublished\":\"2024-04-24T21:27:03+00:00\",\"dateModified\":\"2024-04-24T21:27:03+00:00\",\"mainEntityOfPage\":{\"@id\":\"https:\/\/culturbaine.com\/index.php\/2024\/04\/24\/benin-des-jeunes-sensibilises-a-travers-le-projet-graffiti-a-lecole\/\"},\"wordCount\":430,\"publisher\":{\"@id\":\"https:\/\/culturbaine.com\/#organization\"},\"image\":{\"@id\":\"https:\/\/culturbaine.com\/index.php\/2024\/04\/24\/benin-des-jeunes-sensibilises-a-travers-le-projet-graffiti-a-lecole\/#primaryimage\"},\"thumbnailUrl\":\"https:\/\/culturbaine.com\/wp-content\/uploads\/2024\/04\/17139931239332.jpg\",\"keywords\":[\"Graffiti\",\"Street Art\"],\"articleSection\":[\"Actualit\u00e9\"],\"inLanguage\":\"fr-FR\"},{\"@type\":\"WebPage\",\"@id\":\"https:\/\/culturbaine.com\/index.php\/2024\/04\/24\/benin-des-jeunes-sensibilises-a-travers-le-projet-graffiti-a-lecole\/\",\"url\":\"https:\/\/culturbaine.com\/index.php\/2024\/04\/24\/benin-des-jeunes-sensibilises-a-travers-le-projet-graffiti-a-lecole\/\",\"name\":\"B\u00e9nin : Des jeunes Sensibilis\u00e9s \u00c0 Travers Le Projet \u00ab Graffiti \u00c0 L\u2019\u00c9cole \u00bb - Culturbaine\",\"isPartOf\":{\"@id\":\"https:\/\/culturbaine.com\/#website\"},\"primaryImageOfPage\":{\"@id\":\"https:\/\/culturbaine.com\/index.php\/2024\/04\/24\/benin-des-jeunes-sensibilises-a-travers-le-projet-graffiti-a-lecole\/#primaryimage\"},\"image\":{\"@id\":\"https:\/\/culturbaine.com\/index.php\/2024\/04\/24\/benin-des-jeunes-sensibilises-a-travers-le-projet-graffiti-a-lecole\/#primaryimage\"},\"thumbnailUrl\":\"https:\/\/culturbaine.com\/wp-content\/uploads\/2024\/04\/17139931239332.jpg\",\"datePublished\":\"2024-04-24T21:27:03+00:00\",\"dateModified\":\"2024-04-24T21:27:03+00:00\",\"breadcrumb\":{\"@id\":\"https:\/\/culturbaine.com\/index.php\/2024\/04\/24\/benin-des-jeunes-sensibilises-a-travers-le-projet-graffiti-a-lecole\/#breadcrumb\"},\"inLanguage\":\"fr-FR\",\"potentialAction\":[{\"@type\":\"ReadAction\",\"target\":[\"https:\/\/culturbaine.com\/index.php\/2024\/04\/24\/benin-des-jeunes-sensibilises-a-travers-le-projet-graffiti-a-lecole\/\"]}]},{\"@type\":\"ImageObject\",\"inLanguage\":\"fr-FR\",\"@id\":\"https:\/\/culturbaine.com\/index.php\/2024\/04\/24\/benin-des-jeunes-sensibilises-a-travers-le-projet-graffiti-a-lecole\/#primaryimage\",\"url\":\"https:\/\/culturbaine.com\/wp-content\/uploads\/2024\/04\/17139931239332.jpg\",\"contentUrl\":\"https:\/\/culturbaine.com\/wp-content\/uploads\/2024\/04\/17139931239332.jpg\",\"width\":720,\"height\":435},{\"@type\":\"BreadcrumbList\",\"@id\":\"https:\/\/culturbaine.com\/index.php\/2024\/04\/24\/benin-des-jeunes-sensibilises-a-travers-le-projet-graffiti-a-lecole\/#breadcrumb\",\"itemListElement\":[{\"@type\":\"ListItem\",\"position\":1,\"name\":\"Home\",\"item\":\"https:\/\/culturbaine.com\/\"},{\"@type\":\"ListItem\",\"position\":2,\"name\":\"B\u00e9nin : Des jeunes Sensibilis\u00e9s \u00c0 Travers Le Projet \u00ab Graffiti \u00c0 L\u2019\u00c9cole \u00bb\"}]},{\"@type\":\"WebSite\",\"@id\":\"https:\/\/culturbaine.com\/#website\",\"url\":\"https:\/\/culturbaine.com\/\",\"name\":\"Culturbaine.com\",\"description\":\"Toute l&#039;actualit\u00e9 des Cultures Urbaines, en un clic  !\",\"publisher\":{\"@id\":\"https:\/\/culturbaine.com\/#organization\"},\"potentialAction\":[{\"@type\":\"SearchAction\",\"target\":{\"@type\":\"EntryPoint\",\"urlTemplate\":\"https:\/\/culturbaine.com\/?s={search_term_string}\"},\"query-input\":{\"@type\":\"PropertyValueSpecification\",\"valueRequired\":true,\"valueName\":\"search_term_string\"}}],\"inLanguage\":\"fr-FR\"},{\"@type\":\"Organization\",\"@id\":\"https:\/\/culturbaine.com\/#organization\",\"name\":\"Culturbaine.com\",\"url\":\"https:\/\/culturbaine.com\/\",\"logo\":{\"@type\":\"ImageObject\",\"inLanguage\":\"fr-FR\",\"@id\":\"https:\/\/culturbaine.com\/#\/schema\/logo\/image\/\",\"url\":\"https:\/\/culturbaine.com\/wp-content\/uploads\/2023\/07\/WhatsApp-Image-2023-07-17-at-14.38.18.jpeg\",\"contentUrl\":\"https:\/\/culturbaine.com\/wp-content\/uploads\/2023\/07\/WhatsApp-Image-2023-07-17-at-14.38.18.jpeg\",\"width\":855,\"height\":270,\"caption\":\"Culturbaine.com\"},\"image\":{\"@id\":\"https:\/\/culturbaine.com\/#\/schema\/logo\/image\/\"},\"sameAs\":[\"https:\/\/www.facebook.com\/Culturbaines\",\"https:\/\/x.com\/culturbaines\"]},{\"@type\":\"Person\",\"@id\":\"https:\/\/culturbaine.com\/#\/schema\/person\/42eb7485c572e0746c1ea6b8216c3814\",\"name\":\"admin1\",\"image\":{\"@type\":\"ImageObject\",\"inLanguage\":\"fr-FR\",\"@id\":\"https:\/\/culturbaine.com\/#\/schema\/person\/image\/\",\"url\":\"https:\/\/secure.gravatar.com\/avatar\/c268f4d483ce0486e5a10fee87bbf756?s=96&d=mm&r=g\",\"contentUrl\":\"https:\/\/secure.gravatar.com\/avatar\/c268f4d483ce0486e5a10fee87bbf756?s=96&d=mm&r=g\",\"caption\":\"admin1\"},\"url\":\"https:\/\/culturbaine.com\/index.php\/author\/admin1\/\"}]}<\/script>\n<!-- \/ Yoast SEO Premium plugin. -->","yoast_head_json":{"title":"B\u00e9nin : Des jeunes Sensibilis\u00e9s \u00c0 Travers Le Projet \u00ab Graffiti \u00c0 L\u2019\u00c9cole \u00bb - Culturbaine","robots":{"index":"index","follow":"follow","max-snippet":"max-snippet:-1","max-image-preview":"max-image-preview:large","max-video-preview":"max-video-preview:-1"},"canonical":"https:\/\/culturbaine.com\/index.php\/2024\/04\/24\/benin-des-jeunes-sensibilises-a-travers-le-projet-graffiti-a-lecole\/","og_locale":"fr_FR","og_type":"article","og_title":"B\u00e9nin : Des jeunes Sensibilis\u00e9s \u00c0 Travers Le Projet \u00ab Graffiti \u00c0 L\u2019\u00c9cole \u00bb","og_description":"Dans le cadre d&rsquo;une initiative innovante visant \u00e0 promouvoir le bien-\u00eatre et le d\u00e9veloppement chez les jeunes, le projet \u00ab\u00a0Graffiti \u00e0 l&rsquo;\u00c9cole\u00a0\u00bb a r\u00e9cemment vu le jour, men\u00e9 par l&rsquo;\u00e9quipe dynamique de Street Hum&rsquo;Art en collaboration avec divers partenaires, notamment le LIONS CLUB Natitingou TATA de Natitingou et l&rsquo;ONG Emergency-Africa. Cette initiative vise \u00e0 sensibiliser [&hellip;]","og_url":"https:\/\/culturbaine.com\/index.php\/2024\/04\/24\/benin-des-jeunes-sensibilises-a-travers-le-projet-graffiti-a-lecole\/","og_site_name":"Culturbaine","article_publisher":"https:\/\/www.facebook.com\/Culturbaines","article_published_time":"2024-04-24T21:27:03+00:00","og_image":[{"width":720,"height":435,"url":"https:\/\/culturbaine.com\/wp-content\/uploads\/2024\/04\/17139931239332.jpg","type":"image\/jpeg"}],"author":"admin1","twitter_card":"summary_large_image","twitter_creator":"@culturbaines","twitter_site":"@culturbaines","twitter_misc":{"\u00c9crit par":"admin1","Dur\u00e9e de lecture estim\u00e9e":"3 minutes"},"schema":{"@context":"https:\/\/schema.org","@graph":[{"@type":"Article","@id":"https:\/\/culturbaine.com\/index.php\/2024\/04\/24\/benin-des-jeunes-sensibilises-a-travers-le-projet-graffiti-a-lecole\/#article","isPartOf":{"@id":"https:\/\/culturbaine.com\/index.php\/2024\/04\/24\/benin-des-jeunes-sensibilises-a-travers-le-projet-graffiti-a-lecole\/"},"author":{"name":"admin1","@id":"https:\/\/culturbaine.com\/#\/schema\/person\/42eb7485c572e0746c1ea6b8216c3814"},"headline":"B\u00e9nin : Des jeunes Sensibilis\u00e9s \u00c0 Travers Le Projet \u00ab Graffiti \u00c0 L\u2019\u00c9cole \u00bb","datePublished":"2024-04-24T21:27:03+00:00","dateModified":"2024-04-24T21:27:03+00:00","mainEntityOfPage":{"@id":"https:\/\/culturbaine.com\/index.php\/2024\/04\/24\/benin-des-jeunes-sensibilises-a-travers-le-projet-graffiti-a-lecole\/"},"wordCount":430,"publisher":{"@id":"https:\/\/culturbaine.com\/#organization"},"image":{"@id":"https:\/\/culturbaine.com\/index.php\/2024\/04\/24\/benin-des-jeunes-sensibilises-a-travers-le-projet-graffiti-a-lecole\/#primaryimage"},"thumbnailUrl":"https:\/\/culturbaine.com\/wp-content\/uploads\/2024\/04\/17139931239332.jpg","keywords":["Graffiti","Street Art"],"articleSection":["Actualit\u00e9"],"inLanguage":"fr-FR"},{"@type":"WebPage","@id":"https:\/\/culturbaine.com\/index.php\/2024\/04\/24\/benin-des-jeunes-sensibilises-a-travers-le-projet-graffiti-a-lecole\/","url":"https:\/\/culturbaine.com\/index.php\/2024\/04\/24\/benin-des-jeunes-sensibilises-a-travers-le-projet-graffiti-a-lecole\/","name":"B\u00e9nin : Des jeunes Sensibilis\u00e9s \u00c0 Travers Le Projet \u00ab Graffiti \u00c0 L\u2019\u00c9cole \u00bb - Culturbaine","isPartOf":{"@id":"https:\/\/culturbaine.com\/#website"},"primaryImageOfPage":{"@id":"https:\/\/culturbaine.com\/index.php\/2024\/04\/24\/benin-des-jeunes-sensibilises-a-travers-le-projet-graffiti-a-lecole\/#primaryimage"},"image":{"@id":"https:\/\/culturbaine.com\/index.php\/2024\/04\/24\/benin-des-jeunes-sensibilises-a-travers-le-projet-graffiti-a-lecole\/#primaryimage"},"thumbnailUrl":"https:\/\/culturbaine.com\/wp-content\/uploads\/2024\/04\/17139931239332.jpg","datePublished":"2024-04-24T21:27:03+00:00","dateModified":"2024-04-24T21:27:03+00:00","breadcrumb":{"@id":"https:\/\/culturbaine.com\/index.php\/2024\/04\/24\/benin-des-jeunes-sensibilises-a-travers-le-projet-graffiti-a-lecole\/#breadcrumb"},"inLanguage":"fr-FR","potentialAction":[{"@type":"ReadAction","target":["https:\/\/culturbaine.com\/index.php\/2024\/04\/24\/benin-des-jeunes-sensibilises-a-travers-le-projet-graffiti-a-lecole\/"]}]},{"@type":"ImageObject","inLanguage":"fr-FR","@id":"https:\/\/culturbaine.com\/index.php\/2024\/04\/24\/benin-des-jeunes-sensibilises-a-travers-le-projet-graffiti-a-lecole\/#primaryimage","url":"https:\/\/culturbaine.com\/wp-content\/uploads\/2024\/04\/17139931239332.jpg","contentUrl":"https:\/\/culturbaine.com\/wp-content\/uploads\/2024\/04\/17139931239332.jpg","width":720,"height":435},{"@type":"BreadcrumbList","@id":"https:\/\/culturbaine.com\/index.php\/2024\/04\/24\/benin-des-jeunes-sensibilises-a-travers-le-projet-graffiti-a-lecole\/#breadcrumb","itemListElement":[{"@type":"ListItem","position":1,"name":"Home","item":"https:\/\/culturbaine.com\/"},{"@type":"ListItem","position":2,"name":"B\u00e9nin : Des jeunes Sensibilis\u00e9s \u00c0 Travers Le Projet \u00ab Graffiti \u00c0 L\u2019\u00c9cole \u00bb"}]},{"@type":"WebSite","@id":"https:\/\/culturbaine.com\/#website","url":"https:\/\/culturbaine.com\/","name":"Culturbaine.com","description":"Toute l&#039;actualit\u00e9 des Cultures Urbaines, en un clic  !","publisher":{"@id":"https:\/\/culturbaine.com\/#organization"},"potentialAction":[{"@type":"SearchAction","target":{"@type":"EntryPoint","urlTemplate":"https:\/\/culturbaine.com\/?s={search_term_string}"},"query-input":{"@type":"PropertyValueSpecification","valueRequired":true,"valueName":"search_term_string"}}],"inLanguage":"fr-FR"},{"@type":"Organization","@id":"https:\/\/culturbaine.com\/#organization","name":"Culturbaine.com","url":"https:\/\/culturbaine.com\/","logo":{"@type":"ImageObject","inLanguage":"fr-FR","@id":"https:\/\/culturbaine.com\/#\/schema\/logo\/image\/","url":"https:\/\/culturbaine.com\/wp-content\/uploads\/2023\/07\/WhatsApp-Image-2023-07-17-at-14.38.18.jpeg","contentUrl":"https:\/\/culturbaine.com\/wp-content\/uploads\/2023\/07\/WhatsApp-Image-2023-07-17-at-14.38.18.jpeg","width":855,"height":270,"caption":"Culturbaine.com"},"image":{"@id":"https:\/\/culturbaine.com\/#\/schema\/logo\/image\/"},"sameAs":["https:\/\/www.facebook.com\/Culturbaines","https:\/\/x.com\/culturbaines"]},{"@type":"Person","@id":"https:\/\/culturbaine.com\/#\/schema\/person\/42eb7485c572e0746c1ea6b8216c3814","name":"admin1","image":{"@type":"ImageObject","inLanguage":"fr-FR","@id":"https:\/\/culturbaine.com\/#\/schema\/person\/image\/","url":"https:\/\/secure.gravatar.com\/avatar\/c268f4d483ce0486e5a10fee87bbf756?s=96&d=mm&r=g","contentUrl":"https:\/\/secure.gravatar.com\/avatar\/c268f4d483ce0486e5a10fee87bbf756?s=96&d=mm&r=g","caption":"admin1"},"url":"https:\/\/culturbaine.com\/index.php\/author\/admin1\/"}]}},"_links":{"self":[{"href":"https:\/\/culturbaine.com\/index.php\/wp-json\/wp\/v2\/posts\/5645"}],"collection":[{"href":"https:\/\/culturbaine.com\/index.php\/wp-json\/wp\/v2\/posts"}],"about":[{"href":"https:\/\/culturbaine.com\/index.php\/wp-json\/wp\/v2\/types\/post"}],"author":[{"embeddable":true,"href":"https:\/\/culturbaine.com\/index.php\/wp-json\/wp\/v2\/users\/2"}],"replies":[{"embeddable":true,"href":"https:\/\/culturbaine.com\/index.php\/wp-json\/wp\/v2\/comments?post=5645"}],"version-history":[{"count":0,"href":"https:\/\/culturbaine.com\/index.php\/wp-json\/wp\/v2\/posts\/5645\/revisions"}],"wp:featuredmedia":[{"embeddable":true,"href":"https:\/\/culturbaine.com\/index.php\/wp-json\/wp\/v2\/media\/5649"}],"wp:attachment":[{"href":"https:\/\/culturbaine.com\/index.php\/wp-json\/wp\/v2\/media?parent=5645"}],"wp:term":[{"taxonomy":"category","embeddable":true,"href":"https:\/\/culturbaine.com\/index.php\/wp-json\/wp\/v2\/categories?post=5645"},{"taxonomy":"post_tag","embeddable":true,"href":"https:\/\/culturbaine.com\/index.php\/wp-json\/wp\/v2\/tags?post=5645"}],"curies":[{"name":"wp","href":"https:\/\/api.w.org\/{rel}","templated":true}]}}