{"id":5538,"date":"2024-04-19T14:50:06","date_gmt":"2024-04-19T14:50:06","guid":{"rendered":"https:\/\/culturbaine.com\/?p=5538"},"modified":"2024-04-19T14:50:06","modified_gmt":"2024-04-19T14:50:06","slug":"30-jeunes-guineens-sinitient-a-lart-du-graffiti-a-mamou","status":"publish","type":"post","link":"https:\/\/culturbaine.com\/index.php\/2024\/04\/19\/30-jeunes-guineens-sinitient-a-lart-du-graffiti-a-mamou\/","title":{"rendered":"30 jeunes guin\u00e9ens s&rsquo;initient \u00e0 l&rsquo;art du Graffiti \u00e0 Mamou"},"content":{"rendered":"<p><span>Dans un \u00e9lan d&rsquo;expression artistique et de d\u00e9veloppement des talents locaux, Mamou, ville carrefour de la Guin\u00e9e, a r\u00e9cemment accueilli une formation au Graffiti. Cette initiative, lanc\u00e9e par <\/span><b>l&rsquo;ONFPP<\/b><span> en partenariat avec <\/span><b>Guin\u00e9e Challenge<\/b><span>, a attir\u00e9 l&rsquo;attention de 30 jeunes passionn\u00e9s par cet art urbain.<\/span><\/p>\n<p><span style=\"font-weight: 400;\">Lors du lancement de cette formation, l&rsquo;enthousiasme \u00e9tait palpable parmi les participants. Pour ces jeunes, c&rsquo;est une opportunit\u00e9 unique de canaliser leur cr\u00e9ativit\u00e9 et de ma\u00eetriser les techniques du Graffiti. Gr\u00e2ce \u00e0 cette formation, ils auront l&rsquo;occasion d&rsquo;explorer les bases de cet art, de perfectionner leur utilisation des couleurs et des sprays, et d&rsquo;acqu\u00e9rir une compr\u00e9hension approfondie du m\u00e9tier du Graffiti.<\/span><\/p>\n<p><b>Guin\u00e9e Challenge<\/b><span style=\"font-weight: 400;\">, la structure en charge de cette formation, s&rsquo;est engag\u00e9e \u00e0 accompagner ces jeunes tout au long de leur parcours artistique. Leur objectif est de les guider vers l&rsquo;excellence artistique tout en favorisant leur \u00e9panouissement personnel.<\/span><\/p>\n<p><span style=\"font-weight: 400;\">Cette initiative t\u00e9moigne de l&rsquo;importance croissante de l&rsquo;art urbain en Guin\u00e9e, ainsi que du potentiel cr\u00e9atif et artistique des jeunes de la r\u00e9gion de Mamou. \u00c0 travers cette formation, ces jeunes artistes auront l&rsquo;opportunit\u00e9 de laisser leur empreinte sur les murs de leur ville, tout en contribuant \u00e0 l&rsquo;enrichissement culturel de leur communaut\u00e9.<\/span><\/p>\n<p><img loading=\"lazy\" decoding=\"async\" class=\"alignnone size-medium wp-image-5540\" src=\"https:\/\/culturbaine.com\/wp-content\/uploads\/2024\/04\/FB_IMG_1713454602412-300x200.jpg\" alt=\"\" width=\"300\" height=\"200\" srcset=\"https:\/\/culturbaine.com\/wp-content\/uploads\/2024\/04\/FB_IMG_1713454602412-300x200.jpg 300w, https:\/\/culturbaine.com\/wp-content\/uploads\/2024\/04\/FB_IMG_1713454602412.jpg 720w\" sizes=\"(max-width: 300px) 100vw, 300px\" \/><\/p>\n<p><b>Mohamed Cinq Sylla<\/b><\/p>\n","protected":false},"excerpt":{"rendered":"<p>Dans un \u00e9lan d&rsquo;expression artistique et de d\u00e9veloppement des talents locaux, Mamou, ville carrefour de la Guin\u00e9e, a r\u00e9cemment accueilli une formation au Graffiti. Cette initiative, lanc\u00e9e par l&rsquo;ONFPP en partenariat avec Guin\u00e9e Challenge, a attir\u00e9 l&rsquo;attention de 30 jeunes passionn\u00e9s par cet art urbain. Lors du lancement de cette formation, l&rsquo;enthousiasme \u00e9tait palpable parmi [&hellip;]<\/p>\n","protected":false},"author":2,"featured_media":5541,"comment_status":"closed","ping_status":"closed","sticky":false,"template":"","format":"standard","meta":{"_mi_skip_tracking":false,"_monsterinsights_sitenote_active":false,"_monsterinsights_sitenote_note":"","_monsterinsights_sitenote_category":0,"footnotes":""},"categories":[21],"tags":[2134,1776,2132,2133],"class_list":["post-5538","post","type-post","status-publish","format-standard","has-post-thumbnail","hentry","category-actualite","tag-30-jeunes","tag-guinee-challenge","tag-initiation-graffiti","tag-mamou"],"yoast_head":"<!-- This site is optimized with the Yoast SEO Premium plugin v20.1 (Yoast SEO v24.0) - https:\/\/yoast.com\/wordpress\/plugins\/seo\/ -->\n<title>30 jeunes guin\u00e9ens s&#039;initient \u00e0 l&#039;art du Graffiti \u00e0 Mamou - Culturbaine<\/title>\n<meta name=\"robots\" content=\"index, follow, max-snippet:-1, max-image-preview:large, max-video-preview:-1\" \/>\n<link rel=\"canonical\" href=\"https:\/\/culturbaine.com\/index.php\/2024\/04\/19\/30-jeunes-guineens-sinitient-a-lart-du-graffiti-a-mamou\/\" \/>\n<meta property=\"og:locale\" content=\"fr_FR\" \/>\n<meta property=\"og:type\" content=\"article\" \/>\n<meta property=\"og:title\" content=\"30 jeunes guin\u00e9ens s&#039;initient \u00e0 l&#039;art du Graffiti \u00e0 Mamou\" \/>\n<meta property=\"og:description\" content=\"Dans un \u00e9lan d&rsquo;expression artistique et de d\u00e9veloppement des talents locaux, Mamou, ville carrefour de la Guin\u00e9e, a r\u00e9cemment accueilli une formation au Graffiti. Cette initiative, lanc\u00e9e par l&rsquo;ONFPP en partenariat avec Guin\u00e9e Challenge, a attir\u00e9 l&rsquo;attention de 30 jeunes passionn\u00e9s par cet art urbain. Lors du lancement de cette formation, l&rsquo;enthousiasme \u00e9tait palpable parmi [&hellip;]\" \/>\n<meta property=\"og:url\" content=\"https:\/\/culturbaine.com\/index.php\/2024\/04\/19\/30-jeunes-guineens-sinitient-a-lart-du-graffiti-a-mamou\/\" \/>\n<meta property=\"og:site_name\" content=\"Culturbaine\" \/>\n<meta property=\"article:publisher\" content=\"https:\/\/www.facebook.com\/Culturbaines\" \/>\n<meta property=\"article:published_time\" content=\"2024-04-19T14:50:06+00:00\" \/>\n<meta property=\"og:image\" content=\"https:\/\/culturbaine.com\/wp-content\/uploads\/2024\/04\/FB_IMG_17134546140132.jpg\" \/>\n\t<meta property=\"og:image:width\" content=\"720\" \/>\n\t<meta property=\"og:image:height\" content=\"437\" \/>\n\t<meta property=\"og:image:type\" content=\"image\/jpeg\" \/>\n<meta name=\"author\" content=\"admin1\" \/>\n<meta name=\"twitter:card\" content=\"summary_large_image\" \/>\n<meta name=\"twitter:creator\" content=\"@culturbaines\" \/>\n<meta name=\"twitter:site\" content=\"@culturbaines\" \/>\n<meta name=\"twitter:label1\" content=\"\u00c9crit par\" \/>\n\t<meta name=\"twitter:data1\" content=\"admin1\" \/>\n\t<meta name=\"twitter:label2\" content=\"Dur\u00e9e de lecture estim\u00e9e\" \/>\n\t<meta name=\"twitter:data2\" content=\"2 minutes\" \/>\n<script type=\"application\/ld+json\" class=\"yoast-schema-graph\">{\"@context\":\"https:\/\/schema.org\",\"@graph\":[{\"@type\":\"Article\",\"@id\":\"https:\/\/culturbaine.com\/index.php\/2024\/04\/19\/30-jeunes-guineens-sinitient-a-lart-du-graffiti-a-mamou\/#article\",\"isPartOf\":{\"@id\":\"https:\/\/culturbaine.com\/index.php\/2024\/04\/19\/30-jeunes-guineens-sinitient-a-lart-du-graffiti-a-mamou\/\"},\"author\":{\"name\":\"admin1\",\"@id\":\"https:\/\/culturbaine.com\/#\/schema\/person\/42eb7485c572e0746c1ea6b8216c3814\"},\"headline\":\"30 jeunes guin\u00e9ens s&rsquo;initient \u00e0 l&rsquo;art du Graffiti \u00e0 Mamou\",\"datePublished\":\"2024-04-19T14:50:06+00:00\",\"dateModified\":\"2024-04-19T14:50:06+00:00\",\"mainEntityOfPage\":{\"@id\":\"https:\/\/culturbaine.com\/index.php\/2024\/04\/19\/30-jeunes-guineens-sinitient-a-lart-du-graffiti-a-mamou\/\"},\"wordCount\":236,\"publisher\":{\"@id\":\"https:\/\/culturbaine.com\/#organization\"},\"image\":{\"@id\":\"https:\/\/culturbaine.com\/index.php\/2024\/04\/19\/30-jeunes-guineens-sinitient-a-lart-du-graffiti-a-mamou\/#primaryimage\"},\"thumbnailUrl\":\"https:\/\/culturbaine.com\/wp-content\/uploads\/2024\/04\/FB_IMG_17134546140132.jpg\",\"keywords\":[\"30 jeunes\",\"Guin\u00e9e Challenge\",\"initiation Graffiti\",\"Mamou\"],\"articleSection\":[\"Actualit\u00e9\"],\"inLanguage\":\"fr-FR\"},{\"@type\":\"WebPage\",\"@id\":\"https:\/\/culturbaine.com\/index.php\/2024\/04\/19\/30-jeunes-guineens-sinitient-a-lart-du-graffiti-a-mamou\/\",\"url\":\"https:\/\/culturbaine.com\/index.php\/2024\/04\/19\/30-jeunes-guineens-sinitient-a-lart-du-graffiti-a-mamou\/\",\"name\":\"30 jeunes guin\u00e9ens s'initient \u00e0 l'art du Graffiti \u00e0 Mamou - Culturbaine\",\"isPartOf\":{\"@id\":\"https:\/\/culturbaine.com\/#website\"},\"primaryImageOfPage\":{\"@id\":\"https:\/\/culturbaine.com\/index.php\/2024\/04\/19\/30-jeunes-guineens-sinitient-a-lart-du-graffiti-a-mamou\/#primaryimage\"},\"image\":{\"@id\":\"https:\/\/culturbaine.com\/index.php\/2024\/04\/19\/30-jeunes-guineens-sinitient-a-lart-du-graffiti-a-mamou\/#primaryimage\"},\"thumbnailUrl\":\"https:\/\/culturbaine.com\/wp-content\/uploads\/2024\/04\/FB_IMG_17134546140132.jpg\",\"datePublished\":\"2024-04-19T14:50:06+00:00\",\"dateModified\":\"2024-04-19T14:50:06+00:00\",\"breadcrumb\":{\"@id\":\"https:\/\/culturbaine.com\/index.php\/2024\/04\/19\/30-jeunes-guineens-sinitient-a-lart-du-graffiti-a-mamou\/#breadcrumb\"},\"inLanguage\":\"fr-FR\",\"potentialAction\":[{\"@type\":\"ReadAction\",\"target\":[\"https:\/\/culturbaine.com\/index.php\/2024\/04\/19\/30-jeunes-guineens-sinitient-a-lart-du-graffiti-a-mamou\/\"]}]},{\"@type\":\"ImageObject\",\"inLanguage\":\"fr-FR\",\"@id\":\"https:\/\/culturbaine.com\/index.php\/2024\/04\/19\/30-jeunes-guineens-sinitient-a-lart-du-graffiti-a-mamou\/#primaryimage\",\"url\":\"https:\/\/culturbaine.com\/wp-content\/uploads\/2024\/04\/FB_IMG_17134546140132.jpg\",\"contentUrl\":\"https:\/\/culturbaine.com\/wp-content\/uploads\/2024\/04\/FB_IMG_17134546140132.jpg\",\"width\":720,\"height\":437},{\"@type\":\"BreadcrumbList\",\"@id\":\"https:\/\/culturbaine.com\/index.php\/2024\/04\/19\/30-jeunes-guineens-sinitient-a-lart-du-graffiti-a-mamou\/#breadcrumb\",\"itemListElement\":[{\"@type\":\"ListItem\",\"position\":1,\"name\":\"Home\",\"item\":\"https:\/\/culturbaine.com\/\"},{\"@type\":\"ListItem\",\"position\":2,\"name\":\"30 jeunes guin\u00e9ens s&rsquo;initient \u00e0 l&rsquo;art du Graffiti \u00e0 Mamou\"}]},{\"@type\":\"WebSite\",\"@id\":\"https:\/\/culturbaine.com\/#website\",\"url\":\"https:\/\/culturbaine.com\/\",\"name\":\"Culturbaine.com\",\"description\":\"Toute l&#039;actualit\u00e9 des Cultures Urbaines, en un clic  !\",\"publisher\":{\"@id\":\"https:\/\/culturbaine.com\/#organization\"},\"potentialAction\":[{\"@type\":\"SearchAction\",\"target\":{\"@type\":\"EntryPoint\",\"urlTemplate\":\"https:\/\/culturbaine.com\/?s={search_term_string}\"},\"query-input\":{\"@type\":\"PropertyValueSpecification\",\"valueRequired\":true,\"valueName\":\"search_term_string\"}}],\"inLanguage\":\"fr-FR\"},{\"@type\":\"Organization\",\"@id\":\"https:\/\/culturbaine.com\/#organization\",\"name\":\"Culturbaine.com\",\"url\":\"https:\/\/culturbaine.com\/\",\"logo\":{\"@type\":\"ImageObject\",\"inLanguage\":\"fr-FR\",\"@id\":\"https:\/\/culturbaine.com\/#\/schema\/logo\/image\/\",\"url\":\"https:\/\/culturbaine.com\/wp-content\/uploads\/2023\/07\/WhatsApp-Image-2023-07-17-at-14.38.18.jpeg\",\"contentUrl\":\"https:\/\/culturbaine.com\/wp-content\/uploads\/2023\/07\/WhatsApp-Image-2023-07-17-at-14.38.18.jpeg\",\"width\":855,\"height\":270,\"caption\":\"Culturbaine.com\"},\"image\":{\"@id\":\"https:\/\/culturbaine.com\/#\/schema\/logo\/image\/\"},\"sameAs\":[\"https:\/\/www.facebook.com\/Culturbaines\",\"https:\/\/x.com\/culturbaines\"]},{\"@type\":\"Person\",\"@id\":\"https:\/\/culturbaine.com\/#\/schema\/person\/42eb7485c572e0746c1ea6b8216c3814\",\"name\":\"admin1\",\"image\":{\"@type\":\"ImageObject\",\"inLanguage\":\"fr-FR\",\"@id\":\"https:\/\/culturbaine.com\/#\/schema\/person\/image\/\",\"url\":\"https:\/\/secure.gravatar.com\/avatar\/c268f4d483ce0486e5a10fee87bbf756?s=96&d=mm&r=g\",\"contentUrl\":\"https:\/\/secure.gravatar.com\/avatar\/c268f4d483ce0486e5a10fee87bbf756?s=96&d=mm&r=g\",\"caption\":\"admin1\"},\"url\":\"https:\/\/culturbaine.com\/index.php\/author\/admin1\/\"}]}<\/script>\n<!-- \/ Yoast SEO Premium plugin. -->","yoast_head_json":{"title":"30 jeunes guin\u00e9ens s'initient \u00e0 l'art du Graffiti \u00e0 Mamou - Culturbaine","robots":{"index":"index","follow":"follow","max-snippet":"max-snippet:-1","max-image-preview":"max-image-preview:large","max-video-preview":"max-video-preview:-1"},"canonical":"https:\/\/culturbaine.com\/index.php\/2024\/04\/19\/30-jeunes-guineens-sinitient-a-lart-du-graffiti-a-mamou\/","og_locale":"fr_FR","og_type":"article","og_title":"30 jeunes guin\u00e9ens s'initient \u00e0 l'art du Graffiti \u00e0 Mamou","og_description":"Dans un \u00e9lan d&rsquo;expression artistique et de d\u00e9veloppement des talents locaux, Mamou, ville carrefour de la Guin\u00e9e, a r\u00e9cemment accueilli une formation au Graffiti. Cette initiative, lanc\u00e9e par l&rsquo;ONFPP en partenariat avec Guin\u00e9e Challenge, a attir\u00e9 l&rsquo;attention de 30 jeunes passionn\u00e9s par cet art urbain. Lors du lancement de cette formation, l&rsquo;enthousiasme \u00e9tait palpable parmi [&hellip;]","og_url":"https:\/\/culturbaine.com\/index.php\/2024\/04\/19\/30-jeunes-guineens-sinitient-a-lart-du-graffiti-a-mamou\/","og_site_name":"Culturbaine","article_publisher":"https:\/\/www.facebook.com\/Culturbaines","article_published_time":"2024-04-19T14:50:06+00:00","og_image":[{"width":720,"height":437,"url":"https:\/\/culturbaine.com\/wp-content\/uploads\/2024\/04\/FB_IMG_17134546140132.jpg","type":"image\/jpeg"}],"author":"admin1","twitter_card":"summary_large_image","twitter_creator":"@culturbaines","twitter_site":"@culturbaines","twitter_misc":{"\u00c9crit par":"admin1","Dur\u00e9e de lecture estim\u00e9e":"2 minutes"},"schema":{"@context":"https:\/\/schema.org","@graph":[{"@type":"Article","@id":"https:\/\/culturbaine.com\/index.php\/2024\/04\/19\/30-jeunes-guineens-sinitient-a-lart-du-graffiti-a-mamou\/#article","isPartOf":{"@id":"https:\/\/culturbaine.com\/index.php\/2024\/04\/19\/30-jeunes-guineens-sinitient-a-lart-du-graffiti-a-mamou\/"},"author":{"name":"admin1","@id":"https:\/\/culturbaine.com\/#\/schema\/person\/42eb7485c572e0746c1ea6b8216c3814"},"headline":"30 jeunes guin\u00e9ens s&rsquo;initient \u00e0 l&rsquo;art du Graffiti \u00e0 Mamou","datePublished":"2024-04-19T14:50:06+00:00","dateModified":"2024-04-19T14:50:06+00:00","mainEntityOfPage":{"@id":"https:\/\/culturbaine.com\/index.php\/2024\/04\/19\/30-jeunes-guineens-sinitient-a-lart-du-graffiti-a-mamou\/"},"wordCount":236,"publisher":{"@id":"https:\/\/culturbaine.com\/#organization"},"image":{"@id":"https:\/\/culturbaine.com\/index.php\/2024\/04\/19\/30-jeunes-guineens-sinitient-a-lart-du-graffiti-a-mamou\/#primaryimage"},"thumbnailUrl":"https:\/\/culturbaine.com\/wp-content\/uploads\/2024\/04\/FB_IMG_17134546140132.jpg","keywords":["30 jeunes","Guin\u00e9e Challenge","initiation Graffiti","Mamou"],"articleSection":["Actualit\u00e9"],"inLanguage":"fr-FR"},{"@type":"WebPage","@id":"https:\/\/culturbaine.com\/index.php\/2024\/04\/19\/30-jeunes-guineens-sinitient-a-lart-du-graffiti-a-mamou\/","url":"https:\/\/culturbaine.com\/index.php\/2024\/04\/19\/30-jeunes-guineens-sinitient-a-lart-du-graffiti-a-mamou\/","name":"30 jeunes guin\u00e9ens s'initient \u00e0 l'art du Graffiti \u00e0 Mamou - Culturbaine","isPartOf":{"@id":"https:\/\/culturbaine.com\/#website"},"primaryImageOfPage":{"@id":"https:\/\/culturbaine.com\/index.php\/2024\/04\/19\/30-jeunes-guineens-sinitient-a-lart-du-graffiti-a-mamou\/#primaryimage"},"image":{"@id":"https:\/\/culturbaine.com\/index.php\/2024\/04\/19\/30-jeunes-guineens-sinitient-a-lart-du-graffiti-a-mamou\/#primaryimage"},"thumbnailUrl":"https:\/\/culturbaine.com\/wp-content\/uploads\/2024\/04\/FB_IMG_17134546140132.jpg","datePublished":"2024-04-19T14:50:06+00:00","dateModified":"2024-04-19T14:50:06+00:00","breadcrumb":{"@id":"https:\/\/culturbaine.com\/index.php\/2024\/04\/19\/30-jeunes-guineens-sinitient-a-lart-du-graffiti-a-mamou\/#breadcrumb"},"inLanguage":"fr-FR","potentialAction":[{"@type":"ReadAction","target":["https:\/\/culturbaine.com\/index.php\/2024\/04\/19\/30-jeunes-guineens-sinitient-a-lart-du-graffiti-a-mamou\/"]}]},{"@type":"ImageObject","inLanguage":"fr-FR","@id":"https:\/\/culturbaine.com\/index.php\/2024\/04\/19\/30-jeunes-guineens-sinitient-a-lart-du-graffiti-a-mamou\/#primaryimage","url":"https:\/\/culturbaine.com\/wp-content\/uploads\/2024\/04\/FB_IMG_17134546140132.jpg","contentUrl":"https:\/\/culturbaine.com\/wp-content\/uploads\/2024\/04\/FB_IMG_17134546140132.jpg","width":720,"height":437},{"@type":"BreadcrumbList","@id":"https:\/\/culturbaine.com\/index.php\/2024\/04\/19\/30-jeunes-guineens-sinitient-a-lart-du-graffiti-a-mamou\/#breadcrumb","itemListElement":[{"@type":"ListItem","position":1,"name":"Home","item":"https:\/\/culturbaine.com\/"},{"@type":"ListItem","position":2,"name":"30 jeunes guin\u00e9ens s&rsquo;initient \u00e0 l&rsquo;art du Graffiti \u00e0 Mamou"}]},{"@type":"WebSite","@id":"https:\/\/culturbaine.com\/#website","url":"https:\/\/culturbaine.com\/","name":"Culturbaine.com","description":"Toute l&#039;actualit\u00e9 des Cultures Urbaines, en un clic  !","publisher":{"@id":"https:\/\/culturbaine.com\/#organization"},"potentialAction":[{"@type":"SearchAction","target":{"@type":"EntryPoint","urlTemplate":"https:\/\/culturbaine.com\/?s={search_term_string}"},"query-input":{"@type":"PropertyValueSpecification","valueRequired":true,"valueName":"search_term_string"}}],"inLanguage":"fr-FR"},{"@type":"Organization","@id":"https:\/\/culturbaine.com\/#organization","name":"Culturbaine.com","url":"https:\/\/culturbaine.com\/","logo":{"@type":"ImageObject","inLanguage":"fr-FR","@id":"https:\/\/culturbaine.com\/#\/schema\/logo\/image\/","url":"https:\/\/culturbaine.com\/wp-content\/uploads\/2023\/07\/WhatsApp-Image-2023-07-17-at-14.38.18.jpeg","contentUrl":"https:\/\/culturbaine.com\/wp-content\/uploads\/2023\/07\/WhatsApp-Image-2023-07-17-at-14.38.18.jpeg","width":855,"height":270,"caption":"Culturbaine.com"},"image":{"@id":"https:\/\/culturbaine.com\/#\/schema\/logo\/image\/"},"sameAs":["https:\/\/www.facebook.com\/Culturbaines","https:\/\/x.com\/culturbaines"]},{"@type":"Person","@id":"https:\/\/culturbaine.com\/#\/schema\/person\/42eb7485c572e0746c1ea6b8216c3814","name":"admin1","image":{"@type":"ImageObject","inLanguage":"fr-FR","@id":"https:\/\/culturbaine.com\/#\/schema\/person\/image\/","url":"https:\/\/secure.gravatar.com\/avatar\/c268f4d483ce0486e5a10fee87bbf756?s=96&d=mm&r=g","contentUrl":"https:\/\/secure.gravatar.com\/avatar\/c268f4d483ce0486e5a10fee87bbf756?s=96&d=mm&r=g","caption":"admin1"},"url":"https:\/\/culturbaine.com\/index.php\/author\/admin1\/"}]}},"_links":{"self":[{"href":"https:\/\/culturbaine.com\/index.php\/wp-json\/wp\/v2\/posts\/5538"}],"collection":[{"href":"https:\/\/culturbaine.com\/index.php\/wp-json\/wp\/v2\/posts"}],"about":[{"href":"https:\/\/culturbaine.com\/index.php\/wp-json\/wp\/v2\/types\/post"}],"author":[{"embeddable":true,"href":"https:\/\/culturbaine.com\/index.php\/wp-json\/wp\/v2\/users\/2"}],"replies":[{"embeddable":true,"href":"https:\/\/culturbaine.com\/index.php\/wp-json\/wp\/v2\/comments?post=5538"}],"version-history":[{"count":0,"href":"https:\/\/culturbaine.com\/index.php\/wp-json\/wp\/v2\/posts\/5538\/revisions"}],"wp:featuredmedia":[{"embeddable":true,"href":"https:\/\/culturbaine.com\/index.php\/wp-json\/wp\/v2\/media\/5541"}],"wp:attachment":[{"href":"https:\/\/culturbaine.com\/index.php\/wp-json\/wp\/v2\/media?parent=5538"}],"wp:term":[{"taxonomy":"category","embeddable":true,"href":"https:\/\/culturbaine.com\/index.php\/wp-json\/wp\/v2\/categories?post=5538"},{"taxonomy":"post_tag","embeddable":true,"href":"https:\/\/culturbaine.com\/index.php\/wp-json\/wp\/v2\/tags?post=5538"}],"curies":[{"name":"wp","href":"https:\/\/api.w.org\/{rel}","templated":true}]}}