{"id":545,"date":"2023-08-07T19:36:15","date_gmt":"2023-08-07T19:36:15","guid":{"rendered":"http:\/\/culturbaine.com\/?p=545"},"modified":"2023-08-07T19:36:15","modified_gmt":"2023-08-07T19:36:15","slug":"thiird-je-ne-me-considere-pas-comme-un-drilleur","status":"publish","type":"post","link":"https:\/\/culturbaine.com\/index.php\/2023\/08\/07\/thiird-je-ne-me-considere-pas-comme-un-drilleur\/","title":{"rendered":"Thiird \u00ab\u00a0je ne me consid\u00e8re pas comme un drilleur\u00a0\u00bb"},"content":{"rendered":"<p id=\"docs-internal-guid-8468a10f-7fff-fd4c-caf7-267d9532ede4\" dir=\"ltr\" style=\"line-height: 1.295; margin-top: 0.0pt; margin-bottom: 8.0pt;\"><span style=\"background-color: transparent; font-size: 12pt; font-family: 'Century Gothic', sans-serif; color: #000000; font-variant-numeric: normal; font-variant-east-asian: normal; vertical-align: baseline; white-space: pre-wrap;\">\u00c7a fait des ann\u00e9es maintenant que la sc\u00e8ne rap \u00e0 vu appara\u00eetre un nouvel acteur et non le moindre appel\u00e9 <\/span><span style=\"background-color: transparent; font-size: 12pt; font-family: 'Century Gothic', sans-serif; color: #000000; font-weight: bold; font-variant-numeric: normal; font-variant-east-asian: normal; vertical-align: baseline; white-space: pre-wrap;\">Drill<\/span><span style=\"background-color: transparent; font-size: 12pt; font-family: 'Century Gothic', sans-serif; color: #000000; font-variant-numeric: normal; font-variant-east-asian: normal; vertical-align: baseline; white-space: pre-wrap;\">. En sous peu, ce sous-genre musical s&rsquo;est fait une place de choix dans le monde. Et en Guin\u00e9e, le rappeur guin\u00e9en <\/span><span style=\"background-color: transparent; font-size: 12pt; font-family: 'Century Gothic', sans-serif; color: #000000; font-weight: bold; font-variant-numeric: normal; font-variant-east-asian: normal; vertical-align: baseline; white-space: pre-wrap;\">Thiird<\/span><span style=\"background-color: transparent; font-size: 12pt; font-family: 'Century Gothic', sans-serif; color: #000000; font-variant-numeric: normal; font-variant-east-asian: normal; vertical-align: baseline; white-space: pre-wrap;\"> en est une illustration parfaite et son hit <\/span><span style=\"background-color: transparent; font-size: 12pt; font-family: 'Century Gothic', sans-serif; color: #000000; font-weight: bold; font-variant-numeric: normal; font-variant-east-asian: normal; vertical-align: baseline; white-space: pre-wrap;\">Fogo<\/span><span style=\"background-color: transparent; font-size: 12pt; font-family: 'Century Gothic', sans-serif; color: #000000; font-variant-numeric: normal; font-variant-east-asian: normal; vertical-align: baseline; white-space: pre-wrap;\"> en fait foi.<\/span><\/p>\n<p dir=\"ltr\" style=\"line-height: 1.295; margin-top: 0.0pt; margin-bottom: 8.0pt;\"><span style=\"font-size: 12pt; font-family: 'Century Gothic', sans-serif; color: #000000; background-color: transparent; font-variant-numeric: normal; font-variant-east-asian: normal; vertical-align: baseline; white-space: pre-wrap;\">Dans une interview accord\u00e9e \u00e0 la plateforme <\/span><span style=\"font-size: 12pt; font-family: 'Century Gothic', sans-serif; color: #000000; background-color: transparent; font-weight: bold; font-variant-numeric: normal; font-variant-east-asian: normal; vertical-align: baseline; white-space: pre-wrap;\">Mab\u2019s,<\/span><span style=\"font-size: 12pt; font-family: 'Century Gothic', sans-serif; color: #000000; background-color: transparent; font-variant-numeric: normal; font-variant-east-asian: normal; vertical-align: baseline; white-space: pre-wrap;\"> ce soci\u00e9taire du groupe <\/span><span style=\"font-size: 12pt; font-family: 'Century Gothic', sans-serif; color: #000000; background-color: transparent; font-weight: bold; font-variant-numeric: normal; font-variant-east-asian: normal; vertical-align: baseline; white-space: pre-wrap;\">Gnamakalah<\/span><span style=\"font-size: 12pt; font-family: 'Century Gothic', sans-serif; color: #000000; background-color: transparent; font-variant-numeric: normal; font-variant-east-asian: normal; vertical-align: baseline; white-space: pre-wrap;\"> est revenu sur comment il a d\u00e9couvert ce registre musical dont tous les rappeurs se procurent.<\/span><\/p>\n<p dir=\"ltr\" style=\"line-height: 1.295; margin-top: 0.0pt; margin-bottom: 8.0pt;\"><span style=\"font-size: 12pt; font-family: 'Century Gothic', sans-serif; color: #000000; background-color: transparent; font-weight: bold; font-style: italic; font-variant-numeric: normal; font-variant-east-asian: normal; vertical-align: baseline; white-space: pre-wrap;\">\u00a0\u00ab\u00a0\u00c0 travers un cousin qui vit en France. Il m\u2019a envoy\u00e9 un lien de Gazo avant qu\u2019il ne pop m\u00eame. Il m\u2019a dit bro, je veux que tu rappes sur ce style de beat. Et c\u2019\u00e9tait en 2020 je crois. Il n\u2019y avait aucun son drill en Guin\u00e9e. Moi j\u2019avais fait des sons mais je ne les avais jamais sorti. Avant Journal j\u2019ai beaucoup de son Drill, je posais que sur des sons Drill\u00a0\u00bb <\/span><span style=\"font-size: 12pt; font-family: 'Century Gothic', sans-serif; color: #000000; background-color: transparent; font-style: italic; font-variant-numeric: normal; font-variant-east-asian: normal; vertical-align: baseline; white-space: pre-wrap;\">a-t-il expliqu\u00e9<\/span><span style=\"font-size: 12pt; font-family: 'Century Gothic', sans-serif; color: #000000; background-color: transparent; font-weight: bold; font-style: italic; font-variant-numeric: normal; font-variant-east-asian: normal; vertical-align: baseline; white-space: pre-wrap;\">.<\/span><\/p>\n<p dir=\"ltr\" style=\"line-height: 1.295; margin-top: 0.0pt; margin-bottom: 8.0pt;\"><span style=\"font-size: 12pt; font-family: 'Century Gothic', sans-serif; color: #000000; background-color: transparent; font-variant-numeric: normal; font-variant-east-asian: normal; vertical-align: baseline; white-space: pre-wrap;\">Poursuivant son intervention,<\/span><span style=\"font-size: 12pt; font-family: 'Century Gothic', sans-serif; color: #000000; background-color: transparent; font-weight: bold; font-variant-numeric: normal; font-variant-east-asian: normal; vertical-align: baseline; white-space: pre-wrap;\"> Thiird<\/span><span style=\"font-size: 12pt; font-family: 'Century Gothic', sans-serif; color: #000000; background-color: transparent; font-variant-numeric: normal; font-variant-east-asian: normal; vertical-align: baseline; white-space: pre-wrap;\"> fait une mise au point <\/span><span style=\"font-size: 12pt; font-family: 'Century Gothic', sans-serif; color: #000000; background-color: transparent; font-weight: bold; font-style: italic; font-variant-numeric: normal; font-variant-east-asian: normal; vertical-align: baseline; white-space: pre-wrap;\">\u00ab\u00a0Il faut savoir que moi je ne me consid\u00e8re pas comme un drilleur pour commencer\u00a0\u00bb. <\/span><span style=\"font-size: 12pt; font-family: 'Century Gothic', sans-serif; color: #000000; background-color: transparent; font-style: italic; font-variant-numeric: normal; font-variant-east-asian: normal; vertical-align: baseline; white-space: pre-wrap;\">Mais qu&rsquo;est-ce qui a pr\u00e9valu son choix de la drill ? Et quelles sont ses r\u00e9elles motivations\u00a0?<\/span><\/p>\n<p dir=\"ltr\" style=\"line-height: 1.295; margin-top: 0.0pt; margin-bottom: 8.0pt;\"><span style=\"font-size: 12pt; font-family: 'Century Gothic', sans-serif; color: #000000; background-color: transparent; font-weight: bold; font-style: italic; font-variant-numeric: normal; font-variant-east-asian: normal; vertical-align: baseline; white-space: pre-wrap;\">\u00ab Moi, j\u2019aime la drill, \u00e0 cause du rythme, de l&rsquo;ambiance. Mon instrument pr\u00e9f\u00e9r\u00e9, c\u2019est le tam-tam, vous l\u2019entendez dans tous mes sons. Quand j\u2019entends la drill j\u2019ai l\u2019impression d\u2019entendre du tam tam en fait.\u00a0 Et moi j\u2019aime trop quand c\u2019est rythm\u00e9. \u00c7a va trop avec le flow que je pose.\u00a0 Donc voil\u00e0, la Drill me permettait d\u2019\u00eatre vraiment dans mon univers, de le d\u00e9velopper\u2026 \u00bb <\/span><span style=\"font-size: 12pt; font-family: 'Century Gothic', sans-serif; color: #000000; background-color: transparent; font-style: italic; font-variant-numeric: normal; font-variant-east-asian: normal; vertical-align: baseline; white-space: pre-wrap;\">a-t-il conclu.<\/span><\/p>\n<p><iframe loading=\"lazy\" title=\"L\u2019ENTRETIEN BY MAB\u2019S FEAT THIIRD (@thiird612)\" width=\"1170\" height=\"658\" src=\"https:\/\/www.youtube.com\/embed\/thTtRCj0eeg?wmode=transparent&amp;rel=0&amp;feature=oembed\" frameborder=\"0\" allow=\"accelerometer; autoplay; clipboard-write; encrypted-media; gyroscope; picture-in-picture; web-share\" allowfullscreen><\/iframe><\/p>\n<p dir=\"ltr\" style=\"line-height: 1.295; margin-top: 0.0pt; margin-bottom: 8.0pt;\"><span style=\"font-size: 12pt; font-family: 'Century Gothic', sans-serif; color: #000000; background-color: transparent; font-weight: bold; font-style: italic; font-variant-numeric: normal; font-variant-east-asian: normal; vertical-align: baseline; white-space: pre-wrap;\">Mohamed Cinq Sylla<\/span><\/p>\n","protected":false},"excerpt":{"rendered":"<p>\u00c7a fait des ann\u00e9es maintenant que la sc\u00e8ne rap \u00e0 vu appara\u00eetre un nouvel acteur et non le moindre appel\u00e9 Drill. En sous peu, ce sous-genre musical s&rsquo;est fait une place de choix dans le monde. Et en Guin\u00e9e, le rappeur guin\u00e9en Thiird en est une illustration parfaite et son hit Fogo en fait foi. [&hellip;]<\/p>\n","protected":false},"author":2,"featured_media":547,"comment_status":"open","ping_status":"open","sticky":false,"template":"","format":"standard","meta":{"_mi_skip_tracking":false,"_monsterinsights_sitenote_active":false,"_monsterinsights_sitenote_note":"","_monsterinsights_sitenote_category":0,"footnotes":""},"categories":[21],"tags":[250,71,25],"class_list":["post-545","post","type-post","status-publish","format-standard","has-post-thumbnail","hentry","category-actualite","tag-drill-guineenne","tag-rap-guineen","tag-thiird"],"yoast_head":"<!-- This site is optimized with the Yoast SEO Premium plugin v20.1 (Yoast SEO v24.0) - https:\/\/yoast.com\/wordpress\/plugins\/seo\/ -->\n<title>Thiird \u00ab\u00a0je ne me consid\u00e8re pas comme un drilleur\u00a0\u00bb - Culturbaine<\/title>\n<meta name=\"robots\" content=\"index, follow, max-snippet:-1, max-image-preview:large, max-video-preview:-1\" \/>\n<link rel=\"canonical\" href=\"https:\/\/culturbaine.com\/index.php\/2023\/08\/07\/thiird-je-ne-me-considere-pas-comme-un-drilleur\/\" \/>\n<meta property=\"og:locale\" content=\"fr_FR\" \/>\n<meta property=\"og:type\" content=\"article\" \/>\n<meta property=\"og:title\" content=\"Thiird \u00ab\u00a0je ne me consid\u00e8re pas comme un drilleur\u00a0\u00bb\" \/>\n<meta property=\"og:description\" content=\"\u00c7a fait des ann\u00e9es maintenant que la sc\u00e8ne rap \u00e0 vu appara\u00eetre un nouvel acteur et non le moindre appel\u00e9 Drill. En sous peu, ce sous-genre musical s&rsquo;est fait une place de choix dans le monde. Et en Guin\u00e9e, le rappeur guin\u00e9en Thiird en est une illustration parfaite et son hit Fogo en fait foi. [&hellip;]\" \/>\n<meta property=\"og:url\" content=\"https:\/\/culturbaine.com\/index.php\/2023\/08\/07\/thiird-je-ne-me-considere-pas-comme-un-drilleur\/\" \/>\n<meta property=\"og:site_name\" content=\"Culturbaine\" \/>\n<meta property=\"article:publisher\" content=\"https:\/\/www.facebook.com\/Culturbaines\" \/>\n<meta property=\"article:published_time\" content=\"2023-08-07T19:36:15+00:00\" \/>\n<meta property=\"og:image\" content=\"https:\/\/culturbaine.com\/wp-content\/uploads\/2023\/08\/Screenshot_20230807-120521.jpg\" \/>\n\t<meta property=\"og:image:width\" content=\"720\" \/>\n\t<meta property=\"og:image:height\" content=\"402\" \/>\n\t<meta property=\"og:image:type\" content=\"image\/jpeg\" \/>\n<meta name=\"author\" content=\"admin1\" \/>\n<meta name=\"twitter:card\" content=\"summary_large_image\" \/>\n<meta name=\"twitter:creator\" content=\"@culturbaines\" \/>\n<meta name=\"twitter:site\" content=\"@culturbaines\" \/>\n<meta name=\"twitter:label1\" content=\"\u00c9crit par\" \/>\n\t<meta name=\"twitter:data1\" content=\"admin1\" \/>\n\t<meta name=\"twitter:label2\" content=\"Dur\u00e9e de lecture estim\u00e9e\" \/>\n\t<meta name=\"twitter:data2\" content=\"2 minutes\" \/>\n<script type=\"application\/ld+json\" class=\"yoast-schema-graph\">{\"@context\":\"https:\/\/schema.org\",\"@graph\":[{\"@type\":\"Article\",\"@id\":\"https:\/\/culturbaine.com\/index.php\/2023\/08\/07\/thiird-je-ne-me-considere-pas-comme-un-drilleur\/#article\",\"isPartOf\":{\"@id\":\"https:\/\/culturbaine.com\/index.php\/2023\/08\/07\/thiird-je-ne-me-considere-pas-comme-un-drilleur\/\"},\"author\":{\"name\":\"admin1\",\"@id\":\"https:\/\/culturbaine.com\/#\/schema\/person\/42eb7485c572e0746c1ea6b8216c3814\"},\"headline\":\"Thiird \u00ab\u00a0je ne me consid\u00e8re pas comme un drilleur\u00a0\u00bb\",\"datePublished\":\"2023-08-07T19:36:15+00:00\",\"dateModified\":\"2023-08-07T19:36:15+00:00\",\"mainEntityOfPage\":{\"@id\":\"https:\/\/culturbaine.com\/index.php\/2023\/08\/07\/thiird-je-ne-me-considere-pas-comme-un-drilleur\/\"},\"wordCount\":316,\"commentCount\":0,\"publisher\":{\"@id\":\"https:\/\/culturbaine.com\/#organization\"},\"image\":{\"@id\":\"https:\/\/culturbaine.com\/index.php\/2023\/08\/07\/thiird-je-ne-me-considere-pas-comme-un-drilleur\/#primaryimage\"},\"thumbnailUrl\":\"https:\/\/culturbaine.com\/wp-content\/uploads\/2023\/08\/Screenshot_20230807-120521.jpg\",\"keywords\":[\"Drill guin\u00e9enne\",\"rap guin\u00e9en\",\"thiird\"],\"articleSection\":[\"Actualit\u00e9\"],\"inLanguage\":\"fr-FR\"},{\"@type\":\"WebPage\",\"@id\":\"https:\/\/culturbaine.com\/index.php\/2023\/08\/07\/thiird-je-ne-me-considere-pas-comme-un-drilleur\/\",\"url\":\"https:\/\/culturbaine.com\/index.php\/2023\/08\/07\/thiird-je-ne-me-considere-pas-comme-un-drilleur\/\",\"name\":\"Thiird \u00ab\u00a0je ne me consid\u00e8re pas comme un drilleur\u00a0\u00bb - Culturbaine\",\"isPartOf\":{\"@id\":\"https:\/\/culturbaine.com\/#website\"},\"primaryImageOfPage\":{\"@id\":\"https:\/\/culturbaine.com\/index.php\/2023\/08\/07\/thiird-je-ne-me-considere-pas-comme-un-drilleur\/#primaryimage\"},\"image\":{\"@id\":\"https:\/\/culturbaine.com\/index.php\/2023\/08\/07\/thiird-je-ne-me-considere-pas-comme-un-drilleur\/#primaryimage\"},\"thumbnailUrl\":\"https:\/\/culturbaine.com\/wp-content\/uploads\/2023\/08\/Screenshot_20230807-120521.jpg\",\"datePublished\":\"2023-08-07T19:36:15+00:00\",\"dateModified\":\"2023-08-07T19:36:15+00:00\",\"breadcrumb\":{\"@id\":\"https:\/\/culturbaine.com\/index.php\/2023\/08\/07\/thiird-je-ne-me-considere-pas-comme-un-drilleur\/#breadcrumb\"},\"inLanguage\":\"fr-FR\",\"potentialAction\":[{\"@type\":\"ReadAction\",\"target\":[\"https:\/\/culturbaine.com\/index.php\/2023\/08\/07\/thiird-je-ne-me-considere-pas-comme-un-drilleur\/\"]}]},{\"@type\":\"ImageObject\",\"inLanguage\":\"fr-FR\",\"@id\":\"https:\/\/culturbaine.com\/index.php\/2023\/08\/07\/thiird-je-ne-me-considere-pas-comme-un-drilleur\/#primaryimage\",\"url\":\"https:\/\/culturbaine.com\/wp-content\/uploads\/2023\/08\/Screenshot_20230807-120521.jpg\",\"contentUrl\":\"https:\/\/culturbaine.com\/wp-content\/uploads\/2023\/08\/Screenshot_20230807-120521.jpg\",\"width\":720,\"height\":402},{\"@type\":\"BreadcrumbList\",\"@id\":\"https:\/\/culturbaine.com\/index.php\/2023\/08\/07\/thiird-je-ne-me-considere-pas-comme-un-drilleur\/#breadcrumb\",\"itemListElement\":[{\"@type\":\"ListItem\",\"position\":1,\"name\":\"Home\",\"item\":\"https:\/\/culturbaine.com\/\"},{\"@type\":\"ListItem\",\"position\":2,\"name\":\"Thiird \u00ab\u00a0je ne me consid\u00e8re pas comme un drilleur\u00a0\u00bb\"}]},{\"@type\":\"WebSite\",\"@id\":\"https:\/\/culturbaine.com\/#website\",\"url\":\"https:\/\/culturbaine.com\/\",\"name\":\"Culturbaine.com\",\"description\":\"Toute l&#039;actualit\u00e9 des Cultures Urbaines, en un clic  !\",\"publisher\":{\"@id\":\"https:\/\/culturbaine.com\/#organization\"},\"potentialAction\":[{\"@type\":\"SearchAction\",\"target\":{\"@type\":\"EntryPoint\",\"urlTemplate\":\"https:\/\/culturbaine.com\/?s={search_term_string}\"},\"query-input\":{\"@type\":\"PropertyValueSpecification\",\"valueRequired\":true,\"valueName\":\"search_term_string\"}}],\"inLanguage\":\"fr-FR\"},{\"@type\":\"Organization\",\"@id\":\"https:\/\/culturbaine.com\/#organization\",\"name\":\"Culturbaine.com\",\"url\":\"https:\/\/culturbaine.com\/\",\"logo\":{\"@type\":\"ImageObject\",\"inLanguage\":\"fr-FR\",\"@id\":\"https:\/\/culturbaine.com\/#\/schema\/logo\/image\/\",\"url\":\"https:\/\/culturbaine.com\/wp-content\/uploads\/2023\/07\/WhatsApp-Image-2023-07-17-at-14.38.18.jpeg\",\"contentUrl\":\"https:\/\/culturbaine.com\/wp-content\/uploads\/2023\/07\/WhatsApp-Image-2023-07-17-at-14.38.18.jpeg\",\"width\":855,\"height\":270,\"caption\":\"Culturbaine.com\"},\"image\":{\"@id\":\"https:\/\/culturbaine.com\/#\/schema\/logo\/image\/\"},\"sameAs\":[\"https:\/\/www.facebook.com\/Culturbaines\",\"https:\/\/x.com\/culturbaines\"]},{\"@type\":\"Person\",\"@id\":\"https:\/\/culturbaine.com\/#\/schema\/person\/42eb7485c572e0746c1ea6b8216c3814\",\"name\":\"admin1\",\"image\":{\"@type\":\"ImageObject\",\"inLanguage\":\"fr-FR\",\"@id\":\"https:\/\/culturbaine.com\/#\/schema\/person\/image\/\",\"url\":\"https:\/\/secure.gravatar.com\/avatar\/c268f4d483ce0486e5a10fee87bbf756?s=96&d=mm&r=g\",\"contentUrl\":\"https:\/\/secure.gravatar.com\/avatar\/c268f4d483ce0486e5a10fee87bbf756?s=96&d=mm&r=g\",\"caption\":\"admin1\"},\"url\":\"https:\/\/culturbaine.com\/index.php\/author\/admin1\/\"}]}<\/script>\n<!-- \/ Yoast SEO Premium plugin. -->","yoast_head_json":{"title":"Thiird \u00ab\u00a0je ne me consid\u00e8re pas comme un drilleur\u00a0\u00bb - Culturbaine","robots":{"index":"index","follow":"follow","max-snippet":"max-snippet:-1","max-image-preview":"max-image-preview:large","max-video-preview":"max-video-preview:-1"},"canonical":"https:\/\/culturbaine.com\/index.php\/2023\/08\/07\/thiird-je-ne-me-considere-pas-comme-un-drilleur\/","og_locale":"fr_FR","og_type":"article","og_title":"Thiird \u00ab\u00a0je ne me consid\u00e8re pas comme un drilleur\u00a0\u00bb","og_description":"\u00c7a fait des ann\u00e9es maintenant que la sc\u00e8ne rap \u00e0 vu appara\u00eetre un nouvel acteur et non le moindre appel\u00e9 Drill. En sous peu, ce sous-genre musical s&rsquo;est fait une place de choix dans le monde. Et en Guin\u00e9e, le rappeur guin\u00e9en Thiird en est une illustration parfaite et son hit Fogo en fait foi. [&hellip;]","og_url":"https:\/\/culturbaine.com\/index.php\/2023\/08\/07\/thiird-je-ne-me-considere-pas-comme-un-drilleur\/","og_site_name":"Culturbaine","article_publisher":"https:\/\/www.facebook.com\/Culturbaines","article_published_time":"2023-08-07T19:36:15+00:00","og_image":[{"width":720,"height":402,"url":"https:\/\/culturbaine.com\/wp-content\/uploads\/2023\/08\/Screenshot_20230807-120521.jpg","type":"image\/jpeg"}],"author":"admin1","twitter_card":"summary_large_image","twitter_creator":"@culturbaines","twitter_site":"@culturbaines","twitter_misc":{"\u00c9crit par":"admin1","Dur\u00e9e de lecture estim\u00e9e":"2 minutes"},"schema":{"@context":"https:\/\/schema.org","@graph":[{"@type":"Article","@id":"https:\/\/culturbaine.com\/index.php\/2023\/08\/07\/thiird-je-ne-me-considere-pas-comme-un-drilleur\/#article","isPartOf":{"@id":"https:\/\/culturbaine.com\/index.php\/2023\/08\/07\/thiird-je-ne-me-considere-pas-comme-un-drilleur\/"},"author":{"name":"admin1","@id":"https:\/\/culturbaine.com\/#\/schema\/person\/42eb7485c572e0746c1ea6b8216c3814"},"headline":"Thiird \u00ab\u00a0je ne me consid\u00e8re pas comme un drilleur\u00a0\u00bb","datePublished":"2023-08-07T19:36:15+00:00","dateModified":"2023-08-07T19:36:15+00:00","mainEntityOfPage":{"@id":"https:\/\/culturbaine.com\/index.php\/2023\/08\/07\/thiird-je-ne-me-considere-pas-comme-un-drilleur\/"},"wordCount":316,"commentCount":0,"publisher":{"@id":"https:\/\/culturbaine.com\/#organization"},"image":{"@id":"https:\/\/culturbaine.com\/index.php\/2023\/08\/07\/thiird-je-ne-me-considere-pas-comme-un-drilleur\/#primaryimage"},"thumbnailUrl":"https:\/\/culturbaine.com\/wp-content\/uploads\/2023\/08\/Screenshot_20230807-120521.jpg","keywords":["Drill guin\u00e9enne","rap guin\u00e9en","thiird"],"articleSection":["Actualit\u00e9"],"inLanguage":"fr-FR"},{"@type":"WebPage","@id":"https:\/\/culturbaine.com\/index.php\/2023\/08\/07\/thiird-je-ne-me-considere-pas-comme-un-drilleur\/","url":"https:\/\/culturbaine.com\/index.php\/2023\/08\/07\/thiird-je-ne-me-considere-pas-comme-un-drilleur\/","name":"Thiird \u00ab\u00a0je ne me consid\u00e8re pas comme un drilleur\u00a0\u00bb - Culturbaine","isPartOf":{"@id":"https:\/\/culturbaine.com\/#website"},"primaryImageOfPage":{"@id":"https:\/\/culturbaine.com\/index.php\/2023\/08\/07\/thiird-je-ne-me-considere-pas-comme-un-drilleur\/#primaryimage"},"image":{"@id":"https:\/\/culturbaine.com\/index.php\/2023\/08\/07\/thiird-je-ne-me-considere-pas-comme-un-drilleur\/#primaryimage"},"thumbnailUrl":"https:\/\/culturbaine.com\/wp-content\/uploads\/2023\/08\/Screenshot_20230807-120521.jpg","datePublished":"2023-08-07T19:36:15+00:00","dateModified":"2023-08-07T19:36:15+00:00","breadcrumb":{"@id":"https:\/\/culturbaine.com\/index.php\/2023\/08\/07\/thiird-je-ne-me-considere-pas-comme-un-drilleur\/#breadcrumb"},"inLanguage":"fr-FR","potentialAction":[{"@type":"ReadAction","target":["https:\/\/culturbaine.com\/index.php\/2023\/08\/07\/thiird-je-ne-me-considere-pas-comme-un-drilleur\/"]}]},{"@type":"ImageObject","inLanguage":"fr-FR","@id":"https:\/\/culturbaine.com\/index.php\/2023\/08\/07\/thiird-je-ne-me-considere-pas-comme-un-drilleur\/#primaryimage","url":"https:\/\/culturbaine.com\/wp-content\/uploads\/2023\/08\/Screenshot_20230807-120521.jpg","contentUrl":"https:\/\/culturbaine.com\/wp-content\/uploads\/2023\/08\/Screenshot_20230807-120521.jpg","width":720,"height":402},{"@type":"BreadcrumbList","@id":"https:\/\/culturbaine.com\/index.php\/2023\/08\/07\/thiird-je-ne-me-considere-pas-comme-un-drilleur\/#breadcrumb","itemListElement":[{"@type":"ListItem","position":1,"name":"Home","item":"https:\/\/culturbaine.com\/"},{"@type":"ListItem","position":2,"name":"Thiird \u00ab\u00a0je ne me consid\u00e8re pas comme un drilleur\u00a0\u00bb"}]},{"@type":"WebSite","@id":"https:\/\/culturbaine.com\/#website","url":"https:\/\/culturbaine.com\/","name":"Culturbaine.com","description":"Toute l&#039;actualit\u00e9 des Cultures Urbaines, en un clic  !","publisher":{"@id":"https:\/\/culturbaine.com\/#organization"},"potentialAction":[{"@type":"SearchAction","target":{"@type":"EntryPoint","urlTemplate":"https:\/\/culturbaine.com\/?s={search_term_string}"},"query-input":{"@type":"PropertyValueSpecification","valueRequired":true,"valueName":"search_term_string"}}],"inLanguage":"fr-FR"},{"@type":"Organization","@id":"https:\/\/culturbaine.com\/#organization","name":"Culturbaine.com","url":"https:\/\/culturbaine.com\/","logo":{"@type":"ImageObject","inLanguage":"fr-FR","@id":"https:\/\/culturbaine.com\/#\/schema\/logo\/image\/","url":"https:\/\/culturbaine.com\/wp-content\/uploads\/2023\/07\/WhatsApp-Image-2023-07-17-at-14.38.18.jpeg","contentUrl":"https:\/\/culturbaine.com\/wp-content\/uploads\/2023\/07\/WhatsApp-Image-2023-07-17-at-14.38.18.jpeg","width":855,"height":270,"caption":"Culturbaine.com"},"image":{"@id":"https:\/\/culturbaine.com\/#\/schema\/logo\/image\/"},"sameAs":["https:\/\/www.facebook.com\/Culturbaines","https:\/\/x.com\/culturbaines"]},{"@type":"Person","@id":"https:\/\/culturbaine.com\/#\/schema\/person\/42eb7485c572e0746c1ea6b8216c3814","name":"admin1","image":{"@type":"ImageObject","inLanguage":"fr-FR","@id":"https:\/\/culturbaine.com\/#\/schema\/person\/image\/","url":"https:\/\/secure.gravatar.com\/avatar\/c268f4d483ce0486e5a10fee87bbf756?s=96&d=mm&r=g","contentUrl":"https:\/\/secure.gravatar.com\/avatar\/c268f4d483ce0486e5a10fee87bbf756?s=96&d=mm&r=g","caption":"admin1"},"url":"https:\/\/culturbaine.com\/index.php\/author\/admin1\/"}]}},"_links":{"self":[{"href":"https:\/\/culturbaine.com\/index.php\/wp-json\/wp\/v2\/posts\/545"}],"collection":[{"href":"https:\/\/culturbaine.com\/index.php\/wp-json\/wp\/v2\/posts"}],"about":[{"href":"https:\/\/culturbaine.com\/index.php\/wp-json\/wp\/v2\/types\/post"}],"author":[{"embeddable":true,"href":"https:\/\/culturbaine.com\/index.php\/wp-json\/wp\/v2\/users\/2"}],"replies":[{"embeddable":true,"href":"https:\/\/culturbaine.com\/index.php\/wp-json\/wp\/v2\/comments?post=545"}],"version-history":[{"count":0,"href":"https:\/\/culturbaine.com\/index.php\/wp-json\/wp\/v2\/posts\/545\/revisions"}],"wp:featuredmedia":[{"embeddable":true,"href":"https:\/\/culturbaine.com\/index.php\/wp-json\/wp\/v2\/media\/547"}],"wp:attachment":[{"href":"https:\/\/culturbaine.com\/index.php\/wp-json\/wp\/v2\/media?parent=545"}],"wp:term":[{"taxonomy":"category","embeddable":true,"href":"https:\/\/culturbaine.com\/index.php\/wp-json\/wp\/v2\/categories?post=545"},{"taxonomy":"post_tag","embeddable":true,"href":"https:\/\/culturbaine.com\/index.php\/wp-json\/wp\/v2\/tags?post=545"}],"curies":[{"name":"wp","href":"https:\/\/api.w.org\/{rel}","templated":true}]}}