{"id":5409,"date":"2024-04-14T08:47:17","date_gmt":"2024-04-14T08:47:17","guid":{"rendered":"https:\/\/culturbaine.com\/?p=5409"},"modified":"2024-04-14T11:46:00","modified_gmt":"2024-04-14T11:46:00","slug":"le-ministre-moussa-moise-sylla-a-la-ceremonie-douverture-du-masa-javais-les-etoiles-dans-mes-yeux","status":"publish","type":"post","link":"https:\/\/culturbaine.com\/index.php\/2024\/04\/14\/le-ministre-moussa-moise-sylla-a-la-ceremonie-douverture-du-masa-javais-les-etoiles-dans-mes-yeux\/","title":{"rendered":"Le ministre Moussa Mo\u00efse Sylla \u00e0 la c\u00e9r\u00e9monie d&rsquo;ouverture du MASA \u00ab j&rsquo;avais les \u00e9toiles dans mes yeux\u00bb"},"content":{"rendered":"<p>La 13e \u00e9dition du <b>March\u00e9 des Arts et du Spectacle d&rsquo;Abidjan<\/b> <b>(MASA)<\/b> a \u00e9t\u00e9 inaugur\u00e9e, en grande pompe, le samedi 12 avril 2024\u00a0 au Palais de la Culture de Treichville, sous la pr\u00e9sidence du Premier Ministre ivoirien, <b>Robert Beugre Mamb\u00e9<\/b>. L&rsquo;\u00e9v\u00e9nement a r\u00e9uni une assembl\u00e9e distingu\u00e9e, comprenant plusieurs ministres ivoiriens, des personnalit\u00e9s \u00e9trang\u00e8res, ainsi que des repr\u00e9sentants du corps diplomatique.<\/p>\n<p><span style=\"font-weight: 400;\">La Guin\u00e9e, en tant que deuxi\u00e8me pays le plus repr\u00e9sent\u00e9 apr\u00e8s la C\u00f4te d&rsquo;Ivoire, a \u00e9t\u00e9 honor\u00e9e par la pr\u00e9sence de <\/span><b>Moussa Mo\u00efse Sylla,<\/b><span style=\"font-weight: 400;\"><strong> Ministre de la Culture, du Tourisme et de l&rsquo;Artisanat<\/strong>. La c\u00e9r\u00e9monie d&rsquo;ouverture a offert un spectacle \u00e9poustouflant, mettant en avant une diversit\u00e9 de disciplines artistiques, allant du slam \u00e0 la danse traditionnelle, en passant par la musique urbaine et autres disciplines programm\u00e9es.<\/span><\/p>\n<p><span style=\"font-weight: 400;\">Dans une d\u00e9claration \u00e9loquente, le Ministre guin\u00e9en a salu\u00e9 l&rsquo;impact du <strong>MASA<\/strong> en tant que plateforme d&rsquo;apprentissage et de r\u00e9flexion sur les bonnes pratiques culturelles \u00e0 l&rsquo;\u00e9chelle internationale. Il a soulign\u00e9 la r\u00e9ussite de la c\u00e9r\u00e9monie d&rsquo;ouverture, marqu\u00e9e par une v\u00e9ritable mosa\u00efque culturelle mettant en lumi\u00e8re la diversit\u00e9 non seulement de la C\u00f4te d&rsquo;Ivoire, mais de toute l&rsquo;Afrique et au-del\u00e0.<\/span><\/p>\n<p><span style=\"font-weight: 400;\">\u00abIl faut dire que le MASA nous a donn\u00e9 \u00e0 voir, nous a donn\u00e9 entendre et aussi \u00e0 penser, \u00e0 penser sur ce qu&rsquo;on peut tirer d&rsquo;une telle organisation \u00e0 dimension internationale sur les questions de bonne pratique. Le MASA, c&rsquo;est depuis 93, il y a de quoi apprendre et j&rsquo;estime que les organisateurs ont r\u00e9ussi avec brio cette c\u00e9r\u00e9monie d&rsquo;ouverture et sacr\u00e9 vous avez pu le remarquer une sorte de mosa\u00efque culturelle . On n\u2019a pas vu que la C\u00f4te d\u2019Ivoire, on a vu l&rsquo;Afrique, mais au-del\u00e0 de l&rsquo;Afrique, on a vu \u00e9galement le monde. C&rsquo;\u00e9tait donc une belle c\u00e9r\u00e9monie d&rsquo;ouverture et donc \u00e7a promet pour les autres jours\u2026\u201d avant d\u2019exprimer sa joie :\u201dj&rsquo;avais les \u00e9toiles dans mes yeux\u2026\u201d<\/span><\/p>\n<p><span style=\"font-weight: 400;\">Le Ministre a \u00e9galement \u00e9voqu\u00e9 l&rsquo;importance de l&rsquo;image nationale et du branding pour la Guin\u00e9e, affirmant que la participation au MASA \u00e9tait un moyen efficace de casser les st\u00e9r\u00e9otypes et de renforcer la notori\u00e9t\u00e9 internationale du pays. La d\u00e9l\u00e9gation d&rsquo;artistes guin\u00e9ens, arborant fi\u00e8rement des symboles nationaux, a \u00e9t\u00e9 pr\u00e9sent\u00e9e comme un exemple concret de l&rsquo;identit\u00e9 et du talent guin\u00e9ens.<\/span><\/p>\n<p><span style=\"font-weight: 400;\">Parmi les artistes annonc\u00e9s pour participer au <strong>MASA<\/strong>, du c\u00f4t\u00e9 de la Guin\u00e9e, on retrouve entre autres, des noms prestigieux tels que <\/span><b>Manamba Kant\u00e9<\/b><span style=\"font-weight: 400;\"> pour la musique, <\/span><b>Dimedi Slam <\/b><span style=\"font-weight: 400;\">pour le slam, et <\/span><b>Bappa Oumar<\/b><span style=\"font-weight: 400;\"> pour l&rsquo;humour, illustrant la diversit\u00e9 et la qualit\u00e9 du talent artistique guin\u00e9en.<\/span><\/p>\n<p><span style=\"font-weight: 400;\">En somme, la participation de la Guin\u00e9e au <strong>MASA<\/strong> t\u00e9moigne de son engagement envers la promotion et la c\u00e9l\u00e9bration de la culture et des arts sur la sc\u00e8ne internationale, tout en ouvrant de nouvelles perspectives pour le d\u00e9veloppement culturel du pays.<\/span><\/p>\n<p><span style=\"font-weight: 400;\"><strong>Mohamed Cinq Sylla<\/strong> pour <\/span><b>Culturbaine<\/b><span style=\"font-weight: 400;\"> depuis Abidjan <b>(UJACGUI)<\/b><\/span><\/p>\n","protected":false},"excerpt":{"rendered":"<p>La 13e \u00e9dition du March\u00e9 des Arts et du Spectacle d&rsquo;Abidjan (MASA) a \u00e9t\u00e9 inaugur\u00e9e, en grande pompe, le samedi 12 avril 2024\u00a0 au Palais de la Culture de Treichville, sous la pr\u00e9sidence du Premier Ministre ivoirien, Robert Beugre Mamb\u00e9. L&rsquo;\u00e9v\u00e9nement a r\u00e9uni une assembl\u00e9e distingu\u00e9e, comprenant plusieurs ministres ivoiriens, des personnalit\u00e9s \u00e9trang\u00e8res, ainsi que [&hellip;]<\/p>\n","protected":false},"author":2,"featured_media":5411,"comment_status":"closed","ping_status":"closed","sticky":false,"template":"","format":"standard","meta":{"_mi_skip_tracking":false,"_monsterinsights_sitenote_active":false,"_monsterinsights_sitenote_note":"","_monsterinsights_sitenote_category":0,"footnotes":""},"categories":[21],"tags":[2093,1261,2091,2067,2092],"class_list":["post-5409","post","type-post","status-publish","format-standard","has-post-thumbnail","hentry","category-actualite","tag-acte-13-masa","tag-masa-2024","tag-ministre-de-la-culture","tag-moussa-moise-sylla","tag-republique-de-guinee"],"yoast_head":"<!-- This site is optimized with the Yoast SEO Premium plugin v20.1 (Yoast SEO v24.0) - https:\/\/yoast.com\/wordpress\/plugins\/seo\/ -->\n<title>Le ministre Moussa Mo\u00efse Sylla \u00e0 la c\u00e9r\u00e9monie d&#039;ouverture du MASA \u00ab j&#039;avais les \u00e9toiles dans mes yeux\u00bb - Culturbaine<\/title>\n<meta name=\"robots\" content=\"index, follow, max-snippet:-1, max-image-preview:large, max-video-preview:-1\" \/>\n<link rel=\"canonical\" href=\"https:\/\/culturbaine.com\/index.php\/2024\/04\/14\/le-ministre-moussa-moise-sylla-a-la-ceremonie-douverture-du-masa-javais-les-etoiles-dans-mes-yeux\/\" \/>\n<meta property=\"og:locale\" content=\"fr_FR\" \/>\n<meta property=\"og:type\" content=\"article\" \/>\n<meta property=\"og:title\" content=\"Le ministre Moussa Mo\u00efse Sylla \u00e0 la c\u00e9r\u00e9monie d&#039;ouverture du MASA \u00ab j&#039;avais les \u00e9toiles dans mes yeux\u00bb\" \/>\n<meta property=\"og:description\" content=\"La 13e \u00e9dition du March\u00e9 des Arts et du Spectacle d&rsquo;Abidjan (MASA) a \u00e9t\u00e9 inaugur\u00e9e, en grande pompe, le samedi 12 avril 2024\u00a0 au Palais de la Culture de Treichville, sous la pr\u00e9sidence du Premier Ministre ivoirien, Robert Beugre Mamb\u00e9. L&rsquo;\u00e9v\u00e9nement a r\u00e9uni une assembl\u00e9e distingu\u00e9e, comprenant plusieurs ministres ivoiriens, des personnalit\u00e9s \u00e9trang\u00e8res, ainsi que [&hellip;]\" \/>\n<meta property=\"og:url\" content=\"https:\/\/culturbaine.com\/index.php\/2024\/04\/14\/le-ministre-moussa-moise-sylla-a-la-ceremonie-douverture-du-masa-javais-les-etoiles-dans-mes-yeux\/\" \/>\n<meta property=\"og:site_name\" content=\"Culturbaine\" \/>\n<meta property=\"article:publisher\" content=\"https:\/\/www.facebook.com\/Culturbaines\" \/>\n<meta property=\"article:published_time\" content=\"2024-04-14T08:47:17+00:00\" \/>\n<meta property=\"article:modified_time\" content=\"2024-04-14T11:46:00+00:00\" \/>\n<meta property=\"og:image\" content=\"https:\/\/culturbaine.com\/wp-content\/uploads\/2024\/04\/IMG-20240413-WA00912.jpg\" \/>\n\t<meta property=\"og:image:width\" content=\"1270\" \/>\n\t<meta property=\"og:image:height\" content=\"816\" \/>\n\t<meta property=\"og:image:type\" content=\"image\/jpeg\" \/>\n<meta name=\"author\" content=\"admin1\" \/>\n<meta name=\"twitter:card\" content=\"summary_large_image\" \/>\n<meta name=\"twitter:creator\" content=\"@culturbaines\" \/>\n<meta name=\"twitter:site\" content=\"@culturbaines\" \/>\n<meta name=\"twitter:label1\" content=\"\u00c9crit par\" \/>\n\t<meta name=\"twitter:data1\" content=\"admin1\" \/>\n\t<meta name=\"twitter:label2\" content=\"Dur\u00e9e de lecture estim\u00e9e\" \/>\n\t<meta name=\"twitter:data2\" content=\"3 minutes\" \/>\n<script type=\"application\/ld+json\" class=\"yoast-schema-graph\">{\"@context\":\"https:\/\/schema.org\",\"@graph\":[{\"@type\":\"Article\",\"@id\":\"https:\/\/culturbaine.com\/index.php\/2024\/04\/14\/le-ministre-moussa-moise-sylla-a-la-ceremonie-douverture-du-masa-javais-les-etoiles-dans-mes-yeux\/#article\",\"isPartOf\":{\"@id\":\"https:\/\/culturbaine.com\/index.php\/2024\/04\/14\/le-ministre-moussa-moise-sylla-a-la-ceremonie-douverture-du-masa-javais-les-etoiles-dans-mes-yeux\/\"},\"author\":{\"name\":\"admin1\",\"@id\":\"https:\/\/culturbaine.com\/#\/schema\/person\/42eb7485c572e0746c1ea6b8216c3814\"},\"headline\":\"Le ministre Moussa Mo\u00efse Sylla \u00e0 la c\u00e9r\u00e9monie d&rsquo;ouverture du MASA \u00ab j&rsquo;avais les \u00e9toiles dans mes yeux\u00bb\",\"datePublished\":\"2024-04-14T08:47:17+00:00\",\"dateModified\":\"2024-04-14T11:46:00+00:00\",\"mainEntityOfPage\":{\"@id\":\"https:\/\/culturbaine.com\/index.php\/2024\/04\/14\/le-ministre-moussa-moise-sylla-a-la-ceremonie-douverture-du-masa-javais-les-etoiles-dans-mes-yeux\/\"},\"wordCount\":560,\"publisher\":{\"@id\":\"https:\/\/culturbaine.com\/#organization\"},\"image\":{\"@id\":\"https:\/\/culturbaine.com\/index.php\/2024\/04\/14\/le-ministre-moussa-moise-sylla-a-la-ceremonie-douverture-du-masa-javais-les-etoiles-dans-mes-yeux\/#primaryimage\"},\"thumbnailUrl\":\"https:\/\/culturbaine.com\/wp-content\/uploads\/2024\/04\/IMG-20240413-WA00912.jpg\",\"keywords\":[\"Acte 13 Masa\",\"Masa 2024\",\"Ministre de la culture\",\"Moussa Mo\u00efse Sylla\",\"R\u00e9publique de Guin\u00e9e\"],\"articleSection\":[\"Actualit\u00e9\"],\"inLanguage\":\"fr-FR\"},{\"@type\":\"WebPage\",\"@id\":\"https:\/\/culturbaine.com\/index.php\/2024\/04\/14\/le-ministre-moussa-moise-sylla-a-la-ceremonie-douverture-du-masa-javais-les-etoiles-dans-mes-yeux\/\",\"url\":\"https:\/\/culturbaine.com\/index.php\/2024\/04\/14\/le-ministre-moussa-moise-sylla-a-la-ceremonie-douverture-du-masa-javais-les-etoiles-dans-mes-yeux\/\",\"name\":\"Le ministre Moussa Mo\u00efse Sylla \u00e0 la c\u00e9r\u00e9monie d'ouverture du MASA \u00ab j'avais les \u00e9toiles dans mes yeux\u00bb - Culturbaine\",\"isPartOf\":{\"@id\":\"https:\/\/culturbaine.com\/#website\"},\"primaryImageOfPage\":{\"@id\":\"https:\/\/culturbaine.com\/index.php\/2024\/04\/14\/le-ministre-moussa-moise-sylla-a-la-ceremonie-douverture-du-masa-javais-les-etoiles-dans-mes-yeux\/#primaryimage\"},\"image\":{\"@id\":\"https:\/\/culturbaine.com\/index.php\/2024\/04\/14\/le-ministre-moussa-moise-sylla-a-la-ceremonie-douverture-du-masa-javais-les-etoiles-dans-mes-yeux\/#primaryimage\"},\"thumbnailUrl\":\"https:\/\/culturbaine.com\/wp-content\/uploads\/2024\/04\/IMG-20240413-WA00912.jpg\",\"datePublished\":\"2024-04-14T08:47:17+00:00\",\"dateModified\":\"2024-04-14T11:46:00+00:00\",\"breadcrumb\":{\"@id\":\"https:\/\/culturbaine.com\/index.php\/2024\/04\/14\/le-ministre-moussa-moise-sylla-a-la-ceremonie-douverture-du-masa-javais-les-etoiles-dans-mes-yeux\/#breadcrumb\"},\"inLanguage\":\"fr-FR\",\"potentialAction\":[{\"@type\":\"ReadAction\",\"target\":[\"https:\/\/culturbaine.com\/index.php\/2024\/04\/14\/le-ministre-moussa-moise-sylla-a-la-ceremonie-douverture-du-masa-javais-les-etoiles-dans-mes-yeux\/\"]}]},{\"@type\":\"ImageObject\",\"inLanguage\":\"fr-FR\",\"@id\":\"https:\/\/culturbaine.com\/index.php\/2024\/04\/14\/le-ministre-moussa-moise-sylla-a-la-ceremonie-douverture-du-masa-javais-les-etoiles-dans-mes-yeux\/#primaryimage\",\"url\":\"https:\/\/culturbaine.com\/wp-content\/uploads\/2024\/04\/IMG-20240413-WA00912.jpg\",\"contentUrl\":\"https:\/\/culturbaine.com\/wp-content\/uploads\/2024\/04\/IMG-20240413-WA00912.jpg\",\"width\":1270,\"height\":816},{\"@type\":\"BreadcrumbList\",\"@id\":\"https:\/\/culturbaine.com\/index.php\/2024\/04\/14\/le-ministre-moussa-moise-sylla-a-la-ceremonie-douverture-du-masa-javais-les-etoiles-dans-mes-yeux\/#breadcrumb\",\"itemListElement\":[{\"@type\":\"ListItem\",\"position\":1,\"name\":\"Home\",\"item\":\"https:\/\/culturbaine.com\/\"},{\"@type\":\"ListItem\",\"position\":2,\"name\":\"Le ministre Moussa Mo\u00efse Sylla \u00e0 la c\u00e9r\u00e9monie d&rsquo;ouverture du MASA \u00ab j&rsquo;avais les \u00e9toiles dans mes yeux\u00bb\"}]},{\"@type\":\"WebSite\",\"@id\":\"https:\/\/culturbaine.com\/#website\",\"url\":\"https:\/\/culturbaine.com\/\",\"name\":\"Culturbaine.com\",\"description\":\"Toute l&#039;actualit\u00e9 des Cultures Urbaines, en un clic  !\",\"publisher\":{\"@id\":\"https:\/\/culturbaine.com\/#organization\"},\"potentialAction\":[{\"@type\":\"SearchAction\",\"target\":{\"@type\":\"EntryPoint\",\"urlTemplate\":\"https:\/\/culturbaine.com\/?s={search_term_string}\"},\"query-input\":{\"@type\":\"PropertyValueSpecification\",\"valueRequired\":true,\"valueName\":\"search_term_string\"}}],\"inLanguage\":\"fr-FR\"},{\"@type\":\"Organization\",\"@id\":\"https:\/\/culturbaine.com\/#organization\",\"name\":\"Culturbaine.com\",\"url\":\"https:\/\/culturbaine.com\/\",\"logo\":{\"@type\":\"ImageObject\",\"inLanguage\":\"fr-FR\",\"@id\":\"https:\/\/culturbaine.com\/#\/schema\/logo\/image\/\",\"url\":\"https:\/\/culturbaine.com\/wp-content\/uploads\/2023\/07\/WhatsApp-Image-2023-07-17-at-14.38.18.jpeg\",\"contentUrl\":\"https:\/\/culturbaine.com\/wp-content\/uploads\/2023\/07\/WhatsApp-Image-2023-07-17-at-14.38.18.jpeg\",\"width\":855,\"height\":270,\"caption\":\"Culturbaine.com\"},\"image\":{\"@id\":\"https:\/\/culturbaine.com\/#\/schema\/logo\/image\/\"},\"sameAs\":[\"https:\/\/www.facebook.com\/Culturbaines\",\"https:\/\/x.com\/culturbaines\"]},{\"@type\":\"Person\",\"@id\":\"https:\/\/culturbaine.com\/#\/schema\/person\/42eb7485c572e0746c1ea6b8216c3814\",\"name\":\"admin1\",\"image\":{\"@type\":\"ImageObject\",\"inLanguage\":\"fr-FR\",\"@id\":\"https:\/\/culturbaine.com\/#\/schema\/person\/image\/\",\"url\":\"https:\/\/secure.gravatar.com\/avatar\/c268f4d483ce0486e5a10fee87bbf756?s=96&d=mm&r=g\",\"contentUrl\":\"https:\/\/secure.gravatar.com\/avatar\/c268f4d483ce0486e5a10fee87bbf756?s=96&d=mm&r=g\",\"caption\":\"admin1\"},\"url\":\"https:\/\/culturbaine.com\/index.php\/author\/admin1\/\"}]}<\/script>\n<!-- \/ Yoast SEO Premium plugin. -->","yoast_head_json":{"title":"Le ministre Moussa Mo\u00efse Sylla \u00e0 la c\u00e9r\u00e9monie d'ouverture du MASA \u00ab j'avais les \u00e9toiles dans mes yeux\u00bb - Culturbaine","robots":{"index":"index","follow":"follow","max-snippet":"max-snippet:-1","max-image-preview":"max-image-preview:large","max-video-preview":"max-video-preview:-1"},"canonical":"https:\/\/culturbaine.com\/index.php\/2024\/04\/14\/le-ministre-moussa-moise-sylla-a-la-ceremonie-douverture-du-masa-javais-les-etoiles-dans-mes-yeux\/","og_locale":"fr_FR","og_type":"article","og_title":"Le ministre Moussa Mo\u00efse Sylla \u00e0 la c\u00e9r\u00e9monie d'ouverture du MASA \u00ab j'avais les \u00e9toiles dans mes yeux\u00bb","og_description":"La 13e \u00e9dition du March\u00e9 des Arts et du Spectacle d&rsquo;Abidjan (MASA) a \u00e9t\u00e9 inaugur\u00e9e, en grande pompe, le samedi 12 avril 2024\u00a0 au Palais de la Culture de Treichville, sous la pr\u00e9sidence du Premier Ministre ivoirien, Robert Beugre Mamb\u00e9. L&rsquo;\u00e9v\u00e9nement a r\u00e9uni une assembl\u00e9e distingu\u00e9e, comprenant plusieurs ministres ivoiriens, des personnalit\u00e9s \u00e9trang\u00e8res, ainsi que [&hellip;]","og_url":"https:\/\/culturbaine.com\/index.php\/2024\/04\/14\/le-ministre-moussa-moise-sylla-a-la-ceremonie-douverture-du-masa-javais-les-etoiles-dans-mes-yeux\/","og_site_name":"Culturbaine","article_publisher":"https:\/\/www.facebook.com\/Culturbaines","article_published_time":"2024-04-14T08:47:17+00:00","article_modified_time":"2024-04-14T11:46:00+00:00","og_image":[{"width":1270,"height":816,"url":"https:\/\/culturbaine.com\/wp-content\/uploads\/2024\/04\/IMG-20240413-WA00912.jpg","type":"image\/jpeg"}],"author":"admin1","twitter_card":"summary_large_image","twitter_creator":"@culturbaines","twitter_site":"@culturbaines","twitter_misc":{"\u00c9crit par":"admin1","Dur\u00e9e de lecture estim\u00e9e":"3 minutes"},"schema":{"@context":"https:\/\/schema.org","@graph":[{"@type":"Article","@id":"https:\/\/culturbaine.com\/index.php\/2024\/04\/14\/le-ministre-moussa-moise-sylla-a-la-ceremonie-douverture-du-masa-javais-les-etoiles-dans-mes-yeux\/#article","isPartOf":{"@id":"https:\/\/culturbaine.com\/index.php\/2024\/04\/14\/le-ministre-moussa-moise-sylla-a-la-ceremonie-douverture-du-masa-javais-les-etoiles-dans-mes-yeux\/"},"author":{"name":"admin1","@id":"https:\/\/culturbaine.com\/#\/schema\/person\/42eb7485c572e0746c1ea6b8216c3814"},"headline":"Le ministre Moussa Mo\u00efse Sylla \u00e0 la c\u00e9r\u00e9monie d&rsquo;ouverture du MASA \u00ab j&rsquo;avais les \u00e9toiles dans mes yeux\u00bb","datePublished":"2024-04-14T08:47:17+00:00","dateModified":"2024-04-14T11:46:00+00:00","mainEntityOfPage":{"@id":"https:\/\/culturbaine.com\/index.php\/2024\/04\/14\/le-ministre-moussa-moise-sylla-a-la-ceremonie-douverture-du-masa-javais-les-etoiles-dans-mes-yeux\/"},"wordCount":560,"publisher":{"@id":"https:\/\/culturbaine.com\/#organization"},"image":{"@id":"https:\/\/culturbaine.com\/index.php\/2024\/04\/14\/le-ministre-moussa-moise-sylla-a-la-ceremonie-douverture-du-masa-javais-les-etoiles-dans-mes-yeux\/#primaryimage"},"thumbnailUrl":"https:\/\/culturbaine.com\/wp-content\/uploads\/2024\/04\/IMG-20240413-WA00912.jpg","keywords":["Acte 13 Masa","Masa 2024","Ministre de la culture","Moussa Mo\u00efse Sylla","R\u00e9publique de Guin\u00e9e"],"articleSection":["Actualit\u00e9"],"inLanguage":"fr-FR"},{"@type":"WebPage","@id":"https:\/\/culturbaine.com\/index.php\/2024\/04\/14\/le-ministre-moussa-moise-sylla-a-la-ceremonie-douverture-du-masa-javais-les-etoiles-dans-mes-yeux\/","url":"https:\/\/culturbaine.com\/index.php\/2024\/04\/14\/le-ministre-moussa-moise-sylla-a-la-ceremonie-douverture-du-masa-javais-les-etoiles-dans-mes-yeux\/","name":"Le ministre Moussa Mo\u00efse Sylla \u00e0 la c\u00e9r\u00e9monie d'ouverture du MASA \u00ab j'avais les \u00e9toiles dans mes yeux\u00bb - Culturbaine","isPartOf":{"@id":"https:\/\/culturbaine.com\/#website"},"primaryImageOfPage":{"@id":"https:\/\/culturbaine.com\/index.php\/2024\/04\/14\/le-ministre-moussa-moise-sylla-a-la-ceremonie-douverture-du-masa-javais-les-etoiles-dans-mes-yeux\/#primaryimage"},"image":{"@id":"https:\/\/culturbaine.com\/index.php\/2024\/04\/14\/le-ministre-moussa-moise-sylla-a-la-ceremonie-douverture-du-masa-javais-les-etoiles-dans-mes-yeux\/#primaryimage"},"thumbnailUrl":"https:\/\/culturbaine.com\/wp-content\/uploads\/2024\/04\/IMG-20240413-WA00912.jpg","datePublished":"2024-04-14T08:47:17+00:00","dateModified":"2024-04-14T11:46:00+00:00","breadcrumb":{"@id":"https:\/\/culturbaine.com\/index.php\/2024\/04\/14\/le-ministre-moussa-moise-sylla-a-la-ceremonie-douverture-du-masa-javais-les-etoiles-dans-mes-yeux\/#breadcrumb"},"inLanguage":"fr-FR","potentialAction":[{"@type":"ReadAction","target":["https:\/\/culturbaine.com\/index.php\/2024\/04\/14\/le-ministre-moussa-moise-sylla-a-la-ceremonie-douverture-du-masa-javais-les-etoiles-dans-mes-yeux\/"]}]},{"@type":"ImageObject","inLanguage":"fr-FR","@id":"https:\/\/culturbaine.com\/index.php\/2024\/04\/14\/le-ministre-moussa-moise-sylla-a-la-ceremonie-douverture-du-masa-javais-les-etoiles-dans-mes-yeux\/#primaryimage","url":"https:\/\/culturbaine.com\/wp-content\/uploads\/2024\/04\/IMG-20240413-WA00912.jpg","contentUrl":"https:\/\/culturbaine.com\/wp-content\/uploads\/2024\/04\/IMG-20240413-WA00912.jpg","width":1270,"height":816},{"@type":"BreadcrumbList","@id":"https:\/\/culturbaine.com\/index.php\/2024\/04\/14\/le-ministre-moussa-moise-sylla-a-la-ceremonie-douverture-du-masa-javais-les-etoiles-dans-mes-yeux\/#breadcrumb","itemListElement":[{"@type":"ListItem","position":1,"name":"Home","item":"https:\/\/culturbaine.com\/"},{"@type":"ListItem","position":2,"name":"Le ministre Moussa Mo\u00efse Sylla \u00e0 la c\u00e9r\u00e9monie d&rsquo;ouverture du MASA \u00ab j&rsquo;avais les \u00e9toiles dans mes yeux\u00bb"}]},{"@type":"WebSite","@id":"https:\/\/culturbaine.com\/#website","url":"https:\/\/culturbaine.com\/","name":"Culturbaine.com","description":"Toute l&#039;actualit\u00e9 des Cultures Urbaines, en un clic  !","publisher":{"@id":"https:\/\/culturbaine.com\/#organization"},"potentialAction":[{"@type":"SearchAction","target":{"@type":"EntryPoint","urlTemplate":"https:\/\/culturbaine.com\/?s={search_term_string}"},"query-input":{"@type":"PropertyValueSpecification","valueRequired":true,"valueName":"search_term_string"}}],"inLanguage":"fr-FR"},{"@type":"Organization","@id":"https:\/\/culturbaine.com\/#organization","name":"Culturbaine.com","url":"https:\/\/culturbaine.com\/","logo":{"@type":"ImageObject","inLanguage":"fr-FR","@id":"https:\/\/culturbaine.com\/#\/schema\/logo\/image\/","url":"https:\/\/culturbaine.com\/wp-content\/uploads\/2023\/07\/WhatsApp-Image-2023-07-17-at-14.38.18.jpeg","contentUrl":"https:\/\/culturbaine.com\/wp-content\/uploads\/2023\/07\/WhatsApp-Image-2023-07-17-at-14.38.18.jpeg","width":855,"height":270,"caption":"Culturbaine.com"},"image":{"@id":"https:\/\/culturbaine.com\/#\/schema\/logo\/image\/"},"sameAs":["https:\/\/www.facebook.com\/Culturbaines","https:\/\/x.com\/culturbaines"]},{"@type":"Person","@id":"https:\/\/culturbaine.com\/#\/schema\/person\/42eb7485c572e0746c1ea6b8216c3814","name":"admin1","image":{"@type":"ImageObject","inLanguage":"fr-FR","@id":"https:\/\/culturbaine.com\/#\/schema\/person\/image\/","url":"https:\/\/secure.gravatar.com\/avatar\/c268f4d483ce0486e5a10fee87bbf756?s=96&d=mm&r=g","contentUrl":"https:\/\/secure.gravatar.com\/avatar\/c268f4d483ce0486e5a10fee87bbf756?s=96&d=mm&r=g","caption":"admin1"},"url":"https:\/\/culturbaine.com\/index.php\/author\/admin1\/"}]}},"_links":{"self":[{"href":"https:\/\/culturbaine.com\/index.php\/wp-json\/wp\/v2\/posts\/5409"}],"collection":[{"href":"https:\/\/culturbaine.com\/index.php\/wp-json\/wp\/v2\/posts"}],"about":[{"href":"https:\/\/culturbaine.com\/index.php\/wp-json\/wp\/v2\/types\/post"}],"author":[{"embeddable":true,"href":"https:\/\/culturbaine.com\/index.php\/wp-json\/wp\/v2\/users\/2"}],"replies":[{"embeddable":true,"href":"https:\/\/culturbaine.com\/index.php\/wp-json\/wp\/v2\/comments?post=5409"}],"version-history":[{"count":0,"href":"https:\/\/culturbaine.com\/index.php\/wp-json\/wp\/v2\/posts\/5409\/revisions"}],"wp:featuredmedia":[{"embeddable":true,"href":"https:\/\/culturbaine.com\/index.php\/wp-json\/wp\/v2\/media\/5411"}],"wp:attachment":[{"href":"https:\/\/culturbaine.com\/index.php\/wp-json\/wp\/v2\/media?parent=5409"}],"wp:term":[{"taxonomy":"category","embeddable":true,"href":"https:\/\/culturbaine.com\/index.php\/wp-json\/wp\/v2\/categories?post=5409"},{"taxonomy":"post_tag","embeddable":true,"href":"https:\/\/culturbaine.com\/index.php\/wp-json\/wp\/v2\/tags?post=5409"}],"curies":[{"name":"wp","href":"https:\/\/api.w.org\/{rel}","templated":true}]}}