{"id":5181,"date":"2024-03-31T20:41:39","date_gmt":"2024-03-31T20:41:39","guid":{"rendered":"https:\/\/culturbaine.com\/?p=5181"},"modified":"2024-03-31T20:41:39","modified_gmt":"2024-03-31T20:41:39","slug":"mc-solaar-revele-les-chansons-qui-ont-marque-sa-vie-dartiste","status":"publish","type":"post","link":"https:\/\/culturbaine.com\/index.php\/2024\/03\/31\/mc-solaar-revele-les-chansons-qui-ont-marque-sa-vie-dartiste\/","title":{"rendered":"Mc Solaar R\u00e9v\u00e8le Les Chansons Qui Ont Marqu\u00e9 Sa Vie D&rsquo;artiste !"},"content":{"rendered":"<p><b>MC Solaar<\/b><span>, l&rsquo;ic\u00f4ne du rap fran\u00e7ais, a r\u00e9cemment accord\u00e9 une interview \u00e0 l&rsquo;\u00e9mission <\/span><b>T\u00e9l\u00e9matin<\/b><span> de <\/span><b>France 2,<\/b><span> \u00e0 l&rsquo;occasion de la sortie de son dernier album intitul\u00e9 \u00ab\u00a0<\/span><b>Triptyque : Leurs C\u00e9lestes<\/b><span>\u00ab\u00a0. Au cours de cette interview, le rappeur l\u00e9gendaire a partag\u00e9 ses influences musicales et artistiques qui ont fa\u00e7onn\u00e9 sa carri\u00e8re et son style unique.<\/span><\/p>\n<p><span style=\"font-weight: 400;\">Parmi les artistes qui ont marqu\u00e9 son parcours, <\/span><b>MC Solaar<\/b><span style=\"font-weight: 400;\"> a notamment \u00e9voqu\u00e9 <\/span><b>KRS-One<\/b><span style=\"font-weight: 400;\">, consid\u00e9r\u00e9 comme l&rsquo;un des pionniers du rap. Il a soulign\u00e9 l&rsquo;impact des premiers morceaux de <\/span><b>KRS-One<\/b><span style=\"font-weight: 400;\"> sur son propre travail, saluant son approche du \u00ab\u00a0<\/span><b>ledutainment<\/b><span style=\"font-weight: 400;\">\u00ab\u00a0, m\u00ealant \u00e9ducation et divertissement \u00e0 travers des messages clairs et une articulation remarquable.<\/span><\/p>\n<p><span style=\"font-weight: 400;\">En outre, <\/span><b>MC Solaar<\/b><span style=\"font-weight: 400;\"> a \u00e9galement mentionn\u00e9 l&rsquo;influence de<\/span><b> Boby Lapointe<\/b><span style=\"font-weight: 400;\">, c\u00e9l\u00e8bre pour ses jeux de mots et son humour singulier. Le rappeur a r\u00e9v\u00e9l\u00e9 comment il avait souvent \u00e9t\u00e9 compar\u00e9 \u00e0 <\/span><b>Boby Lapointe<\/b><span style=\"font-weight: 400;\"> en raison de sa propre utilisation astucieuse des jeux de mots dans ses chansons, citant un exemple de sa propre \u0153uvre o\u00f9 il rend hommage au style de Lapointe.<\/span><\/p>\n<p><span style=\"font-weight: 400;\">Par ailleurs,<\/span><b> MC Solaar<\/b><span style=\"font-weight: 400;\"> a partag\u00e9 son admiration pour <\/span><b>Charles Aznavour<\/b><span style=\"font-weight: 400;\">, louant la capacit\u00e9 du chanteur \u00e0 d\u00e9peindre des sc\u00e8nes, des \u00e9motions et des paysages \u00e0 travers ses chansons. Il a d\u00e9crit son approche artistique comme du \u00ab\u00a0cin\u00e9ma pour les aveugles\u00a0\u00bb, o\u00f9 chaque chanson \u00e9voque un univers visuel distinct, permettant \u00e0 l&rsquo;auditeur de visualiser les diff\u00e9rentes images et \u00e9motions avec une clart\u00e9 remarquable.<\/span><\/p>\n<p><span style=\"font-weight: 400;\">\u00c0 travers cette entrevue, <\/span><b>MC Solaar<\/b><span style=\"font-weight: 400;\"> offre un aper\u00e7u fascinant de son processus cr\u00e9atif et des influences diverses qui ont nourri son \u0153uvre.<\/span><\/p>\n<p><b>Mohamed Cinq Sylla<\/b><\/p>\n","protected":false},"excerpt":{"rendered":"<p>MC Solaar, l&rsquo;ic\u00f4ne du rap fran\u00e7ais, a r\u00e9cemment accord\u00e9 une interview \u00e0 l&rsquo;\u00e9mission T\u00e9l\u00e9matin de France 2, \u00e0 l&rsquo;occasion de la sortie de son dernier album intitul\u00e9 \u00ab\u00a0Triptyque : Leurs C\u00e9lestes\u00ab\u00a0. Au cours de cette interview, le rappeur l\u00e9gendaire a partag\u00e9 ses influences musicales et artistiques qui ont fa\u00e7onn\u00e9 sa carri\u00e8re et son style unique. [&hellip;]<\/p>\n","protected":false},"author":2,"featured_media":5185,"comment_status":"closed","ping_status":"closed","sticky":false,"template":"","format":"standard","meta":{"_mi_skip_tracking":false,"_monsterinsights_sitenote_active":false,"_monsterinsights_sitenote_note":"","_monsterinsights_sitenote_category":0,"footnotes":""},"categories":[21,34,35],"tags":[2004,1791,68,52],"class_list":["post-5181","post","type-post","status-publish","format-standard","has-post-thumbnail","hentry","category-actualite","category-interviews","category-nostal-ziks","tag-influences-musicales","tag-mc-solaar","tag-old-school","tag-rap-francais"],"yoast_head":"<!-- This site is optimized with the Yoast SEO Premium plugin v20.1 (Yoast SEO v24.0) - https:\/\/yoast.com\/wordpress\/plugins\/seo\/ -->\n<title>Mc Solaar R\u00e9v\u00e8le Les Chansons Qui Ont Marqu\u00e9 Sa Vie D&#039;artiste ! - Culturbaine<\/title>\n<meta name=\"robots\" content=\"index, follow, max-snippet:-1, max-image-preview:large, max-video-preview:-1\" \/>\n<link rel=\"canonical\" href=\"https:\/\/culturbaine.com\/index.php\/2024\/03\/31\/mc-solaar-revele-les-chansons-qui-ont-marque-sa-vie-dartiste\/\" \/>\n<meta property=\"og:locale\" content=\"fr_FR\" \/>\n<meta property=\"og:type\" content=\"article\" \/>\n<meta property=\"og:title\" content=\"Mc Solaar R\u00e9v\u00e8le Les Chansons Qui Ont Marqu\u00e9 Sa Vie D&#039;artiste !\" \/>\n<meta property=\"og:description\" content=\"MC Solaar, l&rsquo;ic\u00f4ne du rap fran\u00e7ais, a r\u00e9cemment accord\u00e9 une interview \u00e0 l&rsquo;\u00e9mission T\u00e9l\u00e9matin de France 2, \u00e0 l&rsquo;occasion de la sortie de son dernier album intitul\u00e9 \u00ab\u00a0Triptyque : Leurs C\u00e9lestes\u00ab\u00a0. Au cours de cette interview, le rappeur l\u00e9gendaire a partag\u00e9 ses influences musicales et artistiques qui ont fa\u00e7onn\u00e9 sa carri\u00e8re et son style unique. [&hellip;]\" \/>\n<meta property=\"og:url\" content=\"https:\/\/culturbaine.com\/index.php\/2024\/03\/31\/mc-solaar-revele-les-chansons-qui-ont-marque-sa-vie-dartiste\/\" \/>\n<meta property=\"og:site_name\" content=\"Culturbaine\" \/>\n<meta property=\"article:publisher\" content=\"https:\/\/www.facebook.com\/Culturbaines\" \/>\n<meta property=\"article:published_time\" content=\"2024-03-31T20:41:39+00:00\" \/>\n<meta property=\"og:image\" content=\"https:\/\/culturbaine.com\/wp-content\/uploads\/2024\/03\/mc-solaar-que-devient-le-chanteur-qui-fete-ses-52-ans2.jpg\" \/>\n\t<meta property=\"og:image:width\" content=\"1161\" \/>\n\t<meta property=\"og:image:height\" content=\"600\" \/>\n\t<meta property=\"og:image:type\" content=\"image\/jpeg\" \/>\n<meta name=\"author\" content=\"admin1\" \/>\n<meta name=\"twitter:card\" content=\"summary_large_image\" \/>\n<meta name=\"twitter:creator\" content=\"@culturbaines\" \/>\n<meta name=\"twitter:site\" content=\"@culturbaines\" \/>\n<meta name=\"twitter:label1\" content=\"\u00c9crit par\" \/>\n\t<meta name=\"twitter:data1\" content=\"admin1\" \/>\n\t<meta name=\"twitter:label2\" content=\"Dur\u00e9e de lecture estim\u00e9e\" \/>\n\t<meta name=\"twitter:data2\" content=\"2 minutes\" \/>\n<script type=\"application\/ld+json\" class=\"yoast-schema-graph\">{\"@context\":\"https:\/\/schema.org\",\"@graph\":[{\"@type\":\"Article\",\"@id\":\"https:\/\/culturbaine.com\/index.php\/2024\/03\/31\/mc-solaar-revele-les-chansons-qui-ont-marque-sa-vie-dartiste\/#article\",\"isPartOf\":{\"@id\":\"https:\/\/culturbaine.com\/index.php\/2024\/03\/31\/mc-solaar-revele-les-chansons-qui-ont-marque-sa-vie-dartiste\/\"},\"author\":{\"name\":\"admin1\",\"@id\":\"https:\/\/culturbaine.com\/#\/schema\/person\/42eb7485c572e0746c1ea6b8216c3814\"},\"headline\":\"Mc Solaar R\u00e9v\u00e8le Les Chansons Qui Ont Marqu\u00e9 Sa Vie D&rsquo;artiste !\",\"datePublished\":\"2024-03-31T20:41:39+00:00\",\"dateModified\":\"2024-03-31T20:41:39+00:00\",\"mainEntityOfPage\":{\"@id\":\"https:\/\/culturbaine.com\/index.php\/2024\/03\/31\/mc-solaar-revele-les-chansons-qui-ont-marque-sa-vie-dartiste\/\"},\"wordCount\":292,\"publisher\":{\"@id\":\"https:\/\/culturbaine.com\/#organization\"},\"image\":{\"@id\":\"https:\/\/culturbaine.com\/index.php\/2024\/03\/31\/mc-solaar-revele-les-chansons-qui-ont-marque-sa-vie-dartiste\/#primaryimage\"},\"thumbnailUrl\":\"https:\/\/culturbaine.com\/wp-content\/uploads\/2024\/03\/mc-solaar-que-devient-le-chanteur-qui-fete-ses-52-ans2.jpg\",\"keywords\":[\"influences musicales\",\"Mc Solaar\",\"old school\",\"rap fran\u00e7ais\"],\"articleSection\":[\"Actualit\u00e9\",\"Interviews\",\"Nostal-Ziks\"],\"inLanguage\":\"fr-FR\"},{\"@type\":\"WebPage\",\"@id\":\"https:\/\/culturbaine.com\/index.php\/2024\/03\/31\/mc-solaar-revele-les-chansons-qui-ont-marque-sa-vie-dartiste\/\",\"url\":\"https:\/\/culturbaine.com\/index.php\/2024\/03\/31\/mc-solaar-revele-les-chansons-qui-ont-marque-sa-vie-dartiste\/\",\"name\":\"Mc Solaar R\u00e9v\u00e8le Les Chansons Qui Ont Marqu\u00e9 Sa Vie D'artiste ! - Culturbaine\",\"isPartOf\":{\"@id\":\"https:\/\/culturbaine.com\/#website\"},\"primaryImageOfPage\":{\"@id\":\"https:\/\/culturbaine.com\/index.php\/2024\/03\/31\/mc-solaar-revele-les-chansons-qui-ont-marque-sa-vie-dartiste\/#primaryimage\"},\"image\":{\"@id\":\"https:\/\/culturbaine.com\/index.php\/2024\/03\/31\/mc-solaar-revele-les-chansons-qui-ont-marque-sa-vie-dartiste\/#primaryimage\"},\"thumbnailUrl\":\"https:\/\/culturbaine.com\/wp-content\/uploads\/2024\/03\/mc-solaar-que-devient-le-chanteur-qui-fete-ses-52-ans2.jpg\",\"datePublished\":\"2024-03-31T20:41:39+00:00\",\"dateModified\":\"2024-03-31T20:41:39+00:00\",\"breadcrumb\":{\"@id\":\"https:\/\/culturbaine.com\/index.php\/2024\/03\/31\/mc-solaar-revele-les-chansons-qui-ont-marque-sa-vie-dartiste\/#breadcrumb\"},\"inLanguage\":\"fr-FR\",\"potentialAction\":[{\"@type\":\"ReadAction\",\"target\":[\"https:\/\/culturbaine.com\/index.php\/2024\/03\/31\/mc-solaar-revele-les-chansons-qui-ont-marque-sa-vie-dartiste\/\"]}]},{\"@type\":\"ImageObject\",\"inLanguage\":\"fr-FR\",\"@id\":\"https:\/\/culturbaine.com\/index.php\/2024\/03\/31\/mc-solaar-revele-les-chansons-qui-ont-marque-sa-vie-dartiste\/#primaryimage\",\"url\":\"https:\/\/culturbaine.com\/wp-content\/uploads\/2024\/03\/mc-solaar-que-devient-le-chanteur-qui-fete-ses-52-ans2.jpg\",\"contentUrl\":\"https:\/\/culturbaine.com\/wp-content\/uploads\/2024\/03\/mc-solaar-que-devient-le-chanteur-qui-fete-ses-52-ans2.jpg\",\"width\":1161,\"height\":600},{\"@type\":\"BreadcrumbList\",\"@id\":\"https:\/\/culturbaine.com\/index.php\/2024\/03\/31\/mc-solaar-revele-les-chansons-qui-ont-marque-sa-vie-dartiste\/#breadcrumb\",\"itemListElement\":[{\"@type\":\"ListItem\",\"position\":1,\"name\":\"Home\",\"item\":\"https:\/\/culturbaine.com\/\"},{\"@type\":\"ListItem\",\"position\":2,\"name\":\"Mc Solaar R\u00e9v\u00e8le Les Chansons Qui Ont Marqu\u00e9 Sa Vie D&rsquo;artiste !\"}]},{\"@type\":\"WebSite\",\"@id\":\"https:\/\/culturbaine.com\/#website\",\"url\":\"https:\/\/culturbaine.com\/\",\"name\":\"Culturbaine.com\",\"description\":\"Toute l&#039;actualit\u00e9 des Cultures Urbaines, en un clic  !\",\"publisher\":{\"@id\":\"https:\/\/culturbaine.com\/#organization\"},\"potentialAction\":[{\"@type\":\"SearchAction\",\"target\":{\"@type\":\"EntryPoint\",\"urlTemplate\":\"https:\/\/culturbaine.com\/?s={search_term_string}\"},\"query-input\":{\"@type\":\"PropertyValueSpecification\",\"valueRequired\":true,\"valueName\":\"search_term_string\"}}],\"inLanguage\":\"fr-FR\"},{\"@type\":\"Organization\",\"@id\":\"https:\/\/culturbaine.com\/#organization\",\"name\":\"Culturbaine.com\",\"url\":\"https:\/\/culturbaine.com\/\",\"logo\":{\"@type\":\"ImageObject\",\"inLanguage\":\"fr-FR\",\"@id\":\"https:\/\/culturbaine.com\/#\/schema\/logo\/image\/\",\"url\":\"https:\/\/culturbaine.com\/wp-content\/uploads\/2023\/07\/WhatsApp-Image-2023-07-17-at-14.38.18.jpeg\",\"contentUrl\":\"https:\/\/culturbaine.com\/wp-content\/uploads\/2023\/07\/WhatsApp-Image-2023-07-17-at-14.38.18.jpeg\",\"width\":855,\"height\":270,\"caption\":\"Culturbaine.com\"},\"image\":{\"@id\":\"https:\/\/culturbaine.com\/#\/schema\/logo\/image\/\"},\"sameAs\":[\"https:\/\/www.facebook.com\/Culturbaines\",\"https:\/\/x.com\/culturbaines\"]},{\"@type\":\"Person\",\"@id\":\"https:\/\/culturbaine.com\/#\/schema\/person\/42eb7485c572e0746c1ea6b8216c3814\",\"name\":\"admin1\",\"image\":{\"@type\":\"ImageObject\",\"inLanguage\":\"fr-FR\",\"@id\":\"https:\/\/culturbaine.com\/#\/schema\/person\/image\/\",\"url\":\"https:\/\/secure.gravatar.com\/avatar\/c268f4d483ce0486e5a10fee87bbf756?s=96&d=mm&r=g\",\"contentUrl\":\"https:\/\/secure.gravatar.com\/avatar\/c268f4d483ce0486e5a10fee87bbf756?s=96&d=mm&r=g\",\"caption\":\"admin1\"},\"url\":\"https:\/\/culturbaine.com\/index.php\/author\/admin1\/\"}]}<\/script>\n<!-- \/ Yoast SEO Premium plugin. -->","yoast_head_json":{"title":"Mc Solaar R\u00e9v\u00e8le Les Chansons Qui Ont Marqu\u00e9 Sa Vie D'artiste ! - Culturbaine","robots":{"index":"index","follow":"follow","max-snippet":"max-snippet:-1","max-image-preview":"max-image-preview:large","max-video-preview":"max-video-preview:-1"},"canonical":"https:\/\/culturbaine.com\/index.php\/2024\/03\/31\/mc-solaar-revele-les-chansons-qui-ont-marque-sa-vie-dartiste\/","og_locale":"fr_FR","og_type":"article","og_title":"Mc Solaar R\u00e9v\u00e8le Les Chansons Qui Ont Marqu\u00e9 Sa Vie D'artiste !","og_description":"MC Solaar, l&rsquo;ic\u00f4ne du rap fran\u00e7ais, a r\u00e9cemment accord\u00e9 une interview \u00e0 l&rsquo;\u00e9mission T\u00e9l\u00e9matin de France 2, \u00e0 l&rsquo;occasion de la sortie de son dernier album intitul\u00e9 \u00ab\u00a0Triptyque : Leurs C\u00e9lestes\u00ab\u00a0. Au cours de cette interview, le rappeur l\u00e9gendaire a partag\u00e9 ses influences musicales et artistiques qui ont fa\u00e7onn\u00e9 sa carri\u00e8re et son style unique. [&hellip;]","og_url":"https:\/\/culturbaine.com\/index.php\/2024\/03\/31\/mc-solaar-revele-les-chansons-qui-ont-marque-sa-vie-dartiste\/","og_site_name":"Culturbaine","article_publisher":"https:\/\/www.facebook.com\/Culturbaines","article_published_time":"2024-03-31T20:41:39+00:00","og_image":[{"width":1161,"height":600,"url":"https:\/\/culturbaine.com\/wp-content\/uploads\/2024\/03\/mc-solaar-que-devient-le-chanteur-qui-fete-ses-52-ans2.jpg","type":"image\/jpeg"}],"author":"admin1","twitter_card":"summary_large_image","twitter_creator":"@culturbaines","twitter_site":"@culturbaines","twitter_misc":{"\u00c9crit par":"admin1","Dur\u00e9e de lecture estim\u00e9e":"2 minutes"},"schema":{"@context":"https:\/\/schema.org","@graph":[{"@type":"Article","@id":"https:\/\/culturbaine.com\/index.php\/2024\/03\/31\/mc-solaar-revele-les-chansons-qui-ont-marque-sa-vie-dartiste\/#article","isPartOf":{"@id":"https:\/\/culturbaine.com\/index.php\/2024\/03\/31\/mc-solaar-revele-les-chansons-qui-ont-marque-sa-vie-dartiste\/"},"author":{"name":"admin1","@id":"https:\/\/culturbaine.com\/#\/schema\/person\/42eb7485c572e0746c1ea6b8216c3814"},"headline":"Mc Solaar R\u00e9v\u00e8le Les Chansons Qui Ont Marqu\u00e9 Sa Vie D&rsquo;artiste !","datePublished":"2024-03-31T20:41:39+00:00","dateModified":"2024-03-31T20:41:39+00:00","mainEntityOfPage":{"@id":"https:\/\/culturbaine.com\/index.php\/2024\/03\/31\/mc-solaar-revele-les-chansons-qui-ont-marque-sa-vie-dartiste\/"},"wordCount":292,"publisher":{"@id":"https:\/\/culturbaine.com\/#organization"},"image":{"@id":"https:\/\/culturbaine.com\/index.php\/2024\/03\/31\/mc-solaar-revele-les-chansons-qui-ont-marque-sa-vie-dartiste\/#primaryimage"},"thumbnailUrl":"https:\/\/culturbaine.com\/wp-content\/uploads\/2024\/03\/mc-solaar-que-devient-le-chanteur-qui-fete-ses-52-ans2.jpg","keywords":["influences musicales","Mc Solaar","old school","rap fran\u00e7ais"],"articleSection":["Actualit\u00e9","Interviews","Nostal-Ziks"],"inLanguage":"fr-FR"},{"@type":"WebPage","@id":"https:\/\/culturbaine.com\/index.php\/2024\/03\/31\/mc-solaar-revele-les-chansons-qui-ont-marque-sa-vie-dartiste\/","url":"https:\/\/culturbaine.com\/index.php\/2024\/03\/31\/mc-solaar-revele-les-chansons-qui-ont-marque-sa-vie-dartiste\/","name":"Mc Solaar R\u00e9v\u00e8le Les Chansons Qui Ont Marqu\u00e9 Sa Vie D'artiste ! - Culturbaine","isPartOf":{"@id":"https:\/\/culturbaine.com\/#website"},"primaryImageOfPage":{"@id":"https:\/\/culturbaine.com\/index.php\/2024\/03\/31\/mc-solaar-revele-les-chansons-qui-ont-marque-sa-vie-dartiste\/#primaryimage"},"image":{"@id":"https:\/\/culturbaine.com\/index.php\/2024\/03\/31\/mc-solaar-revele-les-chansons-qui-ont-marque-sa-vie-dartiste\/#primaryimage"},"thumbnailUrl":"https:\/\/culturbaine.com\/wp-content\/uploads\/2024\/03\/mc-solaar-que-devient-le-chanteur-qui-fete-ses-52-ans2.jpg","datePublished":"2024-03-31T20:41:39+00:00","dateModified":"2024-03-31T20:41:39+00:00","breadcrumb":{"@id":"https:\/\/culturbaine.com\/index.php\/2024\/03\/31\/mc-solaar-revele-les-chansons-qui-ont-marque-sa-vie-dartiste\/#breadcrumb"},"inLanguage":"fr-FR","potentialAction":[{"@type":"ReadAction","target":["https:\/\/culturbaine.com\/index.php\/2024\/03\/31\/mc-solaar-revele-les-chansons-qui-ont-marque-sa-vie-dartiste\/"]}]},{"@type":"ImageObject","inLanguage":"fr-FR","@id":"https:\/\/culturbaine.com\/index.php\/2024\/03\/31\/mc-solaar-revele-les-chansons-qui-ont-marque-sa-vie-dartiste\/#primaryimage","url":"https:\/\/culturbaine.com\/wp-content\/uploads\/2024\/03\/mc-solaar-que-devient-le-chanteur-qui-fete-ses-52-ans2.jpg","contentUrl":"https:\/\/culturbaine.com\/wp-content\/uploads\/2024\/03\/mc-solaar-que-devient-le-chanteur-qui-fete-ses-52-ans2.jpg","width":1161,"height":600},{"@type":"BreadcrumbList","@id":"https:\/\/culturbaine.com\/index.php\/2024\/03\/31\/mc-solaar-revele-les-chansons-qui-ont-marque-sa-vie-dartiste\/#breadcrumb","itemListElement":[{"@type":"ListItem","position":1,"name":"Home","item":"https:\/\/culturbaine.com\/"},{"@type":"ListItem","position":2,"name":"Mc Solaar R\u00e9v\u00e8le Les Chansons Qui Ont Marqu\u00e9 Sa Vie D&rsquo;artiste !"}]},{"@type":"WebSite","@id":"https:\/\/culturbaine.com\/#website","url":"https:\/\/culturbaine.com\/","name":"Culturbaine.com","description":"Toute l&#039;actualit\u00e9 des Cultures Urbaines, en un clic  !","publisher":{"@id":"https:\/\/culturbaine.com\/#organization"},"potentialAction":[{"@type":"SearchAction","target":{"@type":"EntryPoint","urlTemplate":"https:\/\/culturbaine.com\/?s={search_term_string}"},"query-input":{"@type":"PropertyValueSpecification","valueRequired":true,"valueName":"search_term_string"}}],"inLanguage":"fr-FR"},{"@type":"Organization","@id":"https:\/\/culturbaine.com\/#organization","name":"Culturbaine.com","url":"https:\/\/culturbaine.com\/","logo":{"@type":"ImageObject","inLanguage":"fr-FR","@id":"https:\/\/culturbaine.com\/#\/schema\/logo\/image\/","url":"https:\/\/culturbaine.com\/wp-content\/uploads\/2023\/07\/WhatsApp-Image-2023-07-17-at-14.38.18.jpeg","contentUrl":"https:\/\/culturbaine.com\/wp-content\/uploads\/2023\/07\/WhatsApp-Image-2023-07-17-at-14.38.18.jpeg","width":855,"height":270,"caption":"Culturbaine.com"},"image":{"@id":"https:\/\/culturbaine.com\/#\/schema\/logo\/image\/"},"sameAs":["https:\/\/www.facebook.com\/Culturbaines","https:\/\/x.com\/culturbaines"]},{"@type":"Person","@id":"https:\/\/culturbaine.com\/#\/schema\/person\/42eb7485c572e0746c1ea6b8216c3814","name":"admin1","image":{"@type":"ImageObject","inLanguage":"fr-FR","@id":"https:\/\/culturbaine.com\/#\/schema\/person\/image\/","url":"https:\/\/secure.gravatar.com\/avatar\/c268f4d483ce0486e5a10fee87bbf756?s=96&d=mm&r=g","contentUrl":"https:\/\/secure.gravatar.com\/avatar\/c268f4d483ce0486e5a10fee87bbf756?s=96&d=mm&r=g","caption":"admin1"},"url":"https:\/\/culturbaine.com\/index.php\/author\/admin1\/"}]}},"_links":{"self":[{"href":"https:\/\/culturbaine.com\/index.php\/wp-json\/wp\/v2\/posts\/5181"}],"collection":[{"href":"https:\/\/culturbaine.com\/index.php\/wp-json\/wp\/v2\/posts"}],"about":[{"href":"https:\/\/culturbaine.com\/index.php\/wp-json\/wp\/v2\/types\/post"}],"author":[{"embeddable":true,"href":"https:\/\/culturbaine.com\/index.php\/wp-json\/wp\/v2\/users\/2"}],"replies":[{"embeddable":true,"href":"https:\/\/culturbaine.com\/index.php\/wp-json\/wp\/v2\/comments?post=5181"}],"version-history":[{"count":0,"href":"https:\/\/culturbaine.com\/index.php\/wp-json\/wp\/v2\/posts\/5181\/revisions"}],"wp:featuredmedia":[{"embeddable":true,"href":"https:\/\/culturbaine.com\/index.php\/wp-json\/wp\/v2\/media\/5185"}],"wp:attachment":[{"href":"https:\/\/culturbaine.com\/index.php\/wp-json\/wp\/v2\/media?parent=5181"}],"wp:term":[{"taxonomy":"category","embeddable":true,"href":"https:\/\/culturbaine.com\/index.php\/wp-json\/wp\/v2\/categories?post=5181"},{"taxonomy":"post_tag","embeddable":true,"href":"https:\/\/culturbaine.com\/index.php\/wp-json\/wp\/v2\/tags?post=5181"}],"curies":[{"name":"wp","href":"https:\/\/api.w.org\/{rel}","templated":true}]}}