{"id":5038,"date":"2024-03-23T18:35:27","date_gmt":"2024-03-23T18:35:27","guid":{"rendered":"https:\/\/culturbaine.com\/?p=5038"},"modified":"2024-03-23T18:35:27","modified_gmt":"2024-03-23T18:35:27","slug":"rohff-applaudit-le-refus-de-mahamadou-diawara-de-ceder-aux-restrictions-de-la-fff-sur-le-ramadan","status":"publish","type":"post","link":"https:\/\/culturbaine.com\/index.php\/2024\/03\/23\/rohff-applaudit-le-refus-de-mahamadou-diawara-de-ceder-aux-restrictions-de-la-fff-sur-le-ramadan\/","title":{"rendered":"Rohff applaudit le refus de Mahamadou Diawara de c\u00e9der aux restrictions de la FFF sur le Ramadan"},"content":{"rendered":"<p><span>Le rappeur fran\u00e7ais <\/span><b>Rohff <\/b><span>n&rsquo;est pas du genre \u00e0 rester muet face \u00e0 certaines injustices. Cette semaine, la F\u00e9d\u00e9ration Fran\u00e7aise de Football (FFF) a partag\u00e9 un communiqu\u00e9 dans lequel elle a interdit \u00e0 ses joueurs de je\u00fbner le ramadan 2024. Cette d\u00e9cision est pass\u00e9e tr\u00e8s mal chez l&rsquo;un des jeunes talents de la cat\u00e9gorie U19, <\/span><b>Mahamadou Diawara<\/b><span>, de l\u2019OL, qui a renonc\u00e9 \u00e0 la s\u00e9lection.<\/span><\/p>\n<p><span style=\"font-weight: 400;\">Via sa page X, ex-Twitter, ce rappeur l\u00e9gendaire a appr\u00e9ci\u00e9 la d\u00e9cision du jeune joueur. Pour lui, le football n&rsquo;est en aucun cas une religion mais simplement un jeu d\u2019\u00e9quipe avec un ballon rond et un arbitre.<\/span><\/p>\n<p><b>Ci-dessous sa publication<\/b><span style=\"font-weight: 400;\">\u00a0<\/span><\/p>\n<p><i><span style=\"font-weight: 400;\">\u00abRespect \u00e0 Mahamadou Diawara, ce jeune talent des U19 de l\u2019OL qui n\u2019a pas c\u00e9d\u00e9 aux conditions impos\u00e9es par la FFF qui, \u00e0 priori consisteraient \u00e0 faire reporter le ramadan \u00e0 une date ult\u00e9rieure. \ud83e\udd26\ud83c\udffd\u200d\u2642\ufe0f Et puis quoi encore ?\u00a0<\/span><\/i><\/p>\n<p><i><span style=\"font-weight: 400;\">Le Footbal n\u2019est pas une religion mais simplement un jeux d\u2019\u00e9quipe avec un ballon rond et un arbitre. Eh we Clairefontaine c\u2019est pas la Mecque.\u00a0<\/span><\/i><\/p>\n<p><i><span style=\"font-weight: 400;\">Mais de quoi je me m\u00eale ?\u00a0<\/span><\/i><\/p>\n<p><i><span style=\"font-weight: 400;\">Chacun son estomac ! Ils veulent faire la police de l\u2019esprit , des habits et maintenant du ventre lol\u00a0 Ils m\u00e9langent tout sous les ordres de qui ? Au nom de quoi ? De l\u2019Ath\u00e9isme ? La la\u00efcit\u00e9 du 9 d\u00e9cembre 1905\u00a0 ?\u00a0<\/span><\/i><\/p>\n<p><i><span style=\"font-weight: 400;\">Article 1.\u00a0<\/span><\/i><\/p>\n<p><i><span style=\"font-weight: 400;\">La r\u00e9publique assure la libert\u00e9 de conscience. Elle garantit le libre exercice des cultes.\u00a0<\/span><\/i><\/p>\n<p><i><span style=\"font-weight: 400;\">Donc ils veulent les Noirs et les Arabes sans religion , sans culture , sans \u00e9pices\u2026 Mdr\u00a0<\/span><\/i><\/p>\n<p><i><span style=\"font-weight: 400;\">Par contre l\u2019argent du Qatar \u2026 c\u2019est par ici ! \ud83e\udd2b<\/span><\/i><\/p>\n<p><i><span style=\"font-weight: 400;\">L\u2019histoire retient que certains joueurs musulmans fran\u00e7ais ont \u00e0 plusieurs reprises d\u00e9montr\u00e9 par les bienfaits du je\u00fbne que le ramadan ne freinait en aucun cas les performances sportives et ce lors des grandes comp\u00e9titions internationales.\u00a0<\/span><\/i><\/p>\n<p><i><span style=\"font-weight: 400;\">Comme quoi la Faim justifie les moyens !\u00a0<\/span><\/i><\/p>\n<p><i><span style=\"font-weight: 400;\">Heureusement que le z\u00e8le et le ridicule ne tuent pas. Tu m\u2019\u00e9tonnes que Poutine and Co affichent autant de sarcasme \u00e0 l\u2019endroit de la France et que de plus en plus de gens comme de c\u00e9l\u00e9brit\u00e9s se convertissent \u00e0 l\u2019Islam et prennent plaisir \u00e0 faire le Ramadan.\u00a0<\/span><\/i><\/p>\n<p><i><span style=\"font-weight: 400;\">L\u2019effet inverse se produit malgr\u00e9 toutes ces attaques haineuses et inutiles.\u00a0<\/span><\/i><\/p>\n<p><i><span style=\"font-weight: 400;\">En tout cas je dis bravo Mahamadou c\u2019est ce que j\u2019appelle avoir des vraies convictions et y tenir \u00e0 son jeune \u00e2ge au d\u00e9triment d\u2019une place aux J-O c\u2019est puissant ! \ud83d\udc4f\ud83c\udffd\u00bb<\/span><\/i><\/p>\n<p><b>Mohamed Cinq Sylla<\/b><\/p>\n","protected":false},"excerpt":{"rendered":"<p>Le rappeur fran\u00e7ais Rohff n&rsquo;est pas du genre \u00e0 rester muet face \u00e0 certaines injustices. Cette semaine, la F\u00e9d\u00e9ration Fran\u00e7aise de Football (FFF) a partag\u00e9 un communiqu\u00e9 dans lequel elle a interdit \u00e0 ses joueurs de je\u00fbner le ramadan 2024. Cette d\u00e9cision est pass\u00e9e tr\u00e8s mal chez l&rsquo;un des jeunes talents de la cat\u00e9gorie U19, [&hellip;]<\/p>\n","protected":false},"author":2,"featured_media":5040,"comment_status":"closed","ping_status":"closed","sticky":false,"template":"","format":"standard","meta":{"_mi_skip_tracking":false,"_monsterinsights_sitenote_active":false,"_monsterinsights_sitenote_note":"","_monsterinsights_sitenote_category":0,"footnotes":""},"categories":[21,512],"tags":[1954,1953,1955,1952],"class_list":["post-5038","post","type-post","status-publish","format-standard","has-post-thumbnail","hentry","category-actualite","category-rap","tag-fff","tag-mahamadou-diawara","tag-ramadan","tag-rohff"],"yoast_head":"<!-- This site is optimized with the Yoast SEO Premium plugin v20.1 (Yoast SEO v24.0) - https:\/\/yoast.com\/wordpress\/plugins\/seo\/ -->\n<title>Rohff applaudit le refus de Mahamadou Diawara de c\u00e9der aux restrictions de la FFF sur le Ramadan - Culturbaine<\/title>\n<meta name=\"robots\" content=\"index, follow, max-snippet:-1, max-image-preview:large, max-video-preview:-1\" \/>\n<link rel=\"canonical\" href=\"https:\/\/culturbaine.com\/index.php\/2024\/03\/23\/rohff-applaudit-le-refus-de-mahamadou-diawara-de-ceder-aux-restrictions-de-la-fff-sur-le-ramadan\/\" \/>\n<meta property=\"og:locale\" content=\"fr_FR\" \/>\n<meta property=\"og:type\" content=\"article\" \/>\n<meta property=\"og:title\" content=\"Rohff applaudit le refus de Mahamadou Diawara de c\u00e9der aux restrictions de la FFF sur le Ramadan\" \/>\n<meta property=\"og:description\" content=\"Le rappeur fran\u00e7ais Rohff n&rsquo;est pas du genre \u00e0 rester muet face \u00e0 certaines injustices. Cette semaine, la F\u00e9d\u00e9ration Fran\u00e7aise de Football (FFF) a partag\u00e9 un communiqu\u00e9 dans lequel elle a interdit \u00e0 ses joueurs de je\u00fbner le ramadan 2024. Cette d\u00e9cision est pass\u00e9e tr\u00e8s mal chez l&rsquo;un des jeunes talents de la cat\u00e9gorie U19, [&hellip;]\" \/>\n<meta property=\"og:url\" content=\"https:\/\/culturbaine.com\/index.php\/2024\/03\/23\/rohff-applaudit-le-refus-de-mahamadou-diawara-de-ceder-aux-restrictions-de-la-fff-sur-le-ramadan\/\" \/>\n<meta property=\"og:site_name\" content=\"Culturbaine\" \/>\n<meta property=\"article:publisher\" content=\"https:\/\/www.facebook.com\/Culturbaines\" \/>\n<meta property=\"article:published_time\" content=\"2024-03-23T18:35:27+00:00\" \/>\n<meta property=\"og:image\" content=\"https:\/\/culturbaine.com\/wp-content\/uploads\/2024\/03\/PhotoCollage_1711218561502.png\" \/>\n\t<meta property=\"og:image:width\" content=\"1920\" \/>\n\t<meta property=\"og:image:height\" content=\"1080\" \/>\n\t<meta property=\"og:image:type\" content=\"image\/png\" \/>\n<meta name=\"author\" content=\"admin1\" \/>\n<meta name=\"twitter:card\" content=\"summary_large_image\" \/>\n<meta name=\"twitter:creator\" content=\"@culturbaines\" \/>\n<meta name=\"twitter:site\" content=\"@culturbaines\" \/>\n<meta name=\"twitter:label1\" content=\"\u00c9crit par\" \/>\n\t<meta name=\"twitter:data1\" content=\"admin1\" \/>\n\t<meta name=\"twitter:label2\" content=\"Dur\u00e9e de lecture estim\u00e9e\" \/>\n\t<meta name=\"twitter:data2\" content=\"3 minutes\" \/>\n<script type=\"application\/ld+json\" class=\"yoast-schema-graph\">{\"@context\":\"https:\/\/schema.org\",\"@graph\":[{\"@type\":\"Article\",\"@id\":\"https:\/\/culturbaine.com\/index.php\/2024\/03\/23\/rohff-applaudit-le-refus-de-mahamadou-diawara-de-ceder-aux-restrictions-de-la-fff-sur-le-ramadan\/#article\",\"isPartOf\":{\"@id\":\"https:\/\/culturbaine.com\/index.php\/2024\/03\/23\/rohff-applaudit-le-refus-de-mahamadou-diawara-de-ceder-aux-restrictions-de-la-fff-sur-le-ramadan\/\"},\"author\":{\"name\":\"admin1\",\"@id\":\"https:\/\/culturbaine.com\/#\/schema\/person\/42eb7485c572e0746c1ea6b8216c3814\"},\"headline\":\"Rohff applaudit le refus de Mahamadou Diawara de c\u00e9der aux restrictions de la FFF sur le Ramadan\",\"datePublished\":\"2024-03-23T18:35:27+00:00\",\"dateModified\":\"2024-03-23T18:35:27+00:00\",\"mainEntityOfPage\":{\"@id\":\"https:\/\/culturbaine.com\/index.php\/2024\/03\/23\/rohff-applaudit-le-refus-de-mahamadou-diawara-de-ceder-aux-restrictions-de-la-fff-sur-le-ramadan\/\"},\"wordCount\":438,\"publisher\":{\"@id\":\"https:\/\/culturbaine.com\/#organization\"},\"image\":{\"@id\":\"https:\/\/culturbaine.com\/index.php\/2024\/03\/23\/rohff-applaudit-le-refus-de-mahamadou-diawara-de-ceder-aux-restrictions-de-la-fff-sur-le-ramadan\/#primaryimage\"},\"thumbnailUrl\":\"https:\/\/culturbaine.com\/wp-content\/uploads\/2024\/03\/PhotoCollage_1711218561502.png\",\"keywords\":[\"FFF\",\"Mahamadou Diawara\",\"Ramadan\",\"Rohff\"],\"articleSection\":[\"Actualit\u00e9\",\"Rap\"],\"inLanguage\":\"fr-FR\"},{\"@type\":\"WebPage\",\"@id\":\"https:\/\/culturbaine.com\/index.php\/2024\/03\/23\/rohff-applaudit-le-refus-de-mahamadou-diawara-de-ceder-aux-restrictions-de-la-fff-sur-le-ramadan\/\",\"url\":\"https:\/\/culturbaine.com\/index.php\/2024\/03\/23\/rohff-applaudit-le-refus-de-mahamadou-diawara-de-ceder-aux-restrictions-de-la-fff-sur-le-ramadan\/\",\"name\":\"Rohff applaudit le refus de Mahamadou Diawara de c\u00e9der aux restrictions de la FFF sur le Ramadan - Culturbaine\",\"isPartOf\":{\"@id\":\"https:\/\/culturbaine.com\/#website\"},\"primaryImageOfPage\":{\"@id\":\"https:\/\/culturbaine.com\/index.php\/2024\/03\/23\/rohff-applaudit-le-refus-de-mahamadou-diawara-de-ceder-aux-restrictions-de-la-fff-sur-le-ramadan\/#primaryimage\"},\"image\":{\"@id\":\"https:\/\/culturbaine.com\/index.php\/2024\/03\/23\/rohff-applaudit-le-refus-de-mahamadou-diawara-de-ceder-aux-restrictions-de-la-fff-sur-le-ramadan\/#primaryimage\"},\"thumbnailUrl\":\"https:\/\/culturbaine.com\/wp-content\/uploads\/2024\/03\/PhotoCollage_1711218561502.png\",\"datePublished\":\"2024-03-23T18:35:27+00:00\",\"dateModified\":\"2024-03-23T18:35:27+00:00\",\"breadcrumb\":{\"@id\":\"https:\/\/culturbaine.com\/index.php\/2024\/03\/23\/rohff-applaudit-le-refus-de-mahamadou-diawara-de-ceder-aux-restrictions-de-la-fff-sur-le-ramadan\/#breadcrumb\"},\"inLanguage\":\"fr-FR\",\"potentialAction\":[{\"@type\":\"ReadAction\",\"target\":[\"https:\/\/culturbaine.com\/index.php\/2024\/03\/23\/rohff-applaudit-le-refus-de-mahamadou-diawara-de-ceder-aux-restrictions-de-la-fff-sur-le-ramadan\/\"]}]},{\"@type\":\"ImageObject\",\"inLanguage\":\"fr-FR\",\"@id\":\"https:\/\/culturbaine.com\/index.php\/2024\/03\/23\/rohff-applaudit-le-refus-de-mahamadou-diawara-de-ceder-aux-restrictions-de-la-fff-sur-le-ramadan\/#primaryimage\",\"url\":\"https:\/\/culturbaine.com\/wp-content\/uploads\/2024\/03\/PhotoCollage_1711218561502.png\",\"contentUrl\":\"https:\/\/culturbaine.com\/wp-content\/uploads\/2024\/03\/PhotoCollage_1711218561502.png\",\"width\":1920,\"height\":1080},{\"@type\":\"BreadcrumbList\",\"@id\":\"https:\/\/culturbaine.com\/index.php\/2024\/03\/23\/rohff-applaudit-le-refus-de-mahamadou-diawara-de-ceder-aux-restrictions-de-la-fff-sur-le-ramadan\/#breadcrumb\",\"itemListElement\":[{\"@type\":\"ListItem\",\"position\":1,\"name\":\"Home\",\"item\":\"https:\/\/culturbaine.com\/\"},{\"@type\":\"ListItem\",\"position\":2,\"name\":\"Rohff applaudit le refus de Mahamadou Diawara de c\u00e9der aux restrictions de la FFF sur le Ramadan\"}]},{\"@type\":\"WebSite\",\"@id\":\"https:\/\/culturbaine.com\/#website\",\"url\":\"https:\/\/culturbaine.com\/\",\"name\":\"Culturbaine.com\",\"description\":\"Toute l&#039;actualit\u00e9 des Cultures Urbaines, en un clic  !\",\"publisher\":{\"@id\":\"https:\/\/culturbaine.com\/#organization\"},\"potentialAction\":[{\"@type\":\"SearchAction\",\"target\":{\"@type\":\"EntryPoint\",\"urlTemplate\":\"https:\/\/culturbaine.com\/?s={search_term_string}\"},\"query-input\":{\"@type\":\"PropertyValueSpecification\",\"valueRequired\":true,\"valueName\":\"search_term_string\"}}],\"inLanguage\":\"fr-FR\"},{\"@type\":\"Organization\",\"@id\":\"https:\/\/culturbaine.com\/#organization\",\"name\":\"Culturbaine.com\",\"url\":\"https:\/\/culturbaine.com\/\",\"logo\":{\"@type\":\"ImageObject\",\"inLanguage\":\"fr-FR\",\"@id\":\"https:\/\/culturbaine.com\/#\/schema\/logo\/image\/\",\"url\":\"https:\/\/culturbaine.com\/wp-content\/uploads\/2023\/07\/WhatsApp-Image-2023-07-17-at-14.38.18.jpeg\",\"contentUrl\":\"https:\/\/culturbaine.com\/wp-content\/uploads\/2023\/07\/WhatsApp-Image-2023-07-17-at-14.38.18.jpeg\",\"width\":855,\"height\":270,\"caption\":\"Culturbaine.com\"},\"image\":{\"@id\":\"https:\/\/culturbaine.com\/#\/schema\/logo\/image\/\"},\"sameAs\":[\"https:\/\/www.facebook.com\/Culturbaines\",\"https:\/\/x.com\/culturbaines\"]},{\"@type\":\"Person\",\"@id\":\"https:\/\/culturbaine.com\/#\/schema\/person\/42eb7485c572e0746c1ea6b8216c3814\",\"name\":\"admin1\",\"image\":{\"@type\":\"ImageObject\",\"inLanguage\":\"fr-FR\",\"@id\":\"https:\/\/culturbaine.com\/#\/schema\/person\/image\/\",\"url\":\"https:\/\/secure.gravatar.com\/avatar\/c268f4d483ce0486e5a10fee87bbf756?s=96&d=mm&r=g\",\"contentUrl\":\"https:\/\/secure.gravatar.com\/avatar\/c268f4d483ce0486e5a10fee87bbf756?s=96&d=mm&r=g\",\"caption\":\"admin1\"},\"url\":\"https:\/\/culturbaine.com\/index.php\/author\/admin1\/\"}]}<\/script>\n<!-- \/ Yoast SEO Premium plugin. -->","yoast_head_json":{"title":"Rohff applaudit le refus de Mahamadou Diawara de c\u00e9der aux restrictions de la FFF sur le Ramadan - Culturbaine","robots":{"index":"index","follow":"follow","max-snippet":"max-snippet:-1","max-image-preview":"max-image-preview:large","max-video-preview":"max-video-preview:-1"},"canonical":"https:\/\/culturbaine.com\/index.php\/2024\/03\/23\/rohff-applaudit-le-refus-de-mahamadou-diawara-de-ceder-aux-restrictions-de-la-fff-sur-le-ramadan\/","og_locale":"fr_FR","og_type":"article","og_title":"Rohff applaudit le refus de Mahamadou Diawara de c\u00e9der aux restrictions de la FFF sur le Ramadan","og_description":"Le rappeur fran\u00e7ais Rohff n&rsquo;est pas du genre \u00e0 rester muet face \u00e0 certaines injustices. Cette semaine, la F\u00e9d\u00e9ration Fran\u00e7aise de Football (FFF) a partag\u00e9 un communiqu\u00e9 dans lequel elle a interdit \u00e0 ses joueurs de je\u00fbner le ramadan 2024. Cette d\u00e9cision est pass\u00e9e tr\u00e8s mal chez l&rsquo;un des jeunes talents de la cat\u00e9gorie U19, [&hellip;]","og_url":"https:\/\/culturbaine.com\/index.php\/2024\/03\/23\/rohff-applaudit-le-refus-de-mahamadou-diawara-de-ceder-aux-restrictions-de-la-fff-sur-le-ramadan\/","og_site_name":"Culturbaine","article_publisher":"https:\/\/www.facebook.com\/Culturbaines","article_published_time":"2024-03-23T18:35:27+00:00","og_image":[{"width":1920,"height":1080,"url":"https:\/\/culturbaine.com\/wp-content\/uploads\/2024\/03\/PhotoCollage_1711218561502.png","type":"image\/png"}],"author":"admin1","twitter_card":"summary_large_image","twitter_creator":"@culturbaines","twitter_site":"@culturbaines","twitter_misc":{"\u00c9crit par":"admin1","Dur\u00e9e de lecture estim\u00e9e":"3 minutes"},"schema":{"@context":"https:\/\/schema.org","@graph":[{"@type":"Article","@id":"https:\/\/culturbaine.com\/index.php\/2024\/03\/23\/rohff-applaudit-le-refus-de-mahamadou-diawara-de-ceder-aux-restrictions-de-la-fff-sur-le-ramadan\/#article","isPartOf":{"@id":"https:\/\/culturbaine.com\/index.php\/2024\/03\/23\/rohff-applaudit-le-refus-de-mahamadou-diawara-de-ceder-aux-restrictions-de-la-fff-sur-le-ramadan\/"},"author":{"name":"admin1","@id":"https:\/\/culturbaine.com\/#\/schema\/person\/42eb7485c572e0746c1ea6b8216c3814"},"headline":"Rohff applaudit le refus de Mahamadou Diawara de c\u00e9der aux restrictions de la FFF sur le Ramadan","datePublished":"2024-03-23T18:35:27+00:00","dateModified":"2024-03-23T18:35:27+00:00","mainEntityOfPage":{"@id":"https:\/\/culturbaine.com\/index.php\/2024\/03\/23\/rohff-applaudit-le-refus-de-mahamadou-diawara-de-ceder-aux-restrictions-de-la-fff-sur-le-ramadan\/"},"wordCount":438,"publisher":{"@id":"https:\/\/culturbaine.com\/#organization"},"image":{"@id":"https:\/\/culturbaine.com\/index.php\/2024\/03\/23\/rohff-applaudit-le-refus-de-mahamadou-diawara-de-ceder-aux-restrictions-de-la-fff-sur-le-ramadan\/#primaryimage"},"thumbnailUrl":"https:\/\/culturbaine.com\/wp-content\/uploads\/2024\/03\/PhotoCollage_1711218561502.png","keywords":["FFF","Mahamadou Diawara","Ramadan","Rohff"],"articleSection":["Actualit\u00e9","Rap"],"inLanguage":"fr-FR"},{"@type":"WebPage","@id":"https:\/\/culturbaine.com\/index.php\/2024\/03\/23\/rohff-applaudit-le-refus-de-mahamadou-diawara-de-ceder-aux-restrictions-de-la-fff-sur-le-ramadan\/","url":"https:\/\/culturbaine.com\/index.php\/2024\/03\/23\/rohff-applaudit-le-refus-de-mahamadou-diawara-de-ceder-aux-restrictions-de-la-fff-sur-le-ramadan\/","name":"Rohff applaudit le refus de Mahamadou Diawara de c\u00e9der aux restrictions de la FFF sur le Ramadan - Culturbaine","isPartOf":{"@id":"https:\/\/culturbaine.com\/#website"},"primaryImageOfPage":{"@id":"https:\/\/culturbaine.com\/index.php\/2024\/03\/23\/rohff-applaudit-le-refus-de-mahamadou-diawara-de-ceder-aux-restrictions-de-la-fff-sur-le-ramadan\/#primaryimage"},"image":{"@id":"https:\/\/culturbaine.com\/index.php\/2024\/03\/23\/rohff-applaudit-le-refus-de-mahamadou-diawara-de-ceder-aux-restrictions-de-la-fff-sur-le-ramadan\/#primaryimage"},"thumbnailUrl":"https:\/\/culturbaine.com\/wp-content\/uploads\/2024\/03\/PhotoCollage_1711218561502.png","datePublished":"2024-03-23T18:35:27+00:00","dateModified":"2024-03-23T18:35:27+00:00","breadcrumb":{"@id":"https:\/\/culturbaine.com\/index.php\/2024\/03\/23\/rohff-applaudit-le-refus-de-mahamadou-diawara-de-ceder-aux-restrictions-de-la-fff-sur-le-ramadan\/#breadcrumb"},"inLanguage":"fr-FR","potentialAction":[{"@type":"ReadAction","target":["https:\/\/culturbaine.com\/index.php\/2024\/03\/23\/rohff-applaudit-le-refus-de-mahamadou-diawara-de-ceder-aux-restrictions-de-la-fff-sur-le-ramadan\/"]}]},{"@type":"ImageObject","inLanguage":"fr-FR","@id":"https:\/\/culturbaine.com\/index.php\/2024\/03\/23\/rohff-applaudit-le-refus-de-mahamadou-diawara-de-ceder-aux-restrictions-de-la-fff-sur-le-ramadan\/#primaryimage","url":"https:\/\/culturbaine.com\/wp-content\/uploads\/2024\/03\/PhotoCollage_1711218561502.png","contentUrl":"https:\/\/culturbaine.com\/wp-content\/uploads\/2024\/03\/PhotoCollage_1711218561502.png","width":1920,"height":1080},{"@type":"BreadcrumbList","@id":"https:\/\/culturbaine.com\/index.php\/2024\/03\/23\/rohff-applaudit-le-refus-de-mahamadou-diawara-de-ceder-aux-restrictions-de-la-fff-sur-le-ramadan\/#breadcrumb","itemListElement":[{"@type":"ListItem","position":1,"name":"Home","item":"https:\/\/culturbaine.com\/"},{"@type":"ListItem","position":2,"name":"Rohff applaudit le refus de Mahamadou Diawara de c\u00e9der aux restrictions de la FFF sur le Ramadan"}]},{"@type":"WebSite","@id":"https:\/\/culturbaine.com\/#website","url":"https:\/\/culturbaine.com\/","name":"Culturbaine.com","description":"Toute l&#039;actualit\u00e9 des Cultures Urbaines, en un clic  !","publisher":{"@id":"https:\/\/culturbaine.com\/#organization"},"potentialAction":[{"@type":"SearchAction","target":{"@type":"EntryPoint","urlTemplate":"https:\/\/culturbaine.com\/?s={search_term_string}"},"query-input":{"@type":"PropertyValueSpecification","valueRequired":true,"valueName":"search_term_string"}}],"inLanguage":"fr-FR"},{"@type":"Organization","@id":"https:\/\/culturbaine.com\/#organization","name":"Culturbaine.com","url":"https:\/\/culturbaine.com\/","logo":{"@type":"ImageObject","inLanguage":"fr-FR","@id":"https:\/\/culturbaine.com\/#\/schema\/logo\/image\/","url":"https:\/\/culturbaine.com\/wp-content\/uploads\/2023\/07\/WhatsApp-Image-2023-07-17-at-14.38.18.jpeg","contentUrl":"https:\/\/culturbaine.com\/wp-content\/uploads\/2023\/07\/WhatsApp-Image-2023-07-17-at-14.38.18.jpeg","width":855,"height":270,"caption":"Culturbaine.com"},"image":{"@id":"https:\/\/culturbaine.com\/#\/schema\/logo\/image\/"},"sameAs":["https:\/\/www.facebook.com\/Culturbaines","https:\/\/x.com\/culturbaines"]},{"@type":"Person","@id":"https:\/\/culturbaine.com\/#\/schema\/person\/42eb7485c572e0746c1ea6b8216c3814","name":"admin1","image":{"@type":"ImageObject","inLanguage":"fr-FR","@id":"https:\/\/culturbaine.com\/#\/schema\/person\/image\/","url":"https:\/\/secure.gravatar.com\/avatar\/c268f4d483ce0486e5a10fee87bbf756?s=96&d=mm&r=g","contentUrl":"https:\/\/secure.gravatar.com\/avatar\/c268f4d483ce0486e5a10fee87bbf756?s=96&d=mm&r=g","caption":"admin1"},"url":"https:\/\/culturbaine.com\/index.php\/author\/admin1\/"}]}},"_links":{"self":[{"href":"https:\/\/culturbaine.com\/index.php\/wp-json\/wp\/v2\/posts\/5038"}],"collection":[{"href":"https:\/\/culturbaine.com\/index.php\/wp-json\/wp\/v2\/posts"}],"about":[{"href":"https:\/\/culturbaine.com\/index.php\/wp-json\/wp\/v2\/types\/post"}],"author":[{"embeddable":true,"href":"https:\/\/culturbaine.com\/index.php\/wp-json\/wp\/v2\/users\/2"}],"replies":[{"embeddable":true,"href":"https:\/\/culturbaine.com\/index.php\/wp-json\/wp\/v2\/comments?post=5038"}],"version-history":[{"count":0,"href":"https:\/\/culturbaine.com\/index.php\/wp-json\/wp\/v2\/posts\/5038\/revisions"}],"wp:featuredmedia":[{"embeddable":true,"href":"https:\/\/culturbaine.com\/index.php\/wp-json\/wp\/v2\/media\/5040"}],"wp:attachment":[{"href":"https:\/\/culturbaine.com\/index.php\/wp-json\/wp\/v2\/media?parent=5038"}],"wp:term":[{"taxonomy":"category","embeddable":true,"href":"https:\/\/culturbaine.com\/index.php\/wp-json\/wp\/v2\/categories?post=5038"},{"taxonomy":"post_tag","embeddable":true,"href":"https:\/\/culturbaine.com\/index.php\/wp-json\/wp\/v2\/tags?post=5038"}],"curies":[{"name":"wp","href":"https:\/\/api.w.org\/{rel}","templated":true}]}}