{"id":4841,"date":"2024-03-08T20:29:14","date_gmt":"2024-03-08T20:29:14","guid":{"rendered":"https:\/\/culturbaine.com\/?p=4841"},"modified":"2024-03-08T20:29:14","modified_gmt":"2024-03-08T20:29:14","slug":"france-colors-festival-une-maison-abandonnee-transformee-en-galerie-dart-a-champigny","status":"publish","type":"post","link":"https:\/\/culturbaine.com\/index.php\/2024\/03\/08\/france-colors-festival-une-maison-abandonnee-transformee-en-galerie-dart-a-champigny\/","title":{"rendered":"France &#8211; Colors Festival : Une maison abandonn\u00e9e transform\u00e9e en Galerie d&rsquo;art \u00e0 Champigny\u00a0"},"content":{"rendered":"<p><span>D\u00e9marr\u00e9 depuis le 10 f\u00e9vrier 2024, le <\/span><b>Colors Festival<\/b><span> se poursuit de la plus belle des mani\u00e8res du c\u00f4t\u00e9 de la France. Contrairement aux pr\u00e9c\u00e9dentes \u00e9ditions, cette ann\u00e9e, ce festival de la peinture se passe dans le 94 \u00e0 Champigny-sur-Marne, dans une maison de 300m2 oubli\u00e9e et transform\u00e9e pour l&rsquo;occasion en galerie d&rsquo;art.<\/span><\/p>\n<p><span style=\"font-weight: 400;\">Plac\u00e9 sous le th\u00e8me <\/span><b>\u00abLa nature reprend ses droits\u00bb<\/b><span style=\"font-weight: 400;\">,\u00a0 les cr\u00e9ations de 17 street artistes, comme <\/span><b>Jo Di Bona, Combo, Faunagraphic, Camille Poli, Mister Copy<\/b><span style=\"font-weight: 400;\"> et bien d&rsquo;autres seront au rendez-vous.<\/span><\/p>\n<p><img loading=\"lazy\" decoding=\"async\" class=\"alignnone size-medium wp-image-4846\" src=\"http:\/\/culturbaine.com\/wp-content\/uploads\/2024\/03\/1709916974495-300x300.jpg\" alt=\"\" width=\"300\" height=\"300\" srcset=\"https:\/\/culturbaine.com\/wp-content\/uploads\/2024\/03\/1709916974495-300x300.jpg 300w, https:\/\/culturbaine.com\/wp-content\/uploads\/2024\/03\/1709916974495-150x150.jpg 150w, https:\/\/culturbaine.com\/wp-content\/uploads\/2024\/03\/1709916974495.jpg 720w\" sizes=\"(max-width: 300px) 100vw, 300px\" \/><\/p>\n<p><span style=\"font-weight: 400;\">Ce qui rend aussi int\u00e9ressant cette \u00e9dition, c&rsquo;est que les graffeurs ont la possibilit\u00e9 de graffer sur place dans la cabane du jardin et en m\u00eame temps prendre du caf\u00e9 sur la terrasse.<\/span><\/p>\n<p><span style=\"font-weight: 400;\">D&rsquo;ici-l\u00e0, le festival se poursuit jusqu&rsquo;au 02 juin prochain. Ci-dessous quelques clich\u00e9s.<\/span><\/p>\n<p><img loading=\"lazy\" decoding=\"async\" class=\"alignnone size-medium wp-image-4845\" src=\"http:\/\/culturbaine.com\/wp-content\/uploads\/2024\/03\/1709916969846-300x300.jpg\" alt=\"\" width=\"300\" height=\"300\" srcset=\"https:\/\/culturbaine.com\/wp-content\/uploads\/2024\/03\/1709916969846-300x300.jpg 300w, https:\/\/culturbaine.com\/wp-content\/uploads\/2024\/03\/1709916969846-150x150.jpg 150w, https:\/\/culturbaine.com\/wp-content\/uploads\/2024\/03\/1709916969846.jpg 720w\" sizes=\"(max-width: 300px) 100vw, 300px\" \/><\/p>\n<p><b>Mohamed Cinq Sylla<\/b><\/p>\n","protected":false},"excerpt":{"rendered":"<p>D\u00e9marr\u00e9 depuis le 10 f\u00e9vrier 2024, le Colors Festival se poursuit de la plus belle des mani\u00e8res du c\u00f4t\u00e9 de la France. Contrairement aux pr\u00e9c\u00e9dentes \u00e9ditions, cette ann\u00e9e, ce festival de la peinture se passe dans le 94 \u00e0 Champigny-sur-Marne, dans une maison de 300m2 oubli\u00e9e et transform\u00e9e pour l&rsquo;occasion en galerie d&rsquo;art. Plac\u00e9 sous [&hellip;]<\/p>\n","protected":false},"author":2,"featured_media":4843,"comment_status":"closed","ping_status":"closed","sticky":false,"template":"","format":"standard","meta":{"_mi_skip_tracking":false,"_monsterinsights_sitenote_active":false,"_monsterinsights_sitenote_note":"","_monsterinsights_sitenote_category":0,"footnotes":""},"categories":[21],"tags":[1864,182,1866,1146,1865],"class_list":["post-4841","post","type-post","status-publish","format-standard","has-post-thumbnail","hentry","category-actualite","tag-colors-festival","tag-france","tag-galerie-dart","tag-graffiti","tag-maison-abandonnee-transformee-en-galerie-dart-a-champigny"],"yoast_head":"<!-- This site is optimized with the Yoast SEO Premium plugin v20.1 (Yoast SEO v24.0) - https:\/\/yoast.com\/wordpress\/plugins\/seo\/ -->\n<title>France - Colors Festival : Une maison abandonn\u00e9e transform\u00e9e en Galerie d&#039;art \u00e0 Champigny\u00a0 - Culturbaine<\/title>\n<meta name=\"robots\" content=\"index, follow, max-snippet:-1, max-image-preview:large, max-video-preview:-1\" \/>\n<link rel=\"canonical\" href=\"https:\/\/culturbaine.com\/index.php\/2024\/03\/08\/france-colors-festival-une-maison-abandonnee-transformee-en-galerie-dart-a-champigny\/\" \/>\n<meta property=\"og:locale\" content=\"fr_FR\" \/>\n<meta property=\"og:type\" content=\"article\" \/>\n<meta property=\"og:title\" content=\"France - Colors Festival : Une maison abandonn\u00e9e transform\u00e9e en Galerie d&#039;art \u00e0 Champigny\u00a0\" \/>\n<meta property=\"og:description\" content=\"D\u00e9marr\u00e9 depuis le 10 f\u00e9vrier 2024, le Colors Festival se poursuit de la plus belle des mani\u00e8res du c\u00f4t\u00e9 de la France. Contrairement aux pr\u00e9c\u00e9dentes \u00e9ditions, cette ann\u00e9e, ce festival de la peinture se passe dans le 94 \u00e0 Champigny-sur-Marne, dans une maison de 300m2 oubli\u00e9e et transform\u00e9e pour l&rsquo;occasion en galerie d&rsquo;art. Plac\u00e9 sous [&hellip;]\" \/>\n<meta property=\"og:url\" content=\"https:\/\/culturbaine.com\/index.php\/2024\/03\/08\/france-colors-festival-une-maison-abandonnee-transformee-en-galerie-dart-a-champigny\/\" \/>\n<meta property=\"og:site_name\" content=\"Culturbaine\" \/>\n<meta property=\"article:publisher\" content=\"https:\/\/www.facebook.com\/Culturbaines\" \/>\n<meta property=\"article:published_time\" content=\"2024-03-08T20:29:14+00:00\" \/>\n<meta property=\"og:image\" content=\"http:\/\/culturbaine.com\/wp-content\/uploads\/2024\/03\/17099169722822.jpg\" \/>\n\t<meta property=\"og:image:width\" content=\"698\" \/>\n\t<meta property=\"og:image:height\" content=\"467\" \/>\n\t<meta property=\"og:image:type\" content=\"image\/jpeg\" \/>\n<meta name=\"author\" content=\"admin1\" \/>\n<meta name=\"twitter:card\" content=\"summary_large_image\" \/>\n<meta name=\"twitter:creator\" content=\"@culturbaines\" \/>\n<meta name=\"twitter:site\" content=\"@culturbaines\" \/>\n<meta name=\"twitter:label1\" content=\"\u00c9crit par\" \/>\n\t<meta name=\"twitter:data1\" content=\"admin1\" \/>\n\t<meta name=\"twitter:label2\" content=\"Dur\u00e9e de lecture estim\u00e9e\" \/>\n\t<meta name=\"twitter:data2\" content=\"2 minutes\" \/>\n<script type=\"application\/ld+json\" class=\"yoast-schema-graph\">{\"@context\":\"https:\/\/schema.org\",\"@graph\":[{\"@type\":\"Article\",\"@id\":\"https:\/\/culturbaine.com\/index.php\/2024\/03\/08\/france-colors-festival-une-maison-abandonnee-transformee-en-galerie-dart-a-champigny\/#article\",\"isPartOf\":{\"@id\":\"https:\/\/culturbaine.com\/index.php\/2024\/03\/08\/france-colors-festival-une-maison-abandonnee-transformee-en-galerie-dart-a-champigny\/\"},\"author\":{\"name\":\"admin1\",\"@id\":\"https:\/\/culturbaine.com\/#\/schema\/person\/42eb7485c572e0746c1ea6b8216c3814\"},\"headline\":\"France &#8211; Colors Festival : Une maison abandonn\u00e9e transform\u00e9e en Galerie d&rsquo;art \u00e0 Champigny\u00a0\",\"datePublished\":\"2024-03-08T20:29:14+00:00\",\"dateModified\":\"2024-03-08T20:29:14+00:00\",\"mainEntityOfPage\":{\"@id\":\"https:\/\/culturbaine.com\/index.php\/2024\/03\/08\/france-colors-festival-une-maison-abandonnee-transformee-en-galerie-dart-a-champigny\/\"},\"wordCount\":161,\"publisher\":{\"@id\":\"https:\/\/culturbaine.com\/#organization\"},\"image\":{\"@id\":\"https:\/\/culturbaine.com\/index.php\/2024\/03\/08\/france-colors-festival-une-maison-abandonnee-transformee-en-galerie-dart-a-champigny\/#primaryimage\"},\"thumbnailUrl\":\"https:\/\/culturbaine.com\/wp-content\/uploads\/2024\/03\/17099169722822.jpg\",\"keywords\":[\"Colors Festival\",\"France !\",\"Galerie d'art\",\"Graffiti\",\"maison abandonn\u00e9e transform\u00e9e en Galerie d'art \u00e0 Champigny\"],\"articleSection\":[\"Actualit\u00e9\"],\"inLanguage\":\"fr-FR\"},{\"@type\":\"WebPage\",\"@id\":\"https:\/\/culturbaine.com\/index.php\/2024\/03\/08\/france-colors-festival-une-maison-abandonnee-transformee-en-galerie-dart-a-champigny\/\",\"url\":\"https:\/\/culturbaine.com\/index.php\/2024\/03\/08\/france-colors-festival-une-maison-abandonnee-transformee-en-galerie-dart-a-champigny\/\",\"name\":\"France - Colors Festival : Une maison abandonn\u00e9e transform\u00e9e en Galerie d'art \u00e0 Champigny\u00a0 - Culturbaine\",\"isPartOf\":{\"@id\":\"https:\/\/culturbaine.com\/#website\"},\"primaryImageOfPage\":{\"@id\":\"https:\/\/culturbaine.com\/index.php\/2024\/03\/08\/france-colors-festival-une-maison-abandonnee-transformee-en-galerie-dart-a-champigny\/#primaryimage\"},\"image\":{\"@id\":\"https:\/\/culturbaine.com\/index.php\/2024\/03\/08\/france-colors-festival-une-maison-abandonnee-transformee-en-galerie-dart-a-champigny\/#primaryimage\"},\"thumbnailUrl\":\"https:\/\/culturbaine.com\/wp-content\/uploads\/2024\/03\/17099169722822.jpg\",\"datePublished\":\"2024-03-08T20:29:14+00:00\",\"dateModified\":\"2024-03-08T20:29:14+00:00\",\"breadcrumb\":{\"@id\":\"https:\/\/culturbaine.com\/index.php\/2024\/03\/08\/france-colors-festival-une-maison-abandonnee-transformee-en-galerie-dart-a-champigny\/#breadcrumb\"},\"inLanguage\":\"fr-FR\",\"potentialAction\":[{\"@type\":\"ReadAction\",\"target\":[\"https:\/\/culturbaine.com\/index.php\/2024\/03\/08\/france-colors-festival-une-maison-abandonnee-transformee-en-galerie-dart-a-champigny\/\"]}]},{\"@type\":\"ImageObject\",\"inLanguage\":\"fr-FR\",\"@id\":\"https:\/\/culturbaine.com\/index.php\/2024\/03\/08\/france-colors-festival-une-maison-abandonnee-transformee-en-galerie-dart-a-champigny\/#primaryimage\",\"url\":\"https:\/\/culturbaine.com\/wp-content\/uploads\/2024\/03\/17099169722822.jpg\",\"contentUrl\":\"https:\/\/culturbaine.com\/wp-content\/uploads\/2024\/03\/17099169722822.jpg\",\"width\":698,\"height\":467},{\"@type\":\"BreadcrumbList\",\"@id\":\"https:\/\/culturbaine.com\/index.php\/2024\/03\/08\/france-colors-festival-une-maison-abandonnee-transformee-en-galerie-dart-a-champigny\/#breadcrumb\",\"itemListElement\":[{\"@type\":\"ListItem\",\"position\":1,\"name\":\"Home\",\"item\":\"https:\/\/culturbaine.com\/\"},{\"@type\":\"ListItem\",\"position\":2,\"name\":\"France &#8211; Colors Festival : Une maison abandonn\u00e9e transform\u00e9e en Galerie d&rsquo;art \u00e0 Champigny\u00a0\"}]},{\"@type\":\"WebSite\",\"@id\":\"https:\/\/culturbaine.com\/#website\",\"url\":\"https:\/\/culturbaine.com\/\",\"name\":\"Culturbaine.com\",\"description\":\"Toute l&#039;actualit\u00e9 des Cultures Urbaines, en un clic  !\",\"publisher\":{\"@id\":\"https:\/\/culturbaine.com\/#organization\"},\"potentialAction\":[{\"@type\":\"SearchAction\",\"target\":{\"@type\":\"EntryPoint\",\"urlTemplate\":\"https:\/\/culturbaine.com\/?s={search_term_string}\"},\"query-input\":{\"@type\":\"PropertyValueSpecification\",\"valueRequired\":true,\"valueName\":\"search_term_string\"}}],\"inLanguage\":\"fr-FR\"},{\"@type\":\"Organization\",\"@id\":\"https:\/\/culturbaine.com\/#organization\",\"name\":\"Culturbaine.com\",\"url\":\"https:\/\/culturbaine.com\/\",\"logo\":{\"@type\":\"ImageObject\",\"inLanguage\":\"fr-FR\",\"@id\":\"https:\/\/culturbaine.com\/#\/schema\/logo\/image\/\",\"url\":\"https:\/\/culturbaine.com\/wp-content\/uploads\/2023\/07\/WhatsApp-Image-2023-07-17-at-14.38.18.jpeg\",\"contentUrl\":\"https:\/\/culturbaine.com\/wp-content\/uploads\/2023\/07\/WhatsApp-Image-2023-07-17-at-14.38.18.jpeg\",\"width\":855,\"height\":270,\"caption\":\"Culturbaine.com\"},\"image\":{\"@id\":\"https:\/\/culturbaine.com\/#\/schema\/logo\/image\/\"},\"sameAs\":[\"https:\/\/www.facebook.com\/Culturbaines\",\"https:\/\/x.com\/culturbaines\"]},{\"@type\":\"Person\",\"@id\":\"https:\/\/culturbaine.com\/#\/schema\/person\/42eb7485c572e0746c1ea6b8216c3814\",\"name\":\"admin1\",\"image\":{\"@type\":\"ImageObject\",\"inLanguage\":\"fr-FR\",\"@id\":\"https:\/\/culturbaine.com\/#\/schema\/person\/image\/\",\"url\":\"https:\/\/secure.gravatar.com\/avatar\/c268f4d483ce0486e5a10fee87bbf756?s=96&d=mm&r=g\",\"contentUrl\":\"https:\/\/secure.gravatar.com\/avatar\/c268f4d483ce0486e5a10fee87bbf756?s=96&d=mm&r=g\",\"caption\":\"admin1\"},\"url\":\"https:\/\/culturbaine.com\/index.php\/author\/admin1\/\"}]}<\/script>\n<!-- \/ Yoast SEO Premium plugin. -->","yoast_head_json":{"title":"France - Colors Festival : Une maison abandonn\u00e9e transform\u00e9e en Galerie d'art \u00e0 Champigny\u00a0 - Culturbaine","robots":{"index":"index","follow":"follow","max-snippet":"max-snippet:-1","max-image-preview":"max-image-preview:large","max-video-preview":"max-video-preview:-1"},"canonical":"https:\/\/culturbaine.com\/index.php\/2024\/03\/08\/france-colors-festival-une-maison-abandonnee-transformee-en-galerie-dart-a-champigny\/","og_locale":"fr_FR","og_type":"article","og_title":"France - Colors Festival : Une maison abandonn\u00e9e transform\u00e9e en Galerie d'art \u00e0 Champigny\u00a0","og_description":"D\u00e9marr\u00e9 depuis le 10 f\u00e9vrier 2024, le Colors Festival se poursuit de la plus belle des mani\u00e8res du c\u00f4t\u00e9 de la France. Contrairement aux pr\u00e9c\u00e9dentes \u00e9ditions, cette ann\u00e9e, ce festival de la peinture se passe dans le 94 \u00e0 Champigny-sur-Marne, dans une maison de 300m2 oubli\u00e9e et transform\u00e9e pour l&rsquo;occasion en galerie d&rsquo;art. Plac\u00e9 sous [&hellip;]","og_url":"https:\/\/culturbaine.com\/index.php\/2024\/03\/08\/france-colors-festival-une-maison-abandonnee-transformee-en-galerie-dart-a-champigny\/","og_site_name":"Culturbaine","article_publisher":"https:\/\/www.facebook.com\/Culturbaines","article_published_time":"2024-03-08T20:29:14+00:00","og_image":[{"width":698,"height":467,"url":"http:\/\/culturbaine.com\/wp-content\/uploads\/2024\/03\/17099169722822.jpg","type":"image\/jpeg"}],"author":"admin1","twitter_card":"summary_large_image","twitter_creator":"@culturbaines","twitter_site":"@culturbaines","twitter_misc":{"\u00c9crit par":"admin1","Dur\u00e9e de lecture estim\u00e9e":"2 minutes"},"schema":{"@context":"https:\/\/schema.org","@graph":[{"@type":"Article","@id":"https:\/\/culturbaine.com\/index.php\/2024\/03\/08\/france-colors-festival-une-maison-abandonnee-transformee-en-galerie-dart-a-champigny\/#article","isPartOf":{"@id":"https:\/\/culturbaine.com\/index.php\/2024\/03\/08\/france-colors-festival-une-maison-abandonnee-transformee-en-galerie-dart-a-champigny\/"},"author":{"name":"admin1","@id":"https:\/\/culturbaine.com\/#\/schema\/person\/42eb7485c572e0746c1ea6b8216c3814"},"headline":"France &#8211; Colors Festival : Une maison abandonn\u00e9e transform\u00e9e en Galerie d&rsquo;art \u00e0 Champigny\u00a0","datePublished":"2024-03-08T20:29:14+00:00","dateModified":"2024-03-08T20:29:14+00:00","mainEntityOfPage":{"@id":"https:\/\/culturbaine.com\/index.php\/2024\/03\/08\/france-colors-festival-une-maison-abandonnee-transformee-en-galerie-dart-a-champigny\/"},"wordCount":161,"publisher":{"@id":"https:\/\/culturbaine.com\/#organization"},"image":{"@id":"https:\/\/culturbaine.com\/index.php\/2024\/03\/08\/france-colors-festival-une-maison-abandonnee-transformee-en-galerie-dart-a-champigny\/#primaryimage"},"thumbnailUrl":"https:\/\/culturbaine.com\/wp-content\/uploads\/2024\/03\/17099169722822.jpg","keywords":["Colors Festival","France !","Galerie d'art","Graffiti","maison abandonn\u00e9e transform\u00e9e en Galerie d'art \u00e0 Champigny"],"articleSection":["Actualit\u00e9"],"inLanguage":"fr-FR"},{"@type":"WebPage","@id":"https:\/\/culturbaine.com\/index.php\/2024\/03\/08\/france-colors-festival-une-maison-abandonnee-transformee-en-galerie-dart-a-champigny\/","url":"https:\/\/culturbaine.com\/index.php\/2024\/03\/08\/france-colors-festival-une-maison-abandonnee-transformee-en-galerie-dart-a-champigny\/","name":"France - Colors Festival : Une maison abandonn\u00e9e transform\u00e9e en Galerie d'art \u00e0 Champigny\u00a0 - Culturbaine","isPartOf":{"@id":"https:\/\/culturbaine.com\/#website"},"primaryImageOfPage":{"@id":"https:\/\/culturbaine.com\/index.php\/2024\/03\/08\/france-colors-festival-une-maison-abandonnee-transformee-en-galerie-dart-a-champigny\/#primaryimage"},"image":{"@id":"https:\/\/culturbaine.com\/index.php\/2024\/03\/08\/france-colors-festival-une-maison-abandonnee-transformee-en-galerie-dart-a-champigny\/#primaryimage"},"thumbnailUrl":"https:\/\/culturbaine.com\/wp-content\/uploads\/2024\/03\/17099169722822.jpg","datePublished":"2024-03-08T20:29:14+00:00","dateModified":"2024-03-08T20:29:14+00:00","breadcrumb":{"@id":"https:\/\/culturbaine.com\/index.php\/2024\/03\/08\/france-colors-festival-une-maison-abandonnee-transformee-en-galerie-dart-a-champigny\/#breadcrumb"},"inLanguage":"fr-FR","potentialAction":[{"@type":"ReadAction","target":["https:\/\/culturbaine.com\/index.php\/2024\/03\/08\/france-colors-festival-une-maison-abandonnee-transformee-en-galerie-dart-a-champigny\/"]}]},{"@type":"ImageObject","inLanguage":"fr-FR","@id":"https:\/\/culturbaine.com\/index.php\/2024\/03\/08\/france-colors-festival-une-maison-abandonnee-transformee-en-galerie-dart-a-champigny\/#primaryimage","url":"https:\/\/culturbaine.com\/wp-content\/uploads\/2024\/03\/17099169722822.jpg","contentUrl":"https:\/\/culturbaine.com\/wp-content\/uploads\/2024\/03\/17099169722822.jpg","width":698,"height":467},{"@type":"BreadcrumbList","@id":"https:\/\/culturbaine.com\/index.php\/2024\/03\/08\/france-colors-festival-une-maison-abandonnee-transformee-en-galerie-dart-a-champigny\/#breadcrumb","itemListElement":[{"@type":"ListItem","position":1,"name":"Home","item":"https:\/\/culturbaine.com\/"},{"@type":"ListItem","position":2,"name":"France &#8211; Colors Festival : Une maison abandonn\u00e9e transform\u00e9e en Galerie d&rsquo;art \u00e0 Champigny\u00a0"}]},{"@type":"WebSite","@id":"https:\/\/culturbaine.com\/#website","url":"https:\/\/culturbaine.com\/","name":"Culturbaine.com","description":"Toute l&#039;actualit\u00e9 des Cultures Urbaines, en un clic  !","publisher":{"@id":"https:\/\/culturbaine.com\/#organization"},"potentialAction":[{"@type":"SearchAction","target":{"@type":"EntryPoint","urlTemplate":"https:\/\/culturbaine.com\/?s={search_term_string}"},"query-input":{"@type":"PropertyValueSpecification","valueRequired":true,"valueName":"search_term_string"}}],"inLanguage":"fr-FR"},{"@type":"Organization","@id":"https:\/\/culturbaine.com\/#organization","name":"Culturbaine.com","url":"https:\/\/culturbaine.com\/","logo":{"@type":"ImageObject","inLanguage":"fr-FR","@id":"https:\/\/culturbaine.com\/#\/schema\/logo\/image\/","url":"https:\/\/culturbaine.com\/wp-content\/uploads\/2023\/07\/WhatsApp-Image-2023-07-17-at-14.38.18.jpeg","contentUrl":"https:\/\/culturbaine.com\/wp-content\/uploads\/2023\/07\/WhatsApp-Image-2023-07-17-at-14.38.18.jpeg","width":855,"height":270,"caption":"Culturbaine.com"},"image":{"@id":"https:\/\/culturbaine.com\/#\/schema\/logo\/image\/"},"sameAs":["https:\/\/www.facebook.com\/Culturbaines","https:\/\/x.com\/culturbaines"]},{"@type":"Person","@id":"https:\/\/culturbaine.com\/#\/schema\/person\/42eb7485c572e0746c1ea6b8216c3814","name":"admin1","image":{"@type":"ImageObject","inLanguage":"fr-FR","@id":"https:\/\/culturbaine.com\/#\/schema\/person\/image\/","url":"https:\/\/secure.gravatar.com\/avatar\/c268f4d483ce0486e5a10fee87bbf756?s=96&d=mm&r=g","contentUrl":"https:\/\/secure.gravatar.com\/avatar\/c268f4d483ce0486e5a10fee87bbf756?s=96&d=mm&r=g","caption":"admin1"},"url":"https:\/\/culturbaine.com\/index.php\/author\/admin1\/"}]}},"_links":{"self":[{"href":"https:\/\/culturbaine.com\/index.php\/wp-json\/wp\/v2\/posts\/4841"}],"collection":[{"href":"https:\/\/culturbaine.com\/index.php\/wp-json\/wp\/v2\/posts"}],"about":[{"href":"https:\/\/culturbaine.com\/index.php\/wp-json\/wp\/v2\/types\/post"}],"author":[{"embeddable":true,"href":"https:\/\/culturbaine.com\/index.php\/wp-json\/wp\/v2\/users\/2"}],"replies":[{"embeddable":true,"href":"https:\/\/culturbaine.com\/index.php\/wp-json\/wp\/v2\/comments?post=4841"}],"version-history":[{"count":0,"href":"https:\/\/culturbaine.com\/index.php\/wp-json\/wp\/v2\/posts\/4841\/revisions"}],"wp:featuredmedia":[{"embeddable":true,"href":"https:\/\/culturbaine.com\/index.php\/wp-json\/wp\/v2\/media\/4843"}],"wp:attachment":[{"href":"https:\/\/culturbaine.com\/index.php\/wp-json\/wp\/v2\/media?parent=4841"}],"wp:term":[{"taxonomy":"category","embeddable":true,"href":"https:\/\/culturbaine.com\/index.php\/wp-json\/wp\/v2\/categories?post=4841"},{"taxonomy":"post_tag","embeddable":true,"href":"https:\/\/culturbaine.com\/index.php\/wp-json\/wp\/v2\/tags?post=4841"}],"curies":[{"name":"wp","href":"https:\/\/api.w.org\/{rel}","templated":true}]}}