{"id":4809,"date":"2024-03-06T05:27:49","date_gmt":"2024-03-06T05:27:49","guid":{"rendered":"https:\/\/culturbaine.com\/?p=4809"},"modified":"2024-03-06T05:27:49","modified_gmt":"2024-03-06T05:27:49","slug":"kems-production-signe-chamack-camara-et-annonce-une-bonne-nouvelle-aux-artistes-urbains","status":"publish","type":"post","link":"https:\/\/culturbaine.com\/index.php\/2024\/03\/06\/kems-production-signe-chamack-camara-et-annonce-une-bonne-nouvelle-aux-artistes-urbains\/","title":{"rendered":"Kems Production signe Chamack Camara et annonce une bonne nouvelle aux artistes Urbains"},"content":{"rendered":"<p><span>Au cours d&rsquo;une conf\u00e9rence de presse tenue cet apr\u00e8s-midi pour annoncer la signature du chanteur guin\u00e9en de l&rsquo;afro mandingue, <\/span><b>Chamack Camara<\/b><span> dans le <\/span><b>label Kem&rsquo;s Production<\/b><span> pour 4 ans, le manager g\u00e9n\u00e9ral, <\/span><b>Moh Ciss\u00e9<\/b><span>, a \u00e9voqu\u00e9 la possibilit\u00e9 d&rsquo;accueillir des artistes du registre urbain au sein de leur \u00e9curie.<\/span><\/p>\n<p><span style=\"font-weight: 400;\">Interrog\u00e9 sur la pr\u00e9f\u00e9rence du label pour les artistes de la musique populaire, <\/span><b>Moh Ciss\u00e9<\/b><span style=\"font-weight: 400;\"> a soulign\u00e9 que chez <\/span><b>Kem&rsquo;s Production<\/b><span style=\"font-weight: 400;\">, le talent reste la priorit\u00e9, mais il a \u00e9galement insist\u00e9 sur l&rsquo;importance de la discipline. Peu importe le genre musical, sans discipline, le label ne consid\u00e9rera pas la signature d&rsquo;un artiste, m\u00eame s&rsquo;il poss\u00e8de un talent exceptionnel.<\/span><\/p>\n<p><span style=\"font-weight: 400;\">\u00c0 ce jour, <\/span><b>Kem&rsquo;s Production<\/b><span style=\"font-weight: 400;\"> s&rsquo;est concentr\u00e9 principalement sur la musique populaire, avec des artistes comme Fod\u00e9 <\/span><b>Fekanyi Camara, Petit Oust\u00e9<\/b><span style=\"font-weight: 400;\"> et maintenant <\/span><b>Chamack Camara<\/b><span style=\"font-weight: 400;\">. Cependant, cette ouverture \u00e0 explorer le registre urbain t\u00e9moigne de la volont\u00e9 du label de rester \u00e0 l&rsquo;aff\u00fbt des nouvelles tendances et de diversifier son catalogue artistique.<\/span><\/p>\n<p><b>Mohamed Cinq Sylla<\/b><\/p>\n","protected":false},"excerpt":{"rendered":"<p>Au cours d&rsquo;une conf\u00e9rence de presse tenue cet apr\u00e8s-midi pour annoncer la signature du chanteur guin\u00e9en de l&rsquo;afro mandingue, Chamack Camara dans le label Kem&rsquo;s Production pour 4 ans, le manager g\u00e9n\u00e9ral, Moh Ciss\u00e9, a \u00e9voqu\u00e9 la possibilit\u00e9 d&rsquo;accueillir des artistes du registre urbain au sein de leur \u00e9curie. Interrog\u00e9 sur la pr\u00e9f\u00e9rence du label [&hellip;]<\/p>\n","protected":false},"author":2,"featured_media":4811,"comment_status":"closed","ping_status":"closed","sticky":false,"template":"","format":"standard","meta":{"_mi_skip_tracking":false,"_monsterinsights_sitenote_active":false,"_monsterinsights_sitenote_note":"","_monsterinsights_sitenote_category":0,"footnotes":""},"categories":[21],"tags":[1850,1849,1848,1851],"class_list":["post-4809","post","type-post","status-publish","format-standard","has-post-thumbnail","hentry","category-actualite","tag-artistes-urbains","tag-chamack-camara","tag-kems-production","tag-nouvelle"],"yoast_head":"<!-- This site is optimized with the Yoast SEO Premium plugin v20.1 (Yoast SEO v24.0) - https:\/\/yoast.com\/wordpress\/plugins\/seo\/ -->\n<title>Kems Production signe Chamack Camara et annonce une bonne nouvelle aux artistes Urbains - Culturbaine<\/title>\n<meta name=\"robots\" content=\"index, follow, max-snippet:-1, max-image-preview:large, max-video-preview:-1\" \/>\n<link rel=\"canonical\" href=\"http:\/\/culturbaine.com\/index.php\/2024\/03\/06\/kems-production-signe-chamack-camara-et-annonce-une-bonne-nouvelle-aux-artistes-urbains\/\" \/>\n<meta property=\"og:locale\" content=\"fr_FR\" \/>\n<meta property=\"og:type\" content=\"article\" \/>\n<meta property=\"og:title\" content=\"Kems Production signe Chamack Camara et annonce une bonne nouvelle aux artistes Urbains\" \/>\n<meta property=\"og:description\" content=\"Au cours d&rsquo;une conf\u00e9rence de presse tenue cet apr\u00e8s-midi pour annoncer la signature du chanteur guin\u00e9en de l&rsquo;afro mandingue, Chamack Camara dans le label Kem&rsquo;s Production pour 4 ans, le manager g\u00e9n\u00e9ral, Moh Ciss\u00e9, a \u00e9voqu\u00e9 la possibilit\u00e9 d&rsquo;accueillir des artistes du registre urbain au sein de leur \u00e9curie. Interrog\u00e9 sur la pr\u00e9f\u00e9rence du label [&hellip;]\" \/>\n<meta property=\"og:url\" content=\"http:\/\/culturbaine.com\/index.php\/2024\/03\/06\/kems-production-signe-chamack-camara-et-annonce-une-bonne-nouvelle-aux-artistes-urbains\/\" \/>\n<meta property=\"og:site_name\" content=\"Culturbaine\" \/>\n<meta property=\"article:publisher\" content=\"https:\/\/www.facebook.com\/Culturbaines\" \/>\n<meta property=\"article:published_time\" content=\"2024-03-06T05:27:49+00:00\" \/>\n<meta property=\"og:image\" content=\"http:\/\/culturbaine.com\/wp-content\/uploads\/2024\/03\/IMG_20240306_052132.jpg\" \/>\n\t<meta property=\"og:image:width\" content=\"1598\" \/>\n\t<meta property=\"og:image:height\" content=\"960\" \/>\n\t<meta property=\"og:image:type\" content=\"image\/jpeg\" \/>\n<meta name=\"author\" content=\"admin1\" \/>\n<meta name=\"twitter:card\" content=\"summary_large_image\" \/>\n<meta name=\"twitter:creator\" content=\"@culturbaines\" \/>\n<meta name=\"twitter:site\" content=\"@culturbaines\" \/>\n<meta name=\"twitter:label1\" content=\"\u00c9crit par\" \/>\n\t<meta name=\"twitter:data1\" content=\"admin1\" \/>\n\t<meta name=\"twitter:label2\" content=\"Dur\u00e9e de lecture estim\u00e9e\" \/>\n\t<meta name=\"twitter:data2\" content=\"2 minutes\" \/>\n<script type=\"application\/ld+json\" class=\"yoast-schema-graph\">{\"@context\":\"https:\/\/schema.org\",\"@graph\":[{\"@type\":\"Article\",\"@id\":\"http:\/\/culturbaine.com\/index.php\/2024\/03\/06\/kems-production-signe-chamack-camara-et-annonce-une-bonne-nouvelle-aux-artistes-urbains\/#article\",\"isPartOf\":{\"@id\":\"http:\/\/culturbaine.com\/index.php\/2024\/03\/06\/kems-production-signe-chamack-camara-et-annonce-une-bonne-nouvelle-aux-artistes-urbains\/\"},\"author\":{\"name\":\"admin1\",\"@id\":\"https:\/\/culturbaine.com\/#\/schema\/person\/42eb7485c572e0746c1ea6b8216c3814\"},\"headline\":\"Kems Production signe Chamack Camara et annonce une bonne nouvelle aux artistes Urbains\",\"datePublished\":\"2024-03-06T05:27:49+00:00\",\"dateModified\":\"2024-03-06T05:27:49+00:00\",\"mainEntityOfPage\":{\"@id\":\"http:\/\/culturbaine.com\/index.php\/2024\/03\/06\/kems-production-signe-chamack-camara-et-annonce-une-bonne-nouvelle-aux-artistes-urbains\/\"},\"wordCount\":194,\"publisher\":{\"@id\":\"https:\/\/culturbaine.com\/#organization\"},\"image\":{\"@id\":\"http:\/\/culturbaine.com\/index.php\/2024\/03\/06\/kems-production-signe-chamack-camara-et-annonce-une-bonne-nouvelle-aux-artistes-urbains\/#primaryimage\"},\"thumbnailUrl\":\"https:\/\/culturbaine.com\/wp-content\/uploads\/2024\/03\/IMG_20240306_052132.jpg\",\"keywords\":[\"Artistes Urbains\",\"Chamack Camara\",\"Kems Production\",\"nouvelle\"],\"articleSection\":[\"Actualit\u00e9\"],\"inLanguage\":\"fr-FR\"},{\"@type\":\"WebPage\",\"@id\":\"http:\/\/culturbaine.com\/index.php\/2024\/03\/06\/kems-production-signe-chamack-camara-et-annonce-une-bonne-nouvelle-aux-artistes-urbains\/\",\"url\":\"http:\/\/culturbaine.com\/index.php\/2024\/03\/06\/kems-production-signe-chamack-camara-et-annonce-une-bonne-nouvelle-aux-artistes-urbains\/\",\"name\":\"Kems Production signe Chamack Camara et annonce une bonne nouvelle aux artistes Urbains - Culturbaine\",\"isPartOf\":{\"@id\":\"https:\/\/culturbaine.com\/#website\"},\"primaryImageOfPage\":{\"@id\":\"http:\/\/culturbaine.com\/index.php\/2024\/03\/06\/kems-production-signe-chamack-camara-et-annonce-une-bonne-nouvelle-aux-artistes-urbains\/#primaryimage\"},\"image\":{\"@id\":\"http:\/\/culturbaine.com\/index.php\/2024\/03\/06\/kems-production-signe-chamack-camara-et-annonce-une-bonne-nouvelle-aux-artistes-urbains\/#primaryimage\"},\"thumbnailUrl\":\"https:\/\/culturbaine.com\/wp-content\/uploads\/2024\/03\/IMG_20240306_052132.jpg\",\"datePublished\":\"2024-03-06T05:27:49+00:00\",\"dateModified\":\"2024-03-06T05:27:49+00:00\",\"breadcrumb\":{\"@id\":\"http:\/\/culturbaine.com\/index.php\/2024\/03\/06\/kems-production-signe-chamack-camara-et-annonce-une-bonne-nouvelle-aux-artistes-urbains\/#breadcrumb\"},\"inLanguage\":\"fr-FR\",\"potentialAction\":[{\"@type\":\"ReadAction\",\"target\":[\"http:\/\/culturbaine.com\/index.php\/2024\/03\/06\/kems-production-signe-chamack-camara-et-annonce-une-bonne-nouvelle-aux-artistes-urbains\/\"]}]},{\"@type\":\"ImageObject\",\"inLanguage\":\"fr-FR\",\"@id\":\"http:\/\/culturbaine.com\/index.php\/2024\/03\/06\/kems-production-signe-chamack-camara-et-annonce-une-bonne-nouvelle-aux-artistes-urbains\/#primaryimage\",\"url\":\"https:\/\/culturbaine.com\/wp-content\/uploads\/2024\/03\/IMG_20240306_052132.jpg\",\"contentUrl\":\"https:\/\/culturbaine.com\/wp-content\/uploads\/2024\/03\/IMG_20240306_052132.jpg\",\"width\":1598,\"height\":960},{\"@type\":\"BreadcrumbList\",\"@id\":\"http:\/\/culturbaine.com\/index.php\/2024\/03\/06\/kems-production-signe-chamack-camara-et-annonce-une-bonne-nouvelle-aux-artistes-urbains\/#breadcrumb\",\"itemListElement\":[{\"@type\":\"ListItem\",\"position\":1,\"name\":\"Home\",\"item\":\"https:\/\/culturbaine.com\/\"},{\"@type\":\"ListItem\",\"position\":2,\"name\":\"Kems Production signe Chamack Camara et annonce une bonne nouvelle aux artistes Urbains\"}]},{\"@type\":\"WebSite\",\"@id\":\"https:\/\/culturbaine.com\/#website\",\"url\":\"https:\/\/culturbaine.com\/\",\"name\":\"Culturbaine.com\",\"description\":\"Toute l&#039;actualit\u00e9 des Cultures Urbaines, en un clic  !\",\"publisher\":{\"@id\":\"https:\/\/culturbaine.com\/#organization\"},\"potentialAction\":[{\"@type\":\"SearchAction\",\"target\":{\"@type\":\"EntryPoint\",\"urlTemplate\":\"https:\/\/culturbaine.com\/?s={search_term_string}\"},\"query-input\":{\"@type\":\"PropertyValueSpecification\",\"valueRequired\":true,\"valueName\":\"search_term_string\"}}],\"inLanguage\":\"fr-FR\"},{\"@type\":\"Organization\",\"@id\":\"https:\/\/culturbaine.com\/#organization\",\"name\":\"Culturbaine.com\",\"url\":\"https:\/\/culturbaine.com\/\",\"logo\":{\"@type\":\"ImageObject\",\"inLanguage\":\"fr-FR\",\"@id\":\"https:\/\/culturbaine.com\/#\/schema\/logo\/image\/\",\"url\":\"https:\/\/culturbaine.com\/wp-content\/uploads\/2023\/07\/WhatsApp-Image-2023-07-17-at-14.38.18.jpeg\",\"contentUrl\":\"https:\/\/culturbaine.com\/wp-content\/uploads\/2023\/07\/WhatsApp-Image-2023-07-17-at-14.38.18.jpeg\",\"width\":855,\"height\":270,\"caption\":\"Culturbaine.com\"},\"image\":{\"@id\":\"https:\/\/culturbaine.com\/#\/schema\/logo\/image\/\"},\"sameAs\":[\"https:\/\/www.facebook.com\/Culturbaines\",\"https:\/\/x.com\/culturbaines\"]},{\"@type\":\"Person\",\"@id\":\"https:\/\/culturbaine.com\/#\/schema\/person\/42eb7485c572e0746c1ea6b8216c3814\",\"name\":\"admin1\",\"image\":{\"@type\":\"ImageObject\",\"inLanguage\":\"fr-FR\",\"@id\":\"https:\/\/culturbaine.com\/#\/schema\/person\/image\/\",\"url\":\"https:\/\/secure.gravatar.com\/avatar\/c268f4d483ce0486e5a10fee87bbf756?s=96&d=mm&r=g\",\"contentUrl\":\"https:\/\/secure.gravatar.com\/avatar\/c268f4d483ce0486e5a10fee87bbf756?s=96&d=mm&r=g\",\"caption\":\"admin1\"},\"url\":\"https:\/\/culturbaine.com\/index.php\/author\/admin1\/\"}]}<\/script>\n<!-- \/ Yoast SEO Premium plugin. -->","yoast_head_json":{"title":"Kems Production signe Chamack Camara et annonce une bonne nouvelle aux artistes Urbains - Culturbaine","robots":{"index":"index","follow":"follow","max-snippet":"max-snippet:-1","max-image-preview":"max-image-preview:large","max-video-preview":"max-video-preview:-1"},"canonical":"http:\/\/culturbaine.com\/index.php\/2024\/03\/06\/kems-production-signe-chamack-camara-et-annonce-une-bonne-nouvelle-aux-artistes-urbains\/","og_locale":"fr_FR","og_type":"article","og_title":"Kems Production signe Chamack Camara et annonce une bonne nouvelle aux artistes Urbains","og_description":"Au cours d&rsquo;une conf\u00e9rence de presse tenue cet apr\u00e8s-midi pour annoncer la signature du chanteur guin\u00e9en de l&rsquo;afro mandingue, Chamack Camara dans le label Kem&rsquo;s Production pour 4 ans, le manager g\u00e9n\u00e9ral, Moh Ciss\u00e9, a \u00e9voqu\u00e9 la possibilit\u00e9 d&rsquo;accueillir des artistes du registre urbain au sein de leur \u00e9curie. Interrog\u00e9 sur la pr\u00e9f\u00e9rence du label [&hellip;]","og_url":"http:\/\/culturbaine.com\/index.php\/2024\/03\/06\/kems-production-signe-chamack-camara-et-annonce-une-bonne-nouvelle-aux-artistes-urbains\/","og_site_name":"Culturbaine","article_publisher":"https:\/\/www.facebook.com\/Culturbaines","article_published_time":"2024-03-06T05:27:49+00:00","og_image":[{"width":1598,"height":960,"url":"http:\/\/culturbaine.com\/wp-content\/uploads\/2024\/03\/IMG_20240306_052132.jpg","type":"image\/jpeg"}],"author":"admin1","twitter_card":"summary_large_image","twitter_creator":"@culturbaines","twitter_site":"@culturbaines","twitter_misc":{"\u00c9crit par":"admin1","Dur\u00e9e de lecture estim\u00e9e":"2 minutes"},"schema":{"@context":"https:\/\/schema.org","@graph":[{"@type":"Article","@id":"http:\/\/culturbaine.com\/index.php\/2024\/03\/06\/kems-production-signe-chamack-camara-et-annonce-une-bonne-nouvelle-aux-artistes-urbains\/#article","isPartOf":{"@id":"http:\/\/culturbaine.com\/index.php\/2024\/03\/06\/kems-production-signe-chamack-camara-et-annonce-une-bonne-nouvelle-aux-artistes-urbains\/"},"author":{"name":"admin1","@id":"https:\/\/culturbaine.com\/#\/schema\/person\/42eb7485c572e0746c1ea6b8216c3814"},"headline":"Kems Production signe Chamack Camara et annonce une bonne nouvelle aux artistes Urbains","datePublished":"2024-03-06T05:27:49+00:00","dateModified":"2024-03-06T05:27:49+00:00","mainEntityOfPage":{"@id":"http:\/\/culturbaine.com\/index.php\/2024\/03\/06\/kems-production-signe-chamack-camara-et-annonce-une-bonne-nouvelle-aux-artistes-urbains\/"},"wordCount":194,"publisher":{"@id":"https:\/\/culturbaine.com\/#organization"},"image":{"@id":"http:\/\/culturbaine.com\/index.php\/2024\/03\/06\/kems-production-signe-chamack-camara-et-annonce-une-bonne-nouvelle-aux-artistes-urbains\/#primaryimage"},"thumbnailUrl":"https:\/\/culturbaine.com\/wp-content\/uploads\/2024\/03\/IMG_20240306_052132.jpg","keywords":["Artistes Urbains","Chamack Camara","Kems Production","nouvelle"],"articleSection":["Actualit\u00e9"],"inLanguage":"fr-FR"},{"@type":"WebPage","@id":"http:\/\/culturbaine.com\/index.php\/2024\/03\/06\/kems-production-signe-chamack-camara-et-annonce-une-bonne-nouvelle-aux-artistes-urbains\/","url":"http:\/\/culturbaine.com\/index.php\/2024\/03\/06\/kems-production-signe-chamack-camara-et-annonce-une-bonne-nouvelle-aux-artistes-urbains\/","name":"Kems Production signe Chamack Camara et annonce une bonne nouvelle aux artistes Urbains - Culturbaine","isPartOf":{"@id":"https:\/\/culturbaine.com\/#website"},"primaryImageOfPage":{"@id":"http:\/\/culturbaine.com\/index.php\/2024\/03\/06\/kems-production-signe-chamack-camara-et-annonce-une-bonne-nouvelle-aux-artistes-urbains\/#primaryimage"},"image":{"@id":"http:\/\/culturbaine.com\/index.php\/2024\/03\/06\/kems-production-signe-chamack-camara-et-annonce-une-bonne-nouvelle-aux-artistes-urbains\/#primaryimage"},"thumbnailUrl":"https:\/\/culturbaine.com\/wp-content\/uploads\/2024\/03\/IMG_20240306_052132.jpg","datePublished":"2024-03-06T05:27:49+00:00","dateModified":"2024-03-06T05:27:49+00:00","breadcrumb":{"@id":"http:\/\/culturbaine.com\/index.php\/2024\/03\/06\/kems-production-signe-chamack-camara-et-annonce-une-bonne-nouvelle-aux-artistes-urbains\/#breadcrumb"},"inLanguage":"fr-FR","potentialAction":[{"@type":"ReadAction","target":["http:\/\/culturbaine.com\/index.php\/2024\/03\/06\/kems-production-signe-chamack-camara-et-annonce-une-bonne-nouvelle-aux-artistes-urbains\/"]}]},{"@type":"ImageObject","inLanguage":"fr-FR","@id":"http:\/\/culturbaine.com\/index.php\/2024\/03\/06\/kems-production-signe-chamack-camara-et-annonce-une-bonne-nouvelle-aux-artistes-urbains\/#primaryimage","url":"https:\/\/culturbaine.com\/wp-content\/uploads\/2024\/03\/IMG_20240306_052132.jpg","contentUrl":"https:\/\/culturbaine.com\/wp-content\/uploads\/2024\/03\/IMG_20240306_052132.jpg","width":1598,"height":960},{"@type":"BreadcrumbList","@id":"http:\/\/culturbaine.com\/index.php\/2024\/03\/06\/kems-production-signe-chamack-camara-et-annonce-une-bonne-nouvelle-aux-artistes-urbains\/#breadcrumb","itemListElement":[{"@type":"ListItem","position":1,"name":"Home","item":"https:\/\/culturbaine.com\/"},{"@type":"ListItem","position":2,"name":"Kems Production signe Chamack Camara et annonce une bonne nouvelle aux artistes Urbains"}]},{"@type":"WebSite","@id":"https:\/\/culturbaine.com\/#website","url":"https:\/\/culturbaine.com\/","name":"Culturbaine.com","description":"Toute l&#039;actualit\u00e9 des Cultures Urbaines, en un clic  !","publisher":{"@id":"https:\/\/culturbaine.com\/#organization"},"potentialAction":[{"@type":"SearchAction","target":{"@type":"EntryPoint","urlTemplate":"https:\/\/culturbaine.com\/?s={search_term_string}"},"query-input":{"@type":"PropertyValueSpecification","valueRequired":true,"valueName":"search_term_string"}}],"inLanguage":"fr-FR"},{"@type":"Organization","@id":"https:\/\/culturbaine.com\/#organization","name":"Culturbaine.com","url":"https:\/\/culturbaine.com\/","logo":{"@type":"ImageObject","inLanguage":"fr-FR","@id":"https:\/\/culturbaine.com\/#\/schema\/logo\/image\/","url":"https:\/\/culturbaine.com\/wp-content\/uploads\/2023\/07\/WhatsApp-Image-2023-07-17-at-14.38.18.jpeg","contentUrl":"https:\/\/culturbaine.com\/wp-content\/uploads\/2023\/07\/WhatsApp-Image-2023-07-17-at-14.38.18.jpeg","width":855,"height":270,"caption":"Culturbaine.com"},"image":{"@id":"https:\/\/culturbaine.com\/#\/schema\/logo\/image\/"},"sameAs":["https:\/\/www.facebook.com\/Culturbaines","https:\/\/x.com\/culturbaines"]},{"@type":"Person","@id":"https:\/\/culturbaine.com\/#\/schema\/person\/42eb7485c572e0746c1ea6b8216c3814","name":"admin1","image":{"@type":"ImageObject","inLanguage":"fr-FR","@id":"https:\/\/culturbaine.com\/#\/schema\/person\/image\/","url":"https:\/\/secure.gravatar.com\/avatar\/c268f4d483ce0486e5a10fee87bbf756?s=96&d=mm&r=g","contentUrl":"https:\/\/secure.gravatar.com\/avatar\/c268f4d483ce0486e5a10fee87bbf756?s=96&d=mm&r=g","caption":"admin1"},"url":"https:\/\/culturbaine.com\/index.php\/author\/admin1\/"}]}},"_links":{"self":[{"href":"https:\/\/culturbaine.com\/index.php\/wp-json\/wp\/v2\/posts\/4809"}],"collection":[{"href":"https:\/\/culturbaine.com\/index.php\/wp-json\/wp\/v2\/posts"}],"about":[{"href":"https:\/\/culturbaine.com\/index.php\/wp-json\/wp\/v2\/types\/post"}],"author":[{"embeddable":true,"href":"https:\/\/culturbaine.com\/index.php\/wp-json\/wp\/v2\/users\/2"}],"replies":[{"embeddable":true,"href":"https:\/\/culturbaine.com\/index.php\/wp-json\/wp\/v2\/comments?post=4809"}],"version-history":[{"count":0,"href":"https:\/\/culturbaine.com\/index.php\/wp-json\/wp\/v2\/posts\/4809\/revisions"}],"wp:featuredmedia":[{"embeddable":true,"href":"https:\/\/culturbaine.com\/index.php\/wp-json\/wp\/v2\/media\/4811"}],"wp:attachment":[{"href":"https:\/\/culturbaine.com\/index.php\/wp-json\/wp\/v2\/media?parent=4809"}],"wp:term":[{"taxonomy":"category","embeddable":true,"href":"https:\/\/culturbaine.com\/index.php\/wp-json\/wp\/v2\/categories?post=4809"},{"taxonomy":"post_tag","embeddable":true,"href":"https:\/\/culturbaine.com\/index.php\/wp-json\/wp\/v2\/tags?post=4809"}],"curies":[{"name":"wp","href":"https:\/\/api.w.org\/{rel}","templated":true}]}}