{"id":4671,"date":"2024-02-26T19:17:51","date_gmt":"2024-02-26T19:17:51","guid":{"rendered":"http:\/\/culturbaine.com\/?p=4671"},"modified":"2024-02-26T19:17:51","modified_gmt":"2024-02-26T19:17:51","slug":"liberte-decouvrez-le-lyrics-poignant-du-slameur-de-lombre-qui-fait-echo-dans-la-cite","status":"publish","type":"post","link":"https:\/\/culturbaine.com\/index.php\/2024\/02\/26\/liberte-decouvrez-le-lyrics-poignant-du-slameur-de-lombre-qui-fait-echo-dans-la-cite\/","title":{"rendered":"Libert\u00e9 : D\u00e9couvrez le Lyrics poignant du Slameur de L&rsquo;ombre Qui Fait \u00c9cho Dans La Cit\u00e9 !"},"content":{"rendered":"<p>Libert\u00e9 \ud83c\uddec\ud83c\uddf3<\/p>\n<p><span style=\"font-weight: 400;\">LE SLAMEUR DE L\u2019OMBRE<\/span><\/p>\n<p><span style=\"font-weight: 400;\">LYRICS<\/span><\/p>\n<p><span style=\"font-weight: 400;\">Puisque de belles choses se passent dans l\u2019ombre\u2026<\/span><\/p>\n<p><span style=\"font-weight: 400;\">Taisez-vous! on fout le bordel!!!<\/span><\/p>\n<p><span style=\"font-weight: 400;\">Ah mais non ! Nous ne nous tairons pas<\/span><\/p>\n<p><span style=\"font-weight: 400;\">Nous allons commenter vos actes<\/span><\/p>\n<p><span style=\"font-weight: 400;\">Et informer le peuple<\/span><\/p>\n<p><span style=\"font-weight: 400;\">Nous allons respecter le pacte de lutter contre les politiciens v\u00e9reux\u00a0<\/span><\/p>\n<p><span style=\"font-weight: 400;\">Pour\u00a0 des imp\u00e9ratifs de s\u00e9curit\u00e9 sociale, ils bouchent les yeux et les oreilles de la soci\u00e9t\u00e9\u00a0<\/span><\/p>\n<p><span style=\"font-weight: 400;\">C\u2019est facile de gouverner un peuple sourd muet et aveugle surtout si vous avez musel\u00e9 ceux qui doivent commenter<\/span><\/p>\n<p><span style=\"font-weight: 400;\">Sans m\u00eame le tenir par la main, il vous suivra comme un troupeau \u00e0 la recherche de p\u00e2ture \u00e0 brouter<\/span><\/p>\n<p><span style=\"font-weight: 400;\">Des m\u00e9dias qui vous ont facilit\u00e9 le renversement de ceux qui faisaient le m\u00eame mal que vous\u00a0 faites aujourd\u2019hui, sont pers\u00e9cut\u00e9s<\/span><\/p>\n<p><span style=\"font-weight: 400;\">L\u2019histoire se r\u00e9p\u00e8te\u00a0<\/span><\/p>\n<p><span style=\"font-weight: 400;\">Dans le miroir, les m\u00eames erreurs du pass\u00e9 se regardent en souriant sur nos t\u00eates<\/span><\/p>\n<p><span style=\"font-weight: 400;\">Ce n\u2019est plus un bras de fer mais une bataille riche en coups de t\u00eate\u00a0<\/span><\/p>\n<p><span style=\"font-weight: 400;\">Tout r\u00e8gne est \u00e9ph\u00e9m\u00e8re comme celui de ceux qui sont \u00e0 la barre de ta justice aujourd\u2019hui\u00a0<\/span><\/p>\n<p><span style=\"font-weight: 400;\">Cette presse que tu aimais hier est celle que tu juges de juge injuste qui perturbe tes nuits<\/span><\/p>\n<p><span style=\"font-weight: 400;\">Pourtant cette m\u00eame presse a diffus\u00e9 ton proc\u00e8s au nom de la patrie<\/span><\/p>\n<p><span style=\"font-weight: 400;\">Je suis une radio je ne me tairai pas<\/span><\/p>\n<p><span style=\"font-weight: 400;\">Je suis une t\u00e9l\u00e9, celle du peuple je ne m\u2019eteindrai pas<\/span><\/p>\n<p><span style=\"font-weight: 400;\">Internet n\u2019est pas ton droit mais le n\u00f4tre on s\u2019en passera pas<\/span><\/p>\n<p><span style=\"font-weight: 400;\">Nos ondes sont brouill\u00e9es\u00a0<\/span><\/p>\n<p><span style=\"font-weight: 400;\">Notre libert\u00e9 d\u2019expression est grill\u00e9e<\/span><\/p>\n<p><span style=\"font-weight: 400;\">Mais ce qui est s\u00fbr ces dirigeants sont embrouill\u00e9s\u00a0<\/span><\/p>\n<p><span style=\"font-weight: 400;\">\u00ab Chant: je suis une radio je ne me tairai pas,\u00a0 (Jamais!)<\/span><\/p>\n<p><span style=\"font-weight: 400;\">Je suis une t\u00e9l\u00e9 je ne m\u2019\u00e9teindrai pas, (Jamais!)<\/span><\/p>\n<p><span style=\"font-weight: 400;\">Internet un droit je ne m\u2019en passerai pas,\u00a0 (Jamais!)\u00a0<\/span><\/p>\n<p><span style=\"font-weight: 400;\">kono wo to na kolon, tina mou koloma \u00bb (2 fois)<\/span><\/p>\n<p><span style=\"font-weight: 400;\">Internet n\u2019est pas un droit nous dit-il ok d\u2019accord!<\/span><\/p>\n<p><span style=\"font-weight: 400;\">Et la libert\u00e9 d\u2019expression qui passe par la radio et la t\u00e9l\u00e9 ? N\u2019est-ce pas aussi un droit?\u00a0<\/span><\/p>\n<p><span style=\"font-weight: 400;\">C\u2019est \u00e7a faire l\u2019amour \u00e0 la Guin\u00e9e? Lui mettre un doigt? \u261d\ud83c\udffe\u00a0<\/span><\/p>\n<p><span style=\"font-weight: 400;\">Je pr\u00e9f\u00e8re encore l\u2019\u00e9poque du deux doigts \u270c\ud83c\udffe, Au moins on s\u00b4les prenait pas gentiment dans le noir<\/span><\/p>\n<p><span style=\"font-weight: 400;\">Nous sommes les rivi\u00e8res du sud avec une boussole qui est suppos\u00e9e nous indiquer le Nord<\/span><\/p>\n<p><span style=\"font-weight: 400;\">Boussole en boue dissoute \u00e9clabouss\u00e9e au sol, nous a indiqu\u00e9 que le remord<\/span><\/p>\n<p><span style=\"font-weight: 400;\">Un peuple perdu ne sachant\u00a0 plus si le soleil se l\u00e8ve vraiment \u00e0 l\u2019Est car le pays est devenu la Cor\u00e9e du Nord de l\u2019Afrique de l\u2019ouest.\u00a0<\/span><\/p>\n<p><span style=\"font-weight: 400;\">C\u2019est la voix du roi qui r\u00e8gne<\/span><\/p>\n<p><span style=\"font-weight: 400;\">Mais le r\u00e8gne du roi perd sa voie<\/span><\/p>\n<p><span style=\"font-weight: 400;\">M\u00eame le roi des rois saigne<\/span><\/p>\n<p><span style=\"font-weight: 400;\">C\u2019est le signe du roi qui perd sa voix<\/span><\/p>\n<p><span style=\"font-weight: 400;\">La presse n\u2019est pas la voix du pouvoir en place mais celle du peuple<\/span><\/p>\n<p><span style=\"font-weight: 400;\">Si le pouvoir ex\u00e9cutif presse le 4eme pouvoir cela est dupement injuste<\/span><\/p>\n<p><span style=\"font-weight: 400;\">\u00c0 la naissance un nouveau n\u00e9 annonce son arriv\u00e9e la Gueule grandement ouverte<\/span><\/p>\n<p><span style=\"font-weight: 400;\">Nous ne la fermerons point comme Toussaint Louverture\u00a0<\/span><\/p>\n<p><span style=\"font-weight: 400;\">Une grande presse a une grande Gueule quelque que soit le gain ou la perte<\/span><\/p>\n<p><span style=\"font-weight: 400;\">Quand tout va capoter ne comptez pas sur nos poings \u270a\ud83c\udffe pour toute la couverture\u00a0<\/span><\/p>\n<p><span style=\"font-weight: 400;\">Ce n\u2019est pas nouveau que le sauveur devienne l\u2019oppresseur\u00a0<\/span><\/p>\n<p><span style=\"font-weight: 400;\">Mais depuis le 5 septembre on a cru a beaucoup d\u2019exceptions ha!<\/span><\/p>\n<p><span style=\"font-weight: 400;\">On a l\u2019impression que cela n\u2019a dur\u00e9 que quelques heures<\/span><\/p>\n<p><span style=\"font-weight: 400;\">Quand tu fais bien ton taffe au micro, le brouillage sera ta seule sanction\u00a0<\/span><\/p>\n<p><span style=\"font-weight: 400;\">Je suis une radio je ne me tairai pas<\/span><\/p>\n<p><span style=\"font-weight: 400;\">Je suis une t\u00e9l\u00e9, celle du peuple je ne m\u2019eteindrai pas<\/span><\/p>\n<p><span style=\"font-weight: 400;\">Internet n\u2019est pas ton droit mais le n\u00f4tre on s\u2019en passera pas<\/span><\/p>\n<p><span style=\"font-weight: 400;\">Nos ondes sont brouill\u00e9es\u00a0<\/span><\/p>\n<p><span style=\"font-weight: 400;\">Notre libert\u00e9 d\u2019expression est grill\u00e9e<\/span><\/p>\n<p><span style=\"font-weight: 400;\">Mais ce qui est s\u00fbr ces dirigeants sont embrouill\u00e9s\u00a0<\/span><\/p>\n<p><span style=\"font-weight: 400;\">\u00ab Chant: je suis une radio je ne me tairai pas,\u00a0 (Jamais!)<\/span><\/p>\n<p><span style=\"font-weight: 400;\">Je suis une t\u00e9l\u00e9 je ne m\u2019\u00e9teindrai pas, (Jamais!)<\/span><\/p>\n<p><span style=\"font-weight: 400;\">Internet un droit je ne m\u2019en passerai pas,\u00a0 (Jamais!)<\/span><\/p>\n<p><span style=\"font-weight: 400;\">Kono wo to na kolon, tina mou koloma \u00bb (2 fois)<\/span><\/p>\n<p><span style=\"font-weight: 400;\">La transition bas\u00e9e sur une grande refondation est en train d\u2019entacher la nation<\/span><\/p>\n<p><span style=\"font-weight: 400;\">L\u2019autorit\u00e9 de r\u00e9gulation des postes t\u00e9l\u00e9communications est \u00e0 pr\u00e9sent l\u2019OTAN d\u00e9guis\u00e9e pour la strangulation des potes de la population.<\/span><\/p>\n<p><span style=\"font-weight: 400;\">Elle r\u00e9gularise quoi au juste? L\u2019oppression des m\u00e9tiers de l\u2019information ?\u00a0<\/span><\/p>\n<p><span style=\"font-weight: 400;\">Tout est mont\u00e9 en grade sauf le niveau de vie du Guin\u00e9en qui pr\u00e9f\u00e8re celle d\u2019hier<\/span><\/p>\n<p><span style=\"font-weight: 400;\">Tout est mont\u00e9 en grade m\u00eame les d\u00e9tournements \u00e0 ciel ouvert\u00a0<\/span><\/p>\n<p><span style=\"font-weight: 400;\">Tout absolument tout m\u00eame les malversations financi\u00e8res<\/span><\/p>\n<p><span style=\"font-weight: 400;\">Le 5 septembre jour de joies collectives et de c\u00e9l\u00e9bration de masse<\/span><\/p>\n<p><span style=\"font-weight: 400;\">On a pas eu \u00e0 d\u00e9compter jusqu\u2019\u00e0 5 pour que sombre la foi vive que devrait tirer la chasse<\/span><\/p>\n<p><span style=\"font-weight: 400;\">Le sauveur en trellis a trahi le micro, la camera et la plume de ses ex amis<\/span><\/p>\n<p><span style=\"font-weight: 400;\">Le pr\u00e9c\u00e9dent nous avait envahis aujourd\u2019hui \u00e0 ta mission tu as failli et \u00e9bahi est ce peuple que tu as trahi\u00a0<\/span><\/p>\n<p><span style=\"font-weight: 400;\">La presse \u00e9touffe, elle n\u2019a jamais autant souffert<\/span><\/p>\n<p><span style=\"font-weight: 400;\">Elle retient son souffle, elle ne va jamais se laisser faire<\/span><\/p>\n<p><span style=\"font-weight: 400;\">La HAC marionnette attaque les m\u00e9dias les plus net alors que les gens sont plus b\u00eates et la presse vit sur internet<\/span><\/p>\n<p><span style=\"font-weight: 400;\">L\u2019attaque sans sonette nous braque par la grande fen\u00eatre et comme des lapins yeux inertes pris au piege en levrette<\/span><\/p>\n<p><span style=\"font-weight: 400;\">(Rire) B\u00e9 beyidi tchogou saakou maar\u00f6 kadi quoi<\/span><\/p>\n<p><span style=\"font-weight: 400;\">Wo si in gnaamaye, yin gnaamou bantara, pout\u00e8, kaap\u00e8, diaab\u00e8re.. et kagnoouma et pompit\u00e8re kadi quoi (rire) hey gu\u00e9 mayeleeeee<\/span><\/p>\n<p><span style=\"font-weight: 400;\">T\u00e9l\u00e9 wo ala sina RTG quoi (rire)<\/span><\/p>\n<p><span style=\"font-weight: 400;\">Bon ko paradis quoi<\/span><\/p>\n<p><span style=\"font-weight: 400;\">(Mais jamais on va s\u2019\u00e9teindre, mais jamais! )<\/span><\/p>\n<p><span style=\"font-weight: 400;\">\u2014\u2014\u2014-<\/span><\/p>\n<p><span style=\"font-weight: 400;\">(There we go)\u00a0<\/span><\/p>\n<p><span style=\"font-weight: 400;\">On veut pas de pendaison, liberez Pendessa,\u00a0<\/span><\/p>\n<p><span style=\"font-weight: 400;\">Pendaison liberez notre Pendessa<\/span><\/p>\n<p><span style=\"font-weight: 400;\">On est pas des gens idiots liberez les radios,\u00a0<\/span><\/p>\n<p><span style=\"font-weight: 400;\">Gens idiots liberez les radios<\/span><\/p>\n<p><span style=\"font-weight: 400;\">On est pas des gens pas net liberez internet,\u00a0<\/span><\/p>\n<p><span style=\"font-weight: 400;\">Gens pas net liberez internet<\/span><\/p>\n<p><span style=\"font-weight: 400;\">On est pas des gens f\u00e9l\u00e9s liberez la t\u00e9l\u00e9, Gens f\u00e9l\u00e9s liberez la t\u00e9l\u00e9\u2026<\/span><\/p>\n","protected":false},"excerpt":{"rendered":"<p>Libert\u00e9 \ud83c\uddec\ud83c\uddf3 LE SLAMEUR DE L\u2019OMBRE LYRICS Puisque de belles choses se passent dans l\u2019ombre\u2026 Taisez-vous! on fout le bordel!!! Ah mais non ! Nous ne nous tairons pas Nous allons commenter vos actes Et informer le peuple Nous allons respecter le pacte de lutter contre les politiciens v\u00e9reux\u00a0 Pour\u00a0 des imp\u00e9ratifs de s\u00e9curit\u00e9 sociale, [&hellip;]<\/p>\n","protected":false},"author":2,"featured_media":4673,"comment_status":"closed","ping_status":"closed","sticky":false,"template":"","format":"standard","meta":{"_mi_skip_tracking":false,"_monsterinsights_sitenote_active":false,"_monsterinsights_sitenote_note":"","_monsterinsights_sitenote_category":0,"footnotes":""},"categories":[21],"tags":[781,1662,1781],"class_list":["post-4671","post","type-post","status-publish","format-standard","has-post-thumbnail","hentry","category-actualite","tag-liberte","tag-lyrics","tag-slameur-de-lombre"],"yoast_head":"<!-- This site is optimized with the Yoast SEO Premium plugin v20.1 (Yoast SEO v24.0) - https:\/\/yoast.com\/wordpress\/plugins\/seo\/ -->\n<title>Libert\u00e9 : D\u00e9couvrez le Lyrics poignant du Slameur de L&#039;ombre Qui Fait \u00c9cho Dans La Cit\u00e9 ! - Culturbaine<\/title>\n<meta name=\"robots\" content=\"index, follow, max-snippet:-1, max-image-preview:large, max-video-preview:-1\" \/>\n<link rel=\"canonical\" href=\"https:\/\/culturbaine.com\/index.php\/2024\/02\/26\/liberte-decouvrez-le-lyrics-poignant-du-slameur-de-lombre-qui-fait-echo-dans-la-cite\/\" \/>\n<meta property=\"og:locale\" content=\"fr_FR\" \/>\n<meta property=\"og:type\" content=\"article\" \/>\n<meta property=\"og:title\" content=\"Libert\u00e9 : D\u00e9couvrez le Lyrics poignant du Slameur de L&#039;ombre Qui Fait \u00c9cho Dans La Cit\u00e9 !\" \/>\n<meta property=\"og:description\" content=\"Libert\u00e9 \ud83c\uddec\ud83c\uddf3 LE SLAMEUR DE L\u2019OMBRE LYRICS Puisque de belles choses se passent dans l\u2019ombre\u2026 Taisez-vous! on fout le bordel!!! Ah mais non ! Nous ne nous tairons pas Nous allons commenter vos actes Et informer le peuple Nous allons respecter le pacte de lutter contre les politiciens v\u00e9reux\u00a0 Pour\u00a0 des imp\u00e9ratifs de s\u00e9curit\u00e9 sociale, [&hellip;]\" \/>\n<meta property=\"og:url\" content=\"https:\/\/culturbaine.com\/index.php\/2024\/02\/26\/liberte-decouvrez-le-lyrics-poignant-du-slameur-de-lombre-qui-fait-echo-dans-la-cite\/\" \/>\n<meta property=\"og:site_name\" content=\"Culturbaine\" \/>\n<meta property=\"article:publisher\" content=\"https:\/\/www.facebook.com\/Culturbaines\" \/>\n<meta property=\"article:published_time\" content=\"2024-02-26T19:17:51+00:00\" \/>\n<meta property=\"og:image\" content=\"https:\/\/culturbaine.com\/wp-content\/uploads\/2024\/02\/17089689996482.jpg\" \/>\n\t<meta property=\"og:image:width\" content=\"715\" \/>\n\t<meta property=\"og:image:height\" content=\"438\" \/>\n\t<meta property=\"og:image:type\" content=\"image\/jpeg\" \/>\n<meta name=\"author\" content=\"admin1\" \/>\n<meta name=\"twitter:card\" content=\"summary_large_image\" \/>\n<meta name=\"twitter:creator\" content=\"@culturbaines\" \/>\n<meta name=\"twitter:site\" content=\"@culturbaines\" \/>\n<meta name=\"twitter:label1\" content=\"\u00c9crit par\" \/>\n\t<meta name=\"twitter:data1\" content=\"admin1\" \/>\n\t<meta name=\"twitter:label2\" content=\"Dur\u00e9e de lecture estim\u00e9e\" \/>\n\t<meta name=\"twitter:data2\" content=\"6 minutes\" \/>\n<script type=\"application\/ld+json\" class=\"yoast-schema-graph\">{\"@context\":\"https:\/\/schema.org\",\"@graph\":[{\"@type\":\"Article\",\"@id\":\"https:\/\/culturbaine.com\/index.php\/2024\/02\/26\/liberte-decouvrez-le-lyrics-poignant-du-slameur-de-lombre-qui-fait-echo-dans-la-cite\/#article\",\"isPartOf\":{\"@id\":\"https:\/\/culturbaine.com\/index.php\/2024\/02\/26\/liberte-decouvrez-le-lyrics-poignant-du-slameur-de-lombre-qui-fait-echo-dans-la-cite\/\"},\"author\":{\"name\":\"admin1\",\"@id\":\"https:\/\/culturbaine.com\/#\/schema\/person\/42eb7485c572e0746c1ea6b8216c3814\"},\"headline\":\"Libert\u00e9 : D\u00e9couvrez le Lyrics poignant du Slameur de L&rsquo;ombre Qui Fait \u00c9cho Dans La Cit\u00e9 !\",\"datePublished\":\"2024-02-26T19:17:51+00:00\",\"dateModified\":\"2024-02-26T19:17:51+00:00\",\"mainEntityOfPage\":{\"@id\":\"https:\/\/culturbaine.com\/index.php\/2024\/02\/26\/liberte-decouvrez-le-lyrics-poignant-du-slameur-de-lombre-qui-fait-echo-dans-la-cite\/\"},\"wordCount\":1083,\"publisher\":{\"@id\":\"https:\/\/culturbaine.com\/#organization\"},\"image\":{\"@id\":\"https:\/\/culturbaine.com\/index.php\/2024\/02\/26\/liberte-decouvrez-le-lyrics-poignant-du-slameur-de-lombre-qui-fait-echo-dans-la-cite\/#primaryimage\"},\"thumbnailUrl\":\"https:\/\/culturbaine.com\/wp-content\/uploads\/2024\/02\/17089689996482.jpg\",\"keywords\":[\"Libert\u00e9\",\"Lyrics\",\"Slameur de l'ombre\"],\"articleSection\":[\"Actualit\u00e9\"],\"inLanguage\":\"fr-FR\"},{\"@type\":\"WebPage\",\"@id\":\"https:\/\/culturbaine.com\/index.php\/2024\/02\/26\/liberte-decouvrez-le-lyrics-poignant-du-slameur-de-lombre-qui-fait-echo-dans-la-cite\/\",\"url\":\"https:\/\/culturbaine.com\/index.php\/2024\/02\/26\/liberte-decouvrez-le-lyrics-poignant-du-slameur-de-lombre-qui-fait-echo-dans-la-cite\/\",\"name\":\"Libert\u00e9 : D\u00e9couvrez le Lyrics poignant du Slameur de L'ombre Qui Fait \u00c9cho Dans La Cit\u00e9 ! - Culturbaine\",\"isPartOf\":{\"@id\":\"https:\/\/culturbaine.com\/#website\"},\"primaryImageOfPage\":{\"@id\":\"https:\/\/culturbaine.com\/index.php\/2024\/02\/26\/liberte-decouvrez-le-lyrics-poignant-du-slameur-de-lombre-qui-fait-echo-dans-la-cite\/#primaryimage\"},\"image\":{\"@id\":\"https:\/\/culturbaine.com\/index.php\/2024\/02\/26\/liberte-decouvrez-le-lyrics-poignant-du-slameur-de-lombre-qui-fait-echo-dans-la-cite\/#primaryimage\"},\"thumbnailUrl\":\"https:\/\/culturbaine.com\/wp-content\/uploads\/2024\/02\/17089689996482.jpg\",\"datePublished\":\"2024-02-26T19:17:51+00:00\",\"dateModified\":\"2024-02-26T19:17:51+00:00\",\"breadcrumb\":{\"@id\":\"https:\/\/culturbaine.com\/index.php\/2024\/02\/26\/liberte-decouvrez-le-lyrics-poignant-du-slameur-de-lombre-qui-fait-echo-dans-la-cite\/#breadcrumb\"},\"inLanguage\":\"fr-FR\",\"potentialAction\":[{\"@type\":\"ReadAction\",\"target\":[\"https:\/\/culturbaine.com\/index.php\/2024\/02\/26\/liberte-decouvrez-le-lyrics-poignant-du-slameur-de-lombre-qui-fait-echo-dans-la-cite\/\"]}]},{\"@type\":\"ImageObject\",\"inLanguage\":\"fr-FR\",\"@id\":\"https:\/\/culturbaine.com\/index.php\/2024\/02\/26\/liberte-decouvrez-le-lyrics-poignant-du-slameur-de-lombre-qui-fait-echo-dans-la-cite\/#primaryimage\",\"url\":\"https:\/\/culturbaine.com\/wp-content\/uploads\/2024\/02\/17089689996482.jpg\",\"contentUrl\":\"https:\/\/culturbaine.com\/wp-content\/uploads\/2024\/02\/17089689996482.jpg\",\"width\":715,\"height\":438},{\"@type\":\"BreadcrumbList\",\"@id\":\"https:\/\/culturbaine.com\/index.php\/2024\/02\/26\/liberte-decouvrez-le-lyrics-poignant-du-slameur-de-lombre-qui-fait-echo-dans-la-cite\/#breadcrumb\",\"itemListElement\":[{\"@type\":\"ListItem\",\"position\":1,\"name\":\"Home\",\"item\":\"https:\/\/culturbaine.com\/\"},{\"@type\":\"ListItem\",\"position\":2,\"name\":\"Libert\u00e9 : D\u00e9couvrez le Lyrics poignant du Slameur de L&rsquo;ombre Qui Fait \u00c9cho Dans La Cit\u00e9 !\"}]},{\"@type\":\"WebSite\",\"@id\":\"https:\/\/culturbaine.com\/#website\",\"url\":\"https:\/\/culturbaine.com\/\",\"name\":\"Culturbaine.com\",\"description\":\"Toute l&#039;actualit\u00e9 des Cultures Urbaines, en un clic  !\",\"publisher\":{\"@id\":\"https:\/\/culturbaine.com\/#organization\"},\"potentialAction\":[{\"@type\":\"SearchAction\",\"target\":{\"@type\":\"EntryPoint\",\"urlTemplate\":\"https:\/\/culturbaine.com\/?s={search_term_string}\"},\"query-input\":{\"@type\":\"PropertyValueSpecification\",\"valueRequired\":true,\"valueName\":\"search_term_string\"}}],\"inLanguage\":\"fr-FR\"},{\"@type\":\"Organization\",\"@id\":\"https:\/\/culturbaine.com\/#organization\",\"name\":\"Culturbaine.com\",\"url\":\"https:\/\/culturbaine.com\/\",\"logo\":{\"@type\":\"ImageObject\",\"inLanguage\":\"fr-FR\",\"@id\":\"https:\/\/culturbaine.com\/#\/schema\/logo\/image\/\",\"url\":\"https:\/\/culturbaine.com\/wp-content\/uploads\/2023\/07\/WhatsApp-Image-2023-07-17-at-14.38.18.jpeg\",\"contentUrl\":\"https:\/\/culturbaine.com\/wp-content\/uploads\/2023\/07\/WhatsApp-Image-2023-07-17-at-14.38.18.jpeg\",\"width\":855,\"height\":270,\"caption\":\"Culturbaine.com\"},\"image\":{\"@id\":\"https:\/\/culturbaine.com\/#\/schema\/logo\/image\/\"},\"sameAs\":[\"https:\/\/www.facebook.com\/Culturbaines\",\"https:\/\/x.com\/culturbaines\"]},{\"@type\":\"Person\",\"@id\":\"https:\/\/culturbaine.com\/#\/schema\/person\/42eb7485c572e0746c1ea6b8216c3814\",\"name\":\"admin1\",\"image\":{\"@type\":\"ImageObject\",\"inLanguage\":\"fr-FR\",\"@id\":\"https:\/\/culturbaine.com\/#\/schema\/person\/image\/\",\"url\":\"https:\/\/secure.gravatar.com\/avatar\/c268f4d483ce0486e5a10fee87bbf756?s=96&d=mm&r=g\",\"contentUrl\":\"https:\/\/secure.gravatar.com\/avatar\/c268f4d483ce0486e5a10fee87bbf756?s=96&d=mm&r=g\",\"caption\":\"admin1\"},\"url\":\"https:\/\/culturbaine.com\/index.php\/author\/admin1\/\"}]}<\/script>\n<!-- \/ Yoast SEO Premium plugin. -->","yoast_head_json":{"title":"Libert\u00e9 : D\u00e9couvrez le Lyrics poignant du Slameur de L'ombre Qui Fait \u00c9cho Dans La Cit\u00e9 ! - Culturbaine","robots":{"index":"index","follow":"follow","max-snippet":"max-snippet:-1","max-image-preview":"max-image-preview:large","max-video-preview":"max-video-preview:-1"},"canonical":"https:\/\/culturbaine.com\/index.php\/2024\/02\/26\/liberte-decouvrez-le-lyrics-poignant-du-slameur-de-lombre-qui-fait-echo-dans-la-cite\/","og_locale":"fr_FR","og_type":"article","og_title":"Libert\u00e9 : D\u00e9couvrez le Lyrics poignant du Slameur de L'ombre Qui Fait \u00c9cho Dans La Cit\u00e9 !","og_description":"Libert\u00e9 \ud83c\uddec\ud83c\uddf3 LE SLAMEUR DE L\u2019OMBRE LYRICS Puisque de belles choses se passent dans l\u2019ombre\u2026 Taisez-vous! on fout le bordel!!! Ah mais non ! Nous ne nous tairons pas Nous allons commenter vos actes Et informer le peuple Nous allons respecter le pacte de lutter contre les politiciens v\u00e9reux\u00a0 Pour\u00a0 des imp\u00e9ratifs de s\u00e9curit\u00e9 sociale, [&hellip;]","og_url":"https:\/\/culturbaine.com\/index.php\/2024\/02\/26\/liberte-decouvrez-le-lyrics-poignant-du-slameur-de-lombre-qui-fait-echo-dans-la-cite\/","og_site_name":"Culturbaine","article_publisher":"https:\/\/www.facebook.com\/Culturbaines","article_published_time":"2024-02-26T19:17:51+00:00","og_image":[{"width":715,"height":438,"url":"https:\/\/culturbaine.com\/wp-content\/uploads\/2024\/02\/17089689996482.jpg","type":"image\/jpeg"}],"author":"admin1","twitter_card":"summary_large_image","twitter_creator":"@culturbaines","twitter_site":"@culturbaines","twitter_misc":{"\u00c9crit par":"admin1","Dur\u00e9e de lecture estim\u00e9e":"6 minutes"},"schema":{"@context":"https:\/\/schema.org","@graph":[{"@type":"Article","@id":"https:\/\/culturbaine.com\/index.php\/2024\/02\/26\/liberte-decouvrez-le-lyrics-poignant-du-slameur-de-lombre-qui-fait-echo-dans-la-cite\/#article","isPartOf":{"@id":"https:\/\/culturbaine.com\/index.php\/2024\/02\/26\/liberte-decouvrez-le-lyrics-poignant-du-slameur-de-lombre-qui-fait-echo-dans-la-cite\/"},"author":{"name":"admin1","@id":"https:\/\/culturbaine.com\/#\/schema\/person\/42eb7485c572e0746c1ea6b8216c3814"},"headline":"Libert\u00e9 : D\u00e9couvrez le Lyrics poignant du Slameur de L&rsquo;ombre Qui Fait \u00c9cho Dans La Cit\u00e9 !","datePublished":"2024-02-26T19:17:51+00:00","dateModified":"2024-02-26T19:17:51+00:00","mainEntityOfPage":{"@id":"https:\/\/culturbaine.com\/index.php\/2024\/02\/26\/liberte-decouvrez-le-lyrics-poignant-du-slameur-de-lombre-qui-fait-echo-dans-la-cite\/"},"wordCount":1083,"publisher":{"@id":"https:\/\/culturbaine.com\/#organization"},"image":{"@id":"https:\/\/culturbaine.com\/index.php\/2024\/02\/26\/liberte-decouvrez-le-lyrics-poignant-du-slameur-de-lombre-qui-fait-echo-dans-la-cite\/#primaryimage"},"thumbnailUrl":"https:\/\/culturbaine.com\/wp-content\/uploads\/2024\/02\/17089689996482.jpg","keywords":["Libert\u00e9","Lyrics","Slameur de l'ombre"],"articleSection":["Actualit\u00e9"],"inLanguage":"fr-FR"},{"@type":"WebPage","@id":"https:\/\/culturbaine.com\/index.php\/2024\/02\/26\/liberte-decouvrez-le-lyrics-poignant-du-slameur-de-lombre-qui-fait-echo-dans-la-cite\/","url":"https:\/\/culturbaine.com\/index.php\/2024\/02\/26\/liberte-decouvrez-le-lyrics-poignant-du-slameur-de-lombre-qui-fait-echo-dans-la-cite\/","name":"Libert\u00e9 : D\u00e9couvrez le Lyrics poignant du Slameur de L'ombre Qui Fait \u00c9cho Dans La Cit\u00e9 ! - Culturbaine","isPartOf":{"@id":"https:\/\/culturbaine.com\/#website"},"primaryImageOfPage":{"@id":"https:\/\/culturbaine.com\/index.php\/2024\/02\/26\/liberte-decouvrez-le-lyrics-poignant-du-slameur-de-lombre-qui-fait-echo-dans-la-cite\/#primaryimage"},"image":{"@id":"https:\/\/culturbaine.com\/index.php\/2024\/02\/26\/liberte-decouvrez-le-lyrics-poignant-du-slameur-de-lombre-qui-fait-echo-dans-la-cite\/#primaryimage"},"thumbnailUrl":"https:\/\/culturbaine.com\/wp-content\/uploads\/2024\/02\/17089689996482.jpg","datePublished":"2024-02-26T19:17:51+00:00","dateModified":"2024-02-26T19:17:51+00:00","breadcrumb":{"@id":"https:\/\/culturbaine.com\/index.php\/2024\/02\/26\/liberte-decouvrez-le-lyrics-poignant-du-slameur-de-lombre-qui-fait-echo-dans-la-cite\/#breadcrumb"},"inLanguage":"fr-FR","potentialAction":[{"@type":"ReadAction","target":["https:\/\/culturbaine.com\/index.php\/2024\/02\/26\/liberte-decouvrez-le-lyrics-poignant-du-slameur-de-lombre-qui-fait-echo-dans-la-cite\/"]}]},{"@type":"ImageObject","inLanguage":"fr-FR","@id":"https:\/\/culturbaine.com\/index.php\/2024\/02\/26\/liberte-decouvrez-le-lyrics-poignant-du-slameur-de-lombre-qui-fait-echo-dans-la-cite\/#primaryimage","url":"https:\/\/culturbaine.com\/wp-content\/uploads\/2024\/02\/17089689996482.jpg","contentUrl":"https:\/\/culturbaine.com\/wp-content\/uploads\/2024\/02\/17089689996482.jpg","width":715,"height":438},{"@type":"BreadcrumbList","@id":"https:\/\/culturbaine.com\/index.php\/2024\/02\/26\/liberte-decouvrez-le-lyrics-poignant-du-slameur-de-lombre-qui-fait-echo-dans-la-cite\/#breadcrumb","itemListElement":[{"@type":"ListItem","position":1,"name":"Home","item":"https:\/\/culturbaine.com\/"},{"@type":"ListItem","position":2,"name":"Libert\u00e9 : D\u00e9couvrez le Lyrics poignant du Slameur de L&rsquo;ombre Qui Fait \u00c9cho Dans La Cit\u00e9 !"}]},{"@type":"WebSite","@id":"https:\/\/culturbaine.com\/#website","url":"https:\/\/culturbaine.com\/","name":"Culturbaine.com","description":"Toute l&#039;actualit\u00e9 des Cultures Urbaines, en un clic  !","publisher":{"@id":"https:\/\/culturbaine.com\/#organization"},"potentialAction":[{"@type":"SearchAction","target":{"@type":"EntryPoint","urlTemplate":"https:\/\/culturbaine.com\/?s={search_term_string}"},"query-input":{"@type":"PropertyValueSpecification","valueRequired":true,"valueName":"search_term_string"}}],"inLanguage":"fr-FR"},{"@type":"Organization","@id":"https:\/\/culturbaine.com\/#organization","name":"Culturbaine.com","url":"https:\/\/culturbaine.com\/","logo":{"@type":"ImageObject","inLanguage":"fr-FR","@id":"https:\/\/culturbaine.com\/#\/schema\/logo\/image\/","url":"https:\/\/culturbaine.com\/wp-content\/uploads\/2023\/07\/WhatsApp-Image-2023-07-17-at-14.38.18.jpeg","contentUrl":"https:\/\/culturbaine.com\/wp-content\/uploads\/2023\/07\/WhatsApp-Image-2023-07-17-at-14.38.18.jpeg","width":855,"height":270,"caption":"Culturbaine.com"},"image":{"@id":"https:\/\/culturbaine.com\/#\/schema\/logo\/image\/"},"sameAs":["https:\/\/www.facebook.com\/Culturbaines","https:\/\/x.com\/culturbaines"]},{"@type":"Person","@id":"https:\/\/culturbaine.com\/#\/schema\/person\/42eb7485c572e0746c1ea6b8216c3814","name":"admin1","image":{"@type":"ImageObject","inLanguage":"fr-FR","@id":"https:\/\/culturbaine.com\/#\/schema\/person\/image\/","url":"https:\/\/secure.gravatar.com\/avatar\/c268f4d483ce0486e5a10fee87bbf756?s=96&d=mm&r=g","contentUrl":"https:\/\/secure.gravatar.com\/avatar\/c268f4d483ce0486e5a10fee87bbf756?s=96&d=mm&r=g","caption":"admin1"},"url":"https:\/\/culturbaine.com\/index.php\/author\/admin1\/"}]}},"_links":{"self":[{"href":"https:\/\/culturbaine.com\/index.php\/wp-json\/wp\/v2\/posts\/4671"}],"collection":[{"href":"https:\/\/culturbaine.com\/index.php\/wp-json\/wp\/v2\/posts"}],"about":[{"href":"https:\/\/culturbaine.com\/index.php\/wp-json\/wp\/v2\/types\/post"}],"author":[{"embeddable":true,"href":"https:\/\/culturbaine.com\/index.php\/wp-json\/wp\/v2\/users\/2"}],"replies":[{"embeddable":true,"href":"https:\/\/culturbaine.com\/index.php\/wp-json\/wp\/v2\/comments?post=4671"}],"version-history":[{"count":0,"href":"https:\/\/culturbaine.com\/index.php\/wp-json\/wp\/v2\/posts\/4671\/revisions"}],"wp:featuredmedia":[{"embeddable":true,"href":"https:\/\/culturbaine.com\/index.php\/wp-json\/wp\/v2\/media\/4673"}],"wp:attachment":[{"href":"https:\/\/culturbaine.com\/index.php\/wp-json\/wp\/v2\/media?parent=4671"}],"wp:term":[{"taxonomy":"category","embeddable":true,"href":"https:\/\/culturbaine.com\/index.php\/wp-json\/wp\/v2\/categories?post=4671"},{"taxonomy":"post_tag","embeddable":true,"href":"https:\/\/culturbaine.com\/index.php\/wp-json\/wp\/v2\/tags?post=4671"}],"curies":[{"name":"wp","href":"https:\/\/api.w.org\/{rel}","templated":true}]}}